{"id":8826,"date":"2026-05-03T10:30:12","date_gmt":"2026-05-03T13:30:12","guid":{"rendered":"https:\/\/cliente1.publisher.highstack.com.ar\/?p=8826"},"modified":"2026-05-03T10:30:12","modified_gmt":"2026-05-03T13:30:12","slug":"polemica-en-un-municipio-cordobes-el-intendente-denuncia-la-aprobacion-de-dietas-de-12-millones-y-el-concejo-lo-desmientela-ordenanza-que-fija-los-sueldos-en-base-al-presupuesto-municipal-de-la-loc","status":"publish","type":"post","link":"https:\/\/cliente1.publisher.highstack.com.ar\/?p=8826","title":{"rendered":"Pol\u00e9mica en un municipio cordob\u00e9s: el intendente denuncia la aprobaci\u00f3n de dietas de $12 millones y el Concejo lo desmienteLa ordenanza que fija los sueldos en base al presupuesto municipal  de la localidad de Toledo desat\u00f3 una fuerte disputa. Los concejales aseguran que se trata de un monto global a repartir y que modificar\u00e1n la redacci\u00f3n para evitar confusiones"},"content":{"rendered":"<div class=\"visual__image image-initial-width\"><picture><source srcset=\"https:\/\/www.infobae.com\/resizer\/v2\/6AXSOLJNJJFV5DPEFSU6GNO7HE.jpg?auth=7eb407df67c3cc01bc8d6f14d2339b30e8a5844cdb451b1833365c59c77b7fbd&amp;smart=true&amp;width=992&amp;height=747&amp;quality=85\" media=\"(min-width: 1000px)\"><\/source><source srcset=\"https:\/\/www.infobae.com\/resizer\/v2\/6AXSOLJNJJFV5DPEFSU6GNO7HE.jpg?auth=7eb407df67c3cc01bc8d6f14d2339b30e8a5844cdb451b1833365c59c77b7fbd&amp;smart=true&amp;width=768&amp;height=578&amp;quality=85\" media=\"(min-width: 768px)\"><\/source><source srcset=\"https:\/\/www.infobae.com\/resizer\/v2\/6AXSOLJNJJFV5DPEFSU6GNO7HE.jpg?auth=7eb407df67c3cc01bc8d6f14d2339b30e8a5844cdb451b1833365c59c77b7fbd&amp;smart=true&amp;width=577&amp;height=435&amp;quality=85\" media=\"(min-width: 580px)\"><\/source><source srcset=\"https:\/\/www.infobae.com\/resizer\/v2\/6AXSOLJNJJFV5DPEFSU6GNO7HE.jpg?auth=7eb407df67c3cc01bc8d6f14d2339b30e8a5844cdb451b1833365c59c77b7fbd&amp;smart=true&amp;width=420&amp;height=316&amp;quality=85\" media=\"(min-width: 350px)\"><\/source><source srcset=\"https:\/\/www.infobae.com\/resizer\/v2\/6AXSOLJNJJFV5DPEFSU6GNO7HE.jpg?auth=7eb407df67c3cc01bc8d6f14d2339b30e8a5844cdb451b1833365c59c77b7fbd&amp;smart=true&amp;width=350&amp;height=264&amp;quality=85\" media=\"(min-width: 80px)\"><\/source><img alt=\"Palacio municipal de Toledo, provincia de C\u00f3rdoba\" class=\"global-image\" decoding=\"async\" fetchpriority=\"high\" height=\"723\" loading=\"eager\" src=\"https:\/\/www.infobae.com\/resizer\/v2\/6AXSOLJNJJFV5DPEFSU6GNO7HE.jpg?auth=7eb407df67c3cc01bc8d6f14d2339b30e8a5844cdb451b1833365c59c77b7fbd&amp;smart=true&amp;width=350&amp;height=264&amp;quality=85\" width=\"960\"><\/picture><\/div>\n<p class=\"paragraph\">La <b>localidad cordobesa de Toledo<\/b> atraviesa una fuerte controversia pol\u00edtica e institucional tras la <b>aprobaci\u00f3n de una ordenanza que modifica el c\u00e1lculo de las dietas de concejales <\/b>y miembros del Tribunal de Cuentas. La medida, votada sobre tablas en el Concejo Deliberante, gener\u00f3 un duro cruce entre el intendente Sergio Mar\u00edn y los ediles, en medio de acusaciones cruzadas, dudas sobre la redacci\u00f3n del texto y la posibilidad de un veto e incluso una judicializaci\u00f3n.<\/p>\n<p class=\"paragraph\">La iniciativa fue aprobada el martes por la noche con cinco votos a favor y dos en contra, sin tratamiento previo en comisi\u00f3n. El eje del conflicto se centra en el art\u00edculo 5 de la ordenanza, que establece que <b>la dieta mensual ser\u00e1 equivalente al 2% del presupuesto total del municipio<\/b>, estimado en unos 7.400 millones de pesos.<\/p>\n<div class=\"inline ad-wrapper dfpAd ad-inline ad-text ad-component-container\" style=\"--ad-shell-height:250px;--ad-shell-width:300px\" data-ad-wrapper=\"arcad\" data-ad-type=\"inline\" data-ad-slot=\"infobae\/politica\/nota\/inline\" data-ad-container=\"dfp\" data-ad-slot-name=\"infobae\/politica\/nota\/inline\">\n<p class=\"ad-shell-label\">PUBLICIDAD<\/p>\n<div id=\"infobae\/politica\/nota\/inline\" class=\"infobae\/politica\/nota\/inline arcad ad-slot-node ad-slot-node--boxed\" data-ad-slot-id=\"infobae\/politica\/nota\/inline\"><\/div>\n<\/div>\n<p class=\"paragraph\">A partir de esa f\u00f3rmula, el Ejecutivo municipal realiz\u00f3 un c\u00e1lculo que encendi\u00f3 la pol\u00e9mica: <b>cada concejal y miembro del Tribunal de Cuentas podr\u00eda percibir alrededor de 12,3 millones de pesos mensuales<\/b>. \u201cHicimos el c\u00e1lculo que da la f\u00f3rmula que aplicaron y el monto es ese. La verdad que no salimos del asombro\u201d, afirm\u00f3 Mar\u00edn e di\u00e1logo con <i>La Voz<\/i>, quien adem\u00e1s cuestion\u00f3 el contexto econ\u00f3mico en el que se aprob\u00f3 la medida.<\/p>\n<p class=\"paragraph\">El intendente tambi\u00e9n critic\u00f3 la forma en que se trat\u00f3 el proyecto. \u201c<b>Es un desprop\u00f3sito. Se trat\u00f3 sobre tablas, sin aviso al Ejecutivo, cuando hay obras importantes que siguen sin discutirse\u201d,<\/b> sostuvo. <\/p>\n<div class=\"inline_2 ad-wrapper dfpAd ad-inline ad-text ad-component-container\" style=\"--ad-shell-height:250px;--ad-shell-width:300px\" data-ad-wrapper=\"arcad\" data-ad-type=\"inline_2\" data-ad-slot=\"infobae\/politica\/nota\/inline_2\" data-ad-container=\"dfp\" data-ad-slot-name=\"infobae\/politica\/nota\/inline_2\">\n<p class=\"ad-shell-label\">PUBLICIDAD<\/p>\n<div id=\"infobae\/politica\/nota\/inline_2\" class=\"infobae\/politica\/nota\/inline_2 arcad ad-slot-node ad-slot-node--boxed\" data-ad-slot-id=\"infobae\/politica\/nota\/inline_2\"><\/div>\n<\/div>\n<p class=\"paragraph\">En esa l\u00ednea, advirti\u00f3 que avanzar\u00e1 con el veto de la ordenanza y no descart\u00f3 recurrir a la Justicia si el Concejo insiste con su aplicaci\u00f3n. \u201c<b>Si no hay marcha atr\u00e1s, vamos a plantear su inconstitucionalidad\u201d<\/b>, remarc\u00f3.<\/p>\n<p class=\"paragraph\">Adem\u00e1s, el jefe comunal apunt\u00f3 contra los concejales que acompa\u00f1aron la medida, incluidos representantes de La Libertad Avanza. \u201c<b>Llama la atenci\u00f3n que hablen de anticasta y aprueben algo as\u00ed en este contexto\u201d<\/b>, cuestion\u00f3.<\/p>\n<div class=\"ad_1 ad-wrapper dfpAd ad-1-al-6 ad-text ad-component-container\" style=\"--ad-shell-height:250px;--ad-shell-width:300px\" data-ad-wrapper=\"arcad\" data-ad-type=\"ad_1\" data-ad-slot=\"infobae\/politica\/nota\/ad_1\" data-ad-container=\"dfp\" data-ad-slot-name=\"infobae\/politica\/nota\/ad_1\">\n<p class=\"ad-shell-label\">PUBLICIDAD<\/p>\n<div id=\"infobae\/politica\/nota\/ad_1\" class=\"infobae\/politica\/nota\/ad_1 arcad ad-slot-node ad-slot-node--boxed\" data-ad-slot-id=\"infobae\/politica\/nota\/ad_1\"><\/div>\n<\/div>\n<div class=\"visual__image\"><picture><source srcset=\"https:\/\/www.infobae.com\/resizer\/v2\/PIVWUWANPNF53NERLGLPPBRXOI.jpg?auth=6dc0fcd9c8c60cb935fb1c7d12e0295dda85168b4b72f3bb3f91a6d62a5ed115&amp;smart=true&amp;width=992&amp;height=765&amp;quality=85\" media=\"(min-width: 1000px)\"><\/source><source srcset=\"https:\/\/www.infobae.com\/resizer\/v2\/PIVWUWANPNF53NERLGLPPBRXOI.jpg?auth=6dc0fcd9c8c60cb935fb1c7d12e0295dda85168b4b72f3bb3f91a6d62a5ed115&amp;smart=true&amp;width=768&amp;height=593&amp;quality=85\" media=\"(min-width: 768px)\"><\/source><source srcset=\"https:\/\/www.infobae.com\/resizer\/v2\/PIVWUWANPNF53NERLGLPPBRXOI.jpg?auth=6dc0fcd9c8c60cb935fb1c7d12e0295dda85168b4b72f3bb3f91a6d62a5ed115&amp;smart=true&amp;width=577&amp;height=445&amp;quality=85\" media=\"(min-width: 580px)\"><\/source><source srcset=\"https:\/\/www.infobae.com\/resizer\/v2\/PIVWUWANPNF53NERLGLPPBRXOI.jpg?auth=6dc0fcd9c8c60cb935fb1c7d12e0295dda85168b4b72f3bb3f91a6d62a5ed115&amp;smart=true&amp;width=420&amp;height=324&amp;quality=85\" media=\"(min-width: 350px)\"><\/source><source srcset=\"https:\/\/www.infobae.com\/resizer\/v2\/PIVWUWANPNF53NERLGLPPBRXOI.jpg?auth=6dc0fcd9c8c60cb935fb1c7d12e0295dda85168b4b72f3bb3f91a6d62a5ed115&amp;smart=true&amp;width=350&amp;height=270&amp;quality=85\" media=\"(min-width: 80px)\"><\/source><img alt=\"Sergio Mar\u00edn, intendente de Toledo\" class=\"global-image\" decoding=\"async\" fetchpriority=\"low\" height=\"537\" loading=\"lazy\" src=\"https:\/\/www.infobae.com\/resizer\/v2\/PIVWUWANPNF53NERLGLPPBRXOI.jpg?auth=6dc0fcd9c8c60cb935fb1c7d12e0295dda85168b4b72f3bb3f91a6d62a5ed115&amp;smart=true&amp;width=350&amp;height=270&amp;quality=85\" width=\"696\"><\/picture><\/div>\n<h2 class=\"text-align-left vertical-align-top line-height-100 header headline-class-h2 headline\" id='la-respuesta-del-concejo:-\"es-una-mala-interpretacion\"'>La respuesta del Concejo: \u201cEs una mala interpretaci\u00f3n\u201d<\/h2>\n<p class=\"paragraph\">Desde el Concejo Deliberante rechazaron de plano la versi\u00f3n del intendente y aseguraron que existe una interpretaci\u00f3n err\u00f3nea \u2014o malintencionada, seg\u00fan denunciaron\u2014 del texto aprobado.<\/p>\n<p class=\"paragraph\">El concejal Marcelo M\u00e1rquez explic\u00f3 al <i>Doce TV<\/i> que <b>el monto mencionado por el Ejecutivo no corresponde a cada funcionario, sino a un total global que debe dividirse entre diez cargos<\/b>: siete concejales y tres integrantes del Tribunal de Cuentas.<\/p>\n<div class=\"ad_2 ad-wrapper dfpAd ad-1-al-6 ad-text ad-component-container\" style=\"--ad-shell-height:250px;--ad-shell-width:300px\" data-ad-wrapper=\"arcad\" data-ad-type=\"ad_2\" data-ad-slot=\"infobae\/politica\/nota\/ad_2\" data-ad-container=\"dfp\" data-ad-slot-name=\"infobae\/politica\/nota\/ad_2\">\n<p class=\"ad-shell-label\">PUBLICIDAD<\/p>\n<div id=\"infobae\/politica\/nota\/ad_2\" class=\"infobae\/politica\/nota\/ad_2 arcad ad-slot-node ad-slot-node--boxed\" data-ad-slot-id=\"infobae\/politica\/nota\/ad_2\"><\/div>\n<\/div>\n<p class=\"paragraph\">\u201cEse es el monto total a repartir. <b>Da poco m\u00e1s de un mill\u00f3n de pesos por persona, y con descuentos queda en unos 830 mil pesos para cada concejal\u201d<\/b>, detall\u00f3. No obstante, reconoci\u00f3 que la redacci\u00f3n del art\u00edculo puede prestarse a confusi\u00f3n y adelant\u00f3 que impulsar\u00e1n una modificaci\u00f3n para aclararlo.<\/p>\n<p class=\"paragraph\">\u201cVamos a ampliar ese punto para que quede expl\u00edcito c\u00f3mo se aplica el c\u00e1lculo. <b>Un municipio como Toledo no podr\u00eda pagar jam\u00e1s 12 millones por concejal\u201d,<\/b> afirm\u00f3.<\/p>\n<div class=\"ad_3 ad-wrapper dfpAd ad-1-al-6 ad-text ad-component-container\" style=\"--ad-shell-height:250px;--ad-shell-width:300px\" data-ad-wrapper=\"arcad\" data-ad-type=\"ad_3\" data-ad-slot=\"infobae\/politica\/nota\/ad_3\" data-ad-container=\"dfp\" data-ad-slot-name=\"infobae\/politica\/nota\/ad_3\">\n<p class=\"ad-shell-label\">PUBLICIDAD<\/p>\n<div id=\"infobae\/politica\/nota\/ad_3\" class=\"infobae\/politica\/nota\/ad_3 arcad ad-slot-node ad-slot-node--boxed\" data-ad-slot-id=\"infobae\/politica\/nota\/ad_3\"><\/div>\n<\/div>\n<p class=\"paragraph\">En el mismo sentido se expres\u00f3 la presidenta del cuerpo legislativo, Ivana Toledo, quien asegur\u00f3 que la normativa vigente \u2014en particular la Ley 8102\u2014 impide que los ediles perciban cifras de ese nivel.<\/p>\n<p class=\"paragraph\">\u201c<b>Jam\u00e1s cobrar\u00edamos ese monto porque la ley no lo permite<\/b>\u201d, sostuvo. Adem\u00e1s, se\u00f1al\u00f3 que la ordenanza surgi\u00f3 a partir de un acuerdo previo con el Ejecutivo para regularizar las dietas, e incluso afirm\u00f3 que el propio intendente hab\u00eda solicitado una actualizaci\u00f3n de su salario. \u201cDebe estar cobrando cerca de 5 millones por todo concepto\u201d, indic\u00f3.<\/p>\n<div class=\"ad_4 ad-wrapper dfpAd ad-1-al-6 ad-text ad-component-container\" style=\"--ad-shell-height:250px;--ad-shell-width:300px\" data-ad-wrapper=\"arcad\" data-ad-type=\"ad_4\" data-ad-slot=\"infobae\/politica\/nota\/ad_4\" data-ad-container=\"dfp\" data-ad-slot-name=\"infobae\/politica\/nota\/ad_4\">\n<p class=\"ad-shell-label\">PUBLICIDAD<\/p>\n<div id=\"infobae\/politica\/nota\/ad_4\" class=\"infobae\/politica\/nota\/ad_4 arcad ad-slot-node ad-slot-node--boxed\" data-ad-slot-id=\"infobae\/politica\/nota\/ad_4\"><\/div>\n<\/div>\n<p class=\"paragraph\">La dirigente fue m\u00e1s all\u00e1 y acus\u00f3 al jefe comunal de generar intencionalmente la pol\u00e9mica. <b>\u201cEsto es una trampa del intendente para difamarnos y generar una mala interpretaci\u00f3n\u201d, <\/b>lanz\u00f3.<\/p>\n<h2 class=\"text-align-left vertical-align-top line-height-100 header headline-class-h2 headline\" id=\"un-conflicto-abierto\">Un conflicto abierto<\/h2>\n<p class=\"paragraph\">La controversia no solo expuso diferencias t\u00e9cnicas sobre el c\u00e1lculo de las dietas, sino tambi\u00e9n una fuerte tensi\u00f3n pol\u00edtica en una localidad de entre 5.000 y 6.500 habitantes, con recursos limitados y un presupuesto acotado.<\/p>\n<div class=\"ad_5 ad-wrapper dfpAd ad-1-al-6 ad-text ad-component-container\" style=\"--ad-shell-height:250px;--ad-shell-width:300px\" data-ad-wrapper=\"arcad\" data-ad-type=\"ad_5\" data-ad-slot=\"infobae\/politica\/nota\/ad_5\" data-ad-container=\"dfp\" data-ad-slot-name=\"infobae\/politica\/nota\/ad_5\">\n<p class=\"ad-shell-label\">PUBLICIDAD<\/p>\n<div id=\"infobae\/politica\/nota\/ad_5\" class=\"infobae\/politica\/nota\/ad_5 arcad ad-slot-node ad-slot-node--boxed\" data-ad-slot-id=\"infobae\/politica\/nota\/ad_5\"><\/div>\n<\/div>\n<p class=\"paragraph\">Mientras el intendente insiste en que la redacci\u00f3n actual habilita sueldos millonarios y<b> avanza hacia el veto,<\/b> desde el Concejo aseguran que se trata de un error subsanable y que <b>corregir\u00e1n el texto para evitar interpretaciones ambiguas.<\/b><\/p>\n<p class=\"paragraph\">En ese contexto, el conflicto sigue abierto y podr\u00eda escalar en los pr\u00f3ximos d\u00edas si no se alcanza un acuerdo pol\u00edtico. <\/p>\n<div class=\"ad_6 ad-wrapper dfpAd ad-1-al-6 ad-text ad-component-container\" style=\"--ad-shell-height:250px;--ad-shell-width:300px\" data-ad-wrapper=\"arcad\" data-ad-type=\"ad_6\" data-ad-slot=\"infobae\/politica\/nota\/ad_6\" data-ad-container=\"dfp\" data-ad-slot-name=\"infobae\/politica\/nota\/ad_6\">\n<p class=\"ad-shell-label\">PUBLICIDAD<\/p>\n<div id=\"infobae\/politica\/nota\/ad_6\" class=\"infobae\/politica\/nota\/ad_6 arcad ad-slot-node ad-slot-node--boxed\" data-ad-slot-id=\"infobae\/politica\/nota\/ad_6\"><\/div>\n<\/div>\n","protected":false},"excerpt":{"rendered":"<p>La localidad cordobesa de Toledo atraviesa una fuerte controversia pol\u00edtica e institucional tras la aprobaci\u00f3n de una ordenanza que modifica el c\u00e1lculo de las dietas de concejales y miembros del Tribunal de Cuentas. La medida, votada sobre tablas en el Concejo Deliberante, gener\u00f3 un duro cruce entre el intendente Sergio Mar\u00edn y los ediles, en [&hellip;]<\/p>\n","protected":false},"author":1,"featured_media":8827,"comment_status":"open","ping_status":"open","sticky":false,"template":"","format":"standard","meta":{"footnotes":""},"categories":[1],"tags":[],"class_list":["post-8826","post","type-post","status-publish","format-standard","has-post-thumbnail","hentry","category-uncategorized"],"_links":{"self":[{"href":"https:\/\/cliente1.publisher.highstack.com.ar\/index.php?rest_route=\/wp\/v2\/posts\/8826","targetHints":{"allow":["GET"]}}],"collection":[{"href":"https:\/\/cliente1.publisher.highstack.com.ar\/index.php?rest_route=\/wp\/v2\/posts"}],"about":[{"href":"https:\/\/cliente1.publisher.highstack.com.ar\/index.php?rest_route=\/wp\/v2\/types\/post"}],"author":[{"embeddable":true,"href":"https:\/\/cliente1.publisher.highstack.com.ar\/index.php?rest_route=\/wp\/v2\/users\/1"}],"replies":[{"embeddable":true,"href":"https:\/\/cliente1.publisher.highstack.com.ar\/index.php?rest_route=%2Fwp%2Fv2%2Fcomments&post=8826"}],"version-history":[{"count":0,"href":"https:\/\/cliente1.publisher.highstack.com.ar\/index.php?rest_route=\/wp\/v2\/posts\/8826\/revisions"}],"wp:featuredmedia":[{"embeddable":true,"href":"https:\/\/cliente1.publisher.highstack.com.ar\/index.php?rest_route=\/wp\/v2\/media\/8827"}],"wp:attachment":[{"href":"https:\/\/cliente1.publisher.highstack.com.ar\/index.php?rest_route=%2Fwp%2Fv2%2Fmedia&parent=8826"}],"wp:term":[{"taxonomy":"category","embeddable":true,"href":"https:\/\/cliente1.publisher.highstack.com.ar\/index.php?rest_route=%2Fwp%2Fv2%2Fcategories&post=8826"},{"taxonomy":"post_tag","embeddable":true,"href":"https:\/\/cliente1.publisher.highstack.com.ar\/index.php?rest_route=%2Fwp%2Fv2%2Ftags&post=8826"}],"curies":[{"name":"wp","href":"https:\/\/api.w.org\/{rel}","templated":true}]}}