{"id":8824,"date":"2026-05-03T10:27:02","date_gmt":"2026-05-03T13:27:02","guid":{"rendered":"https:\/\/cliente1.publisher.highstack.com.ar\/?p=8824"},"modified":"2026-05-03T10:27:02","modified_gmt":"2026-05-03T13:27:02","slug":"regresaban-del-recital-de-la-renga-cuando-protagonizaron-un-vuelco-sobre-autovia-artigas","status":"publish","type":"post","link":"https:\/\/cliente1.publisher.highstack.com.ar\/?p=8824","title":{"rendered":"Regresaban del recital de La Renga cuando protagonizaron un vuelco sobre Autov\u00eda Artigas"},"content":{"rendered":"<p><\/p>\n<div>\n<p>Un veh\u00edculo volc\u00f3 en la Autov\u00eda Gervasio Artigas, a la altura del kil\u00f3metro 238, en sentido sur\u2013norte, y sus dos ocupantes resultaron heridos, por lo que debieron ser trasladados a un centro de salud para su atenci\u00f3n. <\/p>\n<p><!-- is a <br \/>--><\/p>\n<p><!-- is a object --><br \/>\n<!-- embed start --><\/p>\n<figure class=\"embed\">\n<p>    <img decoding=\"async\" src=\"https:\/\/elonce-media.elonce.com\/fotos\/2026\/05\/03\/e_1777813592_23325.webp\" loading=\"lazy\" width=\"600\" height=\"400\" alt=\"Vuelco sobre Autov\u00eda Artigas (foto Polic\u00eda de Entre R\u00edos)\"\/><figcaption>\n            <span>Vuelco sobre Autov\u00eda Artigas (foto Polic\u00eda de Entre R\u00edos)<\/span><br \/>\n        <\/figcaption><\/figure>\n<p><!-- embed end --><br \/>\n<!-- end object --><\/p>\n<p>El hecho fue atendido por personal de la Comisar\u00eda Pedernal, que intervino tras el siniestro ocurrido por causas que se encuentran en etapa de investigaci\u00f3n. Seg\u00fan se inform\u00f3, se trat\u00f3 de una Renault Kangoo gris conducida por un hombre de 34 a\u00f1os, quien viajaba acompa\u00f1ado por una mujer. El rodado despist\u00f3 y termin\u00f3 volcando, quedando apoyado sobre su lateral derecho en el cantero central, con da\u00f1os de consideraci\u00f3n. <\/p>\n<p><!-- is a <br \/>--><\/p>\n<p><!-- is a object --><br \/>\n<!-- embed start --><\/p>\n<figure class=\"embed\">\n<p>    <img decoding=\"async\" src=\"https:\/\/elonce-media.elonce.com\/fotos\/2026\/05\/03\/e_1777813592_33260.webp\" loading=\"lazy\" width=\"600\" height=\"400\" alt=\"Vuelco sobre Autov\u00eda Artigas (foto Polic\u00eda de Entre R\u00edos)\"\/><figcaption>\n            <span>Vuelco sobre Autov\u00eda Artigas (foto Polic\u00eda de Entre R\u00edos)<\/span><br \/>\n        <\/figcaption><\/figure>\n<p><!-- embed end --><br \/>\n<!-- end object --><\/p>\n<p>De acuerdo al testimonio de los ocupantes, regresaban de un recital de la banda La Renga en Gualeguaych\u00fa cuando se produjo el accidente. Ambos fueron asistidos en el lugar y luego trasladados al Hospital Masvernat de Concordia, donde se les diagnostic\u00f3 traumatismo enc\u00e9falo-craneano (TEC) y politraumatismos toracoabdominales. Permanecen en observaci\u00f3n, a la espera de nuevas evaluaciones m\u00e9dicas. <\/p>\n<p><!-- is a <br \/>--><\/p>\n<p><!-- is a object --><br \/>\n<!-- embed start --><\/p>\n<figure class=\"embed\">\n<p>    <img decoding=\"async\" src=\"https:\/\/elonce-media.elonce.com\/fotos\/2026\/05\/03\/e_1777813592_8069.webp\" loading=\"lazy\" width=\"600\" height=\"400\" alt=\"Vuelco sobre Autov\u00eda Artigas (foto Polic\u00eda de Entre R\u00edos)\"\/><figcaption>\n            <span>Vuelco sobre Autov\u00eda Artigas (foto Polic\u00eda de Entre R\u00edos)<\/span><br \/>\n        <\/figcaption><\/figure>\n<p><!-- embed end --><br \/>\n<!-- end object --><\/p>\n<p>En el operativo trabajaron m\u00f3viles policiales de la zona, personal de Gendarmer\u00eda Nacional y efectivos de Seguridad Vial, mientras que el veh\u00edculo fue retirado posteriormente mediante una gr\u00faa del peaje. Las autoridades continuaban con las actuaciones correspondientes para determinar las circunstancias del siniestro.<\/p>\n<\/p><\/div>\n","protected":false},"excerpt":{"rendered":"<p>Un veh\u00edculo volc\u00f3 en la Autov\u00eda Gervasio Artigas, a la altura del kil\u00f3metro 238, en sentido sur\u2013norte, y sus dos ocupantes resultaron heridos, por lo que debieron ser trasladados a un centro de salud para su atenci\u00f3n. Vuelco sobre Autov\u00eda Artigas (foto Polic\u00eda de Entre R\u00edos) El hecho fue atendido por personal de la Comisar\u00eda [&hellip;]<\/p>\n","protected":false},"author":1,"featured_media":8825,"comment_status":"open","ping_status":"open","sticky":false,"template":"","format":"standard","meta":{"footnotes":""},"categories":[1],"tags":[],"class_list":["post-8824","post","type-post","status-publish","format-standard","has-post-thumbnail","hentry","category-uncategorized"],"_links":{"self":[{"href":"https:\/\/cliente1.publisher.highstack.com.ar\/index.php?rest_route=\/wp\/v2\/posts\/8824","targetHints":{"allow":["GET"]}}],"collection":[{"href":"https:\/\/cliente1.publisher.highstack.com.ar\/index.php?rest_route=\/wp\/v2\/posts"}],"about":[{"href":"https:\/\/cliente1.publisher.highstack.com.ar\/index.php?rest_route=\/wp\/v2\/types\/post"}],"author":[{"embeddable":true,"href":"https:\/\/cliente1.publisher.highstack.com.ar\/index.php?rest_route=\/wp\/v2\/users\/1"}],"replies":[{"embeddable":true,"href":"https:\/\/cliente1.publisher.highstack.com.ar\/index.php?rest_route=%2Fwp%2Fv2%2Fcomments&post=8824"}],"version-history":[{"count":0,"href":"https:\/\/cliente1.publisher.highstack.com.ar\/index.php?rest_route=\/wp\/v2\/posts\/8824\/revisions"}],"wp:featuredmedia":[{"embeddable":true,"href":"https:\/\/cliente1.publisher.highstack.com.ar\/index.php?rest_route=\/wp\/v2\/media\/8825"}],"wp:attachment":[{"href":"https:\/\/cliente1.publisher.highstack.com.ar\/index.php?rest_route=%2Fwp%2Fv2%2Fmedia&parent=8824"}],"wp:term":[{"taxonomy":"category","embeddable":true,"href":"https:\/\/cliente1.publisher.highstack.com.ar\/index.php?rest_route=%2Fwp%2Fv2%2Fcategories&post=8824"},{"taxonomy":"post_tag","embeddable":true,"href":"https:\/\/cliente1.publisher.highstack.com.ar\/index.php?rest_route=%2Fwp%2Fv2%2Ftags&post=8824"}],"curies":[{"name":"wp","href":"https:\/\/api.w.org\/{rel}","templated":true}]}}