{"id":8820,"date":"2026-05-03T08:44:41","date_gmt":"2026-05-03T11:44:41","guid":{"rendered":"https:\/\/cliente1.publisher.highstack.com.ar\/?p=8820"},"modified":"2026-05-03T08:44:41","modified_gmt":"2026-05-03T11:44:41","slug":"detuvieron-a-un-joven-acusado-de-golpear-y-mantener-cautiva-a-su-expareja-en-concordia","status":"publish","type":"post","link":"https:\/\/cliente1.publisher.highstack.com.ar\/?p=8820","title":{"rendered":"Detuvieron a un joven acusado de golpear y mantener cautiva a su expareja en Concordia"},"content":{"rendered":"<p><\/p>\n<div>\n<p>Un joven de 27 a\u00f1os fue detenido acusado de golpear, herir y mantener cautiva a su expareja en una vivienda del barrio Villa Busti, en Concordia, tras un allanamiento realizado en la noche del s\u00e1bado por personal policial. <\/p>\n<p><!-- is a <br \/>--><\/p>\n<p>\u00a0<\/p>\n<p><!-- is a <br \/>--><\/p>\n<p>El procedimiento fue llevado adelante por efectivos de la comisar\u00eda tercera, en cumplimiento de una orden del juez de Garant\u00edas, Mauricio Guerrero, a partir de un pedido de la fiscal Evelina Espinosa, quien interviene en la causa. La investigaci\u00f3n se inici\u00f3 luego de la denuncia de una mujer que afirm\u00f3 haber sido v\u00edctima de agresiones f\u00edsicas, incluyendo lesiones con un trozo de vidrio, y haber permanecido privada de su libertad durante varias horas. <\/p>\n<p><!-- is a <br \/>--><\/p>\n<p><!-- is a object --><br \/>\n<!-- embed start --><\/p>\n<figure class=\"embed\">\n<p>    <img decoding=\"async\" src=\"https:\/\/elonce-media.elonce.com\/fotos\/2026\/05\/03\/e_1777807006_12124.webp\" loading=\"lazy\" width=\"600\" height=\"400\" alt=\"Detenido en Concordia (foto Polic\u00eda de Entre R\u00edos)\"\/><figcaption>\n            <span>Detenido en Concordia (foto Polic\u00eda de Entre R\u00edos)<\/span><br \/>\n        <\/figcaption><\/figure>\n<p><!-- embed end --><br \/>\n<!-- end object --><\/p>\n<p>Seg\u00fan se inform\u00f3, la v\u00edctima logr\u00f3 escapar cuando el agresor se qued\u00f3 dormido, lo que le permiti\u00f3 dirigirse a realizar la denuncia. A partir de su testimonio, el personal policial inici\u00f3 tareas investigativas bajo directivas de la fiscal\u00eda, reuniendo elementos suficientes para solicitar el allanamiento y la detenci\u00f3n del sospechoso. <\/p>\n<p><!-- is a <br \/>--><\/p>\n<p>\u00a0<\/p>\n<p><!-- is a <br \/>--><\/p>\n<p>El operativo se concret\u00f3 pasadas las 20 horas, momento en el que fue detenido el principal acusado, identificado como Alan Lucas Ortiz, quien se encontraba en el domicilio. <\/p>\n<p><!-- is a <br \/>--><\/p>\n<p><!-- is a object --><br \/>\n<!-- embed start --><\/p>\n<figure class=\"embed\">\n<p>    <img decoding=\"async\" src=\"https:\/\/elonce-media.elonce.com\/fotos\/2026\/05\/03\/e_1777807006_3440.webp\" loading=\"lazy\" width=\"600\" height=\"400\" alt=\"Detenido en Concordia (foto Polic\u00eda de Entre R\u00edos)\"\/><figcaption>\n            <span>Detenido en Concordia (foto Polic\u00eda de Entre R\u00edos)<\/span><br \/>\n        <\/figcaption><\/figure>\n<p><!-- embed end --><br \/>\n<!-- end object --><\/p>\n<p>Asimismo, se realiz\u00f3 la correcta identificaci\u00f3n de tres menores de 17 a\u00f1os de edad, presentes en la vivienda, informaron fuentes policiales.  <\/p>\n<p><!-- is a <br \/>--><\/p>\n<p>\u00a0<\/p>\n<p><!-- is a <br \/>--><\/p>\n<p>Durante el procedimiento tambi\u00e9n se secuestraron prendas con manchas de sangre y un trozo de vidrio con restos hem\u00e1ticos, que ser\u00e1n incorporados como evidencia en la causa judicial. <\/p>\n<p><!-- is a <br \/>--><\/p>\n<p>\u00a0<\/p>\n<p><!-- is a <br \/>--><\/p>\n<p><!-- is a object --><\/p>\n<h3>M\u00e1s noticias<\/h3>\n<p><!-- end object --><\/p>\n<p><!-- is a object --><br \/>\n<!-- embed start --><!-- embed end --><br \/>\n<!-- end object --><\/p>\n<p><!-- is a object --><br \/>\n<!-- embed start --><!-- embed end --><br \/>\n<!-- end object --><\/p>\n<p><!-- is a object --><br \/>\n<!-- embed start --><!-- embed end --><br \/>\n<!-- end object --><\/p>\n<p><!-- is a object --><br \/>\n<!-- embed start --><!-- embed end --><br \/>\n<!-- end object --><\/p>\n<p><!-- is a object --><br \/>\n<!-- embed start --><!-- embed end --><br \/>\n<!-- end object --><\/p>\n<p><!-- is a object --><br \/>\n<!-- embed start --><!-- embed end --><br \/>\n<!-- end object --><\/p>\n<p><!-- is a object --><br \/>\n<!-- embed start --><!-- embed end --><br \/>\n<!-- end object --><\/p>\n<p><!-- is a object --><br \/>\n<!-- embed start --><!-- embed end --><br \/>\n<!-- end object --><\/p><\/div>\n","protected":false},"excerpt":{"rendered":"<p>Un joven de 27 a\u00f1os fue detenido acusado de golpear, herir y mantener cautiva a su expareja en una vivienda del barrio Villa Busti, en Concordia, tras un allanamiento realizado en la noche del s\u00e1bado por personal policial. \u00a0 El procedimiento fue llevado adelante por efectivos de la comisar\u00eda tercera, en cumplimiento de una orden [&hellip;]<\/p>\n","protected":false},"author":1,"featured_media":8821,"comment_status":"open","ping_status":"open","sticky":false,"template":"","format":"standard","meta":{"footnotes":""},"categories":[1],"tags":[],"class_list":["post-8820","post","type-post","status-publish","format-standard","has-post-thumbnail","hentry","category-uncategorized"],"_links":{"self":[{"href":"https:\/\/cliente1.publisher.highstack.com.ar\/index.php?rest_route=\/wp\/v2\/posts\/8820","targetHints":{"allow":["GET"]}}],"collection":[{"href":"https:\/\/cliente1.publisher.highstack.com.ar\/index.php?rest_route=\/wp\/v2\/posts"}],"about":[{"href":"https:\/\/cliente1.publisher.highstack.com.ar\/index.php?rest_route=\/wp\/v2\/types\/post"}],"author":[{"embeddable":true,"href":"https:\/\/cliente1.publisher.highstack.com.ar\/index.php?rest_route=\/wp\/v2\/users\/1"}],"replies":[{"embeddable":true,"href":"https:\/\/cliente1.publisher.highstack.com.ar\/index.php?rest_route=%2Fwp%2Fv2%2Fcomments&post=8820"}],"version-history":[{"count":0,"href":"https:\/\/cliente1.publisher.highstack.com.ar\/index.php?rest_route=\/wp\/v2\/posts\/8820\/revisions"}],"wp:featuredmedia":[{"embeddable":true,"href":"https:\/\/cliente1.publisher.highstack.com.ar\/index.php?rest_route=\/wp\/v2\/media\/8821"}],"wp:attachment":[{"href":"https:\/\/cliente1.publisher.highstack.com.ar\/index.php?rest_route=%2Fwp%2Fv2%2Fmedia&parent=8820"}],"wp:term":[{"taxonomy":"category","embeddable":true,"href":"https:\/\/cliente1.publisher.highstack.com.ar\/index.php?rest_route=%2Fwp%2Fv2%2Fcategories&post=8820"},{"taxonomy":"post_tag","embeddable":true,"href":"https:\/\/cliente1.publisher.highstack.com.ar\/index.php?rest_route=%2Fwp%2Fv2%2Ftags&post=8820"}],"curies":[{"name":"wp","href":"https:\/\/api.w.org\/{rel}","templated":true}]}}