{"id":8818,"date":"2026-05-03T07:16:56","date_gmt":"2026-05-03T10:16:56","guid":{"rendered":"https:\/\/cliente1.publisher.highstack.com.ar\/?p=8818"},"modified":"2026-05-03T07:16:56","modified_gmt":"2026-05-03T10:16:56","slug":"los-detalles-de-otro-viaje-vip-de-manuel-adorni-que-dinamitan-el-operativo-rescate-del-gobierno","status":"publish","type":"post","link":"https:\/\/cliente1.publisher.highstack.com.ar\/?p=8818","title":{"rendered":"Los detalles de otro viaje VIP de Manuel Adorni que dinamitan el operativo rescate del Gobierno"},"content":{"rendered":"<p> <br \/>\n<\/p>\n<div id=\"cuerpo\">\n<div class=\"sc-45461e9c-0 eqiBeF container-text text-embed \" id=\"element-body-0\">\n<p>Manuel Adorni viaj\u00f3 el 20 de junio de 2024 a Bariloche con sus dos hijos y su esposa, Bettina Angeletti, en un vuelo de Aerol\u00edneas Argentinas que cost\u00f3 $1.737.432. La familia se aloj\u00f3 durante cinco noches en el Llao Llao Hotel &amp; Resort Golf-Spa y realiz\u00f3 gastos en excursiones y comidas por $2.435.344. En el entorno del jefe de Gabinete aseguran que pag\u00f3 esos consumos de su bolsillo, aunque fuentes que conocen la trastienda del viaje dan detalles de otra versi\u00f3n: que<strong> <\/strong>la deuda se cancel\u00f3 con<strong> un llamativo retraso de tres meses desde una cuenta bancaria, <\/strong>lo que garantiza su trazabilidad.<\/p>\n<\/div>\n<div class=\"sc-45461e9c-0 eqiBeF container-text text-embed \" id=\"element-body-1\">\n<p>Los Adorni descansaron en las habitaciones Studio Lago Moreno de Lujo, una de las m\u00e1s exclusivas del hotel que cre\u00f3 el magn\u00edfico arquitecto Alejandro Bustillo, que fueron modernizadas hace muy poco. No se privaron de nada: <strong>hay gastos registrados hasta de peluquer\u00eda<\/strong>, un hermoso servicio que el hotel tiene reservado para sus hu\u00e9spedes m\u00e1s coquetos.<\/p>\n<\/div>\n<div class=\"sc-98b114a2-0 bkqiHH image-embed  image-embed \" id=\"element-body-2\"><picture class=\"sc-98b114a2-1 jRUlDm\"><source media=\"(min-width: 975px)\" width=\"720\" height=\"480\" srcset=\"https:\/\/www.clarin.com\/img\/2024\/09\/26\/HVL-Qv84M_720x0__1.jpg\"\/><img fetchpriority=\"high\" alt=\"El impactante paisaje de Bariloche, donde fue construido el Llao Llao. \" loading=\"eager\" width=\"720\" height=\"480\" decoding=\"async\" data-nimg=\"1\" style=\"color:transparent\" src=\"https:\/\/www.clarin.com\/img\/2024\/09\/26\/HVL-Qv84M_720x0__1.jpg\"\/><span class=\"epigraphe\" aria-hidden=\"true\">El impactante paisaje de Bariloche, donde fue construido el Llao Llao. <\/span><span class=\"picture-open\"><button class=\"open-image\" aria-label=\"Open Image\"\/><\/span><\/picture><\/div>\n<div class=\"sc-45461e9c-0 eqiBeF container-text text-embed \" id=\"element-body-3\">\n<p>El establecimiento emiti\u00f3 una factura por esas cinco noches por $4.931.993,97. Existen dudas sobre qui\u00e9n habr\u00eda absorbido ese costo.<strong> Los Adorni regresaron a Buenos Aires sin pagar el hotel<\/strong>. Como en el caso de las comidas y excursiones, el alojamiento fue<strong> cancelado mucho tiempo despu\u00e9s<\/strong>, un privilegio que -hasta donde se sabe- no existe en ning\u00fan lugar del mundo.<\/p>\n<\/div>\n<div class=\"sc-45461e9c-0 eqiBeF container-text text-embed \" id=\"element-body-4\">\n<p>Los detalles del viaje a los que accedi\u00f3 <strong>Clar\u00edn <\/strong>vienen a revelar nuevos gastos del conductor del Gabinete que no estar\u00edan emparentados con sus ingresos y que se suman a otros que la Justicia ya proces\u00f3, como los que efectu\u00f3 para viajar a Aruba y a Punta del Este, mientras compraba propiedades.<\/p>\n<\/div>\n<div class=\"sc-45461e9c-0 eqiBeF container-text text-embed \" id=\"element-body-5\">\n<p><strong>El total de la escapada a Bariloche ascendi\u00f3 a $9.104.769,97. <\/strong>En ese momento, Adorni era vocero de Javier Milei y percib\u00eda un salario neto de menos de tres millones de pesos. Su esposa era monotributista y estaba inscripta en una de las categor\u00edas m\u00e1s bajas.<\/p>\n<\/div>\n<div class=\"sc-45461e9c-0 eqiBeF container-text text-embed \" id=\"element-body-6\">\n<p>Por m\u00e1s empe\u00f1o que el Gobierno haga, el caso que involucra a una de sus principales figuras no termin\u00f3. Ni en t\u00e9rminos pol\u00edticos ni, mucho menos, judiciales. Tampoco desaparecer\u00e1 de las pantallas de TV: el p\u00fablico sigue la saga con una fascinaci\u00f3n tal que hasta los propios ministros asumen que, cuando van a un asado familiar, les preguntan por los viajes y las propiedades del jefe de Gabinete.<\/p>\n<\/div>\n<div class=\"sc-45461e9c-0 eqiBeF container-text text-embed \" id=\"element-body-7\">\n<p><strong><em>\u201cSe instal\u00f3 el mito del mendigo que pas\u00f3 a millonario, una fantas\u00eda eficaz porque Adorni no era un mendigo y ahora tampoco es millonario\u201d<\/em><\/strong>, cuenta un asesor externo de La Libertad Avanza que, cuando se lo requieren, presenta sus investigaciones de campo en la cima de la Casa Rosada. Ahora hace tiempo que no asiste. Lo tantean por WhatsApp pero, cuando desanda un relato que no coincide con el inter\u00e9s de los Milei, prefieren postergar su visita.<\/p>\n<\/div>\n<div class=\"sc-45461e9c-0 eqiBeF container-text text-embed \" id=\"element-body-8\">\n<p>Es parte de la l\u00f3gica libertaria en \u00e9pocas de turbulencias. El Presidente prefiere encerrarse en su c\u00edrculo \u00e1ulico, lo mismo que la herman\u00edsima. Cada vez cuesta m\u00e1s acceder a ellos si el que lo hace mantiene una posici\u00f3n distinta a la que reza el dogma. La Residencia de Olivos pas\u00f3 a ser<strong> un lugar reservado para los obsecuentes <\/strong>e, incluso, hasta para varios de ellos puede volverse hostil ante la primera disidencia.<\/p>\n<\/div>\n<div class=\"sc-98b114a2-0 bkqiHH image-embed  image-embed \" id=\"element-body-9\"><picture class=\"sc-98b114a2-1 jRUlDm\"><source media=\"(min-width: 975px)\" width=\"720\" height=\"480\" srcset=\"https:\/\/www.clarin.com\/img\/2026\/05\/02\/e8TFQXs-B_720x0__1.jpg\"\/><img alt=\"El jefe de gabinete realiz\u00f3 su informe gesti\u00f3n frente a los Milei.&#10;&#10;Foto: Juano Tesone \" loading=\"eager\" width=\"720\" height=\"480\" decoding=\"async\" data-nimg=\"1\" style=\"color:transparent\" src=\"https:\/\/www.clarin.com\/img\/2026\/05\/02\/e8TFQXs-B_720x0__1.jpg\"\/><span class=\"epigraphe\" aria-hidden=\"true\">El jefe de gabinete realiz\u00f3 su informe gesti\u00f3n frente a los Milei.<\/p>\n<p>Foto: Juano Tesone <\/span><span class=\"picture-open\"><button class=\"open-image\" aria-label=\"Open Image\"\/><\/span><\/picture><\/div>\n<div class=\"sc-45461e9c-0 eqiBeF container-text text-embed \" id=\"element-body-10\">\n<p>Eso explicar\u00eda, entre otras cosas, por qu\u00e9 se alejaron muchos funcionarios importantes. O por qu\u00e9 Santiago Caputo ya no concurre como antes del enfrentamiento directo con Karina, pese a que su v\u00ednculo con Milei sigue fuerte.<em> \u201cCuando me citan a Olivos prefiero que hablemos de \u00f3pera y preservar la relaci\u00f3n<\/em>\u201d, describe uno de los legisladores oficialistas.<\/p>\n<\/div>\n<div class=\"sc-45461e9c-0 eqiBeF container-text text-embed \" id=\"element-body-11\">\n<p>Despu\u00e9s de la exposici\u00f3n de Adorni del mi\u00e9rcoles frente a los diputados, Milei abandon\u00f3 el Congreso del mismo modo en el que hab\u00eda entrado: a los gritos, con insultos hacia periodistas y diputados, y con la idea de poner punto final a la historia. <strong><em>\u201cYa est\u00e1, ya pas\u00f3\u201d<\/em><\/strong>, dijo el propio Adorni frente a quienes lo consultaron. Sus pares del Gabinete lo felicitaron en el chat que los agrupa. Lo de siempre: una cosa es lo que dicen y otra lo que realmente piensan.<\/p>\n<\/div>\n<div class=\"sc-45461e9c-0 eqiBeF container-text text-embed \" id=\"element-body-12\">\n<p>\u00bfQu\u00e9 piensan? Los que conf\u00edan en su honestidad sostienen que fue torpe y que est\u00e1 pagando el precio de su falta de experiencia para el cargo. Los que lo quieren menos o sospechan de movimientos espurios hablan de su altaner\u00eda permanente, de la creaci\u00f3n de enemigos que ahora van por \u00e9l, y, en cierto modo, advierten sobre su ego\u00edsmo: \u201c<strong><em>Sabe que le hace da\u00f1o a Milei y no se quiere ir\u201d.<\/em><\/strong><\/p>\n<\/div>\n<div class=\"sc-98b114a2-0 bkqiHH image-embed  image-embed \" id=\"element-body-13\"><picture class=\"sc-98b114a2-1 jRUlDm\"><source media=\"(min-width: 975px)\" width=\"720\" height=\"480\" srcset=\"https:\/\/www.clarin.com\/img\/2026\/05\/01\/iVNvtmROK_720x0__1.jpg\"\/><img alt=\"Plenario del Peronismo PJ CIUDAD&#10;En parque Norte &#10;Victoria Tolosa Paz Guillermo Michel Juan Manuel Olmos Federico Achaval&#10;Foto Lopez Claro\" loading=\"eager\" width=\"720\" height=\"480\" decoding=\"async\" data-nimg=\"1\" style=\"color:transparent\" src=\"https:\/\/www.clarin.com\/img\/2026\/05\/01\/iVNvtmROK_720x0__1.jpg\"\/><span class=\"epigraphe\" aria-hidden=\"true\">Plenario del Peronismo PJ CIUDAD<br \/>\nEn parque Norte<br \/>\nVictoria Tolosa Paz Guillermo Michel Juan Manuel Olmos Federico Achaval<br \/>\nFoto Lopez Claro<\/span><span class=\"picture-open\"><button class=\"open-image\" aria-label=\"Open Image\"\/><\/span><\/picture><\/div>\n<div class=\"sc-45461e9c-0 eqiBeF container-text text-embed \" id=\"element-body-14\">\n<p>Como sea, todos coinciden en que la Casa Rosada est\u00e1 ante <strong>un desgaste innecesario que ya lleva 54 d\u00edas.<\/strong> La imagen presidencial se resiente, el Gobierno carece de iniciativa y no puede controlar la agenda p\u00fablica. Eso lleva a pensar al ala pol\u00edtica que el camino hacia los planes de reelecci\u00f3n no est\u00e1n allanados, como auguraban hace solo dos meses.<\/p>\n<\/div>\n<div class=\"sc-45461e9c-0 eqiBeF container-text text-embed \" id=\"element-body-15\">\n<p>Es Luis Caputo, el ministro de Econom\u00eda, el que m\u00e1s lo padece. No faltan actores del C\u00edrculo Rojo que, medio en broma y medio en serio, preguntan: <strong><em>\u201c\u00bfNo volver\u00e1n los kukas, no?<\/em><\/strong>\u201d Quiz\u00e1 no haya da\u00f1o m\u00e1s grave que esa humorada para quienes eval\u00faan invertir en la Argentina y aspiraban a la extinci\u00f3n del kirchnerismo.<\/p>\n<\/div>\n<div class=\"sc-98b114a2-0 bkqiHH image-embed  image-embed \" id=\"element-body-16\"><picture class=\"sc-98b114a2-1 jRUlDm\"><source media=\"(min-width: 975px)\" width=\"720\" height=\"480\" srcset=\"https:\/\/www.clarin.com\/img\/2026\/04\/28\/_7xbog1Al_720x0__1.jpg\"\/><img alt=\"El saludo de Javier Milei y Luis Caputo Javier Milei en la cena anual de la Fundaci\u00f3n Libertad.\" loading=\"eager\" width=\"720\" height=\"480\" decoding=\"async\" data-nimg=\"1\" style=\"color:transparent\" src=\"https:\/\/www.clarin.com\/img\/2026\/04\/28\/_7xbog1Al_720x0__1.jpg\"\/><span class=\"epigraphe\" aria-hidden=\"true\">El saludo de Javier Milei y Luis Caputo Javier Milei en la cena anual de la Fundaci\u00f3n Libertad.<\/span><span class=\"picture-open\"><button class=\"open-image\" aria-label=\"Open Image\"\/><\/span><\/picture><\/div>\n<div class=\"sc-45461e9c-0 eqiBeF container-text text-embed \" id=\"element-body-17\">\n<p>El oficialismo intentar\u00e1 ponerse de pie en el Parlamento. Impulsa all\u00ed una agenda variada, que ahora parece eclipsada por <strong>el ambicioso env\u00edo del Poder Ejecutivo de m\u00e1s de cien pliegos<\/strong> para ocupar vacantes en el Poder Judicial. Es una iniciativa que el ministro Juan Bautista Mahiques habl\u00f3 con Karina Milei antes de jurar -y, luego de asumir, con el mismo Milei- como reemplazante de Mariano C\u00faneo Libarona.<\/p>\n<\/div>\n<div class=\"sc-45461e9c-0 eqiBeF container-text text-embed \" id=\"element-body-18\">\n<p>Es decir, se trata de una de las grandes prioridades del oficialismo. Hay lugares determinantes para esas vacantes. Entre ellos, surgen dos sitios que la pol\u00edtica sigue con mucha ansiedad: se trata de las sillas de Leonardo Bruglia y Pablo Bertuzzi en la C\u00e1mara Federal. Son quienes definir\u00e1n las causas de corrupci\u00f3n. Por ejemplo, si un procesado sigue o no en esa situaci\u00f3no si un sobrese\u00eddo permanece o no en esa condici\u00f3n.<\/p>\n<\/div>\n<div class=\"sc-45461e9c-0 eqiBeF container-text text-embed \" id=\"element-body-19\">\n<p>Aunque Milei demuestra un escaso inter\u00e9s por el futuro de los Tribunales, en su propia administraci\u00f3n se libra una batalla entre caputistas y karinistas desde que se decidi\u00f3 designar a Mahiques y desplazar a quien era el segundo de C\u00faneo Libarona, Sebasti\u00e1n Amerio, que respond\u00eda a Caputo. La secretaria General exhibi\u00f3 los dientes y se qued\u00f3 con la conducci\u00f3n del Ministerio de Justicia, donde adem\u00e1s de Mahiques nombr\u00f3 a su segundo, Santiago Viola. Cerca de Caputo eval\u00faan que Karina no termina de comprender el poder de Comodoro Py ni c\u00f3mo se mueven sus protagonistas. <strong>Hay quienes, incluso, arriesgan que la situaci\u00f3n de Adorni podr\u00eda haber sido menos dram\u00e1tica con otra cintura pol\u00edtica.<\/strong> Contraf\u00e1ctico, pero de eso se habla y puede que haya algo de cierto.<\/p>\n<\/div>\n<div class=\"sc-45461e9c-0 eqiBeF container-text text-embed \" id=\"element-body-20\">\n<p>En lo que no hay matices es que el Gobierno se puso a los pies del jefe de Gabinete y en que eso obstaculiza la gesti\u00f3n en momentos de complicaciones econ\u00f3micas por la suba de la inflaci\u00f3n y la ca\u00edda de la recaudaci\u00f3n nacional, que se traslada a las provincias y a los municipios. En el Conurbano el panorama es tenebroso. Conviven all\u00ed la inseguridad y la falta de recursos econ\u00f3micos de miles de familia con el crecimiento de la ludopat\u00eda y las adicciones por drogas. <strong><em>\u201cTodo ser\u00eda peor si no estuvi\u00e9ramos nosotros. El pa\u00eds de Milei se viene abajo\u201d<\/em><\/strong>, suele decir Axel Kicillof. \u00bfY la autocr\u00edtica?<\/p>\n<\/div>\n<div class=\"sc-45461e9c-0 eqiBeF container-text text-embed \" id=\"element-body-21\">\n<p>Diego Santilli, el ministro del Interior, hace malabares para seducir a los gobernadores con promesas de un futuro mejor. Lo mismo hace Luis Caputo frente a los empresarios que le piden precisiones.<em> \u201cTuvimos un pico inflacionario en marzo, pero desde ahora la tendencia ser\u00e1 para abajo<\/em> -les dice el ministro de Econom\u00eda-. <em>Van a converger la baja de la inflaci\u00f3n y el crecimiento de la econom\u00eda\u201d<\/em>.<\/p>\n<\/div>\n<div class=\"sc-45461e9c-0 eqiBeF container-text text-embed \" id=\"element-body-22\">\n<p>Al combo que une sospechas de corrupci\u00f3n con las internas en el Ejecutivo y las fricciones por el rumbo econ\u00f3mico podr\u00eda sumarse un asunto no menos comprometedor para el oficialismo. Son cada vez m\u00e1s las voces que sospechan que, en algunos sectores del Gobierno, hay funcionarios y asesores que recibir\u00edan pagos mensuales por fuera de lo establecido. <strong>\u00bfLos famosos sobresueldos?<\/strong><\/p>\n<\/div>\n<div class=\"sc-45461e9c-0 eqiBeF container-text text-embed \" id=\"element-body-23\">\n<p>Al menos dos personas que hablaron con <strong>Clar\u00edn<\/strong> confesaron que los tentaron para diferentes puestos en la Casa Rosada y que, cuando se sentaron a hablar del sueldo, les blanquearon que, en algunos casos puntuales, exist\u00eda esa anomal\u00eda. <\/p>\n<\/div>\n<div class=\"sc-45461e9c-0 eqiBeF container-text text-embed \" id=\"element-body-24\">\n<p>Un tercer caso es el de una persona a la que convocaron para un puesto importante en la Unidad de Informaci\u00f3n Financiera. El hombre, por supuesto, pregunt\u00f3 a cu\u00e1nto ascender\u00eda su salario. Le dijeron y le pareci\u00f3 poco. <strong><em>\u201cPero hay m\u00e1s por afuera<\/em><\/strong>\u201d, lo alentaron. El candidato lo pens\u00f3 y rechaz\u00f3 la oferta. Quiz\u00e1, alg\u00fan d\u00eda, se anime a contarlo.<\/p>\n<\/div>\n<\/div>\n","protected":false},"excerpt":{"rendered":"<p>Manuel Adorni viaj\u00f3 el 20 de junio de 2024 a Bariloche con sus dos hijos y su esposa, Bettina Angeletti, en un vuelo de Aerol\u00edneas Argentinas que cost\u00f3 $1.737.432. La familia se aloj\u00f3 durante cinco noches en el Llao Llao Hotel &amp; Resort Golf-Spa y realiz\u00f3 gastos en excursiones y comidas por $2.435.344. En el [&hellip;]<\/p>\n","protected":false},"author":1,"featured_media":8819,"comment_status":"open","ping_status":"open","sticky":false,"template":"","format":"standard","meta":{"footnotes":""},"categories":[1],"tags":[2],"class_list":["post-8818","post","type-post","status-publish","format-standard","has-post-thumbnail","hentry","category-uncategorized","tag-guillermo-michel"],"_links":{"self":[{"href":"https:\/\/cliente1.publisher.highstack.com.ar\/index.php?rest_route=\/wp\/v2\/posts\/8818","targetHints":{"allow":["GET"]}}],"collection":[{"href":"https:\/\/cliente1.publisher.highstack.com.ar\/index.php?rest_route=\/wp\/v2\/posts"}],"about":[{"href":"https:\/\/cliente1.publisher.highstack.com.ar\/index.php?rest_route=\/wp\/v2\/types\/post"}],"author":[{"embeddable":true,"href":"https:\/\/cliente1.publisher.highstack.com.ar\/index.php?rest_route=\/wp\/v2\/users\/1"}],"replies":[{"embeddable":true,"href":"https:\/\/cliente1.publisher.highstack.com.ar\/index.php?rest_route=%2Fwp%2Fv2%2Fcomments&post=8818"}],"version-history":[{"count":0,"href":"https:\/\/cliente1.publisher.highstack.com.ar\/index.php?rest_route=\/wp\/v2\/posts\/8818\/revisions"}],"wp:featuredmedia":[{"embeddable":true,"href":"https:\/\/cliente1.publisher.highstack.com.ar\/index.php?rest_route=\/wp\/v2\/media\/8819"}],"wp:attachment":[{"href":"https:\/\/cliente1.publisher.highstack.com.ar\/index.php?rest_route=%2Fwp%2Fv2%2Fmedia&parent=8818"}],"wp:term":[{"taxonomy":"category","embeddable":true,"href":"https:\/\/cliente1.publisher.highstack.com.ar\/index.php?rest_route=%2Fwp%2Fv2%2Fcategories&post=8818"},{"taxonomy":"post_tag","embeddable":true,"href":"https:\/\/cliente1.publisher.highstack.com.ar\/index.php?rest_route=%2Fwp%2Fv2%2Ftags&post=8818"}],"curies":[{"name":"wp","href":"https:\/\/api.w.org\/{rel}","templated":true}]}}