{"id":8811,"date":"2026-05-03T04:48:39","date_gmt":"2026-05-03T07:48:39","guid":{"rendered":"https:\/\/cliente1.publisher.highstack.com.ar\/?p=8811"},"modified":"2026-05-03T04:48:39","modified_gmt":"2026-05-03T07:48:39","slug":"milei-busca-retomar-su-agenda-apuesta-a-mayo-y-tantea-acuerdos-con-los-gobernadores","status":"publish","type":"post","link":"https:\/\/cliente1.publisher.highstack.com.ar\/?p=8811","title":{"rendered":"Milei busca\u00a0retomar su agenda,\u00a0apuesta a mayo y tantea\u00a0acuerdos con\u00a0los gobernadores"},"content":{"rendered":"<div class=\"article__content standard\" id=\"article-content\">\n<p>\u201cFueron  dos  meses dur\u00edsimos.  En diciembre ven\u00eda todo espectacular, en el verano sacamos las leyes en el Congreso. Y,  de repente, (a comienzos de marzo) despu\u00e9s de  la Argentina  Week  en New York se nos puso todo horrible\u201d. Uno de los funcionarios m\u00e1s influyentes del mundo libertario lo describe crudamente. El oficialismo recibi\u00f3, desde que se conoci\u00f3 que el jefe de Gabinete, Manuel Adorni, hab\u00eda viajado a New York con su mujer,  Bettina Angeletti, malas noticias en materia econ\u00f3mica (la inflaci\u00f3n arriba de 3%), avanzadas judiciales contra el ministro coordinador  pero tambi\u00e9n en las causas Andis y $Libra, en medio de  una baja en las encuestas de opini\u00f3n p\u00fablica.  <\/p>\n<p>Por ello, ahora el Gobierno busca pasar la p\u00e1gina tras 45 d\u00edas de un esquema defensivo a retomar la iniciativa en la agenda p\u00fablica. Por ello, tras la l\u00ednea divisoria de aguas que, para el presidente Javier Milei, fue la presentaci\u00f3n de Adorni, a la que calific\u00f3 en la intimidad como exitosa, la Casa Rosada intentar\u00e1 controlar nuevamente los ejes de debate p\u00fablico.  <\/p>\n<p>Si bien hay dudas entre los ministros y asesores sobre qu\u00e9 consecuencias tendr\u00e1 que el jefe de Estado y Karina Milei hayan decidido bancar a fondo al jefe de Gabinete, est\u00e1 decidido que Adorni regrese a la arena p\u00fablica esta semana. Y lo har\u00e1 con su estilo personal, intentando dar por terminado los temas personales que investiga la Justicia, volver\u00e1 a dar entrevistas, ensayar\u00e1 una nueva conferencia de prensa \u2013que coincidir\u00e1 con la reapertura de la sala de periodistas del primer piso  de Balcarce 50\u2013 y retomar\u00e1 con el \u00e9nfasis que sol\u00eda imprimir su actividad tuitear. Fin.<\/p>\n<p>Todo esto se da con una esperanza en el horizonte: en el Gobierno aseguran que la pr\u00f3xima cifra de inflaci\u00f3n comenzar\u00e1 con 2 y que la tendencia a la baja esta vez ser\u00e1 inexorable. El propio presidente afirma que el segundo semestre se podr\u00e1 ver claramente los frutos de las medidas econ\u00f3micas. Esto tambi\u00e9n supone poder instalar buenas noticias en la arena p\u00fablica.<\/p>\n<p>Si bien desde el \u00faltimo trimestre del a\u00f1o pasado Milei hab\u00eda abandonado los insultos y los ep\u00edtetos a los periodistas, el enemigo por antonomasia ser\u00e1 el kirchnerismo, el \u201criesgo  kuka\u201d, como vector. En LLA creen que tuvo buen efecto en las elecciones de octubre.<\/p>\n<p>Ese temor fue un motor en octubre de 2025 para el triunfo resonante de Diego  Santilli. Todos los caminos conducen a que sea el candidato a gobernador de Milei con un acuerdo con el PRO e incluso con un sector de la  UCR. El presidente y, sobre todo, Karina Milei vienen expres\u00e1ndose hacia dentro del oficialismo en ese sentido. Aunque dudan de ampliar a otras fuerzas, el \u201cColorado\u201d viene haciendo su tarea para despejar dudas.<\/p>\n<p>Aunque, entusiasta, hace algunos d\u00edas Sebasti\u00e1n Pareja,  diputado nacional  karinista y titular de LLA bonaerense, en la cena de Cippec, escuch\u00f3 voces que lo animaban a jugar a gobernador. Pareja sue\u00f1a con eso hace tiempo. Es un desconocido en territorio bonaerense  y muy resistido por los j\u00f3venes de Las Fuerzas del Cielo (incluso fue apodado con malicia como \u201cMantequita\u201d).<\/p>\n<p>Para entender lo que est\u00e1 pasando: hoy el oficialismo tuvo que empezar a pensar en que no est\u00e1 tan allanado como en diciembre pasado el camino de la reelecci\u00f3n. \u201cHoy se discute el  balotaje, se abri\u00f3 un escenario que no ten\u00edamos a fin del a\u00f1o pasado. Puede haber un peronismo competitivo\u201d, destaca ante PERFIL una fuente oficial.<\/p>\n<p>Con todo, la agenda propia de LLA supone un paquete de leyes que se tratar\u00e1n en el Congreso\u2013 que hab\u00eda estado casi paralizado por el informe de  Adorni-, que fueron anticipadas por PERFIL:  la \u201cLey Hojarasca\u201d y dos nuevas leyes de financiamiento universitario y discapacidad, m\u00e1s  la reforma electoral, el C\u00f3digo Penal y el C\u00f3digo Aduanero.  <\/p>\n<p>Paralelamente, en Casa Rosada siguen esperando resultados del ministro de Justicia, Juan Bautista  Mahiques  y su viceministro, Santiago Viola. En particular, tras haber enviado el primer tramo de jueces para completar vacantes,  que Comodoro Py empiece a desacelerar las causas Andis y $Libra. \u201cNos compramos una interna judicial\u201d, rezonga un funcionario nacional. Y agrega que hay \u201cque esperar\u201d.<\/p>\n<p>En ese sentido, Santiago Caputo, quien si bien perdi\u00f3 el control del ministerio  de  Justicia pero a\u00fan mantiene sus otros lugares de poder, no se despeg\u00f3 de sus relaciones con el mundo Comodoro Py. Ni tampoco con la Corte Suprema.  Por lo pronto, hay quienes sostienen que el \u00fanico camino para que mayo sea un buen mes es que se amortig\u00fce la pelea entre \u00e9l y la secretaria General de la Presidencia.  <\/p>\n<p>Un dato: el asesor presidencial  regres\u00f3 hace un tiempo  a  Olivos a los encuentros semanales a solas con su jefe y amigo personal a agenda abierta.  <\/p>\n<p>Mientras tanto Karina Milei piensa cu\u00e1l ser\u00e1 la mejor estrategia para las provincias. Con Lule Menem y ahora la ayuda de  Santilli, baraja opciones. Hasta ahora se sigue imponiendo su idea de pintar las 24 provincias de violeta. Pero habr\u00e1 casos y casos.<\/p>\n<p>En eso trabaja el ministro del Interior, quien considera que hay 7 u 8 gobernadores con los que vale la pena armar un acuerdo que incluya la aprobaci\u00f3n del paquete de leyes incluidas las electorales a cambio de jugar juntos en las elecciones provinciales m\u00e1s un apoyo a la reelecci\u00f3n de Milei de su parte.<\/p>\n<p>Ese compromiso para 2027 choca con un reclamo de muchos de ellos: afirman que en 2025 no les cumplieron. \u201cVan a ser charlas informales, cada provincia tendr\u00e1 una estrategia particular\u201d, afirman los libertarios.<\/p>\n<p>Muchos de los gobernadores cercanos adelantar\u00e1n las elecciones locales. Y lo que est\u00e1n pidiendo es que LLA no les plante un candidato que les complique la reelecci\u00f3n. \u00bfQu\u00e9 podr\u00eda ofrecer el oficialismo? Acordar listas conjuntas en las provinciales y un apoyo en las  nacionales m\u00e1s las leyes de este a\u00f1o. Un combo que no todos est\u00e1n dispuestos.  <\/p>\n<p>Por  ejemplo  el mendocino Alfredo Cornejo solo pidi\u00f3 que LLA saque a Luis Petri de la chance de ser gobernador. Quiere elegir \u00e9l a su sucesor.  Otro caso: el chaque\u00f1o Leandro  Zdero, en cambio, tiene poco para negociar: su gesti\u00f3n sigue muy complicada en lo financiero. Y se reuni\u00f3 con Mauricio Macri en plena distancia con LLA.<\/p>\n<p>M\u00e1s casos: el entrerriano Rogelio Frigerio tiene el camino m\u00e1s allanado,  pero los peronistas Osvaldo Jaldo (Tucum\u00e1n) o Ra\u00fal Jalil (Catamarca) tendr\u00e1n que negociar con otros par\u00e1metros.  Por las dudas el salte\u00f1o Gustavo S\u00e1enz quiere cambiar el sistema electoral y saturar con lemas su poder para sostenerse.  <\/p>\n<p>Mientras tanto, a comienzos de esta semana algunas provincias tendr\u00e1n una buena noticia: se publicar\u00e1 en el Bolet\u00edn Oficial una nueva tanda de Aportes del Tesoro Nacional que colaborar\u00e1n con las arcas provinciales.<\/p>\n<\/p><\/div>\n<p><\/p>\n","protected":false},"excerpt":{"rendered":"<p>        Despu\u00e9s de soportar un mes y medio de la lluvia \u00e1cida del esc\u00e1ndalo en la opini\u00f3n p\u00fablica, en la Casa Rosada creen que mayo puede ser un momento de repunte. Dicen que la inflaci\u00f3n de abril comenzar\u00e1 con un dos y no con un tres. En el Gobierno creen que una garant\u00eda para evitar males peores es que la interna entre Caputo y Karina pueda ser controlada. El asesor estrella retom\u00f3 sus charlas semanales con el Presidente. Adorni volver\u00e1 a los medios para defenderse y asoma una distribuci\u00f3n de tareas. Karina supervisa una rosca electoral con un pu\u00f1ado de ocho mandatarios.<\/p>\n","protected":false},"author":1,"featured_media":8813,"comment_status":"open","ping_status":"open","sticky":false,"template":"","format":"standard","meta":{"footnotes":""},"categories":[1],"tags":[3],"class_list":["post-8811","post","type-post","status-publish","format-standard","has-post-thumbnail","hentry","category-uncategorized","tag-rogelio-frigerio"],"_links":{"self":[{"href":"https:\/\/cliente1.publisher.highstack.com.ar\/index.php?rest_route=\/wp\/v2\/posts\/8811","targetHints":{"allow":["GET"]}}],"collection":[{"href":"https:\/\/cliente1.publisher.highstack.com.ar\/index.php?rest_route=\/wp\/v2\/posts"}],"about":[{"href":"https:\/\/cliente1.publisher.highstack.com.ar\/index.php?rest_route=\/wp\/v2\/types\/post"}],"author":[{"embeddable":true,"href":"https:\/\/cliente1.publisher.highstack.com.ar\/index.php?rest_route=\/wp\/v2\/users\/1"}],"replies":[{"embeddable":true,"href":"https:\/\/cliente1.publisher.highstack.com.ar\/index.php?rest_route=%2Fwp%2Fv2%2Fcomments&post=8811"}],"version-history":[{"count":1,"href":"https:\/\/cliente1.publisher.highstack.com.ar\/index.php?rest_route=\/wp\/v2\/posts\/8811\/revisions"}],"predecessor-version":[{"id":8812,"href":"https:\/\/cliente1.publisher.highstack.com.ar\/index.php?rest_route=\/wp\/v2\/posts\/8811\/revisions\/8812"}],"wp:featuredmedia":[{"embeddable":true,"href":"https:\/\/cliente1.publisher.highstack.com.ar\/index.php?rest_route=\/wp\/v2\/media\/8813"}],"wp:attachment":[{"href":"https:\/\/cliente1.publisher.highstack.com.ar\/index.php?rest_route=%2Fwp%2Fv2%2Fmedia&parent=8811"}],"wp:term":[{"taxonomy":"category","embeddable":true,"href":"https:\/\/cliente1.publisher.highstack.com.ar\/index.php?rest_route=%2Fwp%2Fv2%2Fcategories&post=8811"},{"taxonomy":"post_tag","embeddable":true,"href":"https:\/\/cliente1.publisher.highstack.com.ar\/index.php?rest_route=%2Fwp%2Fv2%2Ftags&post=8811"}],"curies":[{"name":"wp","href":"https:\/\/api.w.org\/{rel}","templated":true}]}}