{"id":8807,"date":"2026-05-03T03:48:35","date_gmt":"2026-05-03T06:48:35","guid":{"rendered":"https:\/\/cliente1.publisher.highstack.com.ar\/?p=8807"},"modified":"2026-05-03T03:48:35","modified_gmt":"2026-05-03T06:48:35","slug":"en-la-gestion-de-milei-ya-se-vendieron-15-inmuebles-del-estado-por-usd-279-milloneslos-datos-surgen-de-cruzar-el-informe-del-jefe-de-gabinete-a-diputados-con-el-sitio-de-la-agencia-de-administracion-d","status":"publish","type":"post","link":"https:\/\/cliente1.publisher.highstack.com.ar\/?p=8807","title":{"rendered":"En la gesti\u00f3n de Milei ya se vendieron 15 inmuebles del Estado por USD 279 millonesLos datos surgen de cruzar el informe del Jefe de Gabinete a Diputados con el sitio de la Agencia de Administraci\u00f3n de Bienes del Estado y el portal ComprAr. Adorni brind\u00f3 una cifra menor. Un total de 35 propiedades estatales ya fueron desafectadas"},"content":{"rendered":"<div class=\"visual__image image-initial-width\"><picture><source srcset=\"https:\/\/www.infobae.com\/resizer\/v2\/CATRDWUURZFWNIYRDK3GOB6III.jpg?auth=214dc11dd5b9227743f90ba9e34c7f845e969dd481ca329bbc4a40994fcfc0d5&amp;smart=true&amp;width=992&amp;height=558&amp;quality=85\" media=\"(min-width: 1000px)\"><\/source><source srcset=\"https:\/\/www.infobae.com\/resizer\/v2\/CATRDWUURZFWNIYRDK3GOB6III.jpg?auth=214dc11dd5b9227743f90ba9e34c7f845e969dd481ca329bbc4a40994fcfc0d5&amp;smart=true&amp;width=768&amp;height=432&amp;quality=85\" media=\"(min-width: 768px)\"><\/source><source srcset=\"https:\/\/www.infobae.com\/resizer\/v2\/CATRDWUURZFWNIYRDK3GOB6III.jpg?auth=214dc11dd5b9227743f90ba9e34c7f845e969dd481ca329bbc4a40994fcfc0d5&amp;smart=true&amp;width=577&amp;height=325&amp;quality=85\" media=\"(min-width: 580px)\"><\/source><source srcset=\"https:\/\/www.infobae.com\/resizer\/v2\/CATRDWUURZFWNIYRDK3GOB6III.jpg?auth=214dc11dd5b9227743f90ba9e34c7f845e969dd481ca329bbc4a40994fcfc0d5&amp;smart=true&amp;width=420&amp;height=236&amp;quality=85\" media=\"(min-width: 350px)\"><\/source><source srcset=\"https:\/\/www.infobae.com\/resizer\/v2\/CATRDWUURZFWNIYRDK3GOB6III.jpg?auth=214dc11dd5b9227743f90ba9e34c7f845e969dd481ca329bbc4a40994fcfc0d5&amp;smart=true&amp;width=350&amp;height=197&amp;quality=85\" media=\"(min-width: 80px)\"><\/source><img alt=\"Bienes subastados por la AABE portada\" class=\"global-image\" decoding=\"async\" fetchpriority=\"high\" height=\"1080\" loading=\"eager\" src=\"https:\/\/www.infobae.com\/resizer\/v2\/CATRDWUURZFWNIYRDK3GOB6III.jpg?auth=214dc11dd5b9227743f90ba9e34c7f845e969dd481ca329bbc4a40994fcfc0d5&amp;smart=true&amp;width=350&amp;height=197&amp;quality=85\" width=\"1920\"><\/picture><\/div>\n<p class=\"paragraph\">En los dos a\u00f1os y cuatro meses que <b>Javier Milei<\/b> lleva en la Casa Rosada, la gesti\u00f3n libertaria se desprendi\u00f3 de <b>15 inmuebles <\/b>del Estado a cambio de <b>casi USD 279 millones. <\/b>En total, sumaron 84.900 m2 que dejaron de estar bajo dominio p\u00fablico. La cifra se enmarca en una pol\u00edtica del Gobierno de achicar la dimensi\u00f3n de Estado.<\/p>\n<p class=\"paragraph\">Entre los edificios vendidos por la <b>Agencia de Administraci\u00f3n de Bienes del Estado (AABE) <\/b>hay algunos que pertenecieron a distintos organismos, como el Ministerio de Defensa, la Polic\u00eda Federal o el INTA, y propiedades decomisadas en causas de corrupci\u00f3n o narcotr\u00e1fico. <\/p>\n<div class=\"inline ad-wrapper dfpAd ad-inline ad-text ad-component-container\" style=\"--ad-shell-height:250px;--ad-shell-width:300px\" data-ad-wrapper=\"arcad\" data-ad-type=\"inline\" data-ad-slot=\"infobae\/politica\/nota\/inline\" data-ad-container=\"dfp\" data-ad-slot-name=\"infobae\/politica\/nota\/inline\">\n<p class=\"ad-shell-label\">PUBLICIDAD<\/p>\n<div id=\"infobae\/politica\/nota\/inline\" class=\"infobae\/politica\/nota\/inline arcad ad-slot-node ad-slot-node--boxed\" data-ad-slot-id=\"infobae\/politica\/nota\/inline\"><\/div>\n<\/div>\n<p class=\"paragraph\">En su informe escrito enviado a la C\u00e1mara de Diputados esta semana, <b>Manuel Adorni <\/b>hab\u00eda <b>detallado la venta de s\u00f3lo 6 propiedades<\/b> por <b>USD 75,1 millones<\/b>, entre 2025 y el primer trimestre de 2026. Fue en respuesta a una de las preguntas que le enviaron los legisladores. Sin embargo, tras relevar el sitio oficial de contrataciones p\u00fablicas <b>ComprAr<\/b> y el de la AABE, <b>Infobae <\/b>detect\u00f3 que se vendieron otros 7 inmuebles en ese lapso, m\u00e1s otros dos en 2024. Por la venta de los 15, el Gobierno recaud\u00f3 en total <b>USD 278.968.671.<\/b><\/p>\n<div class=\"visual__image\"><picture><source srcset=\"https:\/\/www.infobae.com\/resizer\/v2\/44PQ7NOS5NANRBHXWQMXF6SKO4.jpg?auth=6a0d13c3b3b6b0b8edba592bc7db1947ba47aa82637aa7cfe19397a0801eba93&amp;smart=true&amp;width=992&amp;height=558&amp;quality=85\" media=\"(min-width: 1000px)\"><\/source><source srcset=\"https:\/\/www.infobae.com\/resizer\/v2\/44PQ7NOS5NANRBHXWQMXF6SKO4.jpg?auth=6a0d13c3b3b6b0b8edba592bc7db1947ba47aa82637aa7cfe19397a0801eba93&amp;smart=true&amp;width=768&amp;height=432&amp;quality=85\" media=\"(min-width: 768px)\"><\/source><source srcset=\"https:\/\/www.infobae.com\/resizer\/v2\/44PQ7NOS5NANRBHXWQMXF6SKO4.jpg?auth=6a0d13c3b3b6b0b8edba592bc7db1947ba47aa82637aa7cfe19397a0801eba93&amp;smart=true&amp;width=577&amp;height=325&amp;quality=85\" media=\"(min-width: 580px)\"><\/source><source srcset=\"https:\/\/www.infobae.com\/resizer\/v2\/44PQ7NOS5NANRBHXWQMXF6SKO4.jpg?auth=6a0d13c3b3b6b0b8edba592bc7db1947ba47aa82637aa7cfe19397a0801eba93&amp;smart=true&amp;width=420&amp;height=236&amp;quality=85\" media=\"(min-width: 350px)\"><\/source><source srcset=\"https:\/\/www.infobae.com\/resizer\/v2\/44PQ7NOS5NANRBHXWQMXF6SKO4.jpg?auth=6a0d13c3b3b6b0b8edba592bc7db1947ba47aa82637aa7cfe19397a0801eba93&amp;smart=true&amp;width=350&amp;height=197&amp;quality=85\" media=\"(min-width: 80px)\"><\/source><img alt=\"diputados sesion adorni gabinete adorni\" class=\"global-image\" decoding=\"async\" fetchpriority=\"low\" height=\"1080\" loading=\"lazy\" src=\"https:\/\/www.infobae.com\/resizer\/v2\/44PQ7NOS5NANRBHXWQMXF6SKO4.jpg?auth=6a0d13c3b3b6b0b8edba592bc7db1947ba47aa82637aa7cfe19397a0801eba93&amp;smart=true&amp;width=350&amp;height=197&amp;quality=85\" width=\"1920\"><\/picture><\/div>\n<p class=\"paragraph\">A su vez, <b>35 inmuebles del Estado fueron \u201cdesafectados\u201d por la Agencia<\/b>, seg\u00fan inform\u00f3 el Jefe de Gabinete, lo que implica que dejaron de tener un uso espec\u00edfico o de estar asignados a una dependencia p\u00fablica para poder as\u00ed ser subastados por la AABE. En su conjunto, implican <b>4.620.272 m2<\/b>. De ese n\u00famero, 5 inmuebles ya fueron adjudicados a privados a trav\u00e9s de subastas p\u00fablicas, y forman parte del lote de 15 vendidos.<\/p>\n<div class=\"inline_2 ad-wrapper dfpAd ad-inline ad-text ad-component-container\" style=\"--ad-shell-height:250px;--ad-shell-width:300px\" data-ad-wrapper=\"arcad\" data-ad-type=\"inline_2\" data-ad-slot=\"infobae\/politica\/nota\/inline_2\" data-ad-container=\"dfp\" data-ad-slot-name=\"infobae\/politica\/nota\/inline_2\">\n<p class=\"ad-shell-label\">PUBLICIDAD<\/p>\n<div id=\"infobae\/politica\/nota\/inline_2\" class=\"infobae\/politica\/nota\/inline_2 arcad ad-slot-node ad-slot-node--boxed\" data-ad-slot-id=\"infobae\/politica\/nota\/inline_2\"><\/div>\n<\/div>\n<div id=\"fusion-static-enter:raw_html_raw_html6\" style=\"display:none\" data-fusion-component=\"raw_html_raw_html6\"><\/div>\n<div class=\"rawHTML raw_html \">\n<div class=\"flourish-embed flourish-table\" data-src=\"https:\/\/www.infobae.com\/politica\/2026\/05\/03\/en-la-gestion-de-milei-ya-se-vendieron-15-inmuebles-del-estado-por-usd-279-millones\/visualisation\/28775503\"><script src=\"https:\/\/public.flourish.studio\/resources\/embed.js\"><\/script><img decoding=\"async\" src=\"https:\/\/public.flourish.studio\/visualisation\/28775503\/thumbnail\" width=\"100%\" alt=\"table visualization\"><\/div>\n<\/div>\n<div id=\"fusion-static-exit:raw_html_raw_html6\" style=\"display:none\" data-fusion-component=\"raw_html_raw_html6\"><\/div>\n<p class=\"paragraph\">Entre los desafectados, los m\u00e1s grandes son <b>dos predios por un total de 720.000 m2 que pertenecen al INTA <\/b>y el <b>Instituto Nacional del Agua (INA)<\/b> en la localidad bonaerense de <b>Ezeiza <\/b>y la salte\u00f1a de <b>Cerillos<\/b>. El <b>coordinador del \u00c1rea de Extensi\u00f3n del INTA Salta, el ingeniero agr\u00f3nomo Gustavo Ram\u00edrez<\/b>, le hab\u00eda dicho al medio local <i>Aries Online <\/i>al defender el uso que ten\u00edan esos terrenos que \u201cesas 41 hect\u00e1reas est\u00e1n en producci\u00f3n, cualquiera que pasa por ah\u00ed las puede ver, siempre estuvieron en producci\u00f3n\u201d.<b> <\/b><\/p>\n<div class=\"visual__image\"><picture><source srcset=\"https:\/\/www.infobae.com\/resizer\/v2\/3267OLEEORB6RCKDEBWUN55MMU.png?auth=c0145b12f722079d4aeef20639937fbff2009c1c0b896d5d44d2cf964b1f4655&amp;smart=true&amp;width=992&amp;height=699&amp;quality=85\" media=\"(min-width: 1000px)\"><\/source><source srcset=\"https:\/\/www.infobae.com\/resizer\/v2\/3267OLEEORB6RCKDEBWUN55MMU.png?auth=c0145b12f722079d4aeef20639937fbff2009c1c0b896d5d44d2cf964b1f4655&amp;smart=true&amp;width=768&amp;height=541&amp;quality=85\" media=\"(min-width: 768px)\"><\/source><source srcset=\"https:\/\/www.infobae.com\/resizer\/v2\/3267OLEEORB6RCKDEBWUN55MMU.png?auth=c0145b12f722079d4aeef20639937fbff2009c1c0b896d5d44d2cf964b1f4655&amp;smart=true&amp;width=577&amp;height=407&amp;quality=85\" media=\"(min-width: 580px)\"><\/source><source srcset=\"https:\/\/www.infobae.com\/resizer\/v2\/3267OLEEORB6RCKDEBWUN55MMU.png?auth=c0145b12f722079d4aeef20639937fbff2009c1c0b896d5d44d2cf964b1f4655&amp;smart=true&amp;width=420&amp;height=296&amp;quality=85\" media=\"(min-width: 350px)\"><\/source><source srcset=\"https:\/\/www.infobae.com\/resizer\/v2\/3267OLEEORB6RCKDEBWUN55MMU.png?auth=c0145b12f722079d4aeef20639937fbff2009c1c0b896d5d44d2cf964b1f4655&amp;smart=true&amp;width=350&amp;height=247&amp;quality=85\" media=\"(min-width: 80px)\"><\/source><img alt=\"Predio del INTA en Cerillos, Salta, que ya fue desafectado para su venta\" class=\"global-image\" decoding=\"async\" fetchpriority=\"low\" height=\"998\" loading=\"lazy\" src=\"https:\/\/www.infobae.com\/resizer\/v2\/3267OLEEORB6RCKDEBWUN55MMU.png?auth=c0145b12f722079d4aeef20639937fbff2009c1c0b896d5d44d2cf964b1f4655&amp;smart=true&amp;width=350&amp;height=247&amp;quality=85\" width=\"1416\"><\/picture><\/div>\n<p class=\"paragraph\">Tambi\u00e9n figura el complejo ubicado sobre la costanera del <b>Embalse de R\u00edo Tercero<\/b>, en el departamento cordob\u00e9s de <i>Calamuchita<\/i>. Comprende una superficie aproximada de 2.324.017 m2 y estaba bajo jurisdicci\u00f3n de la Secretar\u00eda de Turismo y Ambiente y de la Administraci\u00f3n de Parques Nacionales. El \u00e1rea forma parte de la <b>Unidad Tur\u00edstica de Embalse<\/b>, declarada <b>Monumento Hist\u00f3rico Nacional en 2013<\/b>. <\/p>\n<div class=\"ad_1 ad-wrapper dfpAd ad-1-al-6 ad-text ad-component-container\" style=\"--ad-shell-height:250px;--ad-shell-width:300px\" data-ad-wrapper=\"arcad\" data-ad-type=\"ad_1\" data-ad-slot=\"infobae\/politica\/nota\/ad_1\" data-ad-container=\"dfp\" data-ad-slot-name=\"infobae\/politica\/nota\/ad_1\">\n<p class=\"ad-shell-label\">PUBLICIDAD<\/p>\n<div id=\"infobae\/politica\/nota\/ad_1\" class=\"infobae\/politica\/nota\/ad_1 arcad ad-slot-node ad-slot-node--boxed\" data-ad-slot-id=\"infobae\/politica\/nota\/ad_1\"><\/div>\n<\/div>\n<p class=\"paragraph\">La decisi\u00f3n de desafectarlo se fundament\u00f3 en el Decreto 2.670\/15, que permite declarar inmuebles \u201cinnecesarios\u201d o \u201csin destino\u201d cuando no resultan imprescindibles para la gesti\u00f3n espec\u00edfica del organismo al que estaban asignados. La Comisi\u00f3n Nacional de Monumentos, de Lugares y de Bienes Hist\u00f3ricos intervino en el expediente y consider\u00f3 procedente su venta, con la condici\u00f3n de preservar y restaurar los valores patrimoniales del conjunto hist\u00f3rico.<\/p>\n<div class=\"visual__image\"><picture><source srcset=\"https:\/\/www.infobae.com\/resizer\/v2\/PBMAE6ZKKRD7BOID4ARL4XURHE.png?auth=a446d4bc8b9cd6d05b58274702c7f7ee2156e17073fc19b368c547c51d115438&amp;smart=true&amp;width=992&amp;height=494&amp;quality=85\" media=\"(min-width: 1000px)\"><\/source><source srcset=\"https:\/\/www.infobae.com\/resizer\/v2\/PBMAE6ZKKRD7BOID4ARL4XURHE.png?auth=a446d4bc8b9cd6d05b58274702c7f7ee2156e17073fc19b368c547c51d115438&amp;smart=true&amp;width=768&amp;height=382&amp;quality=85\" media=\"(min-width: 768px)\"><\/source><source srcset=\"https:\/\/www.infobae.com\/resizer\/v2\/PBMAE6ZKKRD7BOID4ARL4XURHE.png?auth=a446d4bc8b9cd6d05b58274702c7f7ee2156e17073fc19b368c547c51d115438&amp;smart=true&amp;width=577&amp;height=287&amp;quality=85\" media=\"(min-width: 580px)\"><\/source><source srcset=\"https:\/\/www.infobae.com\/resizer\/v2\/PBMAE6ZKKRD7BOID4ARL4XURHE.png?auth=a446d4bc8b9cd6d05b58274702c7f7ee2156e17073fc19b368c547c51d115438&amp;smart=true&amp;width=420&amp;height=209&amp;quality=85\" media=\"(min-width: 350px)\"><\/source><source srcset=\"https:\/\/www.infobae.com\/resizer\/v2\/PBMAE6ZKKRD7BOID4ARL4XURHE.png?auth=a446d4bc8b9cd6d05b58274702c7f7ee2156e17073fc19b368c547c51d115438&amp;smart=true&amp;width=350&amp;height=174&amp;quality=85\" media=\"(min-width: 80px)\"><\/source><img alt=\"La Unidad Tur\u00edstica de Embalse, declarada Monumento Hist\u00f3rico Nacional en 2013\" class=\"global-image\" decoding=\"async\" fetchpriority=\"low\" height=\"692\" loading=\"lazy\" src=\"https:\/\/www.infobae.com\/resizer\/v2\/PBMAE6ZKKRD7BOID4ARL4XURHE.png?auth=a446d4bc8b9cd6d05b58274702c7f7ee2156e17073fc19b368c547c51d115438&amp;smart=true&amp;width=350&amp;height=174&amp;quality=85\" width=\"1390\"><\/picture><\/div>\n<p class=\"paragraph\">Del relevamiento hecho por este medio del sitio de subastas de la AABE, surge que <b>hay actualmente 8 inmuebles publicados para salir a subasta electr\u00f3nica<\/b>, cuya inscripci\u00f3n para participar a\u00fan no cerr. Otros 11 figuran catalogados como \u201c<b>oportunidades disponibles<\/b>\u201d; 131 saldr\u00e1n a la <b>venta a futuro;<\/b> y 188 son <b>ventas finalizada<\/b>s entre el 2017 y lo que va de 2026.<\/p>\n<div class=\"ad_2 ad-wrapper dfpAd ad-1-al-6 ad-text ad-component-container\" style=\"--ad-shell-height:250px;--ad-shell-width:300px\" data-ad-wrapper=\"arcad\" data-ad-type=\"ad_2\" data-ad-slot=\"infobae\/politica\/nota\/ad_2\" data-ad-container=\"dfp\" data-ad-slot-name=\"infobae\/politica\/nota\/ad_2\">\n<p class=\"ad-shell-label\">PUBLICIDAD<\/p>\n<div id=\"infobae\/politica\/nota\/ad_2\" class=\"infobae\/politica\/nota\/ad_2 arcad ad-slot-node ad-slot-node--boxed\" data-ad-slot-id=\"infobae\/politica\/nota\/ad_2\"><\/div>\n<\/div>\n<p class=\"paragraph\">La AABE funciona bajo la \u00f3rbita de la Jefatura de Gabinete y est\u00e1 a cargo, dede diciembre pasado, de <b>Tania Alejandra Yedro<\/b>,<b> <\/b>quien trabajaba en el organismo desde febrero de 2024, tras haber sido directora nacional de<b> Servicios Inmobiliarios y Asuntos Comunitarios<\/b>, oficina que depende de la misma Agencia.<\/p>\n<h2 class=\"text-align-left vertical-align-top line-height-100 header headline-class-h2 headline\" id=\"las-seis-ventas-informadas-por-adorni\">Las seis ventas informadas por Adorni<\/h2>\n<p class=\"paragraph\">Los seis inmuebles del Estado subastados entre 2025 y lo que va del 2026, detalaldos por el Jefe de Gabinete en su informe escrito suman un total de <b>USD 75.108.759<\/b>.<\/p>\n<div class=\"ad_3 ad-wrapper dfpAd ad-1-al-6 ad-text ad-component-container\" style=\"--ad-shell-height:250px;--ad-shell-width:300px\" data-ad-wrapper=\"arcad\" data-ad-type=\"ad_3\" data-ad-slot=\"infobae\/politica\/nota\/ad_3\" data-ad-container=\"dfp\" data-ad-slot-name=\"infobae\/politica\/nota\/ad_3\">\n<p class=\"ad-shell-label\">PUBLICIDAD<\/p>\n<div id=\"infobae\/politica\/nota\/ad_3\" class=\"infobae\/politica\/nota\/ad_3 arcad ad-slot-node ad-slot-node--boxed\" data-ad-slot-id=\"infobae\/politica\/nota\/ad_3\"><\/div>\n<\/div>\n<p class=\"paragraph\">Uno es un predio del <b>Ministerio de Defensa<\/b> en el barrio de <b>Puerto Madero<\/b>, a pocos metros de la Reserva Ecol\u00f3gica Costanera Sur, con una superficie de 5.234 m2, que alberg\u00f3 dependencias de la Subsecretar\u00eda de Ciberseguridad. Ubicado sobre <b>Av de los Italianos N\u00ba 365 al 375<\/b>, se adjudic\u00f3 en marzo de 2025: por <b>USD 34 millones<\/b> al <b>Fideicomiso Inmobiliario Madero 6<\/b>. Su precio base hab\u00eda sido menor, de USD 23,2 millones y se presentaron 6 oferentes.<\/p>\n<div class=\"visual__image\"><picture><source srcset=\"https:\/\/www.infobae.com\/resizer\/v2\/CWQUO6Q5FVHRLA74IQX4P6FQBU.png?auth=2792414b906335b13fed96557a8d7e37551d177706c1f0163b50eb9620e4d2cd&amp;smart=true&amp;width=992&amp;height=658&amp;quality=85\" media=\"(min-width: 1000px)\"><\/source><source srcset=\"https:\/\/www.infobae.com\/resizer\/v2\/CWQUO6Q5FVHRLA74IQX4P6FQBU.png?auth=2792414b906335b13fed96557a8d7e37551d177706c1f0163b50eb9620e4d2cd&amp;smart=true&amp;width=768&amp;height=509&amp;quality=85\" media=\"(min-width: 768px)\"><\/source><source srcset=\"https:\/\/www.infobae.com\/resizer\/v2\/CWQUO6Q5FVHRLA74IQX4P6FQBU.png?auth=2792414b906335b13fed96557a8d7e37551d177706c1f0163b50eb9620e4d2cd&amp;smart=true&amp;width=577&amp;height=383&amp;quality=85\" media=\"(min-width: 580px)\"><\/source><source srcset=\"https:\/\/www.infobae.com\/resizer\/v2\/CWQUO6Q5FVHRLA74IQX4P6FQBU.png?auth=2792414b906335b13fed96557a8d7e37551d177706c1f0163b50eb9620e4d2cd&amp;smart=true&amp;width=420&amp;height=279&amp;quality=85\" media=\"(min-width: 350px)\"><\/source><source srcset=\"https:\/\/www.infobae.com\/resizer\/v2\/CWQUO6Q5FVHRLA74IQX4P6FQBU.png?auth=2792414b906335b13fed96557a8d7e37551d177706c1f0163b50eb9620e4d2cd&amp;smart=true&amp;width=350&amp;height=232&amp;quality=85\" media=\"(min-width: 80px)\"><\/source><img alt=\"El predio del Ministerio de Defensa en Av. De Los Italianos al 300 que vendi\u00f3 la AABE\" class=\"global-image\" decoding=\"async\" fetchpriority=\"low\" height=\"768\" loading=\"lazy\" src=\"https:\/\/www.infobae.com\/resizer\/v2\/CWQUO6Q5FVHRLA74IQX4P6FQBU.png?auth=2792414b906335b13fed96557a8d7e37551d177706c1f0163b50eb9620e4d2cd&amp;smart=true&amp;width=350&amp;height=232&amp;quality=85\" width=\"1158\"><\/picture><\/div>\n<p class=\"paragraph\">Ya hab\u00eda salido a subasta en 2017 &#8211; sin interesados &#8211; con una valuaci\u00f3n estimada, en ese momento, de USD 35 millones. Nuevamente el Estado intent\u00f3 rematar el predio con el edificio en 2019, con una tasaci\u00f3n base inferior de USD 28 millones, pero la subasta fue declarada desierta en septiembre de 2021. <\/p>\n<div class=\"ad_4 ad-wrapper dfpAd ad-1-al-6 ad-text ad-component-container\" style=\"--ad-shell-height:250px;--ad-shell-width:300px\" data-ad-wrapper=\"arcad\" data-ad-type=\"ad_4\" data-ad-slot=\"infobae\/politica\/nota\/ad_4\" data-ad-container=\"dfp\" data-ad-slot-name=\"infobae\/politica\/nota\/ad_4\">\n<p class=\"ad-shell-label\">PUBLICIDAD<\/p>\n<div id=\"infobae\/politica\/nota\/ad_4\" class=\"infobae\/politica\/nota\/ad_4 arcad ad-slot-node ad-slot-node--boxed\" data-ad-slot-id=\"infobae\/politica\/nota\/ad_4\"><\/div>\n<\/div>\n<p class=\"paragraph\">Otro de los inmuebles es el emblem\u00e1tico edificio del<b> INTA<\/b> ubicado en <b>Ortiz de Ocampo y Cervi\u00f1o<\/b>, cuya venta dispuesta por el Gobierno gener\u00f3 pol\u00e9mica y reclamo de sus trabajadores, ya que estaba en uso. El terreno donde est\u00e1 el edificio tiene 919 m2, aunque la edificabilidad total del inmueble ascender\u00eda a los 10.126 m2 de superficie. <\/p>\n<div class=\"visual__image\"><picture><source srcset=\"https:\/\/www.infobae.com\/resizer\/v2\/PDOOAOVXOBGJHL5SQSNZAU4R2M.jpg?auth=b81932f1be0034fba5207bb89d5daa9efd6cc8849c31ad9129f6fd67148111d1&amp;smart=true&amp;width=992&amp;height=558&amp;quality=85\" media=\"(min-width: 1000px)\"><\/source><source srcset=\"https:\/\/www.infobae.com\/resizer\/v2\/PDOOAOVXOBGJHL5SQSNZAU4R2M.jpg?auth=b81932f1be0034fba5207bb89d5daa9efd6cc8849c31ad9129f6fd67148111d1&amp;smart=true&amp;width=768&amp;height=432&amp;quality=85\" media=\"(min-width: 768px)\"><\/source><source srcset=\"https:\/\/www.infobae.com\/resizer\/v2\/PDOOAOVXOBGJHL5SQSNZAU4R2M.jpg?auth=b81932f1be0034fba5207bb89d5daa9efd6cc8849c31ad9129f6fd67148111d1&amp;smart=true&amp;width=577&amp;height=325&amp;quality=85\" media=\"(min-width: 580px)\"><\/source><source srcset=\"https:\/\/www.infobae.com\/resizer\/v2\/PDOOAOVXOBGJHL5SQSNZAU4R2M.jpg?auth=b81932f1be0034fba5207bb89d5daa9efd6cc8849c31ad9129f6fd67148111d1&amp;smart=true&amp;width=420&amp;height=236&amp;quality=85\" media=\"(min-width: 350px)\"><\/source><source srcset=\"https:\/\/www.infobae.com\/resizer\/v2\/PDOOAOVXOBGJHL5SQSNZAU4R2M.jpg?auth=b81932f1be0034fba5207bb89d5daa9efd6cc8849c31ad9129f6fd67148111d1&amp;smart=true&amp;width=350&amp;height=197&amp;quality=85\" media=\"(min-width: 80px)\"><\/source><img alt=\"Subasta INTA Inmuebles AABE\" class=\"global-image\" decoding=\"async\" fetchpriority=\"low\" height=\"1080\" loading=\"lazy\" src=\"https:\/\/www.infobae.com\/resizer\/v2\/PDOOAOVXOBGJHL5SQSNZAU4R2M.jpg?auth=b81932f1be0034fba5207bb89d5daa9efd6cc8849c31ad9129f6fd67148111d1&amp;smart=true&amp;width=350&amp;height=197&amp;quality=85\" width=\"1920\"><\/picture><\/div>\n<p class=\"paragraph\">Se adjudic\u00f3 a <b>Juli\u00e1n \u00c1lvarez 1986 SRL<\/b> en <b>USD 18,5 millones<\/b>, casi tres veces su valor de base (USD 6,3 millones). Se trata de una empresa que se dedica a la construcci\u00f3n y reparaci\u00f3n de edificios residenciales, cuyos socios son <b>Mart\u00edn Prubner<\/b> y <b>Lucila Jazm\u00edn Zang<\/b>, hija del vicepresidente de <b>IRSA<\/b>, <b>Sa\u00fal Zang<\/b>. <\/p>\n<div class=\"ad_5 ad-wrapper dfpAd ad-1-al-6 ad-text ad-component-container\" style=\"--ad-shell-height:250px;--ad-shell-width:300px\" data-ad-wrapper=\"arcad\" data-ad-type=\"ad_5\" data-ad-slot=\"infobae\/politica\/nota\/ad_5\" data-ad-container=\"dfp\" data-ad-slot-name=\"infobae\/politica\/nota\/ad_5\">\n<p class=\"ad-shell-label\">PUBLICIDAD<\/p>\n<div id=\"infobae\/politica\/nota\/ad_5\" class=\"infobae\/politica\/nota\/ad_5 arcad ad-slot-node ad-slot-node--boxed\" data-ad-slot-id=\"infobae\/politica\/nota\/ad_5\"><\/div>\n<\/div>\n<p class=\"paragraph\">Si bien el art\u00edculo 57 de la ley 27.341, vigente al momento de la venta, establec\u00eda que el 70% de esa suma (casi USD 13 millones) fuera para el INTA, como el mismo Adorni garantiz\u00f3 en una conferencia de prensa el 27 de noviembre del 2024, <b>el dinero nunca lleg\u00f3 al organismo<\/b>. En su informe escrito a los Diputados, afirm\u00f3 en la respuesta a la Pregunta 729, que esos fondos pasaron al Tesoro Nacional por un decreto (N\u00ba 186\/25) posterior.<\/p>\n<p class=\"paragraph\">Otro de los inmuebles rematados por la AABE perteneci\u00f3 a <b>Daniel Mu\u00f1oz<\/b>, quien fuera el secretario privado de <b>N\u00e9stor Kirchner<\/b>, y fue decomisado en la causa en la que se lo investig\u00f3 por<b> enriquecimiento il\u00edcito y lavado de dinero. <\/b><\/p>\n<div class=\"ad_6 ad-wrapper dfpAd ad-1-al-6 ad-text ad-component-container\" style=\"--ad-shell-height:250px;--ad-shell-width:300px\" data-ad-wrapper=\"arcad\" data-ad-type=\"ad_6\" data-ad-slot=\"infobae\/politica\/nota\/ad_6\" data-ad-container=\"dfp\" data-ad-slot-name=\"infobae\/politica\/nota\/ad_6\">\n<p class=\"ad-shell-label\">PUBLICIDAD<\/p>\n<div id=\"infobae\/politica\/nota\/ad_6\" class=\"infobae\/politica\/nota\/ad_6 arcad ad-slot-node ad-slot-node--boxed\" data-ad-slot-id=\"infobae\/politica\/nota\/ad_6\"><\/div>\n<\/div>\n<p class=\"paragraph\">Mu\u00f1oz fue el receptor primario de los bolsos repletos de dinero provenientes de las coimas que pagaron empresarios para quedarse con obras p\u00fablicas y contratos con el Estado. Se trata de un departamento de 74 m2 ubicado en el 1er piso del edificio de <b>Andonaegui N\u00b0 2966, <\/b>en <b>Villa Urquiza<\/b>.<\/p>\n<div class=\"visual__image\"><picture><source srcset=\"https:\/\/www.infobae.com\/resizer\/v2\/45II7WFRZBEJRJN5CSF62YNLTY.png?auth=619cb5d51449fb6dcb6764eb6a8bd4198e0da6239542d6891170b0c27d6e81ef&amp;smart=true&amp;width=992&amp;height=456&amp;quality=85\" media=\"(min-width: 1000px)\"><\/source><source srcset=\"https:\/\/www.infobae.com\/resizer\/v2\/45II7WFRZBEJRJN5CSF62YNLTY.png?auth=619cb5d51449fb6dcb6764eb6a8bd4198e0da6239542d6891170b0c27d6e81ef&amp;smart=true&amp;width=768&amp;height=353&amp;quality=85\" media=\"(min-width: 768px)\"><\/source><source srcset=\"https:\/\/www.infobae.com\/resizer\/v2\/45II7WFRZBEJRJN5CSF62YNLTY.png?auth=619cb5d51449fb6dcb6764eb6a8bd4198e0da6239542d6891170b0c27d6e81ef&amp;smart=true&amp;width=577&amp;height=265&amp;quality=85\" media=\"(min-width: 580px)\"><\/source><source srcset=\"https:\/\/www.infobae.com\/resizer\/v2\/45II7WFRZBEJRJN5CSF62YNLTY.png?auth=619cb5d51449fb6dcb6764eb6a8bd4198e0da6239542d6891170b0c27d6e81ef&amp;smart=true&amp;width=420&amp;height=193&amp;quality=85\" media=\"(min-width: 350px)\"><\/source><source srcset=\"https:\/\/www.infobae.com\/resizer\/v2\/45II7WFRZBEJRJN5CSF62YNLTY.png?auth=619cb5d51449fb6dcb6764eb6a8bd4198e0da6239542d6891170b0c27d6e81ef&amp;smart=true&amp;width=350&amp;height=161&amp;quality=85\" media=\"(min-width: 80px)\"><\/source><img alt=\"Andonaegui N\u00b0 2966, CABA (AABE)\" class=\"global-image\" decoding=\"async\" fetchpriority=\"low\" height=\"744\" loading=\"lazy\" src=\"https:\/\/www.infobae.com\/resizer\/v2\/45II7WFRZBEJRJN5CSF62YNLTY.png?auth=619cb5d51449fb6dcb6764eb6a8bd4198e0da6239542d6891170b0c27d6e81ef&amp;smart=true&amp;width=350&amp;height=161&amp;quality=85\" width=\"1618\"><\/picture><\/div>\n<p class=\"paragraph\">Lo compr\u00f3 un particular, <b>Lorenzo Gaspar Huaranca<\/b>, en USD 168.000, unos USD 20.000 m\u00e1s que su precio base de remate. <\/p>\n<p class=\"paragraph\">Producto tambi\u00e9n del decomiso de otra causa de narcotr\u00e1fico y lavado, fue vendido un d\u00faplex ubicado en <b>Bacacay 3591<\/b>, en el barrio de <b>Floresta<\/b>. Lo compr\u00f3 otra particular, <b>Carolina Soledad Luizaga<\/b>, quien pag\u00f3 USD 150.500, casi el mismo valor que el precio base (USD 150.415). <\/p>\n<div class=\"visual__image\"><picture><source srcset=\"https:\/\/www.infobae.com\/resizer\/v2\/TM2MMPL7HVDOPOLT7GVOKKLAGQ.jpg?auth=f49c8756843320645518f3d0c1189f733b6704666e55a02d3c89bc53ae4b30d5&amp;smart=true&amp;width=992&amp;height=558&amp;quality=85\" media=\"(min-width: 1000px)\"><\/source><source srcset=\"https:\/\/www.infobae.com\/resizer\/v2\/TM2MMPL7HVDOPOLT7GVOKKLAGQ.jpg?auth=f49c8756843320645518f3d0c1189f733b6704666e55a02d3c89bc53ae4b30d5&amp;smart=true&amp;width=768&amp;height=432&amp;quality=85\" media=\"(min-width: 768px)\"><\/source><source srcset=\"https:\/\/www.infobae.com\/resizer\/v2\/TM2MMPL7HVDOPOLT7GVOKKLAGQ.jpg?auth=f49c8756843320645518f3d0c1189f733b6704666e55a02d3c89bc53ae4b30d5&amp;smart=true&amp;width=577&amp;height=325&amp;quality=85\" media=\"(min-width: 580px)\"><\/source><source srcset=\"https:\/\/www.infobae.com\/resizer\/v2\/TM2MMPL7HVDOPOLT7GVOKKLAGQ.jpg?auth=f49c8756843320645518f3d0c1189f733b6704666e55a02d3c89bc53ae4b30d5&amp;smart=true&amp;width=420&amp;height=236&amp;quality=85\" media=\"(min-width: 350px)\"><\/source><source srcset=\"https:\/\/www.infobae.com\/resizer\/v2\/TM2MMPL7HVDOPOLT7GVOKKLAGQ.jpg?auth=f49c8756843320645518f3d0c1189f733b6704666e55a02d3c89bc53ae4b30d5&amp;smart=true&amp;width=350&amp;height=197&amp;quality=85\" media=\"(min-width: 80px)\"><\/source><img alt=\"Bienes decomisados AABE\" class=\"global-image\" decoding=\"async\" fetchpriority=\"low\" height=\"1080\" loading=\"lazy\" src=\"https:\/\/www.infobae.com\/resizer\/v2\/TM2MMPL7HVDOPOLT7GVOKKLAGQ.jpg?auth=f49c8756843320645518f3d0c1189f733b6704666e55a02d3c89bc53ae4b30d5&amp;smart=true&amp;width=350&amp;height=197&amp;quality=85\" width=\"1920\"><\/picture><\/div>\n<p class=\"paragraph\">Otro inmueble ubicado en <b>Av. Meli\u00e1n N.\u00ba 2157 <\/b>entre Mendoza y Juramento, valuado en USD 2,3 millones, sali\u00f3 a subasta con un precio de base de USD 690.000 y termin\u00f3 en manos de <b>Inversora Mataldi SA <\/b>por poco m\u00e1s de <b>USD 1 mill\u00f3n<\/b>. <\/p>\n<div class=\"visual__image\"><picture><source srcset=\"https:\/\/www.infobae.com\/resizer\/v2\/YE52OOOMLBCB7MEFRJN2ZWN3WM.png?auth=ff64b04cb82b0e4aec3154db2424e2eae12cfed568d7dea65ceaca65d36c71ef&amp;smart=true&amp;width=992&amp;height=671&amp;quality=85\" media=\"(min-width: 1000px)\"><\/source><source srcset=\"https:\/\/www.infobae.com\/resizer\/v2\/YE52OOOMLBCB7MEFRJN2ZWN3WM.png?auth=ff64b04cb82b0e4aec3154db2424e2eae12cfed568d7dea65ceaca65d36c71ef&amp;smart=true&amp;width=768&amp;height=519&amp;quality=85\" media=\"(min-width: 768px)\"><\/source><source srcset=\"https:\/\/www.infobae.com\/resizer\/v2\/YE52OOOMLBCB7MEFRJN2ZWN3WM.png?auth=ff64b04cb82b0e4aec3154db2424e2eae12cfed568d7dea65ceaca65d36c71ef&amp;smart=true&amp;width=577&amp;height=390&amp;quality=85\" media=\"(min-width: 580px)\"><\/source><source srcset=\"https:\/\/www.infobae.com\/resizer\/v2\/YE52OOOMLBCB7MEFRJN2ZWN3WM.png?auth=ff64b04cb82b0e4aec3154db2424e2eae12cfed568d7dea65ceaca65d36c71ef&amp;smart=true&amp;width=420&amp;height=284&amp;quality=85\" media=\"(min-width: 350px)\"><\/source><source srcset=\"https:\/\/www.infobae.com\/resizer\/v2\/YE52OOOMLBCB7MEFRJN2ZWN3WM.png?auth=ff64b04cb82b0e4aec3154db2424e2eae12cfed568d7dea65ceaca65d36c71ef&amp;smart=true&amp;width=350&amp;height=237&amp;quality=85\" media=\"(min-width: 80px)\"><\/source><img alt=\"La mansi\u00f3n de la calle Meli\u00e1n perteneci\u00f3 a Carlos Salvatore (AABE) \" class=\"global-image\" decoding=\"async\" fetchpriority=\"low\" height=\"990\" loading=\"lazy\" src=\"https:\/\/www.infobae.com\/resizer\/v2\/YE52OOOMLBCB7MEFRJN2ZWN3WM.png?auth=ff64b04cb82b0e4aec3154db2424e2eae12cfed568d7dea65ceaca65d36c71ef&amp;smart=true&amp;width=350&amp;height=237&amp;quality=85\" width=\"1464\"><\/picture><\/div>\n<p class=\"paragraph\">La casona tiene dos plantas, ascensor, piscina y jard\u00edn y est\u00e1 ubicada en la zona residencial de <b>Belgrano R<\/b>. La mansi\u00f3n perteneci\u00f3 a <b>Carlos Salvatore<\/b>, un capo narco condenado a 21 a\u00f1os de c\u00e1rcel por contrabando de una tonelada de coca\u00edna a Portugal y Espa\u00f1a en la causa conocida como <b>Carb\u00f3n Blanco<\/b>, fallecido en 2019. <\/p>\n<p class=\"paragraph\">Un cotizado terreno de m\u00e1s de 3.400 m2 en la calle <b>Soldado de la Independencia N\u00ba 615<\/b>, en el barrio de <b>Palermo<\/b>, entre las calles Ortega y Gasset y Pasaje San Benito de Palermo, fue adjudicado a la firma <b>Consultatio SA<\/b>, la desarrolladora de torres y urbanizaciones de <b>Eduardo Costantini. <\/b>Est\u00e1<b> <\/b>en una de las zonas m\u00e1s codiciadas de la Ciudad Aut\u00f3noma de Buenos Aires, a metros del Campo Argentino de Polo y del tradicional barrio Las Ca\u00f1itas.<\/p>\n<div class=\"visual__image\"><picture><source srcset=\"https:\/\/www.infobae.com\/resizer\/v2\/QL356BSRMZFMZDB3ZTAR5YE62E.png?auth=e27e52b2adc106c7d6be16f96234def7a99595757adb49fcfa5f1a088c9ce7e0&amp;smart=true&amp;width=992&amp;height=456&amp;quality=85\" media=\"(min-width: 1000px)\"><\/source><source srcset=\"https:\/\/www.infobae.com\/resizer\/v2\/QL356BSRMZFMZDB3ZTAR5YE62E.png?auth=e27e52b2adc106c7d6be16f96234def7a99595757adb49fcfa5f1a088c9ce7e0&amp;smart=true&amp;width=768&amp;height=353&amp;quality=85\" media=\"(min-width: 768px)\"><\/source><source srcset=\"https:\/\/www.infobae.com\/resizer\/v2\/QL356BSRMZFMZDB3ZTAR5YE62E.png?auth=e27e52b2adc106c7d6be16f96234def7a99595757adb49fcfa5f1a088c9ce7e0&amp;smart=true&amp;width=577&amp;height=265&amp;quality=85\" media=\"(min-width: 580px)\"><\/source><source srcset=\"https:\/\/www.infobae.com\/resizer\/v2\/QL356BSRMZFMZDB3ZTAR5YE62E.png?auth=e27e52b2adc106c7d6be16f96234def7a99595757adb49fcfa5f1a088c9ce7e0&amp;smart=true&amp;width=420&amp;height=193&amp;quality=85\" media=\"(min-width: 350px)\"><\/source><source srcset=\"https:\/\/www.infobae.com\/resizer\/v2\/QL356BSRMZFMZDB3ZTAR5YE62E.png?auth=e27e52b2adc106c7d6be16f96234def7a99595757adb49fcfa5f1a088c9ce7e0&amp;smart=true&amp;width=350&amp;height=161&amp;quality=85\" media=\"(min-width: 80px)\"><\/source><img alt=\"Soldado de la Independencia 615\" class=\"global-image\" decoding=\"async\" fetchpriority=\"low\" height=\"758\" loading=\"lazy\" src=\"https:\/\/www.infobae.com\/resizer\/v2\/QL356BSRMZFMZDB3ZTAR5YE62E.png?auth=e27e52b2adc106c7d6be16f96234def7a99595757adb49fcfa5f1a088c9ce7e0&amp;smart=true&amp;width=350&amp;height=161&amp;quality=85\" width=\"1650\"><\/picture><\/div>\n<p class=\"paragraph\">La parcela tiene 70 metros de frente por 50 metros de profundidad, y se utilizaba hasta el momento como estacionamiento, con 163 cocheras descubiertas y 12 semicubiertas. Consultatio ofert\u00f3 USD 21,2 millones, unos USD 7 millones m\u00e1s que el precio base (USD 15,3 millones) y le gan\u00f3 la disputa a otros tres oferentes. <\/p>\n<h3 class=\"text-align-left vertical-align-top line-height-100 header headline-class-h3 headline\" id=\"los-otros-inmuebles-vendidos\">Los otros inmuebles vendidos<\/h3>\n<p class=\"paragraph\">Otros <b>7 inmuebles del Estado subastados en 2025 y 2026 no fueron incluidos en la respuesta de Adorni<\/b>, pese a que la pregunta se refer\u00eda a ese a\u00f1o y lo que va del actual. Cuatro se adjudicaron el a\u00f1o pasado y 5 en el primer trimestre del 2026,<\/p>\n<p class=\"paragraph\">Entre ellos est\u00e1 el m\u00e1s caro de los 15 ya vendidos por la AABE. Se trata de un predio del Ej\u00e9rcito Argentino ubicado en <b>Av Cervi\u00f1o 4.820<\/b>, <b>esquina Bullrich<\/b>, frente a la<b> Mezquita de Palermo<\/b>, en el barrio porte\u00f1o de Palermo.<\/p>\n<div class=\"visual__image\"><picture><source srcset=\"https:\/\/www.infobae.com\/resizer\/v2\/3JSG7VEXSJBK5IC2MBGRX5FX54.jpg?auth=06d83bfe77103705f46ae180eb50c6a8f15a0a8837cbc496cd8b0a6cf1a40efc&amp;smart=true&amp;width=992&amp;height=459&amp;quality=85\" media=\"(min-width: 1000px)\"><\/source><source srcset=\"https:\/\/www.infobae.com\/resizer\/v2\/3JSG7VEXSJBK5IC2MBGRX5FX54.jpg?auth=06d83bfe77103705f46ae180eb50c6a8f15a0a8837cbc496cd8b0a6cf1a40efc&amp;smart=true&amp;width=768&amp;height=355&amp;quality=85\" media=\"(min-width: 768px)\"><\/source><source srcset=\"https:\/\/www.infobae.com\/resizer\/v2\/3JSG7VEXSJBK5IC2MBGRX5FX54.jpg?auth=06d83bfe77103705f46ae180eb50c6a8f15a0a8837cbc496cd8b0a6cf1a40efc&amp;smart=true&amp;width=577&amp;height=267&amp;quality=85\" media=\"(min-width: 580px)\"><\/source><source srcset=\"https:\/\/www.infobae.com\/resizer\/v2\/3JSG7VEXSJBK5IC2MBGRX5FX54.jpg?auth=06d83bfe77103705f46ae180eb50c6a8f15a0a8837cbc496cd8b0a6cf1a40efc&amp;smart=true&amp;width=420&amp;height=194&amp;quality=85\" media=\"(min-width: 350px)\"><\/source><source srcset=\"https:\/\/www.infobae.com\/resizer\/v2\/3JSG7VEXSJBK5IC2MBGRX5FX54.jpg?auth=06d83bfe77103705f46ae180eb50c6a8f15a0a8837cbc496cd8b0a6cf1a40efc&amp;smart=true&amp;width=350&amp;height=162&amp;quality=85\" media=\"(min-width: 80px)\"><\/source><img alt=\"Bienes AABE\" class=\"global-image\" decoding=\"async\" fetchpriority=\"low\" height=\"888\" loading=\"lazy\" src=\"https:\/\/www.infobae.com\/resizer\/v2\/3JSG7VEXSJBK5IC2MBGRX5FX54.jpg?auth=06d83bfe77103705f46ae180eb50c6a8f15a0a8837cbc496cd8b0a6cf1a40efc&amp;smart=true&amp;width=350&amp;height=162&amp;quality=85\" width=\"1920\"><\/picture><\/div>\n<p class=\"paragraph\">Qued\u00f3 tambi\u00e9n en manos de <b>Consultatio SA<\/b>, que ofreci\u00f3 <b>USD 127 millones<\/b>, el monto m\u00e1s alto, y result\u00f3 adjudicado el 6 de enero pasado. La cifra represent\u00f3 un 55% m\u00e1s que el precio base (USD 81,8 millones), lo que fue un r\u00e9cord en subastas de bienes p\u00fablicos para desarrollos inmobiliarios a gran escala.<\/p>\n<p class=\"paragraph\">La propiedad tiene casi <b>42.000 m2<\/b> estrat\u00e9gicamente ubicados, y su predio funciona el centro comercial <b>Portal Palermo,<\/b> que alberga al hipermercado <b>Jumbo<\/b>, la tienda <b>Easy<\/b> y un shopping con decenas de locales comerciales, que es explotado actualmente por <b>Cencosud<\/b>. Este grupo chileno ten\u00eda diez meses para dejar el predio una vez que se concretara la transferencia, pero las compa\u00f1\u00edas informaron que llegaron a un acuerdo para que haya un Jumbo en el proyecto inmobiliario de Consultatio.<\/p>\n<p class=\"paragraph\">En el cotizado barrio del <b>Bajo Belgrano<\/b>, la AABE remat\u00f3 una manzana entera delimitada por las calles <b>Echeverr\u00eda, Cazadores, Juramento y Artilleros<\/b>, que tiene una superficie de <b>12.518 m2<\/b>. El inmueble era <b>propiedad de la Polic\u00eda Federal <\/b>y all\u00ed funcionaba una repartici\u00f3n de la <b>Superintendencia de Investigaciones<\/b>, gracias a un permiso de uso precario otorgado por el Gobierno nacional al Gobierno porte\u00f1o el 9 de diciembre de 2019. Pero fue revocado en 2021 en la gesti\u00f3n de <b>Alberto Fern\u00e1ndez<\/b>. El play\u00f3n interno se utilizaba para el guardado de veh\u00edculos de la Polic\u00eda y cami\u00f3n de bomberos. <\/p>\n<div class=\"visual__image\"><picture><source srcset=\"https:\/\/www.infobae.com\/resizer\/v2\/LCQFC2REK5AWTJFWUISPJGPI6A.jpg?auth=79222f4315f9792bb2278e5b5f3127f16a676fe5d779b21877ad6168c82afba4&amp;smart=true&amp;width=992&amp;height=558&amp;quality=85\" media=\"(min-width: 1000px)\"><\/source><source srcset=\"https:\/\/www.infobae.com\/resizer\/v2\/LCQFC2REK5AWTJFWUISPJGPI6A.jpg?auth=79222f4315f9792bb2278e5b5f3127f16a676fe5d779b21877ad6168c82afba4&amp;smart=true&amp;width=768&amp;height=432&amp;quality=85\" media=\"(min-width: 768px)\"><\/source><source srcset=\"https:\/\/www.infobae.com\/resizer\/v2\/LCQFC2REK5AWTJFWUISPJGPI6A.jpg?auth=79222f4315f9792bb2278e5b5f3127f16a676fe5d779b21877ad6168c82afba4&amp;smart=true&amp;width=577&amp;height=325&amp;quality=85\" media=\"(min-width: 580px)\"><\/source><source srcset=\"https:\/\/www.infobae.com\/resizer\/v2\/LCQFC2REK5AWTJFWUISPJGPI6A.jpg?auth=79222f4315f9792bb2278e5b5f3127f16a676fe5d779b21877ad6168c82afba4&amp;smart=true&amp;width=420&amp;height=236&amp;quality=85\" media=\"(min-width: 350px)\"><\/source><source srcset=\"https:\/\/www.infobae.com\/resizer\/v2\/LCQFC2REK5AWTJFWUISPJGPI6A.jpg?auth=79222f4315f9792bb2278e5b5f3127f16a676fe5d779b21877ad6168c82afba4&amp;smart=true&amp;width=350&amp;height=197&amp;quality=85\" media=\"(min-width: 80px)\"><\/source><img alt=\"terreno policia\" class=\"global-image\" decoding=\"async\" fetchpriority=\"low\" height=\"1080\" loading=\"lazy\" src=\"https:\/\/www.infobae.com\/resizer\/v2\/LCQFC2REK5AWTJFWUISPJGPI6A.jpg?auth=79222f4315f9792bb2278e5b5f3127f16a676fe5d779b21877ad6168c82afba4&amp;smart=true&amp;width=350&amp;height=197&amp;quality=85\" width=\"1920\"><\/picture><\/div>\n<p class=\"paragraph\">Sali\u00f3 a la venta con un precio base de <b>USD 21.369.863 <\/b>y fue adjudicado a <b>Argencors SA<\/b> el 29 de enero pasado por m\u00e1s de doble:<b> USD 46.568.000<\/b>. Se trata de la desarrolladora fundada por <b>Miguel Camps <\/b>y<b> <\/b>due\u00f1a de la marca <b>Quartier<\/b>, que construir\u00e1 un edificio residencial de alta gama. Ser\u00e1 el primer proyecto que desarrolle Argencons con Consultatio, luego de que Costantini adquiriera el 51% de la compa\u00f1\u00eda a mediados de 2025. <\/p>\n<p class=\"paragraph\">En el barrio de <b>Retiro<\/b>, la AABE rematar\u00e1 otro predio de <b>15.720 m2<\/b> en una zona neur\u00e1lgica, sobre la <b>Av. Ant\u00e1rtida Argentina al 1160<\/b>, esquina Gendarmer\u00eda Nacional y esquina Carlos Perette. Ubicado en una zona neur\u00e1lgica, est\u00e1 muy pr\u00f3ximo a la terminal de \u00f3mnibus y de cruceros.<\/p>\n<div class=\"visual__image\"><picture><source srcset=\"https:\/\/www.infobae.com\/resizer\/v2\/LT6DJE7NE5H57P3JHSRPUVDQ6Q.jpg?auth=3055ebcc51b3beafddbf21eb41da1ddcdc8877b81138c2828f68d3d4d3d1b700&amp;smart=true&amp;width=992&amp;height=556&amp;quality=85\" media=\"(min-width: 1000px)\"><\/source><source srcset=\"https:\/\/www.infobae.com\/resizer\/v2\/LT6DJE7NE5H57P3JHSRPUVDQ6Q.jpg?auth=3055ebcc51b3beafddbf21eb41da1ddcdc8877b81138c2828f68d3d4d3d1b700&amp;smart=true&amp;width=768&amp;height=431&amp;quality=85\" media=\"(min-width: 768px)\"><\/source><source srcset=\"https:\/\/www.infobae.com\/resizer\/v2\/LT6DJE7NE5H57P3JHSRPUVDQ6Q.jpg?auth=3055ebcc51b3beafddbf21eb41da1ddcdc8877b81138c2828f68d3d4d3d1b700&amp;smart=true&amp;width=577&amp;height=324&amp;quality=85\" media=\"(min-width: 580px)\"><\/source><source srcset=\"https:\/\/www.infobae.com\/resizer\/v2\/LT6DJE7NE5H57P3JHSRPUVDQ6Q.jpg?auth=3055ebcc51b3beafddbf21eb41da1ddcdc8877b81138c2828f68d3d4d3d1b700&amp;smart=true&amp;width=420&amp;height=236&amp;quality=85\" media=\"(min-width: 350px)\"><\/source><source srcset=\"https:\/\/www.infobae.com\/resizer\/v2\/LT6DJE7NE5H57P3JHSRPUVDQ6Q.jpg?auth=3055ebcc51b3beafddbf21eb41da1ddcdc8877b81138c2828f68d3d4d3d1b700&amp;smart=true&amp;width=350&amp;height=196&amp;quality=85\" media=\"(min-width: 80px)\"><\/source><img alt=\"COTO - Retiro _AABE\" class=\"global-image\" decoding=\"async\" fetchpriority=\"low\" height=\"711\" loading=\"lazy\" src=\"https:\/\/www.infobae.com\/resizer\/v2\/LT6DJE7NE5H57P3JHSRPUVDQ6Q.jpg?auth=3055ebcc51b3beafddbf21eb41da1ddcdc8877b81138c2828f68d3d4d3d1b700&amp;smart=true&amp;width=350&amp;height=196&amp;quality=85\" width=\"1268\"><\/picture><\/div>\n<p class=\"paragraph\">Actualmente funciona un hipermercado COTO, y permanecer\u00e1 en manos de ese grupo empresario, ya que lo compr\u00f3 <b>Gepal SA<\/b>, una empresa vinculada. Fue adjudicado el 2 de enero de este a\u00f1o y la cadena de supermercados nacionales pag\u00f3 el precio en el que sali\u00f3 a subasta, <b>USD 11.907.591.<\/b><\/p>\n<p class=\"paragraph\">Tambi\u00e9n en Retiro, pero en la zona de Plaza San Mart\u00edn, a finales del a\u00f1o pasado se vendi\u00f3 otro predio de casi 2.090 m2 en la zona de <b>Plaza San Mart\u00edn <\/b>que cuenta con varias propiedades, donde funcionan estacionamientos y dep\u00f3sitos. Ubicado en calle <b>Juncal 724,<\/b> entre Basavilbaso y Esmeralda,<b> <\/b>en el barrio de <b>Retiro<\/b>, a metros de la estaci\u00f3n de trenes, en una zona estrat\u00e9gica de la Capital. <\/p>\n<div class=\"visual__image\"><picture><source srcset=\"https:\/\/www.infobae.com\/resizer\/v2\/MSIW7FSBKRBEZLAVGNT2EDHVVE.png?auth=aa9fc617d6bb4c0a692fe723f4faa05878b8b5a6b9acbe2f07b2c6aa80638beb&amp;smart=true&amp;width=992&amp;height=459&amp;quality=85\" media=\"(min-width: 1000px)\"><\/source><source srcset=\"https:\/\/www.infobae.com\/resizer\/v2\/MSIW7FSBKRBEZLAVGNT2EDHVVE.png?auth=aa9fc617d6bb4c0a692fe723f4faa05878b8b5a6b9acbe2f07b2c6aa80638beb&amp;smart=true&amp;width=768&amp;height=355&amp;quality=85\" media=\"(min-width: 768px)\"><\/source><source srcset=\"https:\/\/www.infobae.com\/resizer\/v2\/MSIW7FSBKRBEZLAVGNT2EDHVVE.png?auth=aa9fc617d6bb4c0a692fe723f4faa05878b8b5a6b9acbe2f07b2c6aa80638beb&amp;smart=true&amp;width=577&amp;height=267&amp;quality=85\" media=\"(min-width: 580px)\"><\/source><source srcset=\"https:\/\/www.infobae.com\/resizer\/v2\/MSIW7FSBKRBEZLAVGNT2EDHVVE.png?auth=aa9fc617d6bb4c0a692fe723f4faa05878b8b5a6b9acbe2f07b2c6aa80638beb&amp;smart=true&amp;width=420&amp;height=194&amp;quality=85\" media=\"(min-width: 350px)\"><\/source><source srcset=\"https:\/\/www.infobae.com\/resizer\/v2\/MSIW7FSBKRBEZLAVGNT2EDHVVE.png?auth=aa9fc617d6bb4c0a692fe723f4faa05878b8b5a6b9acbe2f07b2c6aa80638beb&amp;smart=true&amp;width=350&amp;height=162&amp;quality=85\" media=\"(min-width: 80px)\"><\/source><img alt=\"Juncal 724, CABA ( AABE)\" class=\"global-image\" decoding=\"async\" fetchpriority=\"low\" height=\"754\" loading=\"lazy\" src=\"https:\/\/www.infobae.com\/resizer\/v2\/MSIW7FSBKRBEZLAVGNT2EDHVVE.png?auth=aa9fc617d6bb4c0a692fe723f4faa05878b8b5a6b9acbe2f07b2c6aa80638beb&amp;smart=true&amp;width=350&amp;height=162&amp;quality=85\" width=\"1630\"><\/picture><\/div>\n<p class=\"paragraph\">Qued\u00f3 en manos de la <b>Corporaci\u00f3n Andina de Fomento (CAF) <\/b>por <b>USD 8,8 millones, <\/b>el mismo valor que el precio base con el que sali\u00f3 a subasta. El precio fue inferior al que hab\u00eda sido publicado inicialmente, USD 13 millones, en mayo de 2025.<\/p>\n<p class=\"paragraph\">En el barrio de <b>Palermo<\/b> fue vendido otro terreno &#8211; en este caso, bald\u00edo &#8211; en <b>Fray Justo Santa Mar\u00eda de Oro 2245\/2251<\/b>, entre Paraguay y Charcas, de <b>1.038 m2<\/b>. A una cuadra del corredor paralelo a las v\u00edas del Ferrocarril San Mart\u00edn que da hacia la calle Godoy Cruz, est\u00e1 ubicado en una de las zonas m\u00e1s atractivas y con locales gastron\u00f3micos de este barrio. Sali\u00f3 a la venta en casi USD 3 millones, y qued\u00f3 en manos de la desarrolladora inmobiliaria <b>Ciudad G3 SA<\/b> en noviembre pasado, que ofert\u00f3 <b>USD 5 millones.<\/b><\/p>\n<div class=\"visual__image\"><picture><source srcset=\"https:\/\/www.infobae.com\/resizer\/v2\/VPNBLDQ7RVGNZGYR5G46I46DAM.png?auth=38a8a8cb720e5de94b31052c8b18e7530d7dc663d59d719fc29c03e1e5240c47&amp;smart=true&amp;width=992&amp;height=419&amp;quality=85\" media=\"(min-width: 1000px)\"><\/source><source srcset=\"https:\/\/www.infobae.com\/resizer\/v2\/VPNBLDQ7RVGNZGYR5G46I46DAM.png?auth=38a8a8cb720e5de94b31052c8b18e7530d7dc663d59d719fc29c03e1e5240c47&amp;smart=true&amp;width=768&amp;height=324&amp;quality=85\" media=\"(min-width: 768px)\"><\/source><source srcset=\"https:\/\/www.infobae.com\/resizer\/v2\/VPNBLDQ7RVGNZGYR5G46I46DAM.png?auth=38a8a8cb720e5de94b31052c8b18e7530d7dc663d59d719fc29c03e1e5240c47&amp;smart=true&amp;width=577&amp;height=244&amp;quality=85\" media=\"(min-width: 580px)\"><\/source><source srcset=\"https:\/\/www.infobae.com\/resizer\/v2\/VPNBLDQ7RVGNZGYR5G46I46DAM.png?auth=38a8a8cb720e5de94b31052c8b18e7530d7dc663d59d719fc29c03e1e5240c47&amp;smart=true&amp;width=420&amp;height=177&amp;quality=85\" media=\"(min-width: 350px)\"><\/source><source srcset=\"https:\/\/www.infobae.com\/resizer\/v2\/VPNBLDQ7RVGNZGYR5G46I46DAM.png?auth=38a8a8cb720e5de94b31052c8b18e7530d7dc663d59d719fc29c03e1e5240c47&amp;smart=true&amp;width=350&amp;height=148&amp;quality=85\" media=\"(min-width: 80px)\"><\/source><img alt=\"Fray Justo Santa Mar\u00eda de Oro 2245 - AABE\" class=\"global-image\" decoding=\"async\" fetchpriority=\"low\" height=\"1240\" loading=\"lazy\" src=\"https:\/\/www.infobae.com\/resizer\/v2\/VPNBLDQ7RVGNZGYR5G46I46DAM.png?auth=38a8a8cb720e5de94b31052c8b18e7530d7dc663d59d719fc29c03e1e5240c47&amp;smart=true&amp;width=350&amp;height=148&amp;quality=85\" width=\"2936\"><\/picture><\/div>\n<p class=\"paragraph\">En diciembre de 2025 fue adjudicado el inmueble de <b>Av. Rivadavia N\u00b0 1665<\/b>, entre Rodriguez Pe\u00f1a y Montevideo, en <b>Congreso<\/b>, con un total de 1.818 m2. Pas\u00f3 a manos de <b>Inversora Mataldi SA<\/b>, que es parte del <b>Grupo IEB<\/b>, dedicado a las inversiones financieras y cuyo due\u00f1o es<b> Juan Ignacio Abuchdid, <\/b>por <b>USD $3,3 millones<\/b>, el mismo valor que el precio base con el que sali\u00f3 a subasta.<\/p>\n<div class=\"visual__image\"><picture><source srcset=\"https:\/\/www.infobae.com\/resizer\/v2\/2KXV4SXXAVAH7PYPJV527AALSE.png?auth=ceae28499c7b553ea1795e9add7bdaeaafc417e5efe12b42444c7e457338c050&amp;smart=true&amp;width=992&amp;height=558&amp;quality=85\" media=\"(min-width: 1000px)\"><\/source><source srcset=\"https:\/\/www.infobae.com\/resizer\/v2\/2KXV4SXXAVAH7PYPJV527AALSE.png?auth=ceae28499c7b553ea1795e9add7bdaeaafc417e5efe12b42444c7e457338c050&amp;smart=true&amp;width=768&amp;height=432&amp;quality=85\" media=\"(min-width: 768px)\"><\/source><source srcset=\"https:\/\/www.infobae.com\/resizer\/v2\/2KXV4SXXAVAH7PYPJV527AALSE.png?auth=ceae28499c7b553ea1795e9add7bdaeaafc417e5efe12b42444c7e457338c050&amp;smart=true&amp;width=577&amp;height=324&amp;quality=85\" media=\"(min-width: 580px)\"><\/source><source srcset=\"https:\/\/www.infobae.com\/resizer\/v2\/2KXV4SXXAVAH7PYPJV527AALSE.png?auth=ceae28499c7b553ea1795e9add7bdaeaafc417e5efe12b42444c7e457338c050&amp;smart=true&amp;width=420&amp;height=236&amp;quality=85\" media=\"(min-width: 350px)\"><\/source><source srcset=\"https:\/\/www.infobae.com\/resizer\/v2\/2KXV4SXXAVAH7PYPJV527AALSE.png?auth=ceae28499c7b553ea1795e9add7bdaeaafc417e5efe12b42444c7e457338c050&amp;smart=true&amp;width=350&amp;height=197&amp;quality=85\" media=\"(min-width: 80px)\"><\/source><img alt=\"Rivadavia N\u00b0 1665, CABA (AABE)\" class=\"global-image\" decoding=\"async\" fetchpriority=\"low\" height=\"958\" loading=\"lazy\" src=\"https:\/\/www.infobae.com\/resizer\/v2\/2KXV4SXXAVAH7PYPJV527AALSE.png?auth=ceae28499c7b553ea1795e9add7bdaeaafc417e5efe12b42444c7e457338c050&amp;smart=true&amp;width=350&amp;height=197&amp;quality=85\" width=\"1704\"><\/picture><\/div>\n<p class=\"paragraph\">Esta misma sociedad se hab\u00eda quedado en octubre de 2024 con la mansi\u00f3n de <b>Av. Meli\u00e1n N\u00ba 2157<\/b> entre Mendoza y Juramento, en la zona residencial de <b>Belgrano R<\/b>. Con plantas, ascensor, piscina y jard\u00edn, perteneci\u00f3 a<b> Carlos Salvatore<\/b>, un capo narco condenado a 21 a\u00f1os de c\u00e1rcel por contrabando de una tonelada de coca\u00edna a Portugal y Espa\u00f1a en la causa conocida como <b>Carb\u00f3n Blanco<\/b>, fallecido en 2019. <\/p>\n<div class=\"visual__image\"><picture><source srcset=\"https:\/\/www.infobae.com\/resizer\/v2\/YE52OOOMLBCB7MEFRJN2ZWN3WM.png?auth=ff64b04cb82b0e4aec3154db2424e2eae12cfed568d7dea65ceaca65d36c71ef&amp;smart=true&amp;width=992&amp;height=671&amp;quality=85\" media=\"(min-width: 1000px)\"><\/source><source srcset=\"https:\/\/www.infobae.com\/resizer\/v2\/YE52OOOMLBCB7MEFRJN2ZWN3WM.png?auth=ff64b04cb82b0e4aec3154db2424e2eae12cfed568d7dea65ceaca65d36c71ef&amp;smart=true&amp;width=768&amp;height=519&amp;quality=85\" media=\"(min-width: 768px)\"><\/source><source srcset=\"https:\/\/www.infobae.com\/resizer\/v2\/YE52OOOMLBCB7MEFRJN2ZWN3WM.png?auth=ff64b04cb82b0e4aec3154db2424e2eae12cfed568d7dea65ceaca65d36c71ef&amp;smart=true&amp;width=577&amp;height=390&amp;quality=85\" media=\"(min-width: 580px)\"><\/source><source srcset=\"https:\/\/www.infobae.com\/resizer\/v2\/YE52OOOMLBCB7MEFRJN2ZWN3WM.png?auth=ff64b04cb82b0e4aec3154db2424e2eae12cfed568d7dea65ceaca65d36c71ef&amp;smart=true&amp;width=420&amp;height=284&amp;quality=85\" media=\"(min-width: 350px)\"><\/source><source srcset=\"https:\/\/www.infobae.com\/resizer\/v2\/YE52OOOMLBCB7MEFRJN2ZWN3WM.png?auth=ff64b04cb82b0e4aec3154db2424e2eae12cfed568d7dea65ceaca65d36c71ef&amp;smart=true&amp;width=350&amp;height=237&amp;quality=85\" media=\"(min-width: 80px)\"><\/source><img alt=\"La mansi\u00f3n de la calle Meli\u00e1n perteneci\u00f3 a Carlos Salvatore (AABE) \" class=\"global-image\" decoding=\"async\" fetchpriority=\"low\" height=\"990\" loading=\"lazy\" src=\"https:\/\/www.infobae.com\/resizer\/v2\/YE52OOOMLBCB7MEFRJN2ZWN3WM.png?auth=ff64b04cb82b0e4aec3154db2424e2eae12cfed568d7dea65ceaca65d36c71ef&amp;smart=true&amp;width=350&amp;height=237&amp;quality=85\" width=\"1464\"><\/picture><\/div>\n<p class=\"paragraph\">Si bien el inmueble, en su momento, fue valuado en<b> <\/b>USD 2,3 millones, sali\u00f3 a subasta con un precio de base de USD 690.000. La firma<b> Inversora Mataldi SA <\/b>pag\u00f3 poco m\u00e1s de <b>USD 1 mill\u00f3n<\/b>. <\/p>\n<p class=\"paragraph\">Producto del dinero de la corrupci\u00f3n, a finales de febrero de este fue vendida otra lujosa residencia que perteneci\u00f3 al ex secretario de los Kirchner, Mu\u00f1oz, ubicada en <b>Av. Salvador Mar\u00eda del Carril 3744<\/b>, en el barrio porte\u00f1o de <b>Villa Devoto.<\/b><\/p>\n<div class=\"visual__image\"><picture><source srcset=\"https:\/\/www.infobae.com\/resizer\/v2\/SBU53IFEW5CZBFMQQFQCS6G42I.png?auth=71626fa7f46cdeef93cc2f396d5fd049d4d3cfc63d7938382126f634ff8f545a&amp;smart=true&amp;width=992&amp;height=457&amp;quality=85\" media=\"(min-width: 1000px)\"><\/source><source srcset=\"https:\/\/www.infobae.com\/resizer\/v2\/SBU53IFEW5CZBFMQQFQCS6G42I.png?auth=71626fa7f46cdeef93cc2f396d5fd049d4d3cfc63d7938382126f634ff8f545a&amp;smart=true&amp;width=768&amp;height=354&amp;quality=85\" media=\"(min-width: 768px)\"><\/source><source srcset=\"https:\/\/www.infobae.com\/resizer\/v2\/SBU53IFEW5CZBFMQQFQCS6G42I.png?auth=71626fa7f46cdeef93cc2f396d5fd049d4d3cfc63d7938382126f634ff8f545a&amp;smart=true&amp;width=577&amp;height=266&amp;quality=85\" media=\"(min-width: 580px)\"><\/source><source srcset=\"https:\/\/www.infobae.com\/resizer\/v2\/SBU53IFEW5CZBFMQQFQCS6G42I.png?auth=71626fa7f46cdeef93cc2f396d5fd049d4d3cfc63d7938382126f634ff8f545a&amp;smart=true&amp;width=420&amp;height=193&amp;quality=85\" media=\"(min-width: 350px)\"><\/source><source srcset=\"https:\/\/www.infobae.com\/resizer\/v2\/SBU53IFEW5CZBFMQQFQCS6G42I.png?auth=71626fa7f46cdeef93cc2f396d5fd049d4d3cfc63d7938382126f634ff8f545a&amp;smart=true&amp;width=350&amp;height=161&amp;quality=85\" media=\"(min-width: 80px)\"><\/source><img alt=\"Inmuebles decomisados AABE\" class=\"global-image\" decoding=\"async\" fetchpriority=\"low\" height=\"754\" loading=\"lazy\" src=\"https:\/\/www.infobae.com\/resizer\/v2\/SBU53IFEW5CZBFMQQFQCS6G42I.png?auth=71626fa7f46cdeef93cc2f396d5fd049d4d3cfc63d7938382126f634ff8f545a&amp;smart=true&amp;width=350&amp;height=161&amp;quality=85\" width=\"1638\"><\/picture><\/div>\n<p class=\"paragraph\">Esta propiedad, utilizada para blanquear dinero mediante alquileres, cuenta con cuatro plantas, gimnasio, sauna, quincho y cocheras. Hab\u00eda salido a subasta, originalmente, a principios de 2021 en <b>USD 926.263<\/b>, pero no hubo ofertantes. Finalmente, su precio base se baj\u00f3 a USD 673.454, que fue el que pag\u00f3 el adjudicatario, <b>Giuliano Woloszanowski<\/b>, cuya familia es due\u00f1a de la empresa <b>Frigor\u00edfico 103<\/b>.<\/p>\n<p class=\"paragraph\">Otro inmueble en poder del Estado vendido en lo que va de la gesti\u00f3n de Milei est\u00e1 en la <b>Ciudad de Mendoza<\/b>, en la calle <b>Necochea N\u00ba 230<\/b>, en pleno microcentro. Tiene <b>1.172 m2<\/b> y cuenta con autorizaci\u00f3n para construir hasta 48 metros de altura, lo que habilitar\u00eda un edificio de unos 16 pisos.<\/p>\n<p class=\"paragraph\">Tras a\u00f1os de abandono e intentos fallidos de proyectos oficiales, fue adjudicado en mayo del a\u00f1o pasado al contador <b>Luis Facundo Alba<\/b>, quien pag\u00f3 <b>USD 466.500<\/b>, apenas por encima del precio base.<\/p>\n<p class=\"paragraph\">Ubicado a metros de la Plaza San Mart\u00edn mendocina, el edificio hab\u00eda comenzado a construirse en los a\u00f1os \u201880 como futura sede de la <b>Caja Nacional de Ahorro y Seguros<\/b>, pero qued\u00f3 inconcluso tras la privatizaci\u00f3n del organismo en 1994. Desde entonces,<b> <\/b>conocido como<b> edificio \u201cBuci\u201d<\/b>,<b> <\/b>se convirti\u00f3 en un s\u00edmbolo de deterioro urbano.<\/p>\n<p class=\"paragraph\">Finalmente, la AABE remat\u00f3, tambi\u00e9n, una oficina en <b>Florida 524<\/b>, <b>casi esquina Lavalle 605<\/b>, en el microcentro porte\u00f1o, de 30 m2. Fue comprada por una empleada de la ANSeS, <b>Mar\u00eda de la Paz Garc\u00eda Mussi<\/b>, en<b> USD 35.670<\/b>, apenas USD 600 m\u00e1s que el precio en que hab\u00eda salido a subasta.<\/p>\n<div id=\"fusion-static-enter:raw_html_raw_html64\" style=\"display:none\" data-fusion-component=\"raw_html_raw_html64\"><\/div>\n<div class=\"rawHTML raw_html \">\n<div class=\"flourish-embed flourish-table\" data-src=\"https:\/\/www.infobae.com\/politica\/2026\/05\/03\/en-la-gestion-de-milei-ya-se-vendieron-15-inmuebles-del-estado-por-usd-279-millones\/visualisation\/28775394\"><script src=\"https:\/\/public.flourish.studio\/resources\/embed.js\"><\/script><img decoding=\"async\" src=\"https:\/\/public.flourish.studio\/visualisation\/28775394\/thumbnail\" width=\"100%\" alt=\"table visualization\"><\/div>\n<\/div>\n<div id=\"fusion-static-exit:raw_html_raw_html64\" style=\"display:none\" data-fusion-component=\"raw_html_raw_html64\"><\/div>\n<p class=\"paragraph\"><i>Visualizaciones: Daniela Czibener<\/i><\/p>\n","protected":false},"excerpt":{"rendered":"<p>En los dos a\u00f1os y cuatro meses que Javier Milei lleva en la Casa Rosada, la gesti\u00f3n libertaria se desprendi\u00f3 de 15 inmuebles del Estado a cambio de casi USD 279 millones. En total, sumaron 84.900 m2 que dejaron de estar bajo dominio p\u00fablico. La cifra se enmarca en una pol\u00edtica del Gobierno de achicar [&hellip;]<\/p>\n","protected":false},"author":1,"featured_media":8808,"comment_status":"open","ping_status":"open","sticky":false,"template":"","format":"standard","meta":{"footnotes":""},"categories":[1],"tags":[],"class_list":["post-8807","post","type-post","status-publish","format-standard","has-post-thumbnail","hentry","category-uncategorized"],"_links":{"self":[{"href":"https:\/\/cliente1.publisher.highstack.com.ar\/index.php?rest_route=\/wp\/v2\/posts\/8807","targetHints":{"allow":["GET"]}}],"collection":[{"href":"https:\/\/cliente1.publisher.highstack.com.ar\/index.php?rest_route=\/wp\/v2\/posts"}],"about":[{"href":"https:\/\/cliente1.publisher.highstack.com.ar\/index.php?rest_route=\/wp\/v2\/types\/post"}],"author":[{"embeddable":true,"href":"https:\/\/cliente1.publisher.highstack.com.ar\/index.php?rest_route=\/wp\/v2\/users\/1"}],"replies":[{"embeddable":true,"href":"https:\/\/cliente1.publisher.highstack.com.ar\/index.php?rest_route=%2Fwp%2Fv2%2Fcomments&post=8807"}],"version-history":[{"count":0,"href":"https:\/\/cliente1.publisher.highstack.com.ar\/index.php?rest_route=\/wp\/v2\/posts\/8807\/revisions"}],"wp:featuredmedia":[{"embeddable":true,"href":"https:\/\/cliente1.publisher.highstack.com.ar\/index.php?rest_route=\/wp\/v2\/media\/8808"}],"wp:attachment":[{"href":"https:\/\/cliente1.publisher.highstack.com.ar\/index.php?rest_route=%2Fwp%2Fv2%2Fmedia&parent=8807"}],"wp:term":[{"taxonomy":"category","embeddable":true,"href":"https:\/\/cliente1.publisher.highstack.com.ar\/index.php?rest_route=%2Fwp%2Fv2%2Fcategories&post=8807"},{"taxonomy":"post_tag","embeddable":true,"href":"https:\/\/cliente1.publisher.highstack.com.ar\/index.php?rest_route=%2Fwp%2Fv2%2Ftags&post=8807"}],"curies":[{"name":"wp","href":"https:\/\/api.w.org\/{rel}","templated":true}]}}