{"id":8805,"date":"2026-05-03T03:28:03","date_gmt":"2026-05-03T06:28:03","guid":{"rendered":"https:\/\/cliente1.publisher.highstack.com.ar\/?p=8805"},"modified":"2026-05-03T03:28:03","modified_gmt":"2026-05-03T06:28:03","slug":"siembran-en-el-mar-y-con-un-producto-aspiran-a-revolucionar-la-produccion-agricola","status":"publish","type":"post","link":"https:\/\/cliente1.publisher.highstack.com.ar\/?p=8805","title":{"rendered":"Siembran en el mar y con un producto aspiran a revolucionar la producci\u00f3n agr\u00edcola"},"content":{"rendered":"<div class=\"col-12\">\n<p class=\"com-paragraph  --capital --s\">EL CALAFATE, Santa Cruz.- <strong>Siembran en agua salada. Hablan de hect\u00e1reas, pero no es tierra.<\/strong> <strong>Cultivan<\/strong> y se entusiasman en <strong>escalar<\/strong> el producto que ya tuvo su primera cosecha. Se trata de una prueba piloto de cultivo de macroalgas que <strong>apuntan <\/strong>a transformarlas en <strong>bioinsumos<\/strong> para el agro y explorar as\u00ed una nueva cadena productiva.<\/p>\n<div class=\"ln-banner-container --caja1_mob\">\n<div id=\"caja1_mob\" class=\"ln-banner\" data-slot-group=\"nota\" data-device=\"mobile\" data-subscription=\"false\" data-ad-unit-path=\"\/133919216\/campo_mobile\/Nota\/caja1_mob\" data-targeting='{\"sitio\":\"lanacion\",\"seccion\":\"nota\"}' data-without-hide=\"true\" data-size=\"[[320,100],[300,250],[1,1],[300,450],[320,450]]\" data-sizemap=\"[]\" data-prebid-enabled=\"true\"><\/div>\n<\/div>\n<div id=\"fusion-static-enter:scriptJwVideoNote\" style=\"display:none\" data-fusion-component=\"scriptJwVideoNote\"><\/div>\n<p><script defer src=\"https:\/\/www.lanacion.com.ar\/pf\/resources\/js\/LN\/scriptJwVideoNote.min.js?d=2000\"><\/script><\/p>\n<div id=\"fusion-static-exit:scriptJwVideoNote\" style=\"display:none\" data-fusion-component=\"scriptJwVideoNote\"><\/div>\n<div id=\"fusion-static-enter:UmwGtc8n\" style=\"display:none\" data-fusion-component=\"UmwGtc8n\"><\/div>\n<div class=\"content-media cursor-pointer container-center-100\">\n<section class=\"media-container relative ratio-16-9 mod-media pb-32\">\n<figure class=\"mod-video\">\n<div class=\"video-player bg-black ratio-16-9\" data-has-jwplayer=\"true\" data-video-id-jw=\"UmwGtc8n\" data-config='{\"title\":\"Macroalgas en San Juli\u00e1n - Fundaci\u00f3n Por el Mar\",\"mediaId\":\"UmwGtc8n\",\"playerId\":\"ih0086X3\",\"playlist\":[{\"mediaid\":\"UmwGtc8n\",\"sources\":[{\"file\":\"https:\/\/cdn.jwplayer.com\/manifests\/UmwGtc8n.m3u8\",\"type\":\"application\/vnd.apple.mpegurl\"},{\"bitrate\":439910,\"file\":\"https:\/\/cdn.jwplayer.com\/videos\/UmwGtc8n-kTExGaWf.mp4\",\"filesize\":9952984,\"framerate\":25,\"height\":180,\"label\":\"180p\",\"type\":\"video\/mp4\",\"width\":320},{\"bitrate\":646056,\"file\":\"https:\/\/cdn.jwplayer.com\/videos\/UmwGtc8n-K8B0kybS.mp4\",\"filesize\":14617024,\"framerate\":25,\"height\":270,\"label\":\"270p\",\"type\":\"video\/mp4\",\"width\":480},{\"bitrate\":2014844,\"file\":\"https:\/\/cdn.jwplayer.com\/videos\/UmwGtc8n-46NIuRKO.mp4\",\"filesize\":45585849,\"framerate\":25,\"height\":720,\"label\":\"720p\",\"type\":\"video\/mp4\",\"width\":1280},{\"bitrate\":113561,\"file\":\"https:\/\/cdn.jwplayer.com\/videos\/UmwGtc8n-hz5z2Tv4.m4a\",\"filesize\":2569325,\"label\":\"AAC Audio\",\"type\":\"audio\/mp4\"},{\"bitrate\":4169552,\"file\":\"https:\/\/cdn.jwplayer.com\/videos\/UmwGtc8n-SomplJdm.mp4\",\"filesize\":94336128,\"framerate\":25,\"height\":1080,\"label\":\"1080p\",\"type\":\"video\/mp4\",\"width\":1920},{\"bitrate\":754586,\"file\":\"https:\/\/cdn.jwplayer.com\/videos\/UmwGtc8n-FnZGUVnC.mp4\",\"filesize\":17072524,\"framerate\":25,\"height\":360,\"label\":\"360p\",\"type\":\"video\/mp4\",\"width\":640},{\"bitrate\":1308369,\"file\":\"https:\/\/cdn.jwplayer.com\/videos\/UmwGtc8n-0G6Pwvlw.mp4\",\"filesize\":29601852,\"framerate\":25,\"height\":540,\"label\":\"540p\",\"type\":\"video\/mp4\",\"width\":960}]}],\"hasAutoplay\":false,\"autostart\":true,\"tagsUrl\":\"https:\/\/pubads.g.doubleclick.net\/gampad\/ads?slotname=\/133919216\/la_nacion_video\/nota\/preroll&amp;sz=640x480|400x300&amp;ciu_szs=300x250&amp;unviewed_position_start=1&amp;output=vast&amp;impl=s&amp;env=vp&amp;gdfp_req=1&amp;ad_rule=0&amp;vad_type=linear&amp;vpos=preroll&amp;cust_params=tags_nuevos%3Dte_sustentabilidad%2Cte_economias_regionales%2Cte_cultivos_y_jardineria%2Cte_santa_cruz%2Cte_puertos%2Cca_campo%2Cca_economia%2Cau_mariela_arias%2CEQPD4OQZTFBAXDMQNA4R2KSTXY&amp;pod=3&amp;ppos=1&amp;lip=true&amp;min_ad_duration=0&amp;max_ad_duration=30000&amp;vrid=6256&amp;url=https%3A%2F%2Fwww.lanacion.com.ar%2Feconomia%2Fcampo%2Fsiembran-en-el-mar-y-con-un-producto-aspiran-a-revolucionar-la-produccion-agricola-nid03052026%2F%3Fvariant%3DA&amp;description_url=https%3A%2F%2Fwww.lanacion.com.ar%2Feconomia%2Fcampo%2Fsiembran-en-el-mar-y-con-un-producto-aspiran-a-revolucionar-la-produccion-agricola-nid03052026%2F%3Fvariant%3DA&amp;video_doc_id=short_onecue&amp;cmsid=496&amp;kfa=0&amp;tfcd=0&amp;correlator=1777789566372\",\"arcSite\":\"la-nacion-ar\",\"duration\":\"181000\"}'>\n<div id=\"facade-UmwGtc8n\" class=\"content-facade-jw relative bg-black ratio-16-9\">\n<div id=\"button-play\" class=\"absolute flex w-100 h-100 jc-center ai-center z-15\"><svg width=\"64\" height=\"64\" viewbox=\"0 0 64 64\" fill=\"none\" xmlns=\"http:\/\/www.w3.org\/2000\/svg\" class=\"relative z-15\"><g opacity=\"0.65\"><rect width=\"64\" height=\"64\" rx=\"32\" fill=\"#1C1C1F\"><\/rect><path d=\"M41.8347 32.5547L27.7027 41.976C27.6023 42.0428 27.4857 42.0811 27.3652 42.0869C27.2448 42.0927 27.125 42.0656 27.0187 42.0087C26.9124 41.9518 26.8235 41.8671 26.7615 41.7637C26.6995 41.6602 26.6667 41.5419 26.6667 41.4213V22.5787C26.6667 22.4581 26.6995 22.3398 26.7615 22.2363C26.8235 22.1329 26.9124 22.0482 27.0187 21.9913C27.125 21.9344 27.2448 21.9074 27.3652 21.9131C27.4857 21.9189 27.6023 21.9572 27.7027 22.024L41.8347 31.4453C41.926 31.5062 42.0009 31.5887 42.0526 31.6855C42.1044 31.7822 42.1315 31.8903 42.1315 32C42.1315 32.1098 42.1044 32.2178 42.0526 32.3146C42.0009 32.4113 41.926 32.4938 41.8347 32.5547V32.5547Z\" fill=\"#FEFEFE\"><\/path><\/g><\/svg><\/div>\n<picture><source media=\"(max-width: 767px)\" srcset=\"https:\/\/resizer.glanacion.com\/resizer\/v2\/https%3A%2F%2Fcdn.jwplayer.com%2Fv2%2Fmedia%2FUmwGtc8n%2Fposter.jpg%3Fwidth%3D720?auth=ad1783d346e5c7f2e4971a1ce72ed37f3d32726a2728bab4d1c7459b9c3c8a81&amp;width=480&amp;quality=70&amp;smart=false\"><\/source><img class=\"image com-image flex --cover\" decoding=\"async\" fetchpriority=\"low\" loading=\"lazy\" src=\"https:\/\/resizer.glanacion.com\/resizer\/v2\/https%3A%2F%2Fcdn.jwplayer.com%2Fv2%2Fmedia%2FUmwGtc8n%2Fposter.jpg%3Fwidth%3D720?auth=ad1783d346e5c7f2e4971a1ce72ed37f3d32726a2728bab4d1c7459b9c3c8a81&amp;width=720&amp;quality=70&amp;smart=false\" alt=\"Macroalgas en San Juli\u00e1n - Fundaci\u00f3n Por el Mar\"><\/picture><\/div>\n<div id=\"UmwGtc8n\"><\/div>\n<\/div><figcaption class=\"border border-1 border-bottom border-light-300 relative px-16 py-8 min-h-36 w-100_md px-0_l mb-8 bg-white\"><span class=\"text ln-text text-16 block\">Macroalgas en San Juli\u00e1n &#8211; Fundaci\u00f3n Por el Mar<\/span><\/figcaption><\/figure>\n<p><script type=\"application\/ld+json\">{\n  \"@context\": \"https:\/\/schema.org\",\n  \"@type\": \"VideoObject\",\n  \"name\": \"LA NACION - Noticia\",\n  \"description\": \"Video publicado el 02\/05\/2026 por LA NACION\",\n  \"thumbnailUrl\": [\n    \"https:\/\/resizer.glanacion.com\/resizer\/v2\/https%3A%2F%2Fcdn.jwplayer.com%2Fv2%2Fmedia%2FUmwGtc8n%2Fposter.jpg%3Fwidth%3D720?auth=ad1783d346e5c7f2e4971a1ce72ed37f3d32726a2728bab4d1c7459b9c3c8a81&width=720&quality=70&smart=false\"\n  ],\n  \"uploadDate\": \"2026-05-02T16:50:00Z\",\n  \"embedUrl\": \"https:\/\/cdn.jwplayer.com\/videos\/UmwGtc8n-kTExGaWf.mp4\",\n  \"duration\": \"PT3M1S\"\n}<\/script><\/section>\n<\/div>\n<div id=\"fusion-static-exit:UmwGtc8n\" style=\"display:none\" data-fusion-component=\"UmwGtc8n\"><\/div>\n<p class=\"com-paragraph   --s\">Este verano ya hubo cosecha en la <strong>primera granja marina del pa\u00eds <\/strong>que se instal\u00f3 en <strong>Puerto San Juli\u00e1n,<\/strong> en un trabajo que integra la tierra con el agua y conecta el mar con el campo: el proyecto lo impulsa la <strong>Fundaci\u00f3n Por el Mar <\/strong>y apunta al cultivo controlado de <strong>Macrocystis pyrifera<\/strong>, conocida como cachiyuyo, una macroalga con alto valor por sus propiedades como <strong>bioestimulante.<\/strong> <\/p>\n<div class=\"content-media\">\n<section role=\"button\" class=\"mod-media   \">\n<figure role=\"button\" tabindex=\"0\" class=\"mod-figure \">\n<div class=\"placeholder \">\n<div class=\"com-image\"><picture><source media=\"(min-width: 768px)\" srcset=\"https:\/\/resizer.glanacion.com\/resizer\/v2\/macroalgas-en-el-mar-durante-uno-de-los-procesos-EV72H6YYVRFMXGKIJ2JAQNPM2A.jpg?auth=dea5bc605fad7c9ff8b1fffc289493cf8150572ac18ed10d96d59bc39f0f94fd&amp;width=780&amp;height=520&amp;quality=70&amp;smart=true\"><\/source><img class=\"image com-image flex --cover\" decoding=\"async\" fetchpriority=\"low\" loading=\"lazy\" src=\"https:\/\/resizer.glanacion.com\/resizer\/v2\/macroalgas-en-el-mar-durante-uno-de-los-procesos-EV72H6YYVRFMXGKIJ2JAQNPM2A.jpg?auth=dea5bc605fad7c9ff8b1fffc289493cf8150572ac18ed10d96d59bc39f0f94fd&amp;width=420&amp;height=280&amp;quality=70&amp;smart=true\" width=\"6000\" alt=\"Macroalgas en el mar durante uno de los procesos de cultivo en la bah\u00eda de Puerto San Juli\u00e1n, Santa Cruz\" height=\"4000\"><\/picture><\/div>\n<\/div><figcaption class=\"mod-figcaption\"><span class=\"com-text --caption --twoxs\">Macroalgas en el mar durante uno de los procesos de cultivo en la bah\u00eda de Puerto San Juli\u00e1n, Santa Cruz<\/span><span class=\"com-text --credit --twoxs\">Ail\u00edn Peirone<\/span><\/figcaption><\/figure>\n<\/section>\n<\/div>\n<p class=\"com-paragraph   --s\"><strong>\u201cEl objetivo es proteger los bosques de macroalgas tanto en Santa Cruz como en Tierra del Fuego, por eso proponemos sembrarlas en el mar, y as\u00ed preservar los bosques.<\/strong> Tanto por su rol como por sus servicios al ecosistema queremos que sean conservadas, entonces proponemos que antes que se deforesten, se promueva el cultivo controlado que pueda ser utilizada para otros usos\u201d, explic\u00f3 a <strong>LA NACION<\/strong> <strong>Mariano Bertinat,<\/strong> coordinador de Santa Cruz de la fundaci\u00f3n que lleva adelante varias iniciativas en la provincia.<\/p>\n<div class=\"ln-banner-container --caja2_mob\">\n<div id=\"caja2_mob\" class=\"ln-banner\" data-slot-group=\"nota\" data-device=\"mobile\" data-subscription=\"true\" data-ad-unit-path=\"\/133919216\/campo_mobile\/Nota\/caja2_mob\" data-targeting='{\"sitio\":\"lanacion\",\"seccion\":\"nota\"}' data-without-hide=\"true\" data-size=\"[[320,100],[300,250],[300,450],[1,1],[360,270],[320,180]]\" data-sizemap=\"[]\" data-prebid-enabled=\"true\"><\/div>\n<\/div>\n<p class=\"com-paragraph   --s\"><strong>En lugar de extraerla del ambiente, el modelo propone \u201csembrarla\u201d en el mar: las esporas se desarrollan en el laboratorio y luego se trasladan a l\u00edneas de cultivo llamadas <\/strong><em><strong>longlines<\/strong><\/em><strong> que se instalan a 9 metros de profundidad.<\/strong><\/p>\n<div class=\"ln-banner-container --middle_2_dsk\">\n<div id=\"middle_2_dsk\" class=\"ln-banner\" data-slot-group=\"nota\" data-device=\"desktop\" data-subscription=\"true\" data-ad-unit-path=\"\/133919216\/campo_desktop\/Nota\/middle_2_dsk\" data-targeting='{\"sitio\":\"lanacion\",\"seccion\":\"nota\"}' data-without-hide=\"true\" data-size=\"[[1,1],[728,90]]\" data-sizemap=\"[]\" data-prebid-enabled=\"true\"><\/div>\n<\/div>\n<div class=\"content-media\">\n<section role=\"button\" class=\"mod-media   \">\n<figure role=\"button\" tabindex=\"0\" class=\"mod-figure \">\n<div class=\"placeholder \">\n<div class=\"com-image\"><picture><source media=\"(min-width: 768px)\" srcset=\"https:\/\/resizer.glanacion.com\/resizer\/v2\/las-algas-en-el-laboratorio-donde-se-desarrollan-2FPS2V3QCZDCVJWZQI7GU4JKRU.jpg?auth=2a4a41c3846da22920f5f2c4aa29fb2e85813f4d501b4c3e12c1f842d9301d45&amp;width=780&amp;height=520&amp;quality=70&amp;smart=true\"><\/source><img class=\"image com-image flex --cover\" decoding=\"async\" fetchpriority=\"low\" loading=\"lazy\" src=\"https:\/\/resizer.glanacion.com\/resizer\/v2\/las-algas-en-el-laboratorio-donde-se-desarrollan-2FPS2V3QCZDCVJWZQI7GU4JKRU.jpg?auth=2a4a41c3846da22920f5f2c4aa29fb2e85813f4d501b4c3e12c1f842d9301d45&amp;width=420&amp;height=280&amp;quality=70&amp;smart=true\" width=\"6000\" alt=\"Las algas en el laboratorio donde se desarrollan antes de ser ingresadas al mar. Fundaci\u00f3n Por el Mar, Santa Cruz\" height=\"4000\"><\/picture><\/div>\n<\/div><figcaption class=\"mod-figcaption\"><span class=\"com-text --caption --twoxs\">Las algas en el laboratorio donde se desarrollan antes de ser ingresadas al mar. Fundaci\u00f3n Por el Mar, Santa Cruz<\/span><span class=\"com-text --credit --twoxs\">Ail\u00edn Peirone<\/span><\/figcaption><\/figure>\n<\/section>\n<\/div>\n<div class=\"ln-banner-container --caja3_mob\">\n<div id=\"caja3_mob\" class=\"ln-banner\" data-slot-group=\"nota\" data-device=\"mobile\" data-subscription=\"false\" data-ad-unit-path=\"\/133919216\/campo_mobile\/Nota\/caja3_mob\" data-targeting='{\"sitio\":\"lanacion\",\"seccion\":\"nota\"}' data-without-hide=\"true\" data-size=\"[[320,100],[300,250],[1,1],[300,450],[360,270]]\" data-sizemap=\"[]\" data-prebid-enabled=\"true\"><\/div>\n<\/div>\n<div class=\"ln-banner-container --middle_2_tab\">\n<div id=\"middle_2_tab\" class=\"ln-banner\" data-slot-group=\"nota\" data-device=\"tablet\" data-subscription=\"false\" data-ad-unit-path=\"\/133919216\/campo_tablet\/Nota\/middle_2_tab\" data-targeting='{\"sitio\":\"lanacion\",\"seccion\":\"nota\"}' data-without-hide=\"true\" data-size=\"[[728,90],[640,480],[468,60],[1,1]]\" data-sizemap=\"[]\" data-prebid-enabled=\"true\"><\/div>\n<\/div>\n<p class=\"com-paragraph   --s\">\u201cLo que primero hicimos fue obtener las esporas de las algas en la Bah\u00eda de San Juli\u00e1n, cultivamos la misma gen\u00e9tica, luego en laboratorio las hacemos crecer en piletones en un carrete con un hilo especial donde se adhieren las algas.<strong> Cuando crecen a dos o tres mm y los llevamos al mar, esos carretes se disponen entrelazados en cabos marinos donde quedan suspendidos en el agua. Ya son algas beb\u00e9\u201d,<\/strong> dijo Bertinat, quien es ingeniero en Recursos Naturales y supo ser secretario de Ambiente de la provincia.<\/p>\n<div class=\"content-media\">\n<section role=\"button\" class=\"mod-media   \">\n<figure role=\"button\" tabindex=\"0\" class=\"mod-figure \">\n<div class=\"placeholder \">\n<div class=\"com-image\"><picture><source media=\"(min-width: 768px)\" srcset=\"https:\/\/resizer.glanacion.com\/resizer\/v2\/las-algas-en-la-etapa-de-SOJOXZIVVBGUTESPOUXKOJTU2A.jpg?auth=6dd19f899aec3076af68541999ceb1d8d4bcb894aaf4d47312604e8973e4daaa&amp;width=780&amp;height=1170&amp;quality=70&amp;smart=true\"><\/source><img class=\"image com-image flex --cover\" decoding=\"async\" fetchpriority=\"low\" loading=\"lazy\" src=\"https:\/\/resizer.glanacion.com\/resizer\/v2\/las-algas-en-la-etapa-de-SOJOXZIVVBGUTESPOUXKOJTU2A.jpg?auth=6dd19f899aec3076af68541999ceb1d8d4bcb894aaf4d47312604e8973e4daaa&amp;width=420&amp;height=630&amp;quality=70&amp;smart=true\" width=\"3897\" alt=\"Las algas en la etapa de criadero\" height=\"5845\"><\/picture><\/div>\n<\/div><figcaption class=\"mod-figcaption\"><span class=\"com-text --caption --twoxs\">Las algas en la etapa de criadero<\/span><span class=\"com-text --credit --twoxs\">Ail\u00edn Peirone<\/span><\/figcaption><\/figure>\n<\/section>\n<\/div>\n<p class=\"com-paragraph   --s\">Las algas peque\u00f1as empiezan a desarrollarse y de seis a ocho meses ya pasan los tres metros de largo. <strong>\u201cLa Macrocystis Pyrifera es uno de los organismos que m\u00e1s r\u00e1pido crece en el planeta y a partir de ellas estamos trabajando en el desarrollo de bioestimulantes que se aplican sobre cultivos para mejorar la absorci\u00f3n de nutrientes, aumentar la tolerancia al estr\u00e9s h\u00eddrico y potenciar los rindes\u201d, detall\u00f3.<\/strong> Sobre este punto a\u00fan est\u00e1n en una etapa de desarrollo para luego poder certificarlos.<\/p>\n<div class=\"ln-banner-container --caja4_mob\">\n<div id=\"caja4_mob\" class=\"ln-banner\" data-slot-group=\"nota\" data-device=\"mobile\" data-subscription=\"false\" data-ad-unit-path=\"\/133919216\/campo_mobile\/Nota\/caja4_mob\" data-targeting='{\"sitio\":\"lanacion\",\"seccion\":\"nota\"}' data-without-hide=\"true\" data-size=\"[[320,100],[300,250],[1,1]]\" data-sizemap=\"[]\" data-prebid-enabled=\"true\"><\/div>\n<\/div>\n<p class=\"com-paragraph   --s\">Desde la Fundaci\u00f3n Por el Mar explicaron que los bioestimulantes son un insumo cada vez m\u00e1s utilizado a nivel global como complemento o sustituto de fertilizantes qu\u00edmicos que hoy, a partir de la guerra en Medio Oriente, provocan un impacto real en el precio de los insumos importados, por el aumento en los costos log\u00edsticos y porque muchos insumos del agro est\u00e1n hechos a base de hidrocarburos.<\/p>\n<div class=\"content-media\">\n<section role=\"button\" class=\"mod-media   \">\n<figure role=\"button\" tabindex=\"0\" class=\"mod-figure \">\n<div class=\"placeholder \">\n<div class=\"com-image\"><picture><source media=\"(min-width: 768px)\" srcset=\"https:\/\/resizer.glanacion.com\/resizer\/v2\/mariano-bertinat-coordinador-de-santa-cruz-de-la-M6ICNWEENFDFLN533G3PTDIX6M.jpg?auth=a92fee869c420be304a410faa668c7c8fc903170ef4320fd553c8da3a3edf3f6&amp;width=780&amp;height=520&amp;quality=70&amp;smart=true\"><\/source><img class=\"image com-image flex --cover\" decoding=\"async\" fetchpriority=\"low\" loading=\"lazy\" src=\"https:\/\/resizer.glanacion.com\/resizer\/v2\/mariano-bertinat-coordinador-de-santa-cruz-de-la-M6ICNWEENFDFLN533G3PTDIX6M.jpg?auth=a92fee869c420be304a410faa668c7c8fc903170ef4320fd553c8da3a3edf3f6&amp;width=420&amp;height=280&amp;quality=70&amp;smart=true\" width=\"3000\" alt=\"Mariano Bertinat, coordinador de Santa Cruz de la Fundaci\u00f3n Por el Mar\" height=\"2000\"><\/picture><\/div>\n<\/div><figcaption class=\"mod-figcaption\"><span class=\"com-text --caption --twoxs\">Mariano Bertinat, coordinador de Santa Cruz de la Fundaci\u00f3n Por el Mar<\/span><span class=\"com-text --credit --twoxs\">Adam Moore | Edges Of Earth<\/span><\/figcaption><\/figure>\n<\/section>\n<\/div>\n<div class=\"ln-banner-container --caja6_mob\">\n<div id=\"caja6_mob\" class=\"ln-banner\" data-slot-group=\"nota\" data-device=\"mobile\" data-subscription=\"false\" data-ad-unit-path=\"\/133919216\/campo_mobile\/Nota\/caja6_mob\" data-targeting='{\"sitio\":\"lanacion\",\"seccion\":\"nota\"}' data-without-hide=\"true\" data-size=\"[[300,250],[230,50],[300,450],[1,1],[320,100]]\" data-sizemap=\"[]\" data-prebid-enabled=\"true\"><\/div>\n<\/div>\n<p class=\"com-paragraph   --s\">La otra l\u00ednea en la que trabajan es incorporar alga seca como suplemento alimentario ovino. <strong>\u201cEstamos estudiando si es posible producir un suplemento alimentario en forma de pellet, como suplemento alimentario para ganado\u201d,<\/strong> afirm\u00f3.<\/p>\n<p class=\"com-paragraph   --s\">Bertinat se\u00f1al\u00f3 que es necesario homogeneizar el producto y por ello est\u00e1n realizando un desarrollo controlado, que esperan escalar para la pr\u00f3xima temporada. <strong>\u201cLas condiciones del Mar Argentino son m\u00e1s desafiantes, hay mucha amplitud de marea en la zona, por eso necesit\u00e1bamos probar primero que fueran viables. Logramos comprobar que es posible hacerlas crecer en el mar y ya obtuvimos nuestra primera cosecha\u201d. <\/strong><\/p>\n<div class=\"ln-banner-container --caja7_mob\">\n<div id=\"caja7_mob\" class=\"ln-banner\" data-slot-group=\"nota\" data-device=\"mobile\" data-subscription=\"true\" data-ad-unit-path=\"\/133919216\/campo_mobile\/Nota\/caja7_mob\" data-targeting='{\"sitio\":\"lanacion\",\"seccion\":\"nota\"}' data-without-hide=\"true\" data-size=\"[[300,250],[320,50],[300,450],[1,1],[320,100]]\" data-sizemap=\"[]\" data-prebid-enabled=\"true\"><\/div>\n<\/div>\n<div class=\"content-media\">\n<section role=\"button\" class=\"mod-media   \">\n<figure role=\"button\" tabindex=\"0\" class=\"mod-figure \">\n<div class=\"placeholder \">\n<div class=\"com-image\"><picture><source media=\"(min-width: 768px)\" srcset=\"https:\/\/resizer.glanacion.com\/resizer\/v2\/mientras-agregan-nutrientes-en-el-laboratorio-CKHKUIN6NNDC5EJWRQU6QVCF64.jpg?auth=098e471d7c2cfd037ef24180013f0f30cef6b9331e5d184ab18cbca0766848b8&amp;width=780&amp;height=520&amp;quality=70&amp;smart=true\"><\/source><img class=\"image com-image flex --cover\" decoding=\"async\" fetchpriority=\"low\" loading=\"lazy\" src=\"https:\/\/resizer.glanacion.com\/resizer\/v2\/mientras-agregan-nutrientes-en-el-laboratorio-CKHKUIN6NNDC5EJWRQU6QVCF64.jpg?auth=098e471d7c2cfd037ef24180013f0f30cef6b9331e5d184ab18cbca0766848b8&amp;width=420&amp;height=280&amp;quality=70&amp;smart=true\" width=\"6000\" alt=\"Mientras agregan nutrientes en el laboratorio antes de reponerlas en el mar. Fundaci\u00f3n Por el Mar, Santa Cruz\" height=\"4000\"><\/picture><\/div>\n<\/div><figcaption class=\"mod-figcaption\"><span class=\"com-text --caption --twoxs\">Mientras agregan nutrientes en el laboratorio antes de reponerlas en el mar. Fundaci\u00f3n Por el Mar, Santa Cruz<\/span><span class=\"com-text --credit --twoxs\">Ail\u00edn Peirone<\/span><\/figcaption><\/figure>\n<\/section>\n<\/div>\n<p class=\"com-paragraph   --s\">Las esporas se recolectan en el mar durante el verano. A partir de ese momento se inicia el trabajo en laboratorio, se trasplantan en oto\u00f1o, el crecimiento se da durante la primavera y la cosecha tiene lugar el verano siguiente. <strong>\u201cAhora estamos de vuelta volviendo a sembrar en la bah\u00eda, ser\u00e1 nuestra segunda siembra\u201d,<\/strong> expresaron al tiempo que aclararon que de la primera l\u00ednea de 200 metros sembrados en el agua ahora van a escalar la producci\u00f3n a una unidad m\u00ednima rentable: una hect\u00e1rea. <\/p>\n<div class=\"ln-banner-container --caja8_mob\">\n<div id=\"caja8_mob\" class=\"ln-banner\" data-slot-group=\"nota\" data-device=\"mobile\" data-subscription=\"true\" data-ad-unit-path=\"\/133919216\/campo_mobile\/Nota\/caja8_mob\" data-targeting='{\"sitio\":\"lanacion\",\"seccion\":\"nota\"}' data-without-hide=\"true\" data-size=\"[[300,250],[320,50],[300,450],[1,1],[320,100]]\" data-sizemap=\"[]\" data-prebid-enabled=\"true\"><\/div>\n<\/div>\n<div class=\"content-media\">\n<section role=\"button\" class=\"mod-media   \">\n<figure role=\"button\" tabindex=\"0\" class=\"mod-figure \">\n<div class=\"placeholder \">\n<div class=\"com-image\"><picture><source media=\"(min-width: 768px)\" srcset=\"https:\/\/resizer.glanacion.com\/resizer\/v2\/momento-en-que-las-algas-son-sembradas-en-en-el-DRET6GBGFRCALLNJM7D7ULBDWA.jpg?auth=98a4575cbb8e22af06cb415f260a774a106395926ecaeb79051c625e5e48d643&amp;width=780&amp;height=520&amp;quality=70&amp;smart=true\"><\/source><img class=\"image com-image flex --cover\" decoding=\"async\" fetchpriority=\"low\" loading=\"lazy\" src=\"https:\/\/resizer.glanacion.com\/resizer\/v2\/momento-en-que-las-algas-son-sembradas-en-en-el-DRET6GBGFRCALLNJM7D7ULBDWA.jpg?auth=98a4575cbb8e22af06cb415f260a774a106395926ecaeb79051c625e5e48d643&amp;width=420&amp;height=280&amp;quality=70&amp;smart=true\" width=\"4000\" alt=\"Momento en que las algas son sembradas en en el mar hasta el momento de la cosecha definitiva\" height=\"2667\"><\/picture><\/div>\n<\/div><figcaption class=\"mod-figcaption\"><span class=\"com-text --caption --twoxs\">Momento en que las algas son sembradas en en el mar hasta el momento de la cosecha definitiva<\/span><\/figcaption><\/figure>\n<\/section>\n<\/div>\n<p class=\"com-paragraph   --s\">\u201cEl dato m\u00e1s interesante es que la bibliograf\u00eda nos indicaba que el rinde podr\u00eda estar entre seis y 12 kg de algas por metro cultivado.<strong> En esta primera cosecha estamos en 10 kg de alga por metro, en nuestro primer a\u00f1o de experiencia. Casi el m\u00e1ximo de rinde por metro\u201d, <\/strong>celebr\u00f3 el ingeniero. <\/p>\n<div class=\"ln-banner-container --caja9_mob\">\n<div id=\"caja9_mob\" class=\"ln-banner\" data-slot-group=\"nota\" data-device=\"mobile\" data-subscription=\"true\" data-ad-unit-path=\"\/133919216\/campo_mobile\/Nota\/caja9_mob\" data-targeting='{\"sitio\":\"lanacion\",\"seccion\":\"nota\"}' data-without-hide=\"true\" data-size=\"[[300,250],[320,50],[300,450],[1,1],[320,100]]\" data-sizemap=\"[]\" data-prebid-enabled=\"true\"><\/div>\n<\/div>\n<p class=\"com-paragraph   --s\">Explic\u00f3 que, si bien en laboratorio le agregan nutrientes y luz artificial, una vez en el mar ya crecen con la luz y nutrientes naturales, caracter\u00edstica que destac\u00f3 en la bah\u00eda de Puerto San Juli\u00e1n, ubicada a 360 km al norte de R\u00edo Gallegos. <\/p>\n<p class=\"com-paragraph   --s\">\u201cSembramos en abril\/mayo para que no tengan que competir con otras algas. El mar es tan productivo que compiten los microorganismos\u201d, indic\u00f3 Bertinat quien destac\u00f3 que el objetivo de fondo es cuidar el mar: <strong>\u201cLas algas son org\u00e1nicas, cuidan el ambiente y buscamos una alternativa para evitar la deforestaci\u00f3n submarina aprovechando un cultivo que no destruya el ecosistema\u201d. <\/strong><\/p>\n<p class=\"com-paragraph   --s\"><strong>En Santa Cruz no hay explotaci\u00f3n de algas; desde el a\u00f1o pasado, la ley provincial 3995 protege los bosques marinos y proh\u00edbe sacar las algas, por esta raz\u00f3n se espera que a partir de esta iniciativa, la actividad prospere. <\/strong><\/p>\n<p class=\"com-paragraph   --s\">Mientras el gobierno provincial acompa\u00f1a el proyecto de forma t\u00e9cnica y operativa facilitando el acceso a los sitios, esperan que el INTA pueda prestar servicios cient\u00edficos sobre los derivados de las algas. <strong>Han contado con la informaci\u00f3n aportada por la Universidad Tecnol\u00f3gica Nacional (UTN), que cuenta con equipamiento para medir las variables oceanogr\u00e1ficas, claves para dise\u00f1ar y ajustar los sistemas de cultivos a futuro. <\/strong><\/p>\n<div class=\"content-media\">\n<section role=\"button\" class=\"mod-media   \">\n<figure role=\"button\" tabindex=\"0\" class=\"mod-figure \">\n<div class=\"placeholder \">\n<div class=\"com-image\"><picture><source media=\"(min-width: 768px)\" srcset=\"https:\/\/resizer.glanacion.com\/resizer\/v2\/seleccion-de-algas-en-el-laboratorio-de-la-5I6E5ZAHJZCEZDUS2QUQY4SR5I.jpg?auth=cc2c158e98d1d780148b6d269f406eb43e59005a9459b25dadf676c90e182332&amp;width=780&amp;height=520&amp;quality=70&amp;smart=true\"><\/source><img class=\"image com-image flex --cover\" decoding=\"async\" fetchpriority=\"low\" loading=\"lazy\" src=\"https:\/\/resizer.glanacion.com\/resizer\/v2\/seleccion-de-algas-en-el-laboratorio-de-la-5I6E5ZAHJZCEZDUS2QUQY4SR5I.jpg?auth=cc2c158e98d1d780148b6d269f406eb43e59005a9459b25dadf676c90e182332&amp;width=420&amp;height=280&amp;quality=70&amp;smart=true\" width=\"6000\" alt=\"Selecci\u00f3n de algas en el laboratorio de la Fundaci\u00f3n Por el Mar, en Puerto San Juli\u00e1n, Santa Cruz\" height=\"4000\"><\/picture><\/div>\n<\/div><figcaption class=\"mod-figcaption\"><span class=\"com-text --caption --twoxs\">Selecci\u00f3n de algas en el laboratorio de la Fundaci\u00f3n Por el Mar, en Puerto San Juli\u00e1n, Santa Cruz<\/span><span class=\"com-text --credit --twoxs\">Ail\u00edn Peirone<\/span><\/figcaption><\/figure>\n<\/section>\n<\/div>\n<p class=\"com-paragraph   --s\"><strong>Detr\u00e1s del proyecto est\u00e1 la Fundaci\u00f3n Por el Mar, una organizaci\u00f3n dedicada a la conservaci\u00f3n marina que trabaja con cient\u00edficos, pescadores y comunidades costeras. <\/strong>Su enfoque combina investigaci\u00f3n, desarrollo productivo y generaci\u00f3n de pol\u00edticas p\u00fablicas para proteger el oc\u00e9ano. En este caso, la apuesta es clara: demostrar que se puede producir sin degradar el recurso.<\/p>\n<p class=\"com-paragraph   --s\"><strong>Seg\u00fan informaci\u00f3n de la Fundaci\u00f3n, a escala global, la industria de las algas creci\u00f3 m\u00e1s de 60 veces desde mediados del siglo XX y hoy mueve alrededor de US$17.000 millones.<\/strong> Sin embargo, ese crecimiento tambi\u00e9n expone un problema: cerca del 38% de los bosques de macroalgas se redujeron en los \u00faltimos 50 a\u00f1os. <\/p>\n<p class=\"com-paragraph   --s\">En ese contexto, el proyecto de Puerto San Juli\u00e1n busca posicionarse como un modelo alternativo. <strong>La expectativa es que, a futuro, una familia pueda vivir de una granja de algas y que esta actividad se convierta en una nueva econom\u00eda regional vinculada al mar.<\/strong><\/p>\n<div data-fusion-lazy-id=\"f0f2aQl9N0Nc5yq\"><\/div>\n<div data-fusion-lazy-id=\"f0fGQeo7N0Nc5He\"><\/div>\n<div class=\"ln-banner-container --caja5_mob\">\n<div id=\"caja5_mob\" class=\"ln-banner\" data-slot-group=\"nota\" data-device=\"mobile\" data-subscription=\"false\" data-ad-unit-path=\"\/133919216\/campo_mobile\/Nota\/caja5_mob\" data-targeting='{\"sitio\":\"lanacion\",\"seccion\":\"nota\"}' data-without-hide=\"true\" data-size='[[320,100],[300,250],[1,1],[\" fluid\"]]' data-sizemap=\"[]\" data-prebid-enabled=\"true\"><\/div>\n<\/div>\n<div data-fusion-lazy-id=\"f0fSc0ngN0Nc5KL\">\n<div><\/div>\n<\/div>\n<div class=\"ln-banner-container --middle_3_dsk\">\n<div id=\"middle_3_dsk\" class=\"ln-banner\" data-slot-group=\"nota\" data-device=\"desktop\" data-subscription=\"true\" data-ad-unit-path=\"\/133919216\/campo_desktop\/Nota\/middle_3_dsk\" data-targeting='{\"sitio\":\"lanacion\",\"seccion\":\"nota\"}' data-without-hide=\"true\" data-size=\"[[1,1],[728,90],[640,360],[728,360]]\" data-sizemap=\"[]\" data-prebid-enabled=\"true\"><\/div>\n<\/div>\n<\/div>\n","protected":false},"excerpt":{"rendered":"<p>EL CALAFATE, Santa Cruz.- Siembran en agua salada. Hablan de hect\u00e1reas, pero no es tierra. Cultivan y se entusiasman en escalar el producto que ya tuvo su primera cosecha. Se trata de una prueba piloto de cultivo de macroalgas que apuntan a transformarlas en bioinsumos para el agro y explorar as\u00ed una nueva cadena productiva. [&hellip;]<\/p>\n","protected":false},"author":1,"featured_media":8806,"comment_status":"open","ping_status":"open","sticky":false,"template":"","format":"standard","meta":{"footnotes":""},"categories":[1],"tags":[],"class_list":["post-8805","post","type-post","status-publish","format-standard","has-post-thumbnail","hentry","category-uncategorized"],"_links":{"self":[{"href":"https:\/\/cliente1.publisher.highstack.com.ar\/index.php?rest_route=\/wp\/v2\/posts\/8805","targetHints":{"allow":["GET"]}}],"collection":[{"href":"https:\/\/cliente1.publisher.highstack.com.ar\/index.php?rest_route=\/wp\/v2\/posts"}],"about":[{"href":"https:\/\/cliente1.publisher.highstack.com.ar\/index.php?rest_route=\/wp\/v2\/types\/post"}],"author":[{"embeddable":true,"href":"https:\/\/cliente1.publisher.highstack.com.ar\/index.php?rest_route=\/wp\/v2\/users\/1"}],"replies":[{"embeddable":true,"href":"https:\/\/cliente1.publisher.highstack.com.ar\/index.php?rest_route=%2Fwp%2Fv2%2Fcomments&post=8805"}],"version-history":[{"count":0,"href":"https:\/\/cliente1.publisher.highstack.com.ar\/index.php?rest_route=\/wp\/v2\/posts\/8805\/revisions"}],"wp:featuredmedia":[{"embeddable":true,"href":"https:\/\/cliente1.publisher.highstack.com.ar\/index.php?rest_route=\/wp\/v2\/media\/8806"}],"wp:attachment":[{"href":"https:\/\/cliente1.publisher.highstack.com.ar\/index.php?rest_route=%2Fwp%2Fv2%2Fmedia&parent=8805"}],"wp:term":[{"taxonomy":"category","embeddable":true,"href":"https:\/\/cliente1.publisher.highstack.com.ar\/index.php?rest_route=%2Fwp%2Fv2%2Fcategories&post=8805"},{"taxonomy":"post_tag","embeddable":true,"href":"https:\/\/cliente1.publisher.highstack.com.ar\/index.php?rest_route=%2Fwp%2Fv2%2Ftags&post=8805"}],"curies":[{"name":"wp","href":"https:\/\/api.w.org\/{rel}","templated":true}]}}