{"id":8803,"date":"2026-05-03T02:24:12","date_gmt":"2026-05-03T05:24:12","guid":{"rendered":"https:\/\/cliente1.publisher.highstack.com.ar\/?p=8803"},"modified":"2026-05-03T02:24:12","modified_gmt":"2026-05-03T05:24:12","slug":"el-gobierno-tiene-el-desafio-de-revertir-rapido-el-malhumor-social-la-apuesta-es-a-la-desinflacion-y-el-repunte-del-consumo","status":"publish","type":"post","link":"https:\/\/cliente1.publisher.highstack.com.ar\/?p=8803","title":{"rendered":"El Gobierno tiene el desaf\u00edo de revertir r\u00e1pido el malhumor social: la apuesta es a la desinflaci\u00f3n y el repunte del consumo"},"content":{"rendered":"<div class=\"visual__image image-initial-width\"><picture><source srcset=\"https:\/\/www.infobae.com\/resizer\/v2\/KLZPN5DR4FHQDFQMD2QHDUNRNM.JPG?auth=1a71dc49c5e5e86b006ccf5268013c1e6b2cd6b0393991e0929d74ef6fb09fa8&amp;smart=true&amp;width=992&amp;height=728&amp;quality=85\" media=\"(min-width: 1000px)\"><\/source><source srcset=\"https:\/\/www.infobae.com\/resizer\/v2\/KLZPN5DR4FHQDFQMD2QHDUNRNM.JPG?auth=1a71dc49c5e5e86b006ccf5268013c1e6b2cd6b0393991e0929d74ef6fb09fa8&amp;smart=true&amp;width=768&amp;height=564&amp;quality=85\" media=\"(min-width: 768px)\"><\/source><source srcset=\"https:\/\/www.infobae.com\/resizer\/v2\/KLZPN5DR4FHQDFQMD2QHDUNRNM.JPG?auth=1a71dc49c5e5e86b006ccf5268013c1e6b2cd6b0393991e0929d74ef6fb09fa8&amp;smart=true&amp;width=577&amp;height=424&amp;quality=85\" media=\"(min-width: 580px)\"><\/source><source srcset=\"https:\/\/www.infobae.com\/resizer\/v2\/KLZPN5DR4FHQDFQMD2QHDUNRNM.JPG?auth=1a71dc49c5e5e86b006ccf5268013c1e6b2cd6b0393991e0929d74ef6fb09fa8&amp;smart=true&amp;width=420&amp;height=308&amp;quality=85\" media=\"(min-width: 350px)\"><\/source><source srcset=\"https:\/\/www.infobae.com\/resizer\/v2\/KLZPN5DR4FHQDFQMD2QHDUNRNM.JPG?auth=1a71dc49c5e5e86b006ccf5268013c1e6b2cd6b0393991e0929d74ef6fb09fa8&amp;smart=true&amp;width=350&amp;height=257&amp;quality=85\" media=\"(min-width: 80px)\"><\/source><img alt=\"Milei, en uno de los palcos de Diputados, durante el informe de gesti\u00f3n de Adorni\nREUTERS\/Mariana Nedelcu\" class=\"global-image\" decoding=\"async\" fetchpriority=\"high\" height=\"3845\" loading=\"eager\" src=\"https:\/\/www.infobae.com\/resizer\/v2\/KLZPN5DR4FHQDFQMD2QHDUNRNM.JPG?auth=1a71dc49c5e5e86b006ccf5268013c1e6b2cd6b0393991e0929d74ef6fb09fa8&amp;smart=true&amp;width=350&amp;height=257&amp;quality=85\" width=\"5237\"><\/picture><\/div>\n<p class=\"paragraph\">Nadie pone bajo sospecha los \u00edndices de confianza del consumidor y en el Gobierno. Ambos son elaborados por la <b>Universidad Di Tella<\/b> y <b>Poliarqu\u00eda<\/b>. En abril arrojaron una ca\u00edda de 5% y 12% respectivamente, reflejando con claridad un incremento del malhumor social y desaprobaci\u00f3n a la gesti\u00f3n. <b>El dato impact\u00f3 entre los inversores, porque perciben una se\u00f1al de alerta para el futuro de Javier Milei.<\/b><\/p>\n<p class=\"paragraph\">Aunque estas encuestas no dan detalles sobre los motivos espec\u00edficos de subas o bajas, no resulta tan dif\u00edcil explicarlos. En este caso posiblemente haya tomado preponderancia el pico de inflaci\u00f3n de 3,4% en marzo, junto a la ca\u00edda del poder adquisitivo de los salarios del sector privado en los \u00faltimos meses. A ello se sumaron el crecimiento de esc\u00e1ndalos como el caso Libra y la ofensiva contra Manuel Adorni.<\/p>\n<div class=\"inline ad-wrapper dfpAd ad-inline ad-text ad-component-container\" style=\"--ad-shell-height:250px;--ad-shell-width:300px\" data-ad-wrapper=\"arcad\" data-ad-type=\"inline\" data-ad-slot=\"infobae\/economia\/nota\/inline\" data-ad-container=\"dfp\" data-ad-slot-name=\"infobae\/economia\/nota\/inline\">\n<p class=\"ad-shell-label\">PUBLICIDAD<\/p>\n<div id=\"infobae\/economia\/nota\/inline\" class=\"infobae\/economia\/nota\/inline arcad ad-slot-node ad-slot-node--boxed\" data-ad-slot-id=\"infobae\/economia\/nota\/inline\"><\/div>\n<\/div>\n<p class=\"paragraph\">Para la mirada de los mercados es irrelevante si el jefe de Gabinete se pag\u00f3 o no un pasaje de avi\u00f3n a Aruba o Punta del Este para viajar en familia. Pero pasa a ser un tema muy importante si la consecuencia del esc\u00e1ndalo es una ca\u00edda de la imagen presidencial.<\/p>\n<h2 class=\"text-align-left vertical-align-top line-height-100 header headline-class-h2 headline\" id=\"reelige-o-no-reelige\">\u00bfReelige o no reelige?<\/h2>\n<p class=\"paragraph\"><b>Lo que al final del d\u00eda se analiza es si Milei tiene realmente altas chances de conseguir la reelecci\u00f3n el a\u00f1o que viene. Y nadie hoy est\u00e1 en condiciones de poner las manos en el fuego.<\/b> El tema empieza a mencionarse en los informes de bancos, Alycs y consultoras econ\u00f3micas.<\/p>\n<div class=\"inline_2 ad-wrapper dfpAd ad-inline ad-text ad-component-container\" style=\"--ad-shell-height:250px;--ad-shell-width:300px\" data-ad-wrapper=\"arcad\" data-ad-type=\"inline_2\" data-ad-slot=\"infobae\/economia\/nota\/inline_2\" data-ad-container=\"dfp\" data-ad-slot-name=\"infobae\/economia\/nota\/inline_2\">\n<p class=\"ad-shell-label\">PUBLICIDAD<\/p>\n<div id=\"infobae\/economia\/nota\/inline_2\" class=\"infobae\/economia\/nota\/inline_2 arcad ad-slot-node ad-slot-node--boxed\" data-ad-slot-id=\"infobae\/economia\/nota\/inline_2\"><\/div>\n<\/div>\n<p class=\"paragraph\">\u201cCon la imagen negativa del gobierno subiendo en todas las encuestas de opini\u00f3n y baraj\u00e1ndose un ballotage con Kicillof como un evento posible en 2027, no puede descartarse ruidos cambiarios y financieros incluso con abundancia de d\u00f3lares\u201d, describieron desde la <b>consultora LCG.<\/b><\/p>\n<div class=\"visual__image\"><picture><source srcset=\"https:\/\/www.infobae.com\/resizer\/v2\/6SPFS4LEC5AOXDRWIC55LPUJ7U.jpg?auth=42c6cd35e9d33fad2e44ca6790ae303b0a3f1a0d4669cdb82ee71c2612af91ac&amp;smart=true&amp;width=992&amp;height=558&amp;quality=85\" media=\"(min-width: 1000px)\"><\/source><source srcset=\"https:\/\/www.infobae.com\/resizer\/v2\/6SPFS4LEC5AOXDRWIC55LPUJ7U.jpg?auth=42c6cd35e9d33fad2e44ca6790ae303b0a3f1a0d4669cdb82ee71c2612af91ac&amp;smart=true&amp;width=768&amp;height=432&amp;quality=85\" media=\"(min-width: 768px)\"><\/source><source srcset=\"https:\/\/www.infobae.com\/resizer\/v2\/6SPFS4LEC5AOXDRWIC55LPUJ7U.jpg?auth=42c6cd35e9d33fad2e44ca6790ae303b0a3f1a0d4669cdb82ee71c2612af91ac&amp;smart=true&amp;width=577&amp;height=325&amp;quality=85\" media=\"(min-width: 580px)\"><\/source><source srcset=\"https:\/\/www.infobae.com\/resizer\/v2\/6SPFS4LEC5AOXDRWIC55LPUJ7U.jpg?auth=42c6cd35e9d33fad2e44ca6790ae303b0a3f1a0d4669cdb82ee71c2612af91ac&amp;smart=true&amp;width=420&amp;height=236&amp;quality=85\" media=\"(min-width: 350px)\"><\/source><source srcset=\"https:\/\/www.infobae.com\/resizer\/v2\/6SPFS4LEC5AOXDRWIC55LPUJ7U.jpg?auth=42c6cd35e9d33fad2e44ca6790ae303b0a3f1a0d4669cdb82ee71c2612af91ac&amp;smart=true&amp;width=350&amp;height=197&amp;quality=85\" media=\"(min-width: 80px)\"><\/source><img alt=\"Javier Milei y Axel Kicillof\" class=\"global-image\" decoding=\"async\" fetchpriority=\"low\" height=\"1080\" loading=\"lazy\" src=\"https:\/\/www.infobae.com\/resizer\/v2\/6SPFS4LEC5AOXDRWIC55LPUJ7U.jpg?auth=42c6cd35e9d33fad2e44ca6790ae303b0a3f1a0d4669cdb82ee71c2612af91ac&amp;smart=true&amp;width=350&amp;height=197&amp;quality=85\" width=\"1920\"><\/picture><\/div>\n<p class=\"paragraph\">\u201cEsta incertidumbre -agregaron- parece estar pesando m\u00e1s que las garant\u00edas conseguidas de organismos internacionales para cerrar el programa financiero en d\u00f3lares\u201d.<\/p>\n<div class=\"ad_1 ad-wrapper dfpAd ad-1-al-6 ad-text ad-component-container\" style=\"--ad-shell-height:250px;--ad-shell-width:300px\" data-ad-wrapper=\"arcad\" data-ad-type=\"ad_1\" data-ad-slot=\"infobae\/economia\/nota\/ad_1\" data-ad-container=\"dfp\" data-ad-slot-name=\"infobae\/economia\/nota\/ad_1\">\n<p class=\"ad-shell-label\">PUBLICIDAD<\/p>\n<div id=\"infobae\/economia\/nota\/ad_1\" class=\"infobae\/economia\/nota\/ad_1 arcad ad-slot-node ad-slot-node--boxed\" data-ad-slot-id=\"infobae\/economia\/nota\/ad_1\"><\/div>\n<\/div>\n<div class=\"blockquote\">\n<blockquote class=\"color_figcaption\"><p>Con la imagen negativa del gobierno subiendo en todas las encuestas y baraj\u00e1ndose un ballotage con Kicillof como un evento posible en 2027, no pueden descartarse ruidos cambiarios y financieros<\/p><\/blockquote>\n<\/div>\n<p class=\"paragraph\">Desde la Alyc <b>IEB <\/b>tambi\u00e9n alertaron que \u201c<b>los niveles de confianza en el Gobierno volvieron a niveles de septiembre de 2025. <\/b>Este an\u00e1lisis resulta particularmente \u00fatil como indicador de aumento del riesgo pol\u00edtico de cara a las elecciones presidenciales de 2027\u201d.<\/p>\n<p class=\"paragraph\">La \u00faltima colocaci\u00f3n de bonos de corto plazo en d\u00f3lares por parte del Tesoro as\u00ed lo reflej\u00f3. <b>El Bonar 2027 se coloc\u00f3 esta semana a un tasa del 5,16% anual en d\u00f3lares. Pero por el Bonar 2028 hubo que pagar un rendimiento mucho mayor de 8,77%.<\/b> La diferencia abrupta entre ambos es exclusivamente la <b>prima de riesgo pol\u00edtico<\/b>, o sea la incertidumbre respecto a qui\u00e9n estar\u00e1 gobernando luego de las elecciones.<\/p>\n<div class=\"ad_2 ad-wrapper dfpAd ad-1-al-6 ad-text ad-component-container\" style=\"--ad-shell-height:250px;--ad-shell-width:300px\" data-ad-wrapper=\"arcad\" data-ad-type=\"ad_2\" data-ad-slot=\"infobae\/economia\/nota\/ad_2\" data-ad-container=\"dfp\" data-ad-slot-name=\"infobae\/economia\/nota\/ad_2\">\n<p class=\"ad-shell-label\">PUBLICIDAD<\/p>\n<div id=\"infobae\/economia\/nota\/ad_2\" class=\"infobae\/economia\/nota\/ad_2 arcad ad-slot-node ad-slot-node--boxed\" data-ad-slot-id=\"infobae\/economia\/nota\/ad_2\"><\/div>\n<\/div>\n<h2 class=\"text-align-left vertical-align-top line-height-100 header headline-class-h2 headline\" id=\"duro-de-bajar\">Duro de bajar<\/h2>\n<p class=\"paragraph\">El riesgo pa\u00eds no hizo m\u00e1s que reflejar estas dudas. Mientras que los principales \u00edndices de Wall Street tuvieron su mejor mes desde la salida de la pandemia (subieron 10% en promedio y volvieron a niveles r\u00e9cord), el riesgo pa\u00eds tuvo una ca\u00edda muy leve desde 612 puntos a 580 a fin de abril.<\/p>\n<p class=\"paragraph\">De todas maneras, desde IEB consideran que en la medida que se siga aclarando el panorama respecto al pago de deuda hasta fin de 2027 el riesgo pa\u00eds deber\u00eda comprimir a niveles de entre 450 puntos y 500 puntos b\u00e1sicos.<\/p>\n<div class=\"ad_3 ad-wrapper dfpAd ad-1-al-6 ad-text ad-component-container\" style=\"--ad-shell-height:250px;--ad-shell-width:300px\" data-ad-wrapper=\"arcad\" data-ad-type=\"ad_3\" data-ad-slot=\"infobae\/economia\/nota\/ad_3\" data-ad-container=\"dfp\" data-ad-slot-name=\"infobae\/economia\/nota\/ad_3\">\n<p class=\"ad-shell-label\">PUBLICIDAD<\/p>\n<div id=\"infobae\/economia\/nota\/ad_3\" class=\"infobae\/economia\/nota\/ad_3 arcad ad-slot-node ad-slot-node--boxed\" data-ad-slot-id=\"infobae\/economia\/nota\/ad_3\"><\/div>\n<\/div>\n<p class=\"paragraph\"><b>Fernando Marull<\/b> apunt\u00f3 en la misma direcci\u00f3n en relaci\u00f3n a los interrogantes que empiezan a pesar en las decisiones de inversi\u00f3n. \u201cEn los pr\u00f3ximos meses deber\u00eda ayudar a mejorar el apoyo con un rebote de la actividad y de los salarios. <b>Hoy la gran pregunta es si a Milei le alcanza para reelegir en 2027\u201d.<\/b><\/p>\n<div class=\"visual__image\"><picture><source srcset=\"https:\/\/www.infobae.com\/resizer\/v2\/6JY2QYCO3NDDDCEAGODSZYS6LY.jpg?auth=94152a6a9c2ed5af77166b29714a9597edd5fa969a7e937211771875d73556c0&amp;smart=true&amp;width=992&amp;height=661&amp;quality=85\" media=\"(min-width: 1000px)\"><\/source><source srcset=\"https:\/\/www.infobae.com\/resizer\/v2\/6JY2QYCO3NDDDCEAGODSZYS6LY.jpg?auth=94152a6a9c2ed5af77166b29714a9597edd5fa969a7e937211771875d73556c0&amp;smart=true&amp;width=768&amp;height=512&amp;quality=85\" media=\"(min-width: 768px)\"><\/source><source srcset=\"https:\/\/www.infobae.com\/resizer\/v2\/6JY2QYCO3NDDDCEAGODSZYS6LY.jpg?auth=94152a6a9c2ed5af77166b29714a9597edd5fa969a7e937211771875d73556c0&amp;smart=true&amp;width=577&amp;height=385&amp;quality=85\" media=\"(min-width: 580px)\"><\/source><source srcset=\"https:\/\/www.infobae.com\/resizer\/v2\/6JY2QYCO3NDDDCEAGODSZYS6LY.jpg?auth=94152a6a9c2ed5af77166b29714a9597edd5fa969a7e937211771875d73556c0&amp;smart=true&amp;width=420&amp;height=280&amp;quality=85\" media=\"(min-width: 350px)\"><\/source><source srcset=\"https:\/\/www.infobae.com\/resizer\/v2\/6JY2QYCO3NDDDCEAGODSZYS6LY.jpg?auth=94152a6a9c2ed5af77166b29714a9597edd5fa969a7e937211771875d73556c0&amp;smart=true&amp;width=350&amp;height=233&amp;quality=85\" media=\"(min-width: 80px)\"><\/source><img alt=\"El riesgo pa\u00eds sigue lejos de perforar los 500 puntos \n(AP Foto\/Seth Wenig)\" class=\"global-image\" decoding=\"async\" fetchpriority=\"low\" height=\"4852\" loading=\"lazy\" src=\"https:\/\/www.infobae.com\/resizer\/v2\/6JY2QYCO3NDDDCEAGODSZYS6LY.jpg?auth=94152a6a9c2ed5af77166b29714a9597edd5fa969a7e937211771875d73556c0&amp;smart=true&amp;width=350&amp;height=233&amp;quality=85\" width=\"7279\"><\/picture><\/div>\n<p class=\"paragraph\">Algo que le juega a favor al Gobierno es que el escenario de una crisis de tercer a\u00f1o como la que sufri\u00f3 <b>Mauricio Macri<\/b> est\u00e1 pr\u00e1cticamente descartado. Las filas de camiones en el puerto de Rosario son la mejor prueba gr\u00e1fica de la gran cosecha gruesa y la pr\u00f3xima liquidaci\u00f3n de divisas. <\/p>\n<div class=\"ad_4 ad-wrapper dfpAd ad-1-al-6 ad-text ad-component-container\" style=\"--ad-shell-height:250px;--ad-shell-width:300px\" data-ad-wrapper=\"arcad\" data-ad-type=\"ad_4\" data-ad-slot=\"infobae\/economia\/nota\/ad_4\" data-ad-container=\"dfp\" data-ad-slot-name=\"infobae\/economia\/nota\/ad_4\">\n<p class=\"ad-shell-label\">PUBLICIDAD<\/p>\n<div id=\"infobae\/economia\/nota\/ad_4\" class=\"infobae\/economia\/nota\/ad_4 arcad ad-slot-node ad-slot-node--boxed\" data-ad-slot-id=\"infobae\/economia\/nota\/ad_4\"><\/div>\n<\/div>\n<p class=\"paragraph\">En ese escenario y en medio de un estricto control de agregados monetarios por parte del Gobierno <b>parece dif\u00edcil que se produzca una corrida cambiaria como la que sepult\u00f3 al Mauricio Macri en 2018.<\/b><\/p>\n<div class=\"blockquote\">\n<blockquote class=\"color_figcaption\"><p>El escenario de una crisis de tercer a\u00f1o como la que sufri\u00f3 <b>Mauricio Macri<\/b> est\u00e1 pr\u00e1cticamente descartado<\/p><\/blockquote>\n<\/div>\n<p class=\"paragraph\">Sin embargo, \u201cevitar\u201d una crisis que nunca se produjo no alcanza para seducir a los votantes. Tampoco la reflexi\u00f3n de <b>Luis \u201cToto\u201d Caputo<\/b> durante la ExpoEFI 2026: \u201c<b>Logramos sortear dos crisis, una interna en las elecciones legislativas y otra internacional por la guerra\u201d.<\/b> De vuelta, evitar lo que no sucedi\u00f3 es una idea abstracta para la mayor\u00eda de los que votar\u00e1n en 2027.<\/p>\n<div class=\"ad_5 ad-wrapper dfpAd ad-1-al-6 ad-text ad-component-container\" style=\"--ad-shell-height:250px;--ad-shell-width:300px\" data-ad-wrapper=\"arcad\" data-ad-type=\"ad_5\" data-ad-slot=\"infobae\/economia\/nota\/ad_5\" data-ad-container=\"dfp\" data-ad-slot-name=\"infobae\/economia\/nota\/ad_5\">\n<p class=\"ad-shell-label\">PUBLICIDAD<\/p>\n<div id=\"infobae\/economia\/nota\/ad_5\" class=\"infobae\/economia\/nota\/ad_5 arcad ad-slot-node ad-slot-node--boxed\" data-ad-slot-id=\"infobae\/economia\/nota\/ad_5\"><\/div>\n<\/div>\n<p class=\"paragraph\">El argumento de las crisis evitadas s\u00ed tuvo buen resultado en las legislativas de 2025. Pero en aquel momento se hab\u00eda logrado apagar el incendio de una inflaci\u00f3n que lleg\u00f3 a correr al 300% anual, que el Gobierno consigui\u00f3 reducir al 30% en solo un a\u00f1o y medio.<\/p>\n<p class=\"paragraph\">Ya en m\u00e1s de una oportunidad Milei pidi\u00f3 \u201cpaciencia\u201d y reconoci\u00f3 que hay sectores muy afectados por los cambios en las reglas de juego. Por eso, <b>ahora el objetivo es que el crecimiento empiece a sentirse en \u201cla calle\u201d.<\/b><\/p>\n<div class=\"ad_6 ad-wrapper dfpAd ad-1-al-6 ad-text ad-component-container\" style=\"--ad-shell-height:250px;--ad-shell-width:300px\" data-ad-wrapper=\"arcad\" data-ad-type=\"ad_6\" data-ad-slot=\"infobae\/economia\/nota\/ad_6\" data-ad-container=\"dfp\" data-ad-slot-name=\"infobae\/economia\/nota\/ad_6\">\n<p class=\"ad-shell-label\">PUBLICIDAD<\/p>\n<div id=\"infobae\/economia\/nota\/ad_6\" class=\"infobae\/economia\/nota\/ad_6 arcad ad-slot-node ad-slot-node--boxed\" data-ad-slot-id=\"infobae\/economia\/nota\/ad_6\"><\/div>\n<\/div>\n<h2 class=\"text-align-left vertical-align-top line-height-100 header headline-class-h2 headline\" id=\"compra-de-dolares\">Compra de d\u00f3lares<\/h2>\n<p class=\"paragraph\">Desde el punto de vista del funcionamiento del mercado cambiario, el primer cuatrimestre fue \u00f3ptimo. <b>El Central compr\u00f3 cerca de USD 7.000 millones, muy por encima de las previsiones.<\/b> Y es muy probable que incluso acelere las compras diarias en mayo y junio, a partir de la liquidaci\u00f3n de la cosecha gruesa. El jueves antes del feriado, por ejemplo, adquiri\u00f3 USD 207 millones y es posible que estas cifras se repitan casi a diario en las pr\u00f3ximas semanas.<\/p>\n<p class=\"paragraph\">Los malos datos de inflaci\u00f3n y actividad ya quedaron atr\u00e1s. A partir de ahora se ver\u00e1n mejores cifras en ambas variables. <b>Luego del pico de 3,4% en marzo se espera que el \u00edndice de abril arroje un nivel apenas superior al 2,5%. Y la expectativa es que en mayo baje otro escal\u00f3n para acercarse al 2% \u00f3 incluso algo menos.<\/b><\/p>\n<div class=\"visual__image\"><picture><source srcset=\"https:\/\/www.infobae.com\/resizer\/v2\/YVF5M2J2ZFHXPHIPCEAU4ZH4AU.png?auth=78d1929dcfb1c15d616b4b40f1f9b122f694903137e3fb94899d56d3811b3b7f&amp;smart=true&amp;width=992&amp;height=554&amp;quality=85\" media=\"(min-width: 1000px)\"><\/source><source srcset=\"https:\/\/www.infobae.com\/resizer\/v2\/YVF5M2J2ZFHXPHIPCEAU4ZH4AU.png?auth=78d1929dcfb1c15d616b4b40f1f9b122f694903137e3fb94899d56d3811b3b7f&amp;smart=true&amp;width=768&amp;height=429&amp;quality=85\" media=\"(min-width: 768px)\"><\/source><source srcset=\"https:\/\/www.infobae.com\/resizer\/v2\/YVF5M2J2ZFHXPHIPCEAU4ZH4AU.png?auth=78d1929dcfb1c15d616b4b40f1f9b122f694903137e3fb94899d56d3811b3b7f&amp;smart=true&amp;width=577&amp;height=322&amp;quality=85\" media=\"(min-width: 580px)\"><\/source><source srcset=\"https:\/\/www.infobae.com\/resizer\/v2\/YVF5M2J2ZFHXPHIPCEAU4ZH4AU.png?auth=78d1929dcfb1c15d616b4b40f1f9b122f694903137e3fb94899d56d3811b3b7f&amp;smart=true&amp;width=420&amp;height=234&amp;quality=85\" media=\"(min-width: 350px)\"><\/source><source srcset=\"https:\/\/www.infobae.com\/resizer\/v2\/YVF5M2J2ZFHXPHIPCEAU4ZH4AU.png?auth=78d1929dcfb1c15d616b4b40f1f9b122f694903137e3fb94899d56d3811b3b7f&amp;smart=true&amp;width=350&amp;height=195&amp;quality=85\" media=\"(min-width: 80px)\"><\/source><img alt=\"Caricatura de dos hombres sonrientes sentados entre grandes pilas de billetes de d\u00f3lar y monedas de oro, con una bandera argentina y un cuadro al fondo.\" class=\"global-image\" decoding=\"async\" fetchpriority=\"low\" height=\"1536\" loading=\"lazy\" src=\"https:\/\/www.infobae.com\/resizer\/v2\/YVF5M2J2ZFHXPHIPCEAU4ZH4AU.png?auth=78d1929dcfb1c15d616b4b40f1f9b122f694903137e3fb94899d56d3811b3b7f&amp;smart=true&amp;width=350&amp;height=195&amp;quality=85\" width=\"2752\"><\/picture><\/div>\n<p class=\"paragraph\">La ca\u00edda de m\u00e1s de 2% de la econom\u00eda en febrero habr\u00eda sido revertida en buena medida en marzo y en abril. <b>La gradual mejora de los ingresos y la baja de la tasa de inter\u00e9s volver\u00edan a darle algo de impulso al consumo<\/b>. La cuesti\u00f3n hacia adelante es a qu\u00e9 velocidad podr\u00eda darse esta mejora y si ser\u00e1 sostenible en el tiempo.<\/p>\n<h2 class=\"text-align-left vertical-align-top line-height-100 header headline-class-h2 headline\" id=\"datos-de-abril-casta-y-brotes-verdes\">Datos de abril, casta y brotes verdes<\/h2>\n<p class=\"paragraph\">Algunos de los primeros datos conocidos de abril no son contundentes. <b>Cay\u00f3 la venta de autos un 13% interanual, pero vol\u00f3 51% la de motos, en parte por la baja de las tasas y alg\u00fan incremento en l\u00edneas de financiaci\u00f3n.<\/b><\/p>\n<p class=\"paragraph\"><b>Al Gobierno probablemente ya no le alcanzar\u00e1 con seguir hablando contra la casta o asustando con la vuelta del kirchnerismo<\/b>. Precisar\u00e1 mostrar en lo que resta del mandato que el esfuerzo de bajar el gasto, mantener el super\u00e1vit fiscal y una pol\u00edtica monetaria ordenada genera sus frutos, adem\u00e1s de la estabilidad cambiaria.<\/p>\n<p class=\"paragraph\"><b>Si esos \u201cbrotes verdes\u201d no aparecen con cierta firmeza, entonces las turbulencias preelectorales llegar\u00edan mucho antes de lo esperado. Y el mercado ya lo empez\u00f3 a descontar con precios de activos<\/b>, especialmente bonos, que no reflejan los esfuerzos que el Gobierno viene haciendo dar previsibilidad y asegurar los futuros pagos de la deuda.<\/p>\n","protected":false},"excerpt":{"rendered":"<p>Nadie pone bajo sospecha los \u00edndices de confianza del consumidor y en el Gobierno. Ambos son elaborados por la Universidad Di Tella y Poliarqu\u00eda. En abril arrojaron una ca\u00edda de 5% y 12% respectivamente, reflejando con claridad un incremento del malhumor social y desaprobaci\u00f3n a la gesti\u00f3n. El dato impact\u00f3 entre los inversores, porque perciben [&hellip;]<\/p>\n","protected":false},"author":1,"featured_media":8804,"comment_status":"open","ping_status":"open","sticky":false,"template":"","format":"standard","meta":{"footnotes":""},"categories":[1],"tags":[],"class_list":["post-8803","post","type-post","status-publish","format-standard","has-post-thumbnail","hentry","category-uncategorized"],"_links":{"self":[{"href":"https:\/\/cliente1.publisher.highstack.com.ar\/index.php?rest_route=\/wp\/v2\/posts\/8803","targetHints":{"allow":["GET"]}}],"collection":[{"href":"https:\/\/cliente1.publisher.highstack.com.ar\/index.php?rest_route=\/wp\/v2\/posts"}],"about":[{"href":"https:\/\/cliente1.publisher.highstack.com.ar\/index.php?rest_route=\/wp\/v2\/types\/post"}],"author":[{"embeddable":true,"href":"https:\/\/cliente1.publisher.highstack.com.ar\/index.php?rest_route=\/wp\/v2\/users\/1"}],"replies":[{"embeddable":true,"href":"https:\/\/cliente1.publisher.highstack.com.ar\/index.php?rest_route=%2Fwp%2Fv2%2Fcomments&post=8803"}],"version-history":[{"count":0,"href":"https:\/\/cliente1.publisher.highstack.com.ar\/index.php?rest_route=\/wp\/v2\/posts\/8803\/revisions"}],"wp:featuredmedia":[{"embeddable":true,"href":"https:\/\/cliente1.publisher.highstack.com.ar\/index.php?rest_route=\/wp\/v2\/media\/8804"}],"wp:attachment":[{"href":"https:\/\/cliente1.publisher.highstack.com.ar\/index.php?rest_route=%2Fwp%2Fv2%2Fmedia&parent=8803"}],"wp:term":[{"taxonomy":"category","embeddable":true,"href":"https:\/\/cliente1.publisher.highstack.com.ar\/index.php?rest_route=%2Fwp%2Fv2%2Fcategories&post=8803"},{"taxonomy":"post_tag","embeddable":true,"href":"https:\/\/cliente1.publisher.highstack.com.ar\/index.php?rest_route=%2Fwp%2Fv2%2Ftags&post=8803"}],"curies":[{"name":"wp","href":"https:\/\/api.w.org\/{rel}","templated":true}]}}