{"id":8730,"date":"2026-05-02T04:42:55","date_gmt":"2026-05-02T07:42:55","guid":{"rendered":"https:\/\/cliente1.publisher.highstack.com.ar\/?p=8730"},"modified":"2026-05-02T04:42:55","modified_gmt":"2026-05-02T07:42:55","slug":"peronismo-federal-sin-nombres-pero-con-ideas-en-busca-de-una-alternativa-a-milei-para-2027","status":"publish","type":"post","link":"https:\/\/cliente1.publisher.highstack.com.ar\/?p=8730","title":{"rendered":"Peronismo Federal: sin nombres pero con ideas en busca de una alternativa a Milei para 2027"},"content":{"rendered":"<div class=\"article__content standard\" id=\"article-content\">\n<p>\u201cEsto no es en contra de nadie\u201d, se encargaron de transmitir los dirigentes peronistas durante los d\u00edas previos al lanzamiento de un nuevo espacio. Hablaron con los candidatos a presidente que suenan dentro del peronismo pero tambi\u00e9n con todos los gobernadores (inclu\u00eddos los que est\u00e1n hoy alejados del espacio) para detallar los movimientos. Los posibles postulantes para 2027 quedaron fuera del evento por una premisa clara: no discutir candidaturas sino ideas para convertirse en una alternativa a Javier Milei. <\/p>\n<p>Este viernes, el Peronismo Federal reuni\u00f3 a m\u00e1s de 4000 dirigentes entre los que se participaron 20 legisladores nacionales, 70 intendentes, 120 concejales y distintos dirigentes territoriales que le dieron vol\u00famen pol\u00edtico a la iniciativa encabezada por Juan Manuel Olmos, Guillermo Michel y Victoria Tolosa Paz. Hubo representaci\u00f3n de 19 de los 24 distritos. <\/p>\n<p>Desde la organizaci\u00f3n se dej\u00f3 en claro  \u201cla necesidad de avanzar en la construcci\u00f3n de un peronismo con base territorial, representativo de la Argentina productiva y con protagonismo de las provincias, descentrando el debate pol\u00edtico de la l\u00f3gica del AMBA\u201d. <\/p>\n<p>El nuevo espacio busca discutir el peronismo que viene pretendiendo cobijar a un sector importante que no quiere encasillarse detr\u00e1s de ninguna postulaci\u00f3n presidencial, algo que buscan discutir despu\u00e9s de ponerse de acuerdo en las ideas con las que llegar al poder en caso de ganar una elecci\u00f3n. <\/p>\n<p>Los impulsores de este Peronismo Federal buscan mostrar un peronismo \u201cracional\u201d, capaz de dar debates inc\u00f3modos como retenciones, inflaci\u00f3n o inseguridad, sin esquivarlos. <\/p>\n<p>En ese camino, reconocen la necesidad de ampliar la base pol\u00edtica. Algunos de los dirigentes dialoguistas admiten que existen tensiones hist\u00f3ricas, pero proponen superarlas: \u201c\u00bfHay algunos que tienen problemas con el kirchnerismo? Bueno, nosotros tenemos problemas con el macrismo y algunos con los que estamos hablando fueron aliados de ellos, pero ahora hay que sentarse y dialogar\u201d.<\/p>\n<p>Entre los gobernadores con los que hablaron los organizadores los d\u00edas previos hay algunos como Mart\u00edn Llaryora de C\u00f3rdoba que ser\u00eda toda una novedad pensar dentro de un gran espacio que compita contra Milei. El jefe provincial funcion\u00f3 muchas veces de aliado de Javier Milei pero no tuvo problema en habilitar a algunos intendentes de su provincia a participar del evento de este viernes. <\/p>\n<p>Aunque se trata de un espacio de perfil federal, para los dirigentes de la provincia de Buenos Aires tambi\u00e9n representa una oportunidad para salir de la interna en la que est\u00e1n atrapados entre Cristina Kirchner y Axel Kicillof. <\/p>\n<p>Despu\u00e9s de varias horas de debates uno de los armadores del espacio y Auditor General de la Naci\u00f3n, Juan Manuel Olmos, sostuvo: \u201cHay que discutir mucho de las ideas, poco de las cosas y nada de las personas. Esto no es en contra de ning\u00fan compa\u00f1ero ni ninguna compa\u00f1era, es un proceso colectivo de debate transversal y federal\u201d. Y agreg\u00f3: \u201cA nosotros no nos molestan las formas de Milei; lo que nos duele es que la gente se est\u00e9 quedando sin trabajo, que cierren las empresas y que los argentinos no lleguen a fin de mes\u201d.  En ese sentido concluy\u00f3: \u201cEl peronismo se tiene que transformar de oposici\u00f3n en alternativa para volver a gobernar la Argentina\u201d.<\/p>\n<p>El diputado por Entre R\u00edos, Guillermo Michel, explic\u00f3 que \u201ccon este encuentro queremos poner en discusi\u00f3n los valores que el peronismo debe representar: el federalismo, la producci\u00f3n, el trabajo y, sobre todo, la mejora concreta en la vida de la gente\u201d. Como oposici\u00f3n al modelo libertario advirti\u00f3: \u201cMilei no est\u00e1 buscando poner en pr\u00e1ctica un programa econ\u00f3mico, est\u00e1 imponiendo un modelo social con una fuerte desigualdad, sin industria y sin clase media. Nosotros creemos en el super\u00e1vit, pero no el trucho de Javier Milei sino el de N\u00e9stor con la econom\u00eda creciendo y generando puestos de trabajo\u201d.<\/p>\n<p>Por su parte, otra de las armadoras del espacio, la diputada Victoria Tolosa Paz afirm\u00f3 que este 1\u00b0 de mayo \u201cdebe ser una piedra fundacional para reconstruir una alternativa en la Argentina\u201d. La legisladora sostuvo que el peronismo debe volver a ser \u201cla herramienta que ordene la vida cotidiana y recupere la dignidad de nuestro pueblo\u201d y llam\u00f3 a \u201cconstruir un peronismo que convoque, debata y genere nuevos liderazgos\u201d. <\/p>\n<p>Otro de los dirigentes que participan activamente del armado de este espacio es el jefe comunal de Pilar, Federico Achaval, quien cuestion\u00f3 al Gobierno Nacional por promover una mirada individualista que fragmenta a la sociedad. \u201cTenemos la necesidad de recuperar la pol\u00edtica como herramienta de transformaci\u00f3n real, capaz de dar respuestas a los problemas cotidianos de los argentinos, y de construir un proyecto de pa\u00eds federal, productivo y nacional\u201d, dijo el dirigente y remarc\u00f3 que \u201cel peronismo tiene la responsabilidad de debatir con sentido, poniendo siempre en el centro la causa del pueblo argentino, la grandeza de la patria y la felicidad del pueblo\u201d.<\/p>\n<p>Durante la jornada se difundi\u00f3 el documento \u201cPrimero las ideas\u201d, donde se trazaron los principales lineamientos. All\u00ed se advierte que \u201cla situaci\u00f3n de Argentina es de una extrema gravedad\u201d y se plantea que las propuestas presentadas deben entenderse como \u201cel principio\u201d de un debate m\u00e1s amplio.<\/p>\n<p>En el plano econ\u00f3mico, el texto sostiene que \u201cel progreso social sostenido requiere un orden macroecon\u00f3mico que lo respalde\u201d y que \u201cel equilibrio fiscal es una condici\u00f3n t\u00e9cnica necesaria para crecer con estabilidad, pero no es suficiente\u201d. A la vez, remarca que \u201cno se puede distribuir la riqueza que no se genera\u201d y que \u201cla ineficacia en el gasto p\u00fablico es una de las formas m\u00e1s silenciosas de generar desigualdad\u201d.<\/p>\n<p>El documento tambi\u00e9n pone el foco en el trabajo como eje organizador: \u201cEl trabajo debe volver a ser el eje rector de la organizaci\u00f3n de la sociedad\u201d y advierte que \u201cno hay libertad real sin trabajo y sin educaci\u00f3n\u201d. Adem\u00e1s, plantea que \u201cla paz social s\u00f3lo es posible con salarios s\u00f3lidos y fuertes\u201d.<\/p>\n<p>El cierre del encuentro dej\u00f3 una definici\u00f3n que sintetiza el esp\u00edritu del armado: \u201cEl peronismo debate. Para ser alternativa nacional\u201d. Los candidatos, vendr\u00e1n despu\u00e9s. <\/p>\n<p>Tambi\u00e9n tomaron la palabra los secretarios generales de la Confederaci\u00f3n General del Trabajo (CGT), Jorge Sola y Cristian Jer\u00f3nimo; los legisladores nacionales Ernesto Pipo Ali (San Luis), Juan Pablo Luque (Chubut), Marcelo Lewandosky (Santa Fe), Pablo Yedlin (Tucum\u00e1n) y de manera virtual Emir F\u00e9lix (Mendoza). Y los intendentes Mart\u00edn P\u00e9rez (R\u00edo Grande &#8211; Tierra del Fuego), Pablo Corsalini (P\u00e9rez &#8211; Santa Fe), Gisela Barrionuevo (Santa Eufemia &#8211; C\u00f3rdoba), Bel\u00e9n Abdala (Forres &#8211; Santiago del Estero), Pablo Grasso (R\u00edo Gallegos &#8211; Santa Cruz) y Rosario Romero (Paran\u00e1 &#8211; Entre R\u00edos).<\/p>\n<p>Guillermo Snopek, diputado nacional por Jujuy; Jos\u00e9 Urtubey, ex presidente de la UIA; Teresa Madera, vicegobernadora de La Rioja; Kelly Olmos, diputada nacional; y Juan Jos\u00e9 Bahillo, diputado provincial de Entre R\u00edos.<\/p>\n<\/p><\/div>\n<p><\/p>\n","protected":false},"excerpt":{"rendered":"<p>        Distintos dirigentes del peronismo lanzaron ayer en Parque Norte un nuevo espacio en el que decidieron dejar las candidaturas de lado. El objetivo es empezar a debatir el proyecto de gobierno para volver al poder en 2027. Los armadores hablaron con los posibles postulantes, a quienes dejaron afuera del evento, y con los distintos gobernadores. Un espacio federal con representaci\u00f3n de 19 de los 24 distritos. La cita tuvo volumen pol\u00edtico: 20 legisladores nacionales, 70 intendentes, 120 concejales y distintos dirigentes territoriales.<\/p>\n","protected":false},"author":1,"featured_media":8732,"comment_status":"open","ping_status":"open","sticky":false,"template":"","format":"standard","meta":{"footnotes":""},"categories":[1],"tags":[4,2,2122],"class_list":["post-8730","post","type-post","status-publish","format-standard","has-post-thumbnail","hentry","category-uncategorized","tag-entre-rios","tag-guillermo-michel","tag-rosario-romero"],"_links":{"self":[{"href":"https:\/\/cliente1.publisher.highstack.com.ar\/index.php?rest_route=\/wp\/v2\/posts\/8730","targetHints":{"allow":["GET"]}}],"collection":[{"href":"https:\/\/cliente1.publisher.highstack.com.ar\/index.php?rest_route=\/wp\/v2\/posts"}],"about":[{"href":"https:\/\/cliente1.publisher.highstack.com.ar\/index.php?rest_route=\/wp\/v2\/types\/post"}],"author":[{"embeddable":true,"href":"https:\/\/cliente1.publisher.highstack.com.ar\/index.php?rest_route=\/wp\/v2\/users\/1"}],"replies":[{"embeddable":true,"href":"https:\/\/cliente1.publisher.highstack.com.ar\/index.php?rest_route=%2Fwp%2Fv2%2Fcomments&post=8730"}],"version-history":[{"count":1,"href":"https:\/\/cliente1.publisher.highstack.com.ar\/index.php?rest_route=\/wp\/v2\/posts\/8730\/revisions"}],"predecessor-version":[{"id":8731,"href":"https:\/\/cliente1.publisher.highstack.com.ar\/index.php?rest_route=\/wp\/v2\/posts\/8730\/revisions\/8731"}],"wp:featuredmedia":[{"embeddable":true,"href":"https:\/\/cliente1.publisher.highstack.com.ar\/index.php?rest_route=\/wp\/v2\/media\/8732"}],"wp:attachment":[{"href":"https:\/\/cliente1.publisher.highstack.com.ar\/index.php?rest_route=%2Fwp%2Fv2%2Fmedia&parent=8730"}],"wp:term":[{"taxonomy":"category","embeddable":true,"href":"https:\/\/cliente1.publisher.highstack.com.ar\/index.php?rest_route=%2Fwp%2Fv2%2Fcategories&post=8730"},{"taxonomy":"post_tag","embeddable":true,"href":"https:\/\/cliente1.publisher.highstack.com.ar\/index.php?rest_route=%2Fwp%2Fv2%2Ftags&post=8730"}],"curies":[{"name":"wp","href":"https:\/\/api.w.org\/{rel}","templated":true}]}}