{"id":8728,"date":"2026-05-02T03:48:13","date_gmt":"2026-05-02T06:48:13","guid":{"rendered":"https:\/\/cliente1.publisher.highstack.com.ar\/?p=8728"},"modified":"2026-05-02T03:48:13","modified_gmt":"2026-05-02T06:48:13","slug":"mojtaba-khamenei-exigio-a-los-iranies-librar-una-batalla-economica-para-decepcionar-a-estados-unidos-e-israel","status":"publish","type":"post","link":"https:\/\/cliente1.publisher.highstack.com.ar\/?p=8728","title":{"rendered":"Mojtaba Khamenei exigi\u00f3 a los iran\u00edes librar una batalla econ\u00f3mica para \u201cdecepcionar\u201d a Estados Unidos e Israel"},"content":{"rendered":"<div class=\"visual__image image-initial-width\"><picture><source srcset=\"https:\/\/www.infobae.com\/resizer\/v2\/6BGLJRESERBTHLYLRCF2VZXBV4.JPG?auth=ab2654fed7f870c617be26a5a0675f73a8d6b1c2c654c3de4cd54e9ba4f9a34e&amp;smart=true&amp;width=992&amp;height=661&amp;quality=85\" media=\"(min-width: 1000px)\"><\/source><source srcset=\"https:\/\/www.infobae.com\/resizer\/v2\/6BGLJRESERBTHLYLRCF2VZXBV4.JPG?auth=ab2654fed7f870c617be26a5a0675f73a8d6b1c2c654c3de4cd54e9ba4f9a34e&amp;smart=true&amp;width=768&amp;height=512&amp;quality=85\" media=\"(min-width: 768px)\"><\/source><source srcset=\"https:\/\/www.infobae.com\/resizer\/v2\/6BGLJRESERBTHLYLRCF2VZXBV4.JPG?auth=ab2654fed7f870c617be26a5a0675f73a8d6b1c2c654c3de4cd54e9ba4f9a34e&amp;smart=true&amp;width=577&amp;height=385&amp;quality=85\" media=\"(min-width: 580px)\"><\/source><source srcset=\"https:\/\/www.infobae.com\/resizer\/v2\/6BGLJRESERBTHLYLRCF2VZXBV4.JPG?auth=ab2654fed7f870c617be26a5a0675f73a8d6b1c2c654c3de4cd54e9ba4f9a34e&amp;smart=true&amp;width=420&amp;height=280&amp;quality=85\" media=\"(min-width: 350px)\"><\/source><source srcset=\"https:\/\/www.infobae.com\/resizer\/v2\/6BGLJRESERBTHLYLRCF2VZXBV4.JPG?auth=ab2654fed7f870c617be26a5a0675f73a8d6b1c2c654c3de4cd54e9ba4f9a34e&amp;smart=true&amp;width=350&amp;height=233&amp;quality=85\" media=\"(min-width: 80px)\"><\/source><\/picture><\/div>\n<p class=\"paragraph\">El l\u00edder supremo de\u00a0Ir\u00e1n, el ayatollah\u00a0<b>Mojtaba Khamenei<\/b>, inst\u00f3 a la poblaci\u00f3n iran\u00ed a librar una batalla econ\u00f3mica y a \u201cdecepcionar\u201d a los enemigos del pa\u00eds, en referencia a Estados Unidos e Israel, en un contexto donde Washington presiona al r\u00e9gimen de Teher\u00e1n con sanciones a entidades financieras que apoyan al pa\u00eds persa.<\/p>\n<p class=\"paragraph\">En un comunicado escrito, Khamenei afirm\u00f3 que la rep\u00fablica isl\u00e1mica \u201cdemostr\u00f3 al mundo en una batalla militar contra los enemigos su progreso y excelencia\u201d, pero se\u00f1al\u00f3 que \u201c<b>tambi\u00e9n debe decepcionarlos y derrotarlos en la etapa de la yihad econ\u00f3mica y cultural<\/b>\u201d.<\/p>\n<div class=\"inline ad-wrapper dfpAd ad-inline ad-text ad-component-container\" style=\"--ad-shell-height:250px;--ad-shell-width:300px\" data-ad-wrapper=\"arcad\" data-ad-type=\"inline\" data-ad-slot=\"infobae\/america\/mundo\/nota\/inline\" data-ad-container=\"dfp\" data-ad-slot-name=\"infobae\/america\/mundo\/nota\/inline\">\n<p class=\"ad-shell-label\">PUBLICIDAD<\/p>\n<div id=\"infobae\/america\/mundo\/nota\/inline\" class=\"infobae\/america\/mundo\/nota\/inline arcad ad-slot-node ad-slot-node--boxed\" data-ad-slot-id=\"infobae\/america\/mundo\/nota\/inline\"><\/div>\n<\/div>\n<p class=\"paragraph\">El hijo del depuesto ex l\u00edder supremo <b>Ali Khamenei<\/b> llam\u00f3 a \u201c<b>priorizar el consumo de productos fabricados en el pa\u00eds<\/b>\u201d y pidi\u00f3 a los empresarios afectados evitar despidos y la separaci\u00f3n de empleados. <\/p>\n<p class=\"paragraph\">Pese al alto el fuego vigente en la guerra de Medio Oriente, el ej\u00e9rcito estadounidense bloque\u00f3 los puertos de Ir\u00e1n, interrumpiendo los env\u00edos de petr\u00f3leo, un ingreso vital para las arcas del r\u00e9gimen. Seg\u00fan el centro nacional de estad\u00edsticas iran\u00ed, la inflaci\u00f3n super\u00f3 el 50% en las \u00faltimas semanas.<\/p>\n<div class=\"inline_2 ad-wrapper dfpAd ad-inline ad-text ad-component-container\" style=\"--ad-shell-height:250px;--ad-shell-width:300px\" data-ad-wrapper=\"arcad\" data-ad-type=\"inline_2\" data-ad-slot=\"infobae\/america\/mundo\/nota\/inline_2\" data-ad-container=\"dfp\" data-ad-slot-name=\"infobae\/america\/mundo\/nota\/inline_2\">\n<p class=\"ad-shell-label\">PUBLICIDAD<\/p>\n<div id=\"infobae\/america\/mundo\/nota\/inline_2\" class=\"infobae\/america\/mundo\/nota\/inline_2 arcad ad-slot-node ad-slot-node--boxed\" data-ad-slot-id=\"infobae\/america\/mundo\/nota\/inline_2\"><\/div>\n<\/div>\n<p class=\"paragraph\">De acuerdo con analistas de divisas, el\u00a0<b>rial iran\u00ed<\/b>\u00a0cay\u00f3 a un m\u00ednimo hist\u00f3rico frente al d\u00f3lar durante la semana. Un funcionario laboral inform\u00f3 que\u00a0<b>191.000 personas<\/b>\u00a0solicitaron el subsidio de desempleo tras perder sus trabajos debido a las consecuencias de la guerra.<\/p>\n<div class=\"visual__image\"><picture><source srcset=\"https:\/\/www.infobae.com\/resizer\/v2\/66PEITP7GFFZPJ7BQMU6ABJORY.JPG?auth=317997274e43920e9b4f0e4977df6622687408f4c97db661da89f17cb2de5092&amp;smart=true&amp;width=992&amp;height=661&amp;quality=85\" media=\"(min-width: 1000px)\"><\/source><source srcset=\"https:\/\/www.infobae.com\/resizer\/v2\/66PEITP7GFFZPJ7BQMU6ABJORY.JPG?auth=317997274e43920e9b4f0e4977df6622687408f4c97db661da89f17cb2de5092&amp;smart=true&amp;width=768&amp;height=512&amp;quality=85\" media=\"(min-width: 768px)\"><\/source><source srcset=\"https:\/\/www.infobae.com\/resizer\/v2\/66PEITP7GFFZPJ7BQMU6ABJORY.JPG?auth=317997274e43920e9b4f0e4977df6622687408f4c97db661da89f17cb2de5092&amp;smart=true&amp;width=577&amp;height=385&amp;quality=85\" media=\"(min-width: 580px)\"><\/source><source srcset=\"https:\/\/www.infobae.com\/resizer\/v2\/66PEITP7GFFZPJ7BQMU6ABJORY.JPG?auth=317997274e43920e9b4f0e4977df6622687408f4c97db661da89f17cb2de5092&amp;smart=true&amp;width=420&amp;height=280&amp;quality=85\" media=\"(min-width: 350px)\"><\/source><source srcset=\"https:\/\/www.infobae.com\/resizer\/v2\/66PEITP7GFFZPJ7BQMU6ABJORY.JPG?auth=317997274e43920e9b4f0e4977df6622687408f4c97db661da89f17cb2de5092&amp;smart=true&amp;width=350&amp;height=233&amp;quality=85\" media=\"(min-width: 80px)\"><\/source><img alt=\"Miembros de las fuerzas de seguridad iran\u00edes montan guardia durante una concentraci\u00f3n en apoyo al l\u00edder supremo de Ir\u00e1n, Mojtaba Khamenei, el 9 de marzo de 2026 (REUTERS\/Archivo)\" class=\"global-image\" decoding=\"async\" fetchpriority=\"low\" height=\"3603\" loading=\"lazy\" src=\"https:\/\/www.infobae.com\/resizer\/v2\/66PEITP7GFFZPJ7BQMU6ABJORY.JPG?auth=317997274e43920e9b4f0e4977df6622687408f4c97db661da89f17cb2de5092&amp;smart=true&amp;width=350&amp;height=233&amp;quality=85\" width=\"5404\"><\/picture><\/div>\n<p class=\"paragraph\">En medio del bloqueo de Ir\u00e1n sobre el estrecho de Ormuz y la crisis desatada por el conflicto, Khamenei anim\u00f3 a la poblaci\u00f3n a mantener su apoyo a las <b>Fuerzas Armadas<\/b> y pidi\u00f3 a los empresarios \u201cconsiderar a cada trabajador como un activo valioso\u201d, en respaldo a las medidas del r\u00e9gimen.<\/p>\n<div class=\"ad_1 ad-wrapper dfpAd ad-1-al-6 ad-text ad-component-container\" style=\"--ad-shell-height:250px;--ad-shell-width:300px\" data-ad-wrapper=\"arcad\" data-ad-type=\"ad_1\" data-ad-slot=\"infobae\/america\/mundo\/nota\/ad_1\" data-ad-container=\"dfp\" data-ad-slot-name=\"infobae\/america\/mundo\/nota\/ad_1\">\n<p class=\"ad-shell-label\">PUBLICIDAD<\/p>\n<div id=\"infobae\/america\/mundo\/nota\/ad_1\" class=\"infobae\/america\/mundo\/nota\/ad_1 arcad ad-slot-node ad-slot-node--boxed\" data-ad-slot-id=\"infobae\/america\/mundo\/nota\/ad_1\"><\/div>\n<\/div>\n<p class=\"paragraph\">Por otra parte, en su mensaje por el D\u00eda del Trabajo y el D\u00eda del Maestro en el pa\u00eds persa, Khamenei expres\u00f3: \u201cIr\u00e1n, tras a\u00f1os de esfuerzo, si Dios quiere y por la gracia divina, se ha consolidado como potencia militar al definir la identidad iran\u00ed-isl\u00e1mica e inculcarla lo m\u00e1s profundamente posible en la mente y el alma de la juventud\u201d.<\/p>\n<p class=\"paragraph\">El l\u00edder supremo iran\u00ed elogi\u00f3 a los educadores como el \u201ceslab\u00f3n m\u00e1s eficaz en la batalla cultural\u201d y a los trabajadores por ser \u201cel elemento m\u00e1s eficaz en la batalla econ\u00f3mica\u201d. A\u00f1adi\u00f3: \u201cAmbos constituyen la columna vertebral de los \u00e1mbitos cultural y econ\u00f3mico. Por lo tanto, es necesario que sean plenamente conscientes de la importancia de su posici\u00f3n espec\u00edfica, m\u00e1s all\u00e1 de un simple trabajo remunerado\u201d.<\/p>\n<div class=\"ad_2 ad-wrapper dfpAd ad-1-al-6 ad-text ad-component-container\" style=\"--ad-shell-height:250px;--ad-shell-width:300px\" data-ad-wrapper=\"arcad\" data-ad-type=\"ad_2\" data-ad-slot=\"infobae\/america\/mundo\/nota\/ad_2\" data-ad-container=\"dfp\" data-ad-slot-name=\"infobae\/america\/mundo\/nota\/ad_2\">\n<p class=\"ad-shell-label\">PUBLICIDAD<\/p>\n<div id=\"infobae\/america\/mundo\/nota\/ad_2\" class=\"infobae\/america\/mundo\/nota\/ad_2 arcad ad-slot-node ad-slot-node--boxed\" data-ad-slot-id=\"infobae\/america\/mundo\/nota\/ad_2\"><\/div>\n<\/div>\n<p class=\"paragraph\">Cabe recordar que durante diciembre de 2025 y los primeros dos meses de 2026, la brutal represi\u00f3n del r\u00e9gimen asesin\u00f3 a miles de manifestantes que ped\u00edan un cambio de autoridades ante el desequilibrio econ\u00f3mico que a\u00fan atraviesa Ir\u00e1n.<\/p>\n<div class=\"visual__image\"><picture><source srcset=\"https:\/\/www.infobae.com\/resizer\/v2\/NNHEQYKC55EFBJK2MR66DZPWCM.jpg?auth=f6d24b2458aa59655f68d6265b2a86c77b749631ede24e73dec4522fe454f424&amp;smart=true&amp;width=992&amp;height=711&amp;quality=85\" media=\"(min-width: 1000px)\"><\/source><source srcset=\"https:\/\/www.infobae.com\/resizer\/v2\/NNHEQYKC55EFBJK2MR66DZPWCM.jpg?auth=f6d24b2458aa59655f68d6265b2a86c77b749631ede24e73dec4522fe454f424&amp;smart=true&amp;width=768&amp;height=551&amp;quality=85\" media=\"(min-width: 768px)\"><\/source><source srcset=\"https:\/\/www.infobae.com\/resizer\/v2\/NNHEQYKC55EFBJK2MR66DZPWCM.jpg?auth=f6d24b2458aa59655f68d6265b2a86c77b749631ede24e73dec4522fe454f424&amp;smart=true&amp;width=577&amp;height=414&amp;quality=85\" media=\"(min-width: 580px)\"><\/source><source srcset=\"https:\/\/www.infobae.com\/resizer\/v2\/NNHEQYKC55EFBJK2MR66DZPWCM.jpg?auth=f6d24b2458aa59655f68d6265b2a86c77b749631ede24e73dec4522fe454f424&amp;smart=true&amp;width=420&amp;height=301&amp;quality=85\" media=\"(min-width: 350px)\"><\/source><source srcset=\"https:\/\/www.infobae.com\/resizer\/v2\/NNHEQYKC55EFBJK2MR66DZPWCM.jpg?auth=f6d24b2458aa59655f68d6265b2a86c77b749631ede24e73dec4522fe454f424&amp;smart=true&amp;width=350&amp;height=251&amp;quality=85\" media=\"(min-width: 80px)\"><\/source><img alt=\"Iran\u00edes participan en una protesta contra el r\u00e9gimen en Teher\u00e1n, Ir\u00e1n, el 9 de enero de 2026 (AP, archivo)\" class=\"global-image\" decoding=\"async\" fetchpriority=\"low\" height=\"3533\" loading=\"lazy\" src=\"https:\/\/www.infobae.com\/resizer\/v2\/NNHEQYKC55EFBJK2MR66DZPWCM.jpg?auth=f6d24b2458aa59655f68d6265b2a86c77b749631ede24e73dec4522fe454f424&amp;smart=true&amp;width=350&amp;height=251&amp;quality=85\" width=\"4926\"><\/picture><\/div>\n<p class=\"paragraph\">El jueves pasado, el l\u00edder supremo iran\u00ed firm\u00f3 una declaraci\u00f3n oficial en la que defini\u00f3 la presencia de <b>Estados Unidos<\/b> en el <b>Golfo P\u00e9rsico<\/b> como el principal factor de inestabilidad en la regi\u00f3n y anunci\u00f3 el inicio de \u201cuna nueva era\u201d tras la \u00faltima movilizaci\u00f3n militar en el <b>estrecho de Ormuz<\/b>.<\/p>\n<div class=\"ad_3 ad-wrapper dfpAd ad-1-al-6 ad-text ad-component-container\" style=\"--ad-shell-height:250px;--ad-shell-width:300px\" data-ad-wrapper=\"arcad\" data-ad-type=\"ad_3\" data-ad-slot=\"infobae\/america\/mundo\/nota\/ad_3\" data-ad-container=\"dfp\" data-ad-slot-name=\"infobae\/america\/mundo\/nota\/ad_3\">\n<p class=\"ad-shell-label\">PUBLICIDAD<\/p>\n<div id=\"infobae\/america\/mundo\/nota\/ad_3\" class=\"infobae\/america\/mundo\/nota\/ad_3 arcad ad-slot-node ad-slot-node--boxed\" data-ad-slot-id=\"infobae\/america\/mundo\/nota\/ad_3\"><\/div>\n<\/div>\n<p class=\"paragraph\">El texto, difundido en el aniversario del control iran\u00ed sobre esa v\u00eda estrat\u00e9gica, sostiene que la influencia extranjera atraviesa un declive irreversible y advierte que los enemigos de Ir\u00e1n solo tendr\u00e1n cabida en \u201clas aguas m\u00e1s profundas\u201d del golfo. En su mensaje, Khamenei reivindic\u00f3 la fecha del <b>30 de abril<\/b> como <b>D\u00eda Nacional del Golfo P\u00e9rsico<\/b> y subray\u00f3 que Ir\u00e1n posee la costa m\u00e1s extensa de la regi\u00f3n.<\/p>\n<p class=\"paragraph\"> <b>\u201cHoy, dos meses despu\u00e9s de la mayor movilizaci\u00f3n militar y agresi\u00f3n de las potencias arrogantes en la regi\u00f3n y la humillante derrota de Estados Unidos, se vislumbra una nueva era para el Golfo P\u00e9rsico y el Estrecho de Ormuz\u201d<\/b>, expres\u00f3 Khamenei, al definir el momento actual como un punto de quiebre para el balance geopol\u00edtico regional.<\/p>\n<div class=\"ad_4 ad-wrapper dfpAd ad-1-al-6 ad-text ad-component-container\" style=\"--ad-shell-height:250px;--ad-shell-width:300px\" data-ad-wrapper=\"arcad\" data-ad-type=\"ad_4\" data-ad-slot=\"infobae\/america\/mundo\/nota\/ad_4\" data-ad-container=\"dfp\" data-ad-slot-name=\"infobae\/america\/mundo\/nota\/ad_4\">\n<p class=\"ad-shell-label\">PUBLICIDAD<\/p>\n<div id=\"infobae\/america\/mundo\/nota\/ad_4\" class=\"infobae\/america\/mundo\/nota\/ad_4 arcad ad-slot-node ad-slot-node--boxed\" data-ad-slot-id=\"infobae\/america\/mundo\/nota\/ad_4\"><\/div>\n<\/div>\n<p class=\"paragraph\"><i>(Con informaci\u00f3n de AFP y Europa Press)<\/i><\/p>\n","protected":false},"excerpt":{"rendered":"<p>El l\u00edder supremo de\u00a0Ir\u00e1n, el ayatollah\u00a0Mojtaba Khamenei, inst\u00f3 a la poblaci\u00f3n iran\u00ed a librar una batalla econ\u00f3mica y a \u201cdecepcionar\u201d a los enemigos del pa\u00eds, en referencia a Estados Unidos e Israel, en un contexto donde Washington presiona al r\u00e9gimen de Teher\u00e1n con sanciones a entidades financieras que apoyan al pa\u00eds persa. En un comunicado [&hellip;]<\/p>\n","protected":false},"author":1,"featured_media":8729,"comment_status":"open","ping_status":"open","sticky":false,"template":"","format":"standard","meta":{"footnotes":""},"categories":[1],"tags":[],"class_list":["post-8728","post","type-post","status-publish","format-standard","has-post-thumbnail","hentry","category-uncategorized"],"_links":{"self":[{"href":"https:\/\/cliente1.publisher.highstack.com.ar\/index.php?rest_route=\/wp\/v2\/posts\/8728","targetHints":{"allow":["GET"]}}],"collection":[{"href":"https:\/\/cliente1.publisher.highstack.com.ar\/index.php?rest_route=\/wp\/v2\/posts"}],"about":[{"href":"https:\/\/cliente1.publisher.highstack.com.ar\/index.php?rest_route=\/wp\/v2\/types\/post"}],"author":[{"embeddable":true,"href":"https:\/\/cliente1.publisher.highstack.com.ar\/index.php?rest_route=\/wp\/v2\/users\/1"}],"replies":[{"embeddable":true,"href":"https:\/\/cliente1.publisher.highstack.com.ar\/index.php?rest_route=%2Fwp%2Fv2%2Fcomments&post=8728"}],"version-history":[{"count":0,"href":"https:\/\/cliente1.publisher.highstack.com.ar\/index.php?rest_route=\/wp\/v2\/posts\/8728\/revisions"}],"wp:featuredmedia":[{"embeddable":true,"href":"https:\/\/cliente1.publisher.highstack.com.ar\/index.php?rest_route=\/wp\/v2\/media\/8729"}],"wp:attachment":[{"href":"https:\/\/cliente1.publisher.highstack.com.ar\/index.php?rest_route=%2Fwp%2Fv2%2Fmedia&parent=8728"}],"wp:term":[{"taxonomy":"category","embeddable":true,"href":"https:\/\/cliente1.publisher.highstack.com.ar\/index.php?rest_route=%2Fwp%2Fv2%2Fcategories&post=8728"},{"taxonomy":"post_tag","embeddable":true,"href":"https:\/\/cliente1.publisher.highstack.com.ar\/index.php?rest_route=%2Fwp%2Fv2%2Ftags&post=8728"}],"curies":[{"name":"wp","href":"https:\/\/api.w.org\/{rel}","templated":true}]}}