{"id":8726,"date":"2026-05-02T03:42:02","date_gmt":"2026-05-02T06:42:02","guid":{"rendered":"https:\/\/cliente1.publisher.highstack.com.ar\/?p=8726"},"modified":"2026-05-02T03:42:02","modified_gmt":"2026-05-02T06:42:02","slug":"la-libertad-avanza-busca-dar-vuelta-la-pagina-tras-el-informe-de-adorni-y-salir-de-la-paralisis-en-el-congresolas-denuncias-contra-el-jefe-de-gabinete-monopolizaron-la-atencion-publica-y-frenaron-los","status":"publish","type":"post","link":"https:\/\/cliente1.publisher.highstack.com.ar\/?p=8726","title":{"rendered":"La Libertad Avanza busca dar vuelta la p\u00e1gina tras el informe de Adorni y salir de la par\u00e1lisis en el CongresoLas denuncias contra el Jefe de Gabinete monopolizaron la atenci\u00f3n p\u00fablica y frenaron los acuerdos legislativos. La eliminaci\u00f3n de las PASO encabeza la lista de proyectos que el oficialismo buscar\u00e1 reflotar"},"content":{"rendered":"<div class=\"visual__image image-initial-width\"><picture><source srcset=\"https:\/\/www.infobae.com\/resizer\/v2\/D4JNAOCVMNGWHEEKN2LHLKOKFY.jpeg?auth=77fded813cdb2b35c894c7890d50e8d6206dea7721c2193f0307ad06f7df2b27&amp;smart=true&amp;width=992&amp;height=661&amp;quality=85\" media=\"(min-width: 1000px)\"><\/source><source srcset=\"https:\/\/www.infobae.com\/resizer\/v2\/D4JNAOCVMNGWHEEKN2LHLKOKFY.jpeg?auth=77fded813cdb2b35c894c7890d50e8d6206dea7721c2193f0307ad06f7df2b27&amp;smart=true&amp;width=768&amp;height=512&amp;quality=85\" media=\"(min-width: 768px)\"><\/source><source srcset=\"https:\/\/www.infobae.com\/resizer\/v2\/D4JNAOCVMNGWHEEKN2LHLKOKFY.jpeg?auth=77fded813cdb2b35c894c7890d50e8d6206dea7721c2193f0307ad06f7df2b27&amp;smart=true&amp;width=577&amp;height=384&amp;quality=85\" media=\"(min-width: 580px)\"><\/source><source srcset=\"https:\/\/www.infobae.com\/resizer\/v2\/D4JNAOCVMNGWHEEKN2LHLKOKFY.jpeg?auth=77fded813cdb2b35c894c7890d50e8d6206dea7721c2193f0307ad06f7df2b27&amp;smart=true&amp;width=420&amp;height=280&amp;quality=85\" media=\"(min-width: 350px)\"><\/source><source srcset=\"https:\/\/www.infobae.com\/resizer\/v2\/D4JNAOCVMNGWHEEKN2LHLKOKFY.jpeg?auth=77fded813cdb2b35c894c7890d50e8d6206dea7721c2193f0307ad06f7df2b27&amp;smart=true&amp;width=350&amp;height=233&amp;quality=85\" media=\"(min-width: 80px)\"><\/source><img alt=\"Manuel Adorni en el Congreso\" class=\"global-image\" decoding=\"async\" fetchpriority=\"high\" height=\"1066\" loading=\"eager\" src=\"https:\/\/www.infobae.com\/resizer\/v2\/D4JNAOCVMNGWHEEKN2LHLKOKFY.jpeg?auth=77fded813cdb2b35c894c7890d50e8d6206dea7721c2193f0307ad06f7df2b27&amp;smart=true&amp;width=350&amp;height=233&amp;quality=85\" width=\"1600\"><\/picture><\/div>\n<p class=\"paragraph\"><b>\u201cLa exposici\u00f3n fue contundente, tema terminado\u201d<\/b>. Mientras se retiraban del recinto tras el informe de gesti\u00f3n de Manuel Adorni, los diputados de La Libertad Avanza <b>se ilusionaban con la idea de retomar su agenda de reformas en el Congreso. <\/b><\/p>\n<p class=\"paragraph\">Durante los \u00faltimos dos meses el oficialismo envi\u00f3 al Senado y a la C\u00e1mara de Diputados <b>varios proyectos de alto impacto,<\/b> pero se encontr\u00f3 con grandes dificultades para reunir consensos y avanzar con el tr\u00e1mite legislativo. En parte fue por el <b>rechazo de los bloques aliados <\/b>a algunos puntos de los proyectos pero tambi\u00e9n porque la conversaci\u00f3n p\u00fablica giraba casi exclusivamente en torno a las denuncias contra el jefe de Gabinete. El miedo de que una sesi\u00f3n se terminara convirtiendo en un <b>pedido de interpelaci\u00f3n<\/b> estaba latente y el oficialismo eligi\u00f3 esperar a que el funcionario primero diera las explicaciones correspondientes.<\/p>\n<div class=\"inline ad-wrapper dfpAd ad-inline ad-text ad-component-container\" style=\"--ad-shell-height:250px;--ad-shell-width:300px\" data-ad-wrapper=\"arcad\" data-ad-type=\"inline\" data-ad-slot=\"infobae\/politica\/nota\/inline\" data-ad-container=\"dfp\" data-ad-slot-name=\"infobae\/politica\/nota\/inline\">\n<p class=\"ad-shell-label\">PUBLICIDAD<\/p>\n<div id=\"infobae\/politica\/nota\/inline\" class=\"infobae\/politica\/nota\/inline arcad ad-slot-node ad-slot-node--boxed\" data-ad-slot-id=\"infobae\/politica\/nota\/inline\"><\/div>\n<\/div>\n<p class=\"paragraph\">Ahora los libertarios aseguran que el tema deber\u00e1 seguir su tr\u00e1mite exclusivamente en la Justicia y esperan poder dar vuelta la p\u00e1gina: <b>entre sus prioridades se destaca la eliminaci\u00f3n de las elecciones Primarias, Abiertas, Simult\u00e1neas y Obligatorias (PASO)<\/b>. La reforma pol\u00edtica, que tambi\u00e9n incluye cambios en el financiamiento de las campa\u00f1as y en el r\u00e9gimen de reconocimiento de los partidos pol\u00edticos, <b>debe ser aprobada este a\u00f1o<\/b>, ya que encontrar\u00e1 cada vez m\u00e1s dificultades para sumar apoyo a medida que se acerque el calendario electoral. \u201c<b>La mayor\u00eda de los gobernadores van a buscar diferenciarse del oficialismo para el momento de las elecciones<\/b>\u201d, reconocen en las filas de LLA. <\/p>\n<div class=\"visual__image\"><picture><source srcset=\"https:\/\/www.infobae.com\/resizer\/v2\/ZWYPI6X2H5GNFERED4TS7DAAII.jpg?auth=5c0770dd939bd60410085deab8d87147306994bef53f852433d2af47f95b23c3&amp;smart=true&amp;width=992&amp;height=652&amp;quality=85\" media=\"(min-width: 1000px)\"><\/source><source srcset=\"https:\/\/www.infobae.com\/resizer\/v2\/ZWYPI6X2H5GNFERED4TS7DAAII.jpg?auth=5c0770dd939bd60410085deab8d87147306994bef53f852433d2af47f95b23c3&amp;smart=true&amp;width=768&amp;height=505&amp;quality=85\" media=\"(min-width: 768px)\"><\/source><source srcset=\"https:\/\/www.infobae.com\/resizer\/v2\/ZWYPI6X2H5GNFERED4TS7DAAII.jpg?auth=5c0770dd939bd60410085deab8d87147306994bef53f852433d2af47f95b23c3&amp;smart=true&amp;width=577&amp;height=379&amp;quality=85\" media=\"(min-width: 580px)\"><\/source><source srcset=\"https:\/\/www.infobae.com\/resizer\/v2\/ZWYPI6X2H5GNFERED4TS7DAAII.jpg?auth=5c0770dd939bd60410085deab8d87147306994bef53f852433d2af47f95b23c3&amp;smart=true&amp;width=420&amp;height=276&amp;quality=85\" media=\"(min-width: 350px)\"><\/source><source srcset=\"https:\/\/www.infobae.com\/resizer\/v2\/ZWYPI6X2H5GNFERED4TS7DAAII.jpg?auth=5c0770dd939bd60410085deab8d87147306994bef53f852433d2af47f95b23c3&amp;smart=true&amp;width=350&amp;height=230&amp;quality=85\" media=\"(min-width: 80px)\"><\/source><img alt=\"Osvaldo Jaldo, gobernador de Tucum\u00e1n\" class=\"global-image\" decoding=\"async\" fetchpriority=\"low\" height=\"996\" loading=\"lazy\" src=\"https:\/\/www.infobae.com\/resizer\/v2\/ZWYPI6X2H5GNFERED4TS7DAAII.jpg?auth=5c0770dd939bd60410085deab8d87147306994bef53f852433d2af47f95b23c3&amp;smart=true&amp;width=350&amp;height=230&amp;quality=85\" width=\"1515\"><\/picture><\/div>\n<p class=\"paragraph\">Las declaraciones de los gobernadores <b>Ra\u00fal Jalil <\/b>(Catamarca) y <b>Osvaldo Jaldo <\/b>(Tucum\u00e1n) en contra de la eliminaci\u00f3n de las PASO fueron un balde de agua fr\u00eda para la Casa Rosada. Los gobernadores aliados <b>se sumaron al rechazo del PRO y la UCR<\/b>, que necesitan de esta herramienta para definir candidaturas y conformar alianzas electorales. Al Gobierno le espera una larga negociaci\u00f3n si pretende convencer a los principales afectados por la reforma pol\u00edtica.<\/p>\n<div class=\"inline_2 ad-wrapper dfpAd ad-inline ad-text ad-component-container\" style=\"--ad-shell-height:250px;--ad-shell-width:300px\" data-ad-wrapper=\"arcad\" data-ad-type=\"inline_2\" data-ad-slot=\"infobae\/politica\/nota\/inline_2\" data-ad-container=\"dfp\" data-ad-slot-name=\"infobae\/politica\/nota\/inline_2\">\n<p class=\"ad-shell-label\">PUBLICIDAD<\/p>\n<div id=\"infobae\/politica\/nota\/inline_2\" class=\"infobae\/politica\/nota\/inline_2 arcad ad-slot-node ad-slot-node--boxed\" data-ad-slot-id=\"infobae\/politica\/nota\/inline_2\"><\/div>\n<\/div>\n<p class=\"paragraph\">Adem\u00e1s, la maniobra de<b> incluir Ficha Limpia en el paquete aument\u00f3 el malestar entre los bloques aliados<\/b>. Tanto el PRO, como la Coalici\u00f3n C\u00edvica, la UCR y Provincias Unidas respaldan la iniciativa, pero exigieron que se trate por separado, para que no quede mezclada con el resto del proyecto, que no re\u00fane consenso. <\/p>\n<p class=\"paragraph\">Entre los proyectos que ya est\u00e1n listos para ir al recinto se destaca la <b>Ley Hojarasca<\/b>, una iniciativa que tiene como objetivo eliminar 70 leyes que, seg\u00fan el Gobierno, generan costos in\u00fatiles a los contribuyentes, se volvieron obsoletas o afectan libertades individuales. El proyecto impulsado por el ministro de Desregulaci\u00f3n Federico Sturzenegger es el m\u00e1s avanzado porque<b> obtuvo dictamen de comisi\u00f3n hace casi dos semanas<\/b> pero el oficialismo no se anim\u00f3 a convocar a sesi\u00f3n. <\/p>\n<div class=\"ad_1 ad-wrapper dfpAd ad-1-al-6 ad-text ad-component-container\" style=\"--ad-shell-height:250px;--ad-shell-width:300px\" data-ad-wrapper=\"arcad\" data-ad-type=\"ad_1\" data-ad-slot=\"infobae\/politica\/nota\/ad_1\" data-ad-container=\"dfp\" data-ad-slot-name=\"infobae\/politica\/nota\/ad_1\">\n<p class=\"ad-shell-label\">PUBLICIDAD<\/p>\n<div id=\"infobae\/politica\/nota\/ad_1\" class=\"infobae\/politica\/nota\/ad_1 arcad ad-slot-node ad-slot-node--boxed\" data-ad-slot-id=\"infobae\/politica\/nota\/ad_1\"><\/div>\n<\/div>\n<div class=\"visual__image\"><picture><source srcset=\"https:\/\/www.infobae.com\/resizer\/v2\/2EGKJMTCWRBXPCRE3Y2XUTAAFE.jpg?auth=0a5c3ef4b2094eb6215afd4014f398a86913b94d5865b7fa6ddae43b8efc45e5&amp;smart=true&amp;width=992&amp;height=661&amp;quality=85\" media=\"(min-width: 1000px)\"><\/source><source srcset=\"https:\/\/www.infobae.com\/resizer\/v2\/2EGKJMTCWRBXPCRE3Y2XUTAAFE.jpg?auth=0a5c3ef4b2094eb6215afd4014f398a86913b94d5865b7fa6ddae43b8efc45e5&amp;smart=true&amp;width=768&amp;height=512&amp;quality=85\" media=\"(min-width: 768px)\"><\/source><source srcset=\"https:\/\/www.infobae.com\/resizer\/v2\/2EGKJMTCWRBXPCRE3Y2XUTAAFE.jpg?auth=0a5c3ef4b2094eb6215afd4014f398a86913b94d5865b7fa6ddae43b8efc45e5&amp;smart=true&amp;width=577&amp;height=385&amp;quality=85\" media=\"(min-width: 580px)\"><\/source><source srcset=\"https:\/\/www.infobae.com\/resizer\/v2\/2EGKJMTCWRBXPCRE3Y2XUTAAFE.jpg?auth=0a5c3ef4b2094eb6215afd4014f398a86913b94d5865b7fa6ddae43b8efc45e5&amp;smart=true&amp;width=420&amp;height=280&amp;quality=85\" media=\"(min-width: 350px)\"><\/source><source srcset=\"https:\/\/www.infobae.com\/resizer\/v2\/2EGKJMTCWRBXPCRE3Y2XUTAAFE.jpg?auth=0a5c3ef4b2094eb6215afd4014f398a86913b94d5865b7fa6ddae43b8efc45e5&amp;smart=true&amp;width=350&amp;height=233&amp;quality=85\" media=\"(min-width: 80px)\"><\/source><img alt=\"FOTOS SENADO - PLENARIA ASUNTOS CONST. Y LEG. GENERAL - STURZENEGGER CIERRE\" class=\"global-image\" decoding=\"async\" fetchpriority=\"low\" height=\"2000\" loading=\"lazy\" src=\"https:\/\/www.infobae.com\/resizer\/v2\/2EGKJMTCWRBXPCRE3Y2XUTAAFE.jpg?auth=0a5c3ef4b2094eb6215afd4014f398a86913b94d5865b7fa6ddae43b8efc45e5&amp;smart=true&amp;width=350&amp;height=233&amp;quality=85\" width=\"3000\"><\/picture><\/div>\n<p class=\"paragraph\">Por otro lado, en el Senado el oficialismo eval\u00faa algunos pedidos de la oposici\u00f3n para llegar a un texto de consenso del proyecto de <b>inviolabilidad de la propiedad privada<\/b>. Esta iniciativa incluye un procedimiento sumar\u00edsimo para <b>recuperar inmuebles usurpados<\/b>, elimina la restricci\u00f3n general para la<b> titularidad extranjera de tierras rurales<\/b>, limita la discrecionalidad del Estado para las <b>expropiaciones <\/b>con nuevos criterios para determinar las indemnizaciones y flexibiliza la ley de manejo del fuego. <\/p>\n<p class=\"paragraph\">Es el proyecto con m\u00e1s chances de avanzar ya que la reforma electoral y la nueva <b>ley de discapacidad<\/b> est\u00e1n lejos de tener los votos necesarios. Este \u00faltimo proyecto es el m\u00e1s pol\u00e9mico ya que propone un <b>reempadronamiento obligatorio para todos los titulares de pensiones por invalidez<\/b>, quienes deber\u00e1n acreditar nuevamente su condici\u00f3n m\u00e9dica, situaci\u00f3n socioecon\u00f3mica y antecedentes laborales. Adem\u00e1s, establece la \u201cincompatibilidad absoluta\u201d con cualquier empleo formal o inscripci\u00f3n en reg\u00edmenes laborales. De aprobarse, la norma eliminar\u00eda la posibilidad de que una persona con discapacidad acceda a un trabajo registrado y mantenga el beneficio, endureciendo una de las condiciones.<\/p>\n<div class=\"ad_2 ad-wrapper dfpAd ad-1-al-6 ad-text ad-component-container\" style=\"--ad-shell-height:250px;--ad-shell-width:300px\" data-ad-wrapper=\"arcad\" data-ad-type=\"ad_2\" data-ad-slot=\"infobae\/politica\/nota\/ad_2\" data-ad-container=\"dfp\" data-ad-slot-name=\"infobae\/politica\/nota\/ad_2\">\n<p class=\"ad-shell-label\">PUBLICIDAD<\/p>\n<div id=\"infobae\/politica\/nota\/ad_2\" class=\"infobae\/politica\/nota\/ad_2 arcad ad-slot-node ad-slot-node--boxed\" data-ad-slot-id=\"infobae\/politica\/nota\/ad_2\"><\/div>\n<\/div>\n<div class=\"visual__image\"><picture><source srcset=\"https:\/\/www.infobae.com\/resizer\/v2\/CVRJUP2XORFKDPZZ2HD5YIBOLM.jpg?auth=befb1f5e7f27a78f6e422e6049029cb624393c3009ee92dd32d9f2b8e4263c74&amp;smart=true&amp;width=992&amp;height=661&amp;quality=85\" media=\"(min-width: 1000px)\"><\/source><source srcset=\"https:\/\/www.infobae.com\/resizer\/v2\/CVRJUP2XORFKDPZZ2HD5YIBOLM.jpg?auth=befb1f5e7f27a78f6e422e6049029cb624393c3009ee92dd32d9f2b8e4263c74&amp;smart=true&amp;width=768&amp;height=512&amp;quality=85\" media=\"(min-width: 768px)\"><\/source><source srcset=\"https:\/\/www.infobae.com\/resizer\/v2\/CVRJUP2XORFKDPZZ2HD5YIBOLM.jpg?auth=befb1f5e7f27a78f6e422e6049029cb624393c3009ee92dd32d9f2b8e4263c74&amp;smart=true&amp;width=577&amp;height=385&amp;quality=85\" media=\"(min-width: 580px)\"><\/source><source srcset=\"https:\/\/www.infobae.com\/resizer\/v2\/CVRJUP2XORFKDPZZ2HD5YIBOLM.jpg?auth=befb1f5e7f27a78f6e422e6049029cb624393c3009ee92dd32d9f2b8e4263c74&amp;smart=true&amp;width=420&amp;height=280&amp;quality=85\" media=\"(min-width: 350px)\"><\/source><source srcset=\"https:\/\/www.infobae.com\/resizer\/v2\/CVRJUP2XORFKDPZZ2HD5YIBOLM.jpg?auth=befb1f5e7f27a78f6e422e6049029cb624393c3009ee92dd32d9f2b8e4263c74&amp;smart=true&amp;width=350&amp;height=233&amp;quality=85\" media=\"(min-width: 80px)\"><\/source><img alt=\"Congreso - Ley de Discapacidad\" class=\"global-image\" decoding=\"async\" fetchpriority=\"low\" height=\"2773\" loading=\"lazy\" src=\"https:\/\/www.infobae.com\/resizer\/v2\/CVRJUP2XORFKDPZZ2HD5YIBOLM.jpg?auth=befb1f5e7f27a78f6e422e6049029cb624393c3009ee92dd32d9f2b8e4263c74&amp;smart=true&amp;width=350&amp;height=233&amp;quality=85\" width=\"4160\"><\/picture><\/div>\n<p class=\"paragraph\">Por lo pronto, a\u00fan no hay reuniones de comisi\u00f3n importantes convocadas para la semana que viene y <b>tampoco se avizora ning\u00fan pedido de sesi\u00f3n en el corto plazo<\/b>. Los libertarios seguramente se tomar\u00e1n una semana para retomar el di\u00e1logo con los aliados y esperar a que la Justicia no le d\u00e9 a la oposici\u00f3n ninguna excusa -como un eventual procesamiento- para volver a la carga con la interpelaci\u00f3n y la moci\u00f3n de censura contra el jefe de Gabinete, Manuel Adorni. <\/p>\n","protected":false},"excerpt":{"rendered":"<p>\u201cLa exposici\u00f3n fue contundente, tema terminado\u201d. Mientras se retiraban del recinto tras el informe de gesti\u00f3n de Manuel Adorni, los diputados de La Libertad Avanza se ilusionaban con la idea de retomar su agenda de reformas en el Congreso. Durante los \u00faltimos dos meses el oficialismo envi\u00f3 al Senado y a la C\u00e1mara de Diputados [&hellip;]<\/p>\n","protected":false},"author":1,"featured_media":8727,"comment_status":"open","ping_status":"open","sticky":false,"template":"","format":"standard","meta":{"footnotes":""},"categories":[1],"tags":[],"class_list":["post-8726","post","type-post","status-publish","format-standard","has-post-thumbnail","hentry","category-uncategorized"],"_links":{"self":[{"href":"https:\/\/cliente1.publisher.highstack.com.ar\/index.php?rest_route=\/wp\/v2\/posts\/8726","targetHints":{"allow":["GET"]}}],"collection":[{"href":"https:\/\/cliente1.publisher.highstack.com.ar\/index.php?rest_route=\/wp\/v2\/posts"}],"about":[{"href":"https:\/\/cliente1.publisher.highstack.com.ar\/index.php?rest_route=\/wp\/v2\/types\/post"}],"author":[{"embeddable":true,"href":"https:\/\/cliente1.publisher.highstack.com.ar\/index.php?rest_route=\/wp\/v2\/users\/1"}],"replies":[{"embeddable":true,"href":"https:\/\/cliente1.publisher.highstack.com.ar\/index.php?rest_route=%2Fwp%2Fv2%2Fcomments&post=8726"}],"version-history":[{"count":0,"href":"https:\/\/cliente1.publisher.highstack.com.ar\/index.php?rest_route=\/wp\/v2\/posts\/8726\/revisions"}],"wp:featuredmedia":[{"embeddable":true,"href":"https:\/\/cliente1.publisher.highstack.com.ar\/index.php?rest_route=\/wp\/v2\/media\/8727"}],"wp:attachment":[{"href":"https:\/\/cliente1.publisher.highstack.com.ar\/index.php?rest_route=%2Fwp%2Fv2%2Fmedia&parent=8726"}],"wp:term":[{"taxonomy":"category","embeddable":true,"href":"https:\/\/cliente1.publisher.highstack.com.ar\/index.php?rest_route=%2Fwp%2Fv2%2Fcategories&post=8726"},{"taxonomy":"post_tag","embeddable":true,"href":"https:\/\/cliente1.publisher.highstack.com.ar\/index.php?rest_route=%2Fwp%2Fv2%2Ftags&post=8726"}],"curies":[{"name":"wp","href":"https:\/\/api.w.org\/{rel}","templated":true}]}}