{"id":8724,"date":"2026-05-02T02:03:36","date_gmt":"2026-05-02T05:03:36","guid":{"rendered":"https:\/\/cliente1.publisher.highstack.com.ar\/?p=8724"},"modified":"2026-05-02T02:03:36","modified_gmt":"2026-05-02T05:03:36","slug":"el-envejecimiento-acelerado-de-la-poblacion-en-africa-plantea-un-desafio-demografico-para-2050","status":"publish","type":"post","link":"https:\/\/cliente1.publisher.highstack.com.ar\/?p=8724","title":{"rendered":"El envejecimiento acelerado de la poblaci\u00f3n en \u00c1frica plantea un desaf\u00edo demogr\u00e1fico para 2050"},"content":{"rendered":"<div class=\"visual__image image-initial-width\"><picture><source srcset=\"https:\/\/www.infobae.com\/resizer\/v2\/WC2V3HQMOJCVZJXZH23EMA6JVM.jpg?auth=a75ff31d52f3e806dc4847a8de36ab99675aa19bf611b6bf49600e143030d5d1&amp;smart=true&amp;width=992&amp;height=558&amp;quality=85\" media=\"(min-width: 1000px)\"><\/source><source srcset=\"https:\/\/www.infobae.com\/resizer\/v2\/WC2V3HQMOJCVZJXZH23EMA6JVM.jpg?auth=a75ff31d52f3e806dc4847a8de36ab99675aa19bf611b6bf49600e143030d5d1&amp;smart=true&amp;width=768&amp;height=432&amp;quality=85\" media=\"(min-width: 768px)\"><\/source><source srcset=\"https:\/\/www.infobae.com\/resizer\/v2\/WC2V3HQMOJCVZJXZH23EMA6JVM.jpg?auth=a75ff31d52f3e806dc4847a8de36ab99675aa19bf611b6bf49600e143030d5d1&amp;smart=true&amp;width=577&amp;height=325&amp;quality=85\" media=\"(min-width: 580px)\"><\/source><source srcset=\"https:\/\/www.infobae.com\/resizer\/v2\/WC2V3HQMOJCVZJXZH23EMA6JVM.jpg?auth=a75ff31d52f3e806dc4847a8de36ab99675aa19bf611b6bf49600e143030d5d1&amp;smart=true&amp;width=420&amp;height=236&amp;quality=85\" media=\"(min-width: 350px)\"><\/source><source srcset=\"https:\/\/www.infobae.com\/resizer\/v2\/WC2V3HQMOJCVZJXZH23EMA6JVM.jpg?auth=a75ff31d52f3e806dc4847a8de36ab99675aa19bf611b6bf49600e143030d5d1&amp;smart=true&amp;width=350&amp;height=197&amp;quality=85\" media=\"(min-width: 80px)\"><\/source><\/picture><\/div>\n<p class=\"paragraph\">El aumento acelerado de la poblaci\u00f3n mayor en <b>\u00c1frica<\/b> representa uno de los desaf\u00edos demogr\u00e1ficos m\u00e1s relevantes del siglo XXI. Se proyecta que, <b>para 2050, la regi\u00f3n superar\u00e1 los 220 millones de personas mayores de 60 a\u00f1os, m\u00e1s del triple que en la actualidad<\/b>, seg\u00fan la <b>Comisi\u00f3n Econ\u00f3mica para \u00c1frica de las Naciones Unidas (UNECA)<\/b> y el <b>Departamento de Asuntos Econ\u00f3micos y Sociales de la ONU (UN DESA)<\/b>. <\/p>\n<p class=\"paragraph\">El envejecimiento de la poblaci\u00f3n africana ocurre de manera r\u00e1pida, mientras la falta de datos estad\u00edsticos confiables limita la adaptaci\u00f3n de pol\u00edticas p\u00fablicas y la integraci\u00f3n de este grupo en la vida social, pol\u00edtica y econ\u00f3mica. <b>La ausencia de registros exhaustivos y el rezago en estrategias intergeneracionales obstaculizan la atenci\u00f3n adecuada a sus necesidades, especialmente en zonas rurales y entre mujeres.<\/b><\/p>\n<div class=\"inline ad-wrapper dfpAd ad-inline ad-text ad-component-container\" style=\"--ad-shell-height:250px;--ad-shell-width:300px\" data-ad-wrapper=\"arcad\" data-ad-type=\"inline\" data-ad-slot=\"infobae\/generacion-silver\/nota\/inline\" data-ad-container=\"dfp\" data-ad-slot-name=\"infobae\/generacion-silver\/nota\/inline\">\n<p class=\"ad-shell-label\">PUBLICIDAD<\/p>\n<div id=\"infobae\/generacion-silver\/nota\/inline\" class=\"infobae\/generacion-silver\/nota\/inline arcad ad-slot-node ad-slot-node--boxed\" data-ad-slot-id=\"infobae\/generacion-silver\/nota\/inline\"><\/div>\n<\/div>\n<p class=\"paragraph\">Seg\u00fan la <b>UNECA<\/b>, <b>el n\u00famero de personas de 60 a\u00f1os o m\u00e1s ya supera los 74 millones<\/b> y podr\u00eda alcanzar entre 220 y 235 millones para 2050. El <b>UN DESA<\/b> destaca que, entre 2015 y 2030, <b>este grupo pasar\u00e1 de 64,4 millones a 105,4 millones, un aumento del 63% en menos de veinte a\u00f1os<\/b>. Ambos organismos coinciden en que el envejecimiento constituye una realidad social urgente y no una cuesti\u00f3n futura.<\/p>\n<h2 class=\"text-align-left vertical-align-top line-height-100 header headline-class-h2 headline\" id=\"falta-de-datos-estadisticos-complica-el-diseno-de-politicas\">Falta de datos estad\u00edsticos complica el dise\u00f1o de pol\u00edticas<\/h2>\n<p class=\"paragraph\">La carencia de datos estad\u00edsticos desagregados representa un obst\u00e1culo central para la equidad, de acuerdo con la <b>UNECA<\/b>. Muchos censos y encuestas nacionales subrepresentan sistem\u00e1ticamente a las personas mayores, en particular en \u00e1reas rurales, lo que dificulta la visibilidad de sus problemas y limita la medici\u00f3n de pobreza, acceso a servicios de salud y situaciones de violencia.<\/p>\n<div class=\"inline_2 ad-wrapper dfpAd ad-inline ad-text ad-component-container\" style=\"--ad-shell-height:250px;--ad-shell-width:300px\" data-ad-wrapper=\"arcad\" data-ad-type=\"inline_2\" data-ad-slot=\"infobae\/generacion-silver\/nota\/inline_2\" data-ad-container=\"dfp\" data-ad-slot-name=\"infobae\/generacion-silver\/nota\/inline_2\">\n<p class=\"ad-shell-label\">PUBLICIDAD<\/p>\n<div id=\"infobae\/generacion-silver\/nota\/inline_2\" class=\"infobae\/generacion-silver\/nota\/inline_2 arcad ad-slot-node ad-slot-node--boxed\" data-ad-slot-id=\"infobae\/generacion-silver\/nota\/inline_2\"><\/div>\n<\/div>\n<p class=\"paragraph\">El <b>UN DESA<\/b> advierte: <b>la falta de registro civil impide a muchas personas mayores obtener documentos necesarios para acceder a prestaciones sociales y atenci\u00f3n sanitaria<\/b>. Esta brecha en las estad\u00edsticas oficiales reduce la capacidad de los Estados africanos para planificar recursos y dise\u00f1ar pol\u00edticas que respondan a las necesidades reales de este sector.<\/p>\n<div class=\"visual__image\"><picture><source srcset=\"https:\/\/www.infobae.com\/resizer\/v2\/KXSOY2Y3WVCS7OPISQUBG7AEDY.jpg?auth=0bc4a0d3f5b26f171bb9a086bdd5ef2298f1d9cb877ca58fba9e92cda573edab&amp;smart=true&amp;width=992&amp;height=1078&amp;quality=85\" media=\"(min-width: 1000px)\"><\/source><source srcset=\"https:\/\/www.infobae.com\/resizer\/v2\/KXSOY2Y3WVCS7OPISQUBG7AEDY.jpg?auth=0bc4a0d3f5b26f171bb9a086bdd5ef2298f1d9cb877ca58fba9e92cda573edab&amp;smart=true&amp;width=768&amp;height=834&amp;quality=85\" media=\"(min-width: 768px)\"><\/source><source srcset=\"https:\/\/www.infobae.com\/resizer\/v2\/KXSOY2Y3WVCS7OPISQUBG7AEDY.jpg?auth=0bc4a0d3f5b26f171bb9a086bdd5ef2298f1d9cb877ca58fba9e92cda573edab&amp;smart=true&amp;width=577&amp;height=627&amp;quality=85\" media=\"(min-width: 580px)\"><\/source><source srcset=\"https:\/\/www.infobae.com\/resizer\/v2\/KXSOY2Y3WVCS7OPISQUBG7AEDY.jpg?auth=0bc4a0d3f5b26f171bb9a086bdd5ef2298f1d9cb877ca58fba9e92cda573edab&amp;smart=true&amp;width=420&amp;height=456&amp;quality=85\" media=\"(min-width: 350px)\"><\/source><source srcset=\"https:\/\/www.infobae.com\/resizer\/v2\/KXSOY2Y3WVCS7OPISQUBG7AEDY.jpg?auth=0bc4a0d3f5b26f171bb9a086bdd5ef2298f1d9cb877ca58fba9e92cda573edab&amp;smart=true&amp;width=350&amp;height=380&amp;quality=85\" media=\"(min-width: 80px)\"><\/source><img alt=\"Primer plano de una mujer mayor africana sonriendo, con un turbante y vestido blanco y azul, sosteniendo verduras verdes\" class=\"global-image\" decoding=\"async\" fetchpriority=\"low\" height=\"2086\" loading=\"lazy\" src=\"https:\/\/www.infobae.com\/resizer\/v2\/KXSOY2Y3WVCS7OPISQUBG7AEDY.jpg?auth=0bc4a0d3f5b26f171bb9a086bdd5ef2298f1d9cb877ca58fba9e92cda573edab&amp;smart=true&amp;width=350&amp;height=380&amp;quality=85\" width=\"1920\"><\/picture><\/div>\n<h2 class=\"text-align-left vertical-align-top line-height-100 header headline-class-h2 headline\" id=\"vulnerabilidades-sociales-y-economicas-de-los-mayores\">Vulnerabilidades sociales y econ\u00f3micas de los mayores<\/h2>\n<p class=\"paragraph\">Las personas mayores en <b>\u00c1frica<\/b> enfrentan exclusi\u00f3n social, pobreza y violencia, condiciones m\u00e1s severas entre mujeres y habitantes de zonas rurales, apuntan tanto la <b>UNECA<\/b> como el <b>UN DESA<\/b>. Se trata de una poblaci\u00f3n frecuentemente discriminada, que encuentra barreras para acceder a servicios sanitarios y protecci\u00f3n social.<\/p>\n<div class=\"ad_1 ad-wrapper dfpAd ad-1-al-6 ad-text ad-component-container\" style=\"--ad-shell-height:250px;--ad-shell-width:300px\" data-ad-wrapper=\"arcad\" data-ad-type=\"ad_1\" data-ad-slot=\"infobae\/generacion-silver\/nota\/ad_1\" data-ad-container=\"dfp\" data-ad-slot-name=\"infobae\/generacion-silver\/nota\/ad_1\">\n<p class=\"ad-shell-label\">PUBLICIDAD<\/p>\n<div id=\"infobae\/generacion-silver\/nota\/ad_1\" class=\"infobae\/generacion-silver\/nota\/ad_1 arcad ad-slot-node ad-slot-node--boxed\" data-ad-slot-id=\"infobae\/generacion-silver\/nota\/ad_1\"><\/div>\n<\/div>\n<p class=\"paragraph\">Durante el <b>Foro Regional Africano sobre Desarrollo Sostenible<\/b> se remarc\u00f3 que las personas mayores cumplen un papel en la transmisi\u00f3n de conocimientos y en el cuidado intergeneracional. <b>Integrar este enfoque en los programas sociales y reforzar el papel de las mujeres mayores en la familia y la comunidad resultan acciones decisivas para fortalecer la cohesi\u00f3n y la resiliencia social en \u00c1frica.<\/b><\/p>\n<h2 class=\"text-align-left vertical-align-top line-height-100 header headline-class-h2 headline\" id=\"iniciativas-para-mejorar-los-datos-y-las-politicas-publicas\">Iniciativas para mejorar los datos y las pol\u00edticas p\u00fablicas<\/h2>\n<p class=\"paragraph\">Desde 2002, los pa\u00edses africanos adoptaron marcos como el Plan Internacional de Acci\u00f3n de Madrid sobre el Envejecimiento (MIPAA) y el <b>Plan de la Uni\u00f3n Africana<\/b>, comprometi\u00e9ndose a integrar el envejecimiento en sus agendas. Los avances dependen de mejorar los sistemas de informaci\u00f3n sobre la poblaci\u00f3n mayor.<\/p>\n<div class=\"ad_2 ad-wrapper dfpAd ad-1-al-6 ad-text ad-component-container\" style=\"--ad-shell-height:250px;--ad-shell-width:300px\" data-ad-wrapper=\"arcad\" data-ad-type=\"ad_2\" data-ad-slot=\"infobae\/generacion-silver\/nota\/ad_2\" data-ad-container=\"dfp\" data-ad-slot-name=\"infobae\/generacion-silver\/nota\/ad_2\">\n<p class=\"ad-shell-label\">PUBLICIDAD<\/p>\n<div id=\"infobae\/generacion-silver\/nota\/ad_2\" class=\"infobae\/generacion-silver\/nota\/ad_2 arcad ad-slot-node ad-slot-node--boxed\" data-ad-slot-id=\"infobae\/generacion-silver\/nota\/ad_2\"><\/div>\n<\/div>\n<div class=\"visual__image\"><picture><source srcset=\"https:\/\/www.infobae.com\/resizer\/v2\/TKFCX56AMZBS7MXHJWNLXWEPPM.jpg?auth=11661970f24f1c608b7bbe4e3d68d9110ff93f2938bf15d77f12b4d5ff73f82a&amp;smart=true&amp;width=992&amp;height=661&amp;quality=85\" media=\"(min-width: 1000px)\"><\/source><source srcset=\"https:\/\/www.infobae.com\/resizer\/v2\/TKFCX56AMZBS7MXHJWNLXWEPPM.jpg?auth=11661970f24f1c608b7bbe4e3d68d9110ff93f2938bf15d77f12b4d5ff73f82a&amp;smart=true&amp;width=768&amp;height=512&amp;quality=85\" media=\"(min-width: 768px)\"><\/source><source srcset=\"https:\/\/www.infobae.com\/resizer\/v2\/TKFCX56AMZBS7MXHJWNLXWEPPM.jpg?auth=11661970f24f1c608b7bbe4e3d68d9110ff93f2938bf15d77f12b4d5ff73f82a&amp;smart=true&amp;width=577&amp;height=385&amp;quality=85\" media=\"(min-width: 580px)\"><\/source><source srcset=\"https:\/\/www.infobae.com\/resizer\/v2\/TKFCX56AMZBS7MXHJWNLXWEPPM.jpg?auth=11661970f24f1c608b7bbe4e3d68d9110ff93f2938bf15d77f12b4d5ff73f82a&amp;smart=true&amp;width=420&amp;height=280&amp;quality=85\" media=\"(min-width: 350px)\"><\/source><source srcset=\"https:\/\/www.infobae.com\/resizer\/v2\/TKFCX56AMZBS7MXHJWNLXWEPPM.jpg?auth=11661970f24f1c608b7bbe4e3d68d9110ff93f2938bf15d77f12b4d5ff73f82a&amp;smart=true&amp;width=350&amp;height=233&amp;quality=85\" media=\"(min-width: 80px)\"><\/source><img alt=\"El Plan Internacional de Acci\u00f3n de Madrid y la Agenda 2030 impulsan marcos y metodolog\u00edas para mejorar el monitoreo y la protecci\u00f3n de los adultos mayores en \u00c1frica.\n\" class=\"global-image\" decoding=\"async\" fetchpriority=\"low\" height=\"3500\" loading=\"lazy\" src=\"https:\/\/www.infobae.com\/resizer\/v2\/TKFCX56AMZBS7MXHJWNLXWEPPM.jpg?auth=11661970f24f1c608b7bbe4e3d68d9110ff93f2938bf15d77f12b4d5ff73f82a&amp;smart=true&amp;width=350&amp;height=233&amp;quality=85\" width=\"5250\"><\/picture><\/div>\n<p class=\"paragraph\">El <b>UN DESA<\/b> impulsa el desarrollo de una metodolog\u00eda estad\u00edstica armonizada junto con expertos africanos, destinada a facilitar la recopilaci\u00f3n y monitoreo de indicadores sobre personas mayores. Esta herramienta busca fortalecer la capacidad regional para medir progresos en funci\u00f3n de la <b>Agenda 2030<\/b> y orientar de forma informada las pol\u00edticas p\u00fablicas.<\/p>\n<p class=\"paragraph\">La revista especializada en liderazgo africano African Leadership Magazine ha recogido el consenso sobre la importancia de situar la solidaridad generacional en el centro de la respuesta pol\u00edtica. <b>La articulaci\u00f3n entre gobiernos, organismos internacionales y comunidades es considerada esencial para acompa\u00f1ar la transici\u00f3n demogr\u00e1fica y garantizar el bienestar de todas las generaciones.<\/b><\/p>\n<div class=\"ad_3 ad-wrapper dfpAd ad-1-al-6 ad-text ad-component-container\" style=\"--ad-shell-height:250px;--ad-shell-width:300px\" data-ad-wrapper=\"arcad\" data-ad-type=\"ad_3\" data-ad-slot=\"infobae\/generacion-silver\/nota\/ad_3\" data-ad-container=\"dfp\" data-ad-slot-name=\"infobae\/generacion-silver\/nota\/ad_3\">\n<p class=\"ad-shell-label\">PUBLICIDAD<\/p>\n<div id=\"infobae\/generacion-silver\/nota\/ad_3\" class=\"infobae\/generacion-silver\/nota\/ad_3 arcad ad-slot-node ad-slot-node--boxed\" data-ad-slot-id=\"infobae\/generacion-silver\/nota\/ad_3\"><\/div>\n<\/div>\n<p class=\"paragraph\">Transformar los datos disponibles en acciones concretas representa el gran reto para <b>\u00c1frica<\/b> ante su envejecimiento. <b>Solo mediante pol\u00edticas fundamentadas en informaci\u00f3n precisa ser\u00e1 posible construir una sociedad m\u00e1s inclusiva<\/b>, en la que ninguna generaci\u00f3n quede relegada.<\/p>\n","protected":false},"excerpt":{"rendered":"<p>El aumento acelerado de la poblaci\u00f3n mayor en \u00c1frica representa uno de los desaf\u00edos demogr\u00e1ficos m\u00e1s relevantes del siglo XXI. Se proyecta que, para 2050, la regi\u00f3n superar\u00e1 los 220 millones de personas mayores de 60 a\u00f1os, m\u00e1s del triple que en la actualidad, seg\u00fan la Comisi\u00f3n Econ\u00f3mica para \u00c1frica de las Naciones Unidas (UNECA) [&hellip;]<\/p>\n","protected":false},"author":1,"featured_media":8725,"comment_status":"open","ping_status":"open","sticky":false,"template":"","format":"standard","meta":{"footnotes":""},"categories":[1],"tags":[],"class_list":["post-8724","post","type-post","status-publish","format-standard","has-post-thumbnail","hentry","category-uncategorized"],"_links":{"self":[{"href":"https:\/\/cliente1.publisher.highstack.com.ar\/index.php?rest_route=\/wp\/v2\/posts\/8724","targetHints":{"allow":["GET"]}}],"collection":[{"href":"https:\/\/cliente1.publisher.highstack.com.ar\/index.php?rest_route=\/wp\/v2\/posts"}],"about":[{"href":"https:\/\/cliente1.publisher.highstack.com.ar\/index.php?rest_route=\/wp\/v2\/types\/post"}],"author":[{"embeddable":true,"href":"https:\/\/cliente1.publisher.highstack.com.ar\/index.php?rest_route=\/wp\/v2\/users\/1"}],"replies":[{"embeddable":true,"href":"https:\/\/cliente1.publisher.highstack.com.ar\/index.php?rest_route=%2Fwp%2Fv2%2Fcomments&post=8724"}],"version-history":[{"count":0,"href":"https:\/\/cliente1.publisher.highstack.com.ar\/index.php?rest_route=\/wp\/v2\/posts\/8724\/revisions"}],"wp:featuredmedia":[{"embeddable":true,"href":"https:\/\/cliente1.publisher.highstack.com.ar\/index.php?rest_route=\/wp\/v2\/media\/8725"}],"wp:attachment":[{"href":"https:\/\/cliente1.publisher.highstack.com.ar\/index.php?rest_route=%2Fwp%2Fv2%2Fmedia&parent=8724"}],"wp:term":[{"taxonomy":"category","embeddable":true,"href":"https:\/\/cliente1.publisher.highstack.com.ar\/index.php?rest_route=%2Fwp%2Fv2%2Fcategories&post=8724"},{"taxonomy":"post_tag","embeddable":true,"href":"https:\/\/cliente1.publisher.highstack.com.ar\/index.php?rest_route=%2Fwp%2Fv2%2Ftags&post=8724"}],"curies":[{"name":"wp","href":"https:\/\/api.w.org\/{rel}","templated":true}]}}