{"id":8720,"date":"2026-05-02T00:14:31","date_gmt":"2026-05-02T03:14:31","guid":{"rendered":"https:\/\/cliente1.publisher.highstack.com.ar\/?p=8720"},"modified":"2026-05-02T00:14:31","modified_gmt":"2026-05-02T03:14:31","slug":"ceferino-reato-menem-queria-ser-el-gran-solucionador-de-las-antinomias-argentinasel-periodista-presento-su-libro-pax-menemista-en-la-feria-del-libro-el-sabado-pasa","status":"publish","type":"post","link":"https:\/\/cliente1.publisher.highstack.com.ar\/?p=8720","title":{"rendered":"Ceferino Reato: \u201cMenem quer\u00eda ser el gran solucionador de las antinomias argentinas\u201dEl periodista present\u00f3 su libro \u201cPax Menemista\u201d en la Feria del Libro el s\u00e1bado pasado y repas\u00f3 en Infobae al Regreso c\u00f3mo Carlos Menem intent\u00f3 reconciliar a la Argentina con pol\u00e9micos indultos a militares y exguerrilleros"},"content":{"rendered":"<div class=\"jwplayer-ctn\"><script src=\"https:\/\/census-web.scorecardresearch.com\/plugins\/streaming-jwplayer\/v2\/current.js\"><\/script><\/p>\n<div>\n<div id=\"WXYSJOUMNBC6HEN3FRVL67WGJI-custom_embed0\"><\/div>\n<\/div><figcaption class=\"jwplayer-figcaption\">El periodista present\u00f3 su libro \u201cPax Menemista\u201d en la Feria del Libro y repas\u00f3 en Infobae al Regreso c\u00f3mo Carlos Menem intent\u00f3 reconciliar a la Argentina con pol\u00e9micos indultos a militares y exguerrilleros<\/figcaption><\/div>\n<p class=\"paragraph\">En una entrevista exclusiva durante <a href=\"https:\/\/www.infobae.com\/tag\/infobae-al-regreso\/\" target=\"_blank\" rel=\"noreferrer\" title=\"https:\/\/www.infobae.com\/tag\/infobae-al-regreso\/\"><b>Infobae al Regreso<\/b><\/a>, el periodista <b>Ceferino Reato<\/b> sostuvo que la \u201cpax menemista\u201d se construy\u00f3 sobre una serie de indultos a militares y exguerrilleros en busca de una pacificaci\u00f3n nacional, aunque ese experimento termin\u00f3 en fracaso a largo plazo.<\/p>\n<p class=\"paragraph\">En una charla con el equipo de Infobae al Regreso, integrado por Gonzalo Aziz, Diego Iglesias, Malena de los R\u00edos, Mat\u00edas Barber\u00eda y Mica Mendelevich, Reato present\u00f3 su libro <a href=\"https:\/\/www.infobae.com\/cultura\/2026\/04\/25\/ceferino-reato-presento-pax-menemista-en-la-feria-del-libro-los-indultos-los-propusieron-los-montoneros\/\" target=\"_blank\" rel=\"noreferrer\" title=\"https:\/\/www.infobae.com\/cultura\/2026\/04\/25\/ceferino-reato-presento-pax-menemista-en-la-feria-del-libro-los-indultos-los-propusieron-los-montoneros\/\"><i>Pax Menemista<\/i><\/a> y desglos\u00f3 el trasfondo de la decisi\u00f3n pol\u00edtica que marc\u00f3 los a\u00f1os noventa.<\/p>\n<div class=\"inline ad-wrapper dfpAd ad-inline ad-text ad-component-container\" style=\"--ad-shell-height:250px;--ad-shell-width:300px\" data-ad-wrapper=\"arcad\" data-ad-type=\"inline\" data-ad-slot=\"infobae\/cultura\/nota\/inline\" data-ad-container=\"dfp\" data-ad-slot-name=\"infobae\/cultura\/nota\/inline\">\n<p class=\"ad-shell-label\">PUBLICIDAD<\/p>\n<div id=\"infobae\/cultura\/nota\/inline\" class=\"infobae\/cultura\/nota\/inline arcad ad-slot-node ad-slot-node--boxed\" data-ad-slot-id=\"infobae\/cultura\/nota\/inline\"><\/div>\n<\/div>\n<div class=\"streaming-feed streaming-feed-powerup\">\n<p class=\"streaming-feed-title\">Nueva Programaci\u00f3n<\/p>\n<div class=\"streaming-feed-slider\"><svg class=\"prev-arrow prev-slider-sf-9ac92cff-f7a7-4842-833a-a374af6ed8f8\" viewbox=\"0 0 50 50\" xmlns=\"http:\/\/www.w3.org\/2000\/svg\"><g transform=\"translate(.159 .327)\"><circle cx=\"25\" cy=\"25\" r=\"25\" fill=\"#fff\" style=\"isolation:isolate;opacity:0.89\"><\/circle><path d=\"M28.09 13.71a1.426 1.426 0 0 1 .96 2.48l-9.55 8.78 9.55 8.78c.58.53.62 1.44.09 2.02-.54.58-1.44.62-2.02.09l-10.69-9.83c-.29-.27-.46-.65-.46-1.05s.17-.78.46-1.05l10.69-9.83c.27-.25.62-.38.97-.38Z\" fill=\"#3b3b3b\"><\/path><\/g><\/svg><\/p>\n<div class=\"swiper\">\n<div class=\"swiper-wrapper\">\n<div class=\"swiper-slide streaming-feed-slide\"><a class=\"streaming-feed-card\" href=\"https:\/\/www.youtube.com\/@Infobae\" target=\"_blank\" rel=\"noopener noreferrer\"><img alt=\"streaming-image\" class=\"streaming-feed-card-image\" decoding=\"auto\" fetchpriority=\"low\" loading=\"lazy\" src=\"https:\/\/www.infobae.com\/resizer\/v2\/YDYIWXRF4FEVVNHPOA7LF3YDXA.png?auth=3f092edca7a56a9b6ec277bcecc898433dbaed898d5824790bccc739588cd7c8\"><\/p>\n<div class=\"streaming-feed-card-content\">\n<p class=\"streaming-feed-card-title\">INFOBAE AL AMANECER<\/p>\n<p class=\"streaming-feed-card-description\">Infobae En Vivo inicia su jornada con una primera edici\u00f3n informativa pensada para arrancar el d\u00eda bien informado. Un espacio \u00e1gil y plural, con las noticias clave de la ma\u00f1ana, an\u00e1lisis temprano y contexto para anticipar la agenda del d\u00eda.<\/p>\n<p class=\"streaming-feed-card-schedule\">De Lun a Vie 10 a 12 hs<\/p>\n<\/div>\n<p><\/a><\/div>\n<div class=\"swiper-slide streaming-feed-slide\"><a class=\"streaming-feed-card\" href=\"https:\/\/www.youtube.com\/@Infobae\" target=\"_blank\" rel=\"noopener noreferrer\"><img alt=\"streaming-image\" class=\"streaming-feed-card-image\" decoding=\"auto\" fetchpriority=\"low\" loading=\"lazy\" src=\"https:\/\/www.infobae.com\/resizer\/v2\/J6FOZY4QKZHRRI4YGGQCG3WWPA.png?auth=a21d17528ba5cb775b32e68980de2cfc03021664949b235e2d678e2a27f192a7\"><\/p>\n<div class=\"streaming-feed-card-content\">\n<p class=\"streaming-feed-card-title\">INFOBAE A LAS NUEVE<\/p>\n<p class=\"streaming-feed-card-description\">La edici\u00f3n am abordar\u00e1 la informaci\u00f3n que define el d\u00eda, en un formato \u00e1gil que atrapa a la audiencia.<\/p>\n<p class=\"streaming-feed-card-schedule\">De Lun a Vie 12 a 15 hs<\/p>\n<\/div>\n<p><\/a><\/div>\n<div class=\"swiper-slide streaming-feed-slide\"><a class=\"streaming-feed-card\" href=\"https:\/\/www.youtube.com\/@Infobae\" target=\"_blank\" rel=\"noopener noreferrer\"><img alt=\"streaming-image\" class=\"streaming-feed-card-image\" decoding=\"auto\" fetchpriority=\"low\" loading=\"lazy\" src=\"https:\/\/www.infobae.com\/resizer\/v2\/7OCB73OBF5CCNGT4BSPIPOSKQE.png?auth=573ea9cf95fa2e04247a1d6e62a635b74b612e11246d5b9b4e4c40cd4996e691\"><\/p>\n<div class=\"streaming-feed-card-content\">\n<p class=\"streaming-feed-card-title\">INFOBAE AL MEDIOD\u00cdA<\/p>\n<p class=\"streaming-feed-card-description\">La edici\u00f3n del mediod\u00eda propone una mirada amplia de la actualidad, con contenidos diversos, foco internacional y el respaldo de las redacciones de Infobae en el mundo.<\/p>\n<p class=\"streaming-feed-card-schedule\">De Lun a Vie 15 a 18 hs<\/p>\n<\/div>\n<p><\/a><\/div>\n<div class=\"swiper-slide streaming-feed-slide\"><a class=\"streaming-feed-card\" href=\"https:\/\/www.youtube.com\/@Infobae\" target=\"_blank\" rel=\"noopener noreferrer\"><img alt=\"streaming-image\" class=\"streaming-feed-card-image\" decoding=\"auto\" fetchpriority=\"low\" loading=\"lazy\" src=\"https:\/\/www.infobae.com\/resizer\/v2\/UIRLFN4CTZBJ5OK7BHQHPOAQMI.png?auth=504d631b6dbc42d9a7efdb0ed2658616679575e57b56059b777e5b2e5a838c92\"><\/p>\n<div class=\"streaming-feed-card-content\">\n<p class=\"streaming-feed-card-title\">INFOBAE A LA TARDE<\/p>\n<p class=\"streaming-feed-card-description\">La edici\u00f3n de la tarde propone un espacio de an\u00e1lisis y debate sobre los temas que marcan la agenda del d\u00eda, con un enfoque din\u00e1mico, elocuente y profundo.<\/p>\n<p class=\"streaming-feed-card-schedule\">De Lun a Vie 18 a 21 hs<\/p>\n<\/div>\n<p><\/a><\/div>\n<div class=\"swiper-slide streaming-feed-slide\"><a class=\"streaming-feed-card\" href=\"https:\/\/www.youtube.com\/@Infobae\" target=\"_blank\" rel=\"noopener noreferrer\"><img alt=\"streaming-image\" class=\"streaming-feed-card-image\" decoding=\"auto\" fetchpriority=\"low\" loading=\"lazy\" src=\"https:\/\/www.infobae.com\/resizer\/v2\/74XNX45OL5GYXIQFH3EKCODQUI.png?auth=cf05033654359b754eed9c9742064e31ef7d5ddd15f6077e2d00af964476875e\"><\/p>\n<div class=\"streaming-feed-card-content\">\n<p class=\"streaming-feed-card-title\">INFOBAE AL REGRESO<\/p>\n<p class=\"streaming-feed-card-description\">La edici\u00f3n PM se centra en el an\u00e1lisis pol\u00edtico de la jornada, con contexto, debate y las claves de la agenda del d\u00eda siguiente.<\/p>\n<p class=\"streaming-feed-card-schedule\">De Lun a Vie 21 a 0 hs<\/p>\n<\/div>\n<p><\/a><\/div>\n<div class=\"swiper-slide streaming-feed-slide\"><a class=\"streaming-feed-card in-stream\" href=\"https:\/\/www.youtube.com\/@Infobae\" target=\"_blank\" rel=\"noopener noreferrer\"><img alt=\"streaming-image\" class=\"streaming-feed-card-image\" decoding=\"auto\" fetchpriority=\"low\" loading=\"lazy\" src=\"https:\/\/www.infobae.com\/resizer\/v2\/SNT34ZF4PFFZRPH4D5Q5HB6DBQ.png?auth=4df6862f4cc8b56ed2002f5d05755d47ea9da2668983c75e1466d803eda6239a\"><\/p>\n<div class=\"streaming-feed-card-content\">\n<p class=\"streaming-feed-card-title\">INFOBAE A LA NOCHE<\/p>\n<p class=\"streaming-feed-card-description\">A partir de las 21hs y hasta las 7am, inicia Infobae de Noche, una propuesta musical que completa la grilla y acompa\u00f1a a la audiencia.<\/p>\n<p class=\"streaming-feed-card-schedule\">De Lun a Dom 0 a 10 hs<\/p>\n<\/div>\n<p><\/a><\/div>\n<\/div>\n<\/div>\n<p><svg class=\"next-arrow next-slider-sf-9ac92cff-f7a7-4842-833a-a374af6ed8f8\" viewbox=\"0 0 50 50\" xmlns=\"http:\/\/www.w3.org\/2000\/svg\"><g transform=\"translate(.159 .327)\"><circle cx=\"25\" cy=\"25\" r=\"25\" fill=\"#fff\" style=\"isolation:isolate;opacity:0.89\"><\/circle><path d=\"M21.91 36.29a1.426 1.426 0 0 1-.96-2.48l9.55-8.78-9.55-8.78c-.58-.53-.62-1.44-.09-2.02.54-.58 1.44-.62 2.02-.09l10.69 9.83c.29.27.46.65.46 1.05s-.17.78-.46 1.05L22.88 35.9c-.27.25-.62.38-.97.38Z\" fill=\"#3b3b3b\"><\/path><\/g><\/svg><\/div>\n<\/div>\n<h2 class=\"text-align-left vertical-align-top line-height-100 header headline-class-h2 headline\" id=\"la-politica-de-indultos-y-el-experimento-menemista\">La pol\u00edtica de indultos y el experimento menemista<\/h2>\n<p class=\"paragraph\">Reato puntualiz\u00f3 el contexto de la medida: \u201cEn el 89, 90, ya Menem, en medio de una crisis econ\u00f3mica y social, hab\u00eda recepcionado bien este pedido y esta manifestaci\u00f3n de los ex Montoneros, que ten\u00edan a su l\u00edder Mario Firmenich en la c\u00e1rcel, y decide hacer estos indultos\u201d.<\/p>\n<p class=\"paragraph\">El periodista detall\u00f3 las diferencias legales: \u201cEl indulto es una facultad presidencial, aunque ahora a partir de la reforma constitucional limitado a algunos temas, otros no, te borra la pena, pero no el delito. Y la amnist\u00eda, que es una ley del Congreso, eso s\u00ed borra todo\u201d.<\/p>\n<div class=\"inline_2 ad-wrapper dfpAd ad-inline ad-text ad-component-container\" style=\"--ad-shell-height:250px;--ad-shell-width:300px\" data-ad-wrapper=\"arcad\" data-ad-type=\"inline_2\" data-ad-slot=\"infobae\/cultura\/nota\/inline_2\" data-ad-container=\"dfp\" data-ad-slot-name=\"infobae\/cultura\/nota\/inline_2\">\n<p class=\"ad-shell-label\">PUBLICIDAD<\/p>\n<div id=\"infobae\/cultura\/nota\/inline_2\" class=\"infobae\/cultura\/nota\/inline_2 arcad ad-slot-node ad-slot-node--boxed\" data-ad-slot-id=\"infobae\/cultura\/nota\/inline_2\"><\/div>\n<\/div>\n<div class=\"visual__image\"><picture><source srcset=\"https:\/\/www.infobae.com\/resizer\/v2\/3HLZ3653S5AS5CIDFKNZZXXV6Q.png?auth=abe49dd9d3563194e2bc2b07425ee0ebbf3e785570e597817899b01fc711e914&amp;smart=true&amp;width=992&amp;height=590&amp;quality=85\" media=\"(min-width: 1000px)\"><\/source><source srcset=\"https:\/\/www.infobae.com\/resizer\/v2\/3HLZ3653S5AS5CIDFKNZZXXV6Q.png?auth=abe49dd9d3563194e2bc2b07425ee0ebbf3e785570e597817899b01fc711e914&amp;smart=true&amp;width=768&amp;height=457&amp;quality=85\" media=\"(min-width: 768px)\"><\/source><source srcset=\"https:\/\/www.infobae.com\/resizer\/v2\/3HLZ3653S5AS5CIDFKNZZXXV6Q.png?auth=abe49dd9d3563194e2bc2b07425ee0ebbf3e785570e597817899b01fc711e914&amp;smart=true&amp;width=577&amp;height=343&amp;quality=85\" media=\"(min-width: 580px)\"><\/source><source srcset=\"https:\/\/www.infobae.com\/resizer\/v2\/3HLZ3653S5AS5CIDFKNZZXXV6Q.png?auth=abe49dd9d3563194e2bc2b07425ee0ebbf3e785570e597817899b01fc711e914&amp;smart=true&amp;width=420&amp;height=250&amp;quality=85\" media=\"(min-width: 350px)\"><\/source><source srcset=\"https:\/\/www.infobae.com\/resizer\/v2\/3HLZ3653S5AS5CIDFKNZZXXV6Q.png?auth=abe49dd9d3563194e2bc2b07425ee0ebbf3e785570e597817899b01fc711e914&amp;smart=true&amp;width=350&amp;height=208&amp;quality=85\" media=\"(min-width: 80px)\"><\/source><img alt=\"(Infobae en Vivo)\" class=\"global-image\" decoding=\"async\" fetchpriority=\"low\" height=\"527\" loading=\"lazy\" src=\"https:\/\/www.infobae.com\/resizer\/v2\/3HLZ3653S5AS5CIDFKNZZXXV6Q.png?auth=abe49dd9d3563194e2bc2b07425ee0ebbf3e785570e597817899b01fc711e914&amp;smart=true&amp;width=350&amp;height=208&amp;quality=85\" width=\"886\"><\/picture><\/div>\n<p class=\"paragraph\">Seg\u00fan Reato, la decisi\u00f3n se tom\u00f3 para desactivar el partido militar: \u201c<b>Entre Alfons\u00edn y Menem hubo una pol\u00edtica de Estado absolutamente necesaria, que era desmembrar el partido militar<\/b>. Una democracia de partidos no puede tener una tutela militar como la Argentina pol\u00edtica ten\u00eda desde 1930\u201d.<\/p>\n<p class=\"paragraph\">El especialista remarc\u00f3 el costo social de esa pol\u00edtica y la vigencia del debate: <b>\u201cDurante 12 a\u00f1os s\u00ed, porque al principio hubo algunas manifestaciones masivas contra los indultos, pero despu\u00e9s el tema pas\u00f3 a un segundo plano<\/b>. Claro, los militantes de los derechos humanos, las v\u00edctimas de la dictadura, ellos siguieron reivindicando, pero era uno de los temas de menor importancia. Despu\u00e9s de la crisis del 2001, 2002, reflota y N\u00e9stor Kirchner utiliza ese tema para fundar el consenso masivo, especialmente en las grandes ciudades\u201d.<\/p>\n<div class=\"ad_1 ad-wrapper dfpAd ad-1-al-6 ad-text ad-component-container\" style=\"--ad-shell-height:250px;--ad-shell-width:300px\" data-ad-wrapper=\"arcad\" data-ad-type=\"ad_1\" data-ad-slot=\"infobae\/cultura\/nota\/ad_1\" data-ad-container=\"dfp\" data-ad-slot-name=\"infobae\/cultura\/nota\/ad_1\">\n<p class=\"ad-shell-label\">PUBLICIDAD<\/p>\n<div id=\"infobae\/cultura\/nota\/ad_1\" class=\"infobae\/cultura\/nota\/ad_1 arcad ad-slot-node ad-slot-node--boxed\" data-ad-slot-id=\"infobae\/cultura\/nota\/ad_1\"><\/div>\n<\/div>\n<p class=\"paragraph\">Para Reato, la \u201cpax menemista\u201d fue un intento de cerrar heridas:<b> \u201cMenem quer\u00eda ser el gran solucionador de las antinomias argentinas. Por ejemplo, unitarios y federales. Y entonces yo describo c\u00f3mo \u00e9l propicia la repatriaci\u00f3n de los restos de Rosas. El abrazo con Rojas y la construcci\u00f3n del monumento a los ca\u00eddos en Malvinas. Todo eso era muy dif\u00edcil, precisamente por el odio<\/b>\u201d.<\/p>\n<div class=\"visual__image\"><picture><source srcset=\"https:\/\/www.infobae.com\/resizer\/v2\/IT6JO6NSR5FTPIRPF3SHN2QGLM.jpg?auth=67418c3efed70a5d0ec95fd90d77a406c4a037f1b92c993664cf0db7a1ed0650&amp;smart=true&amp;width=992&amp;height=558&amp;quality=85\" media=\"(min-width: 1000px)\"><\/source><source srcset=\"https:\/\/www.infobae.com\/resizer\/v2\/IT6JO6NSR5FTPIRPF3SHN2QGLM.jpg?auth=67418c3efed70a5d0ec95fd90d77a406c4a037f1b92c993664cf0db7a1ed0650&amp;smart=true&amp;width=768&amp;height=432&amp;quality=85\" media=\"(min-width: 768px)\"><\/source><source srcset=\"https:\/\/www.infobae.com\/resizer\/v2\/IT6JO6NSR5FTPIRPF3SHN2QGLM.jpg?auth=67418c3efed70a5d0ec95fd90d77a406c4a037f1b92c993664cf0db7a1ed0650&amp;smart=true&amp;width=577&amp;height=325&amp;quality=85\" media=\"(min-width: 580px)\"><\/source><source srcset=\"https:\/\/www.infobae.com\/resizer\/v2\/IT6JO6NSR5FTPIRPF3SHN2QGLM.jpg?auth=67418c3efed70a5d0ec95fd90d77a406c4a037f1b92c993664cf0db7a1ed0650&amp;smart=true&amp;width=420&amp;height=236&amp;quality=85\" media=\"(min-width: 350px)\"><\/source><source srcset=\"https:\/\/www.infobae.com\/resizer\/v2\/IT6JO6NSR5FTPIRPF3SHN2QGLM.jpg?auth=67418c3efed70a5d0ec95fd90d77a406c4a037f1b92c993664cf0db7a1ed0650&amp;smart=true&amp;width=350&amp;height=197&amp;quality=85\" media=\"(min-width: 80px)\"><\/source><img alt=\"Libro Reato\" class=\"global-image\" decoding=\"async\" fetchpriority=\"low\" height=\"1080\" loading=\"lazy\" src=\"https:\/\/www.infobae.com\/resizer\/v2\/IT6JO6NSR5FTPIRPF3SHN2QGLM.jpg?auth=67418c3efed70a5d0ec95fd90d77a406c4a037f1b92c993664cf0db7a1ed0650&amp;smart=true&amp;width=350&amp;height=197&amp;quality=85\" width=\"1920\"><\/picture><\/div>\n<h2 class=\"text-align-left vertical-align-top line-height-100 header headline-class-h2 headline\" id=\"el-contraste-con-milei-y-el-nuevo-ciclo-de-polarizacion\">El contraste con Milei y el nuevo ciclo de polarizaci\u00f3n<\/h2>\n<p class=\"paragraph\">Al comparar la pax menemista con el presente, Reato no dud\u00f3 en marcar diferencias:<b> <\/b>\u201c<b>Milei es un producto del odio genuino. Es el hombre del conflicto. Es un gran oportunista. As\u00ed como dec\u00eda: \u2018Voy a dolarizar\u2019, y ahora dice: \u2018No, la gente no quiere, la gente prefiere el peso\u2019. Lo que le rindi\u00f3 fue la dolarizaci\u00f3n, despu\u00e9s no lo pudo hacer y ahora hace esto<\/b>\u201d.<\/p>\n<div class=\"ad_2 ad-wrapper dfpAd ad-1-al-6 ad-text ad-component-container\" style=\"--ad-shell-height:250px;--ad-shell-width:300px\" data-ad-wrapper=\"arcad\" data-ad-type=\"ad_2\" data-ad-slot=\"infobae\/cultura\/nota\/ad_2\" data-ad-container=\"dfp\" data-ad-slot-name=\"infobae\/cultura\/nota\/ad_2\">\n<p class=\"ad-shell-label\">PUBLICIDAD<\/p>\n<div id=\"infobae\/cultura\/nota\/ad_2\" class=\"infobae\/cultura\/nota\/ad_2 arcad ad-slot-node ad-slot-node--boxed\" data-ad-slot-id=\"infobae\/cultura\/nota\/ad_2\"><\/div>\n<\/div>\n<p class=\"paragraph\">El periodista argument\u00f3 que Milei se alimenta del antagonismo: <b>\u201cAc\u00e1 rinde el odio, los intentos de reconciliaci\u00f3n, que hasta es una palabra mal vista. Ac\u00e1 fueron tres o cuatro, todas fracasaron. El de Menem fracas\u00f3 despu\u00e9s de doce a\u00f1os, pero fracas\u00f3\u201d.<\/b> Reato destac\u00f3 c\u00f3mo el contexto internacional y local facilit\u00f3 la pol\u00edtica de Menem, mientras que hoy la polarizaci\u00f3n es m\u00e1s cruda: \u201cYa el comunismo no era la excusa de Estados Unidos para fomentar ej\u00e9rcitos fuertes\u201d.<\/p>\n<p class=\"paragraph\">Sobre posibles similitudes entre ambos l\u00edderes, Reato fue categ\u00f3rico: <b>\u201cMilei es un carism\u00e1tico, como Menem, pero Menem era un seductor y buscaba una armon\u00eda, obviamente \u00e9l mandando, pero \u00e9l era el summum de la pol\u00edtica, que es la negociaci\u00f3n. Milei es otra cosa, es un producto de estos tiempos, un rockstar, pero su combustible es el odio\u201d<\/b>.<\/p>\n<div class=\"ad_3 ad-wrapper dfpAd ad-1-al-6 ad-text ad-component-container\" style=\"--ad-shell-height:250px;--ad-shell-width:300px\" data-ad-wrapper=\"arcad\" data-ad-type=\"ad_3\" data-ad-slot=\"infobae\/cultura\/nota\/ad_3\" data-ad-container=\"dfp\" data-ad-slot-name=\"infobae\/cultura\/nota\/ad_3\">\n<p class=\"ad-shell-label\">PUBLICIDAD<\/p>\n<div id=\"infobae\/cultura\/nota\/ad_3\" class=\"infobae\/cultura\/nota\/ad_3 arcad ad-slot-node ad-slot-node--boxed\" data-ad-slot-id=\"infobae\/cultura\/nota\/ad_3\"><\/div>\n<\/div>\n<div class=\"visual__image\"><picture><source srcset=\"https:\/\/www.infobae.com\/resizer\/v2\/EWX643LUHBCXNB337EITVQIYVY.png?auth=829a97e7303ff59a350acbb3141a90372262fe895b9d83cdc59b936dffc84c9a&amp;smart=true&amp;width=992&amp;height=606&amp;quality=85\" media=\"(min-width: 1000px)\"><\/source><source srcset=\"https:\/\/www.infobae.com\/resizer\/v2\/EWX643LUHBCXNB337EITVQIYVY.png?auth=829a97e7303ff59a350acbb3141a90372262fe895b9d83cdc59b936dffc84c9a&amp;smart=true&amp;width=768&amp;height=469&amp;quality=85\" media=\"(min-width: 768px)\"><\/source><source srcset=\"https:\/\/www.infobae.com\/resizer\/v2\/EWX643LUHBCXNB337EITVQIYVY.png?auth=829a97e7303ff59a350acbb3141a90372262fe895b9d83cdc59b936dffc84c9a&amp;smart=true&amp;width=577&amp;height=352&amp;quality=85\" media=\"(min-width: 580px)\"><\/source><source srcset=\"https:\/\/www.infobae.com\/resizer\/v2\/EWX643LUHBCXNB337EITVQIYVY.png?auth=829a97e7303ff59a350acbb3141a90372262fe895b9d83cdc59b936dffc84c9a&amp;smart=true&amp;width=420&amp;height=256&amp;quality=85\" media=\"(min-width: 350px)\"><\/source><source srcset=\"https:\/\/www.infobae.com\/resizer\/v2\/EWX643LUHBCXNB337EITVQIYVY.png?auth=829a97e7303ff59a350acbb3141a90372262fe895b9d83cdc59b936dffc84c9a&amp;smart=true&amp;width=350&amp;height=214&amp;quality=85\" media=\"(min-width: 80px)\"><\/source><img alt=\"(Infobae en Vivo)\" class=\"global-image\" decoding=\"async\" fetchpriority=\"low\" height=\"530\" loading=\"lazy\" src=\"https:\/\/www.infobae.com\/resizer\/v2\/EWX643LUHBCXNB337EITVQIYVY.png?auth=829a97e7303ff59a350acbb3141a90372262fe895b9d83cdc59b936dffc84c9a&amp;smart=true&amp;width=350&amp;height=214&amp;quality=85\" width=\"868\"><\/picture><\/div>\n<h2 class=\"text-align-left vertical-align-top line-height-100 header headline-class-h2 headline\" id=\"la-pax-de-menem-y-el-debate-sobre-justicia-y-reconciliacion\">La pax de Menem y el debate sobre justicia y reconciliaci\u00f3n<\/h2>\n<p class=\"paragraph\">Reato profundiz\u00f3 en el dilema irresuelto que dej\u00f3 la pax menemista: \u201cEs el pa\u00eds del odio, lo que paga es el odio. Esto viene desde el 25 de mayo de 1810. Hay una famosa ley, es la Ley del Odio en la historia argentina\u201d. A su vez, diferenci\u00f3 entre indulto y amnist\u00eda, y habl\u00f3 de la dificultad para perdonar en la cultura pol\u00edtica local.<\/p>\n<p class=\"paragraph\">Sobre el futuro, consider\u00f3 que Milei podr\u00eda buscar su propia \u201cpax\u201d a trav\u00e9s de la econom\u00eda: <b>\u201cLa pax de Milei yo creo que pasa por terminar con la inflaci\u00f3n. La inflaci\u00f3n es un fen\u00f3meno que nosotros nos acostumbramos, pero casi ning\u00fan pa\u00eds lo tiene y te genera una gran ansiedad, un gran odio contra todo. Yo creo que ese va a ser el gran legado. Ahora tiene otro que a \u00e9l le gustar\u00eda solucionar, que es liberar a todos los militares que est\u00e1n presos por violaciones a los derechos humanos\u201d.<\/b><\/p>\n<div class=\"ad_4 ad-wrapper dfpAd ad-1-al-6 ad-text ad-component-container\" style=\"--ad-shell-height:250px;--ad-shell-width:300px\" data-ad-wrapper=\"arcad\" data-ad-type=\"ad_4\" data-ad-slot=\"infobae\/cultura\/nota\/ad_4\" data-ad-container=\"dfp\" data-ad-slot-name=\"infobae\/cultura\/nota\/ad_4\">\n<p class=\"ad-shell-label\">PUBLICIDAD<\/p>\n<div id=\"infobae\/cultura\/nota\/ad_4\" class=\"infobae\/cultura\/nota\/ad_4 arcad ad-slot-node ad-slot-node--boxed\" data-ad-slot-id=\"infobae\/cultura\/nota\/ad_4\"><\/div>\n<\/div>\n<p class=\"paragraph\">Para Reato, el desaf\u00edo de la reconciliaci\u00f3n sigue abierto: \u201cAc\u00e1 rinde el odio, los intentos de reconciliaci\u00f3n, que hasta es una palabra mal vista. Ac\u00e1 fueron tres o cuatro, todas fracasaron. El de Menem fracas\u00f3 despu\u00e9s de 12 a\u00f1os, pero fracas\u00f3\u201d. El t\u00edtulo de su libro resume el debate: \u201cHistoria secreta de los indultos a militares y montoneros en el pa\u00eds del odio\u201d.<\/p>\n<p class=\"paragraph\">&#8212;<\/p>\n<div class=\"ad_5 ad-wrapper dfpAd ad-1-al-6 ad-text ad-component-container\" style=\"--ad-shell-height:250px;--ad-shell-width:300px\" data-ad-wrapper=\"arcad\" data-ad-type=\"ad_5\" data-ad-slot=\"infobae\/cultura\/nota\/ad_5\" data-ad-container=\"dfp\" data-ad-slot-name=\"infobae\/cultura\/nota\/ad_5\">\n<p class=\"ad-shell-label\">PUBLICIDAD<\/p>\n<div id=\"infobae\/cultura\/nota\/ad_5\" class=\"infobae\/cultura\/nota\/ad_5 arcad ad-slot-node ad-slot-node--boxed\" data-ad-slot-id=\"infobae\/cultura\/nota\/ad_5\"><\/div>\n<\/div>\n<p class=\"paragraph\"><b>Infobae <\/b>te acompa\u00f1a cada d\u00eda en YouTube con entrevistas, an\u00e1lisis y la informaci\u00f3n m\u00e1s destacada, en un formato cercano y din\u00e1mico.<\/p>\n<p class=\"paragraph\">\u2022 De 7 a 9: <b>Infobae al Amanecer<\/b>: Nacho Giron, Luciana Rubinska y Bel\u00e9n Escobar.<\/p>\n<div class=\"ad_6 ad-wrapper dfpAd ad-1-al-6 ad-text ad-component-container\" style=\"--ad-shell-height:250px;--ad-shell-width:300px\" data-ad-wrapper=\"arcad\" data-ad-type=\"ad_6\" data-ad-slot=\"infobae\/cultura\/nota\/ad_6\" data-ad-container=\"dfp\" data-ad-slot-name=\"infobae\/cultura\/nota\/ad_6\">\n<p class=\"ad-shell-label\">PUBLICIDAD<\/p>\n<div id=\"infobae\/cultura\/nota\/ad_6\" class=\"infobae\/cultura\/nota\/ad_6 arcad ad-slot-node ad-slot-node--boxed\" data-ad-slot-id=\"infobae\/cultura\/nota\/ad_6\"><\/div>\n<\/div>\n<p class=\"paragraph\">\u2022 De 9 a 12: <b>Infobae a las Nueve<\/b>: Gonzalo S\u00e1nchez, Tatiana Schapiro, Ram\u00f3n Indart y Cecilia Boufflet.<\/p>\n<p class=\"paragraph\">\u2022 De 12 a 15: <b>Infobae al Mediodia<\/b>: Maru Duffard, Andrei Serbin Pont, Jimena Grandinetti, Fede Mayol y Facundo Kablan.<\/p>\n<p class=\"paragraph\">\u2022 De 15 a 18: <b>Infobae a la Tarde<\/b>: Manu Jove, Maia Jastreblansky y Paula Guardia Bourdin; rotan en la semana Marcos Shaw, Lara L\u00f3pez Calvo y Tom\u00e1s Trap\u00e9<\/p>\n<p class=\"paragraph\">\u2022 De 18 a 21: <b>Infobae al Regreso<\/b>: Gonzalo Aziz, Diego Iglesias, Malena de los R\u00edos y Mat\u00edas Barber\u00eda; rotan en la semana Gustavo Lazzari, Mart\u00edn Tetaz y Mica Mendelevich<\/p>\n<p class=\"paragraph\">Seguinos en nuestro canal de <b>YouTube <\/b>@infobae.<\/p>\n","protected":false},"excerpt":{"rendered":"<p>El periodista present\u00f3 su libro \u201cPax Menemista\u201d en la Feria del Libro y repas\u00f3 en Infobae al Regreso c\u00f3mo Carlos Menem intent\u00f3 reconciliar a la Argentina con pol\u00e9micos indultos a militares y exguerrilleros En una entrevista exclusiva durante Infobae al Regreso, el periodista Ceferino Reato sostuvo que la \u201cpax menemista\u201d se construy\u00f3 sobre una serie [&hellip;]<\/p>\n","protected":false},"author":1,"featured_media":8721,"comment_status":"open","ping_status":"open","sticky":false,"template":"","format":"standard","meta":{"footnotes":""},"categories":[1],"tags":[],"class_list":["post-8720","post","type-post","status-publish","format-standard","has-post-thumbnail","hentry","category-uncategorized"],"_links":{"self":[{"href":"https:\/\/cliente1.publisher.highstack.com.ar\/index.php?rest_route=\/wp\/v2\/posts\/8720","targetHints":{"allow":["GET"]}}],"collection":[{"href":"https:\/\/cliente1.publisher.highstack.com.ar\/index.php?rest_route=\/wp\/v2\/posts"}],"about":[{"href":"https:\/\/cliente1.publisher.highstack.com.ar\/index.php?rest_route=\/wp\/v2\/types\/post"}],"author":[{"embeddable":true,"href":"https:\/\/cliente1.publisher.highstack.com.ar\/index.php?rest_route=\/wp\/v2\/users\/1"}],"replies":[{"embeddable":true,"href":"https:\/\/cliente1.publisher.highstack.com.ar\/index.php?rest_route=%2Fwp%2Fv2%2Fcomments&post=8720"}],"version-history":[{"count":0,"href":"https:\/\/cliente1.publisher.highstack.com.ar\/index.php?rest_route=\/wp\/v2\/posts\/8720\/revisions"}],"wp:featuredmedia":[{"embeddable":true,"href":"https:\/\/cliente1.publisher.highstack.com.ar\/index.php?rest_route=\/wp\/v2\/media\/8721"}],"wp:attachment":[{"href":"https:\/\/cliente1.publisher.highstack.com.ar\/index.php?rest_route=%2Fwp%2Fv2%2Fmedia&parent=8720"}],"wp:term":[{"taxonomy":"category","embeddable":true,"href":"https:\/\/cliente1.publisher.highstack.com.ar\/index.php?rest_route=%2Fwp%2Fv2%2Fcategories&post=8720"},{"taxonomy":"post_tag","embeddable":true,"href":"https:\/\/cliente1.publisher.highstack.com.ar\/index.php?rest_route=%2Fwp%2Fv2%2Ftags&post=8720"}],"curies":[{"name":"wp","href":"https:\/\/api.w.org\/{rel}","templated":true}]}}