{"id":8716,"date":"2026-05-01T23:07:23","date_gmt":"2026-05-02T02:07:23","guid":{"rendered":"https:\/\/cliente1.publisher.highstack.com.ar\/?p=8716"},"modified":"2026-05-01T23:07:23","modified_gmt":"2026-05-02T02:07:23","slug":"el-peronismo-lanzo-una-nueva-corriente-internafederal-productiva-y-nacional","status":"publish","type":"post","link":"https:\/\/cliente1.publisher.highstack.com.ar\/?p=8716","title":{"rendered":"El peronismo lanz\u00f3 una nueva corriente interna&#8221;federal, productiva y nacional&#8221;"},"content":{"rendered":"<div data-twitter-link=\"#TWEMBEDLINK#\">\n<h2 id=\"p-1777670151069-34328\">Los principales oradores<\/h2>\n<p id=\"p-1777670143104-52039\">\u201cLos espacios tienen que ser horizontales. Nadie es mejor que nadie. <strong>Hay que tener una rebeli\u00f3n l\u00facida. Tenemos que volver a emocionar, hablar con el coraz\u00f3n y mirar a los ojos<\/strong>\u201d, sostuvo<strong> Jorge Sola,<\/strong> del gremio de Seguro y miembro de la CGT.<\/p>\n<p id=\"p-1777670143104-89472\">Su par en la conducci\u00f3n de la CGT, <strong>Christian Jer\u00f3nimo,<\/strong> agreg\u00f3 que \u201cnadie se tiene que sentir ofendido. Nadie tiene la acci\u00f3n de oro en el peronismo. Todos somos peronistas\u201d.<\/p>\n<p id=\"p-1777670143104-89520\">\u201cNo hay que abandonar el territorio. Cuando nos quedamos c\u00f3modos en los escritorios, nos quedamos sin nada\u201d, asegur\u00f3 <strong>Gisela Barrionuevo,<\/strong> intendenta de Santa Eufemia, C\u00f3rdoba.<\/p>\n<p id=\"p-1777670143104-91892\"><strong> Guillermo Michel <\/strong>asegur\u00f3 que \u201c<strong>Milei quiere imponer un modelo social sin clase media, sin trabajo y sin industria\u201d y agreg\u00f3: \u201cNosotros creemos en el s\u00faperavit. Nuestros intendentes y gobernadores gestionaron con s\u00faperavit. Pero creemos en el s\u00faperavit de N\u00e9stor (Kirchner), con la econom\u00eda creciendo y generando puestos de trabajo. No el s\u00faperavit mentiroso de Milei<\/strong>\u201d.<\/p>\n<div contenteditable=\"false\" class=\"embed_cont type_imagen\" id=\"796105-Libre-980083641_wrap\">\n<p>image <span onclick=\"parent.parent.TinyMCETdcuerpo.preview_embed('796105-Libre-980083641')\" class=\"embed_colapse less\" id=\"796105-Libre-980083641_colapse\"><\/span>  <span onclick=\"parent.parent.TinyMCETdcuerpo.delete_embed('796105-Libre-980083641')\" class=\"embed_delete less\" id=\"796105-Libre-980083641_delete\"><\/span><\/p>\n<div id=\"796105-Libre-980083641_content\" class=\"embed_content\"><img decoding=\"async\" src=\"https:\/\/media.diariopopular.com.ar\/p\/3bd913d9bc209fe2d451bf5d9049436c\/adjuntos\/143\/imagenes\/008\/241\/0008241443\/1140x0\/smart\/image.png\" alt=\"\" title=\"\" width=\"1140\" height=\"undefined\" id=\"796105-Libre-980083641_embed\" \/><\/div>\n<\/p><\/div>\n<p id=\"p-1777670143104-40982\">Durante su discurso <strong>Victoria Tolosa Paz<\/strong> revindic\u00f3 la figura del Papa Francisco y apel\u00f3 a uno de sus mensajes. \u201cEl Papa nos dijo que quer\u00eda una Iglesia que saliera al encuentro. Una Iglesia que no se quede encerrada. Hay que salir a debatir. Hay que salir a hablar. Eso es lo que necesita el peronismo en este tiempo. Vengan a debatir. No les preguntamos de d\u00f3nde vienen, solo nos comprometemos hacia d\u00f3nde ir\u201d, asegur\u00f3.<\/p>\n<p id=\"p-1777670143104-85316\"><strong>Federico Ach\u00e1val <\/strong>plante\u00f3 la necesidad de \u201cmirar el territorio donde las pol\u00edticas p\u00fablicas se implementan\u201d, ya que \u201ccuando tenemos la mirada sobre el territorio, no abanadonamos a nadie\u201d. En ese sentido, remarc\u00f3: \u201cTenemos que construir un proyecto de pa\u00eds federal, productivo y nacional\u201d.<\/p>\n<div contenteditable=\"false\" class=\"embed_cont type_imagen\" id=\"796106-Libre-1973163064_wrap\">\n<p>image <span onclick=\"parent.parent.TinyMCETdcuerpo.preview_embed('796106-Libre-1973163064')\" class=\"embed_colapse less\" id=\"796106-Libre-1973163064_colapse\"><\/span>  <span onclick=\"parent.parent.TinyMCETdcuerpo.delete_embed('796106-Libre-1973163064')\" class=\"embed_delete less\" id=\"796106-Libre-1973163064_delete\"><\/span><\/p>\n<div id=\"796106-Libre-1973163064_content\" class=\"embed_content\"><img decoding=\"async\" src=\"https:\/\/media.diariopopular.com.ar\/p\/55e2311b49f4d83d8e6b049ee87bd955\/adjuntos\/143\/imagenes\/008\/241\/0008241444\/1140x0\/smart\/image.png\" alt=\"\" title=\"\" width=\"1140\" height=\"undefined\" id=\"796106-Libre-1973163064_embed\" \/><\/div>\n<\/p><\/div>\n<p id=\"p-1777670143104-24580\">Tambi\u00e9n dieron el presente Mat\u00edas Lammens, Mat\u00edas Kulfas, Juan Cabandi\u00e9, Juan Jos\u00e9 Bahillo y Julio Vitobello; los senadores nacionales Marcelo Lewandowski (Santa Fe), Ad\u00e1n Bhal (Entre R\u00edos) y Fernando Salino (San Luis); y diputados nacionales como Ernesto \u201cPipi\u201d Al\u00ed, Guillermo Snopek, Luis Basterra, Pablo Yeldlin y Kelly Olmos.<\/p>\n<p id=\"p-1777674510571-83338\">Adem\u00e1s, participaron del acto dirigentes de Fuerza Patria encabezados por Claudio Ferre\u00f1o, quien estuvo acompa\u00f1ados por legisladores porte\u00f1os de la agrupaci\u00f3n.<\/p>\n<div contenteditable=\"false\" class=\"embed_cont type_imagen\" id=\"796111-Libre-983981814_wrap\">\n<p>WhatsApp Image 2026-05-01 at 18.59.25 <span onclick=\"parent.parent.TinyMCETdcuerpo.preview_embed('796111-Libre-983981814')\" class=\"embed_colapse less\" id=\"796111-Libre-983981814_colapse\"><\/span>  <span onclick=\"parent.parent.TinyMCETdcuerpo.delete_embed('796111-Libre-983981814')\" class=\"embed_delete less\" id=\"796111-Libre-983981814_delete\"><\/span><\/p>\n<div id=\"796111-Libre-983981814_content\" class=\"embed_content\"><img decoding=\"async\" src=\"https:\/\/media.diariopopular.com.ar\/p\/4252d2b661da54f49b05c7bdc8cf2155\/adjuntos\/143\/imagenes\/008\/241\/0008241449\/1140x0\/smart\/whatsapp-image-2026-05-01-at-185925.jpeg\" alt=\"\" title=\"\" width=\"1140\" height=\"undefined\" id=\"796111-Libre-983981814_embed\" \/><\/div>\n<\/p><\/div>\n<p id=\"p-1777674420002-43289\"><strong>Foto<\/strong>: De izq a derecha: Claudio Ferre\u00f1o, Legislador Porte\u00f1o Fuerza Patria y Presidente del Partido ParTE; Cristian Jer\u00f3nimo (CGT), Jorge Sola (CGT), Andr\u00e9s Rodr\u00edguez (UPCN) y los legisladores porte\u00f1os de Fuerza Patria Barbara Rossen, Leandro Santoro y Alejandro Grillo.<\/p>\n<\/p><\/div>\n<p><script async defer crossorigin=\"anonymous\" src=\"https:\/\/connect.facebook.net\/es_ES\/sdk.js\"><\/script><script>(function(d, s, id) {\n      var js, fjs = d.getElementsByTagName(s)[0];\n      if (d.getElementById(id)) return;\n      js = d.createElement(s); js.id = id;\n      js.src = \"\/\/connect.facebook.net\/en_GB\/sdk.js#xfbml=1&version=v2.8\";\n      fjs.parentNode.insertBefore(js, fjs);\n    }(document, 'script', 'facebook-jssdk'));<\/script><br \/><\/p>\n","protected":false},"excerpt":{"rendered":"<p> Juan Manuel Olmos, Victoria Tolosa Paz y Guillermo Michel, Federico Ach\u00e1val y Gast\u00f3n Granados, entre otros, encabezaron un acto en Parque Norte.   <\/p>\n","protected":false},"author":1,"featured_media":8701,"comment_status":"open","ping_status":"open","sticky":false,"template":"","format":"standard","meta":{"footnotes":""},"categories":[1],"tags":[4,2],"class_list":["post-8716","post","type-post","status-publish","format-standard","has-post-thumbnail","hentry","category-uncategorized","tag-entre-rios","tag-guillermo-michel"],"_links":{"self":[{"href":"https:\/\/cliente1.publisher.highstack.com.ar\/index.php?rest_route=\/wp\/v2\/posts\/8716","targetHints":{"allow":["GET"]}}],"collection":[{"href":"https:\/\/cliente1.publisher.highstack.com.ar\/index.php?rest_route=\/wp\/v2\/posts"}],"about":[{"href":"https:\/\/cliente1.publisher.highstack.com.ar\/index.php?rest_route=\/wp\/v2\/types\/post"}],"author":[{"embeddable":true,"href":"https:\/\/cliente1.publisher.highstack.com.ar\/index.php?rest_route=\/wp\/v2\/users\/1"}],"replies":[{"embeddable":true,"href":"https:\/\/cliente1.publisher.highstack.com.ar\/index.php?rest_route=%2Fwp%2Fv2%2Fcomments&post=8716"}],"version-history":[{"count":1,"href":"https:\/\/cliente1.publisher.highstack.com.ar\/index.php?rest_route=\/wp\/v2\/posts\/8716\/revisions"}],"predecessor-version":[{"id":8717,"href":"https:\/\/cliente1.publisher.highstack.com.ar\/index.php?rest_route=\/wp\/v2\/posts\/8716\/revisions\/8717"}],"wp:featuredmedia":[{"embeddable":true,"href":"https:\/\/cliente1.publisher.highstack.com.ar\/index.php?rest_route=\/wp\/v2\/media\/8701"}],"wp:attachment":[{"href":"https:\/\/cliente1.publisher.highstack.com.ar\/index.php?rest_route=%2Fwp%2Fv2%2Fmedia&parent=8716"}],"wp:term":[{"taxonomy":"category","embeddable":true,"href":"https:\/\/cliente1.publisher.highstack.com.ar\/index.php?rest_route=%2Fwp%2Fv2%2Fcategories&post=8716"},{"taxonomy":"post_tag","embeddable":true,"href":"https:\/\/cliente1.publisher.highstack.com.ar\/index.php?rest_route=%2Fwp%2Fv2%2Ftags&post=8716"}],"curies":[{"name":"wp","href":"https:\/\/api.w.org\/{rel}","templated":true}]}}