{"id":8712,"date":"2026-05-01T22:32:10","date_gmt":"2026-05-02T01:32:10","guid":{"rendered":"https:\/\/cliente1.publisher.highstack.com.ar\/?p=8712"},"modified":"2026-05-01T22:32:10","modified_gmt":"2026-05-02T01:32:10","slug":"accidente-en-autovia-gervasio-artigas-camion-volco-tras-chocar-contra-un-caballo-y-hay-dos-heridos","status":"publish","type":"post","link":"https:\/\/cliente1.publisher.highstack.com.ar\/?p=8712","title":{"rendered":"Accidente en Autov\u00eda Gervasio Artigas: cami\u00f3n volc\u00f3 tras chocar contra un caballo y hay dos heridos"},"content":{"rendered":"<p><\/p>\n<div>\n<p>Un grave accidente de tr\u00e1nsito ocurri\u00f3 este viernes alrededor de las 19:20 en el kil\u00f3metro 264 de la<b> Autov\u00eda Gervasio Artigas<\/b>, en cercan\u00edas a<b> La Criolla<\/b>, departamento Concordia, en sentido norte a sur, con la participaci\u00f3n de <b>tres veh\u00edculos y un animal suelto sobre la calzada<\/b>. Como resultado, dos hombres resultaron heridos, seg\u00fan informaron <b>Bomberos Voluntarios de Concordia<\/b> a <i>Elonce<\/i>. <\/p>\n<p><!-- is a <br \/>--><\/p>\n<p><!-- is a object --><br \/>\n<!-- embed start --><\/p>\n<figure class=\"embed\">\n<p>    <img decoding=\"async\" src=\"https:\/\/elonce-media.elonce.com\/fotos\/2026\/05\/01\/e_1777678736_38215.webp\" loading=\"lazy\" width=\"600\" height=\"400\" alt=\"\"\/><\/p>\n<\/figure>\n<p><!-- embed end --><br \/>\n<!-- end object --><\/p>\n<p>\u00a0<\/p>\n<p><!-- is a <br \/>--><\/p>\n<p>Seg\u00fan se inform\u00f3, una camioneta Fiat Toro, con dos ocupantes, embisti\u00f3 a un equino que se encontraba sobre la ruta. Tras el impacto, el animal qued\u00f3 tendido sobre el asfalto. En ese momento, los ocupantes del rodado <b>se detuvieron para asistir a los pasajeros<\/b> de un Volkswagen Suran que tambi\u00e9n se encontraba en la zona.  <\/p>\n<p><!-- is a <br \/>--><\/p>\n<blockquote class=\"instagram-media\" data-instgrm-captioned=\"\" data-instgrm-permalink=\"https:\/\/www.instagram.com\/reel\/DX0NWAERaLP\/?utm_source=ig_embed&amp;utm_campaign=loading\" data-instgrm-version=\"14\" style=\" background:#FFF; border:0; border-radius:3px; box-shadow:0 0 1px 0 rgba(0,0,0,0.5),0 1px 10px 0 rgba(0,0,0,0.15); margin: 1px; max-width:540px; min-width:326px; padding:0; width:99.375%; width:-webkit-calc(100% - 2px); width:calc(100% - 2px);\"\/><p> <!-- is a <br \/>--><\/p>\n<p><!-- is a object --><\/p>\n<h3>Un cami\u00f3n con troncos involucrado<\/h3>\n<p><!-- end object --><\/p>\n<p>\u00a0<\/p>\n<p><!-- is a <br \/>--><\/p>\n<p>Minutos despu\u00e9s, un cami\u00f3n Volvo con semirremolque cargado con troncos de eucalipto pas\u00f3 por encima del animal, lo que provoc\u00f3 que el conductor perdiera el control. El veh\u00edculo de gran porte impact\u00f3 primero contra la Fiat Toro y<b> luego arrastr\u00f3 al otro autom\u00f3vil fuera de la cinta asf\u00e1ltica<\/b>, para finalmente volcar y quedar obstruyendo parcialmente la calzada.  <\/p>\n<p><!-- is a <br \/>--><\/p>\n<p><!-- is a object --><br \/>\n<!-- embed start --><\/p>\n<figure class=\"embed\">\n<p>    <img decoding=\"async\" src=\"https:\/\/elonce-media.elonce.com\/fotos\/2026\/05\/01\/e_1777678736_53268.webp\" loading=\"lazy\" width=\"600\" height=\"400\" alt=\"\"\/><\/p>\n<\/figure>\n<p><!-- embed end --><br \/>\n<!-- end object --><\/p>\n<p>\u00a0<\/p>\n<p><!-- is a <br \/>--><\/p>\n<p>Como consecuencia del siniestro, un hombre de 34 a\u00f1os, oriundo de Feliciano y conductor del Volkswagen Suran y otro viajante fueron trasladados al Hospital Masvernat con lesiones. <\/p>\n<p><!-- is a <br \/>--><\/p>\n<p><!-- is a object --><br \/>\n<!-- embed start --><\/p>\n<figure class=\"embed\">\n<p>    <img decoding=\"async\" src=\"https:\/\/elonce-media.elonce.com\/fotos\/2026\/05\/01\/e_1777678736_33551.webp\" loading=\"lazy\" width=\"600\" height=\"400\" alt=\"\"\/><\/p>\n<\/figure>\n<p><!-- embed end --><br \/>\n<!-- end object --><\/p>\n<p>\u00a0<\/p>\n<p><!-- is a <br \/>--><\/p>\n<p>En el lugar trabajaron efectivos de la Comisar\u00eda La Criolla, junto a personal de la Jefatura Departamental Concordia, Delitos Rurales y Prevenci\u00f3n Vial. Las actuaciones contin\u00faan para esclarecer las circunstancias del hecho. <\/p>\n<p><!-- is a <br \/>--><\/p>\n<p><!-- is a object --><br \/>\n<!-- embed start --><\/p>\n<figure class=\"embed\">\n<p>    <img decoding=\"async\" src=\"https:\/\/elonce-media.elonce.com\/fotos\/2026\/05\/01\/e_1777678736_22993.webp\" loading=\"lazy\" width=\"600\" height=\"400\" alt=\"\"\/><\/p>\n<\/figure>\n<p><!-- embed end --><br \/>\n<!-- end object --><\/p><\/div>\n<p><script async src=\"\/\/www.instagram.com\/embed.js\"><\/script><\/p>\n","protected":false},"excerpt":{"rendered":"<p>Un grave accidente de tr\u00e1nsito ocurri\u00f3 este viernes alrededor de las 19:20 en el kil\u00f3metro 264 de la Autov\u00eda Gervasio Artigas, en cercan\u00edas a La Criolla, departamento Concordia, en sentido norte a sur, con la participaci\u00f3n de tres veh\u00edculos y un animal suelto sobre la calzada. Como resultado, dos hombres resultaron heridos, seg\u00fan informaron Bomberos [&hellip;]<\/p>\n","protected":false},"author":1,"featured_media":8713,"comment_status":"open","ping_status":"open","sticky":false,"template":"","format":"standard","meta":{"footnotes":""},"categories":[1],"tags":[],"class_list":["post-8712","post","type-post","status-publish","format-standard","has-post-thumbnail","hentry","category-uncategorized"],"_links":{"self":[{"href":"https:\/\/cliente1.publisher.highstack.com.ar\/index.php?rest_route=\/wp\/v2\/posts\/8712","targetHints":{"allow":["GET"]}}],"collection":[{"href":"https:\/\/cliente1.publisher.highstack.com.ar\/index.php?rest_route=\/wp\/v2\/posts"}],"about":[{"href":"https:\/\/cliente1.publisher.highstack.com.ar\/index.php?rest_route=\/wp\/v2\/types\/post"}],"author":[{"embeddable":true,"href":"https:\/\/cliente1.publisher.highstack.com.ar\/index.php?rest_route=\/wp\/v2\/users\/1"}],"replies":[{"embeddable":true,"href":"https:\/\/cliente1.publisher.highstack.com.ar\/index.php?rest_route=%2Fwp%2Fv2%2Fcomments&post=8712"}],"version-history":[{"count":0,"href":"https:\/\/cliente1.publisher.highstack.com.ar\/index.php?rest_route=\/wp\/v2\/posts\/8712\/revisions"}],"wp:featuredmedia":[{"embeddable":true,"href":"https:\/\/cliente1.publisher.highstack.com.ar\/index.php?rest_route=\/wp\/v2\/media\/8713"}],"wp:attachment":[{"href":"https:\/\/cliente1.publisher.highstack.com.ar\/index.php?rest_route=%2Fwp%2Fv2%2Fmedia&parent=8712"}],"wp:term":[{"taxonomy":"category","embeddable":true,"href":"https:\/\/cliente1.publisher.highstack.com.ar\/index.php?rest_route=%2Fwp%2Fv2%2Fcategories&post=8712"},{"taxonomy":"post_tag","embeddable":true,"href":"https:\/\/cliente1.publisher.highstack.com.ar\/index.php?rest_route=%2Fwp%2Fv2%2Ftags&post=8712"}],"curies":[{"name":"wp","href":"https:\/\/api.w.org\/{rel}","templated":true}]}}