{"id":8710,"date":"2026-05-01T21:14:39","date_gmt":"2026-05-02T00:14:39","guid":{"rendered":"https:\/\/cliente1.publisher.highstack.com.ar\/?p=8710"},"modified":"2026-05-01T21:14:39","modified_gmt":"2026-05-02T00:14:39","slug":"olmos-tolosa-paz-y-michel-lanzaron-un-nuevo-espacio-peronista-que-apuesta-por-una-alternativa-de-centro-y-federal","status":"publish","type":"post","link":"https:\/\/cliente1.publisher.highstack.com.ar\/?p=8710","title":{"rendered":"Olmos, Tolosa Paz y Michel lanzaron un nuevo espacio peronista que apuesta por una alternativa de centro y federal"},"content":{"rendered":"<div>\n<p><strong>En un concurrido acto en Parque Norte, se lanz\u00f3 hoy un nuevo espacio peronista que tiene como referentes al presidente de la Auditor\u00eda General de la Naci\u00f3n, Juan Manuel Olmos, y a los diputados nacionales Victoria Tolosa Paz y Guillermo Michel, y cuyo objetivo es posicionar una alternativa nacional de centro con impronta federal para confrontar con el modelo de Javier Milei.<\/strong><\/p>\n<p>\u201cPrimero las ideas\u201d fue la consigna de la convocatoria, que tuvo una din\u00e1mica de congreso con comisiones de trabajo, paneles tem\u00e1ticos que coronaron en un acto de cierre y un documento final.<\/p>\n<p><strong>Del armado tambi\u00e9n participan otras figuras de relieve como los intendentes de Pilar, Federico Ach\u00e1val, y de Ezeiza, Gast\u00f3n Granados, quienes fueron de la partida en Parque Norte.<\/strong><\/p>\n<p>\u201cLa jornada dej\u00f3 una se\u00f1al pol\u00edtica clara: la necesidad de avanzar en la construcci\u00f3n de un peronismo con base territorial, representativo de la Argentina productiva y con protagonismo de las provincias, descentrando el debate pol\u00edtico de la l\u00f3gica del AMBA\u201d, se\u00f1alaron fuentes de la organizaci\u00f3n a las que la Agencia Noticias Argentinas tuvo acceso.<\/p>\n<p>Uno de los oradores centrales de la jornada fue Michel, quien destac\u00f3 que el objetivo del encuentro fue \u201cponer en discusi\u00f3n los valores que el peronismo debe representar: el federalismo, la producci\u00f3n, el trabajo y, sobre todo, la mejora concreta en la vida de la gente\u201d.<\/p>\n<p><strong>Y advirti\u00f3: \u201cMilei no est\u00e1 buscando poner en pr\u00e1ctica un programa econ\u00f3mico, est\u00e1 imponiendo un modelo social con una fuerte desigualdad, sin industria y sin clase media. Nosotros creemos en el super\u00e1vit, pero no el trucho de Javier Milei sino el de N\u00e9stor con la econom\u00eda creciendo y generando puestos de trabajo\u201d.<\/strong><\/p>\n<p>Por su parte, Tolosa Paz afirm\u00f3 que este 1\u00b0 de mayo \u201cdebe ser una piedra fundacional para reconstruir una alternativa en la Argentina\u201d, y sostuvo que el peronismo debe volver a ser \u201cla herramienta que ordene la vida cotidiana y recupere la dignidad de nuestro pueblo\u201d.<\/p>\n<p>Adem\u00e1s, llam\u00f3 a \u201cconstruir un peronismo que convoque, debata y genere nuevos liderazgos\u201d, con \u201cun o\u00eddo en el pueblo y otro en nuestras convicciones\u201d, para luego plantear la necesidad de consolidar \u201cun peronismo federal, abierto y con coraje, que vuelva a ser una esperanza concreta y una alternativa de gobierno\u201d.<\/p>\n<p>Olmos, por su lado, llam\u00f3 a \u201cdiscutir mucho de las ideas, poco de las cosas y nada de las personas\u201d.<\/p>\n<p>\u201cEsto no es en contra de ning\u00fan compa\u00f1ero ni ninguna compa\u00f1era, es un proceso colectivo de debate transversal y federal\u201d, indic\u00f3.<\/p>\n<p>Y agreg\u00f3: \u201cA nosotros no nos molestan las formas de Milei; lo que nos duele es que la gente se est\u00e9 quedando sin trabajo, que cierren las empresas y que los argentinos no lleguen a fin de mes\u201d.<\/p>\n<p>Finalmente, afirm\u00f3: \u201cEl peronismo se tiene que transformar de oposici\u00f3n en alternativa para volver a gobernar la Argentina\u201d.<\/p>\n<p>Ach\u00e1val subray\u00f3 \u201cla necesidad de recuperar la pol\u00edtica como herramienta de transformaci\u00f3n real, capaz de dar respuestas a los problemas cotidianos de los argentinos, y de construir un proyecto de pa\u00eds federal, productivo y nacional\u201d.<\/p>\n<p>Tambi\u00e9n tomaron la palabra el senador nacional por Santa Fe Marcelo Lewandowski; el secretario general de la Confederaci\u00f3n General del Trabajo (CGT), Jorge Sola; el diputado nacional por San Juan, Ernesto \u201cPipi\u201d Al\u00ed; el diputado nacional por Tucum\u00e1n, Pablo Yedlin; y, de manera virtual, el diputado nacional por Mendoza, Emir F\u00e9lix.<\/p>\n<p>El lanzamiento del espacio, para el cual se eligi\u00f3 el D\u00eda del Trabajador por su impacto simb\u00f3lico, reuni\u00f3 a unos 4.000 dirigentes de 19 provincias, incluyendo m\u00e1s de 70 intendentes de todo el pa\u00eds y 20 legisladores nacionales.<\/p>\n<p>Las comisiones estuvieron integradas por una amplia y diversa representaci\u00f3n federal de dirigentes de todo el pa\u00eds, con referentes como Nicol\u00e1s Mantegazza, intendente de San Vicente; Jos\u00e9 Lauritto, intendente de Concepci\u00f3n del Uruguay; Karina Paniagua, intendenta de Humahuaca; Fabi\u00e1n Gramajo, intendente de Chimbas; Guillermo Snopek, diputado nacional por Jujuy; Jos\u00e9 Urtubey, ex presidente de la UIA; Teresa Madera, vicegobernadora de La Rioja; Kelly Olmos, diputada nacional; y Juan Jos\u00e9 Bahillo, diputado provincial de Entre R\u00edos, entre otros<\/p>\n<p>En la lista de invitados no estuvo ninguno de los referentes de los espacios que dominan la cartelera del peronismo, como el MDF, La C\u00e1mpora y el Frente Renovador.<\/p>\n<p>Todos ellos fueron notificados sobre el lanzamiento de la nueva corriente pol\u00edtica, y les avisaron que la intenci\u00f3n no es ir contra nadie, sino sumar ideas para confluir con el resto en una pr\u00f3xima etapa.<\/p>\n<p>En el debut del nuevo espacio en Parque Norte tampoco estuvo Miguel Pichetto, pese a que el veterano diputado nacional tiene un fluido di\u00e1logo pol\u00edtico y articulaci\u00f3n legislativa con Michel y Tolosa Paz.<\/p>\n<\/p><\/div>\n<p><\/p>\n","protected":false},"excerpt":{"rendered":"<p>En un concurrido acto en Parque Norte, se lanz\u00f3 hoy un nuevo espacio peronista que tiene como referentes al presidente de la Auditor\u00eda General de la Naci\u00f3n, Juan Manuel Olmos, y a los diputados nacionales Victoria Tolosa Paz y Guillermo Michel, y cuyo objetivo es posicionar una alternativa nacional de centro con impronta federal para [&hellip;]<\/p>\n","protected":false},"author":1,"featured_media":8711,"comment_status":"open","ping_status":"open","sticky":false,"template":"","format":"standard","meta":{"footnotes":""},"categories":[],"tags":[4,2,2223],"class_list":["post-8710","post","type-post","status-publish","format-standard","has-post-thumbnail","hentry","tag-entre-rios","tag-guillermo-michel","tag-jose-lauritto"],"_links":{"self":[{"href":"https:\/\/cliente1.publisher.highstack.com.ar\/index.php?rest_route=\/wp\/v2\/posts\/8710","targetHints":{"allow":["GET"]}}],"collection":[{"href":"https:\/\/cliente1.publisher.highstack.com.ar\/index.php?rest_route=\/wp\/v2\/posts"}],"about":[{"href":"https:\/\/cliente1.publisher.highstack.com.ar\/index.php?rest_route=\/wp\/v2\/types\/post"}],"author":[{"embeddable":true,"href":"https:\/\/cliente1.publisher.highstack.com.ar\/index.php?rest_route=\/wp\/v2\/users\/1"}],"replies":[{"embeddable":true,"href":"https:\/\/cliente1.publisher.highstack.com.ar\/index.php?rest_route=%2Fwp%2Fv2%2Fcomments&post=8710"}],"version-history":[{"count":0,"href":"https:\/\/cliente1.publisher.highstack.com.ar\/index.php?rest_route=\/wp\/v2\/posts\/8710\/revisions"}],"wp:featuredmedia":[{"embeddable":true,"href":"https:\/\/cliente1.publisher.highstack.com.ar\/index.php?rest_route=\/wp\/v2\/media\/8711"}],"wp:attachment":[{"href":"https:\/\/cliente1.publisher.highstack.com.ar\/index.php?rest_route=%2Fwp%2Fv2%2Fmedia&parent=8710"}],"wp:term":[{"taxonomy":"category","embeddable":true,"href":"https:\/\/cliente1.publisher.highstack.com.ar\/index.php?rest_route=%2Fwp%2Fv2%2Fcategories&post=8710"},{"taxonomy":"post_tag","embeddable":true,"href":"https:\/\/cliente1.publisher.highstack.com.ar\/index.php?rest_route=%2Fwp%2Fv2%2Ftags&post=8710"}],"curies":[{"name":"wp","href":"https:\/\/api.w.org\/{rel}","templated":true}]}}