{"id":8706,"date":"2026-05-01T20:48:41","date_gmt":"2026-05-01T23:48:41","guid":{"rendered":"https:\/\/cliente1.publisher.highstack.com.ar\/?p=8706"},"modified":"2026-05-01T20:48:41","modified_gmt":"2026-05-01T23:48:41","slug":"lisandro-catalan-hablo-de-su-salida-del-ministerio-del-interior-y-defendio-los-cambios-en-el-sistema-electoralel-presidente-de-la-libertad-avanza-en-tucuman-y-ex-ministro-reivindico-la-aprobacion-de-l","status":"publish","type":"post","link":"https:\/\/cliente1.publisher.highstack.com.ar\/?p=8706","title":{"rendered":"Lisandro Catal\u00e1n habl\u00f3 de su salida del ministerio del Interior y defendi\u00f3 los cambios en el sistema electoralEl presidente de La Libertad Avanza en Tucum\u00e1n y ex ministro reivindic\u00f3 la aprobaci\u00f3n de la boleta \u00fanica de papel y cuestion\u00f3 el sistema de acoples que rige en su provincia, donde el gobernador Jaldo compiti\u00f3 en 2023 con 73 boletas distintas"},"content":{"rendered":"<div class=\"jwplayer-ctn\"><script src=\"https:\/\/census-web.scorecardresearch.com\/plugins\/streaming-jwplayer\/v2\/current.js\"><\/script><\/p>\n<div>\n<div id=\"GUHGBW24ZZBKBDKT6TMKV5E3HA-custom_embed0\"><\/div>\n<\/div><figcaption class=\"jwplayer-figcaption\">Lisandro Catal\u00e1n, presidente de LLA Tucum\u00e1n y exministro del Interior, habl\u00f3 de su salida del ministerio del Interior y defendi\u00f3 los cambios en el sitema electoral<\/figcaption><\/div>\n<p class=\"paragraph\"><a href=\"https:\/\/www.infobae.com\/tag\/lisandro-catalan\/\" target=\"_blank\" rel=\"noreferrer\" title=\"https:\/\/www.infobae.com\/tag\/lisandro-catalan\/\"><b>Lisandro Catal\u00e1n<\/b><\/a>, ex ministro del Interior y presidente de <b>La Libertad Avanza (LLA)<\/b> en <b>Tucum\u00e1n<\/b>, habl\u00f3 con <i>Infobae al regreso<\/i> sobre su salida del <b>Ministerio <\/b>en noviembre del a\u00f1o pasado y defendi\u00f3 los cambios al <b>sistema electoral<\/b> que impuls\u00f3 desde el <b>Senado de la Naci\u00f3n<\/b> durante su gesti\u00f3n. El dirigente tucumano tambi\u00e9n cuestion\u00f3 el sistema de <b>acoples<\/b> vigente en su provincia y se pronunci\u00f3 a favor de la <b>eliminaci\u00f3n de las PASO<\/b>.<\/p>\n<p class=\"paragraph\">Sobre su salida del gabinete, Catal\u00e1n no mostr\u00f3 resquemores. La renovaci\u00f3n del ala pol\u00edtica del gobierno, que tambi\u00e9n incluy\u00f3 al entonces jefe de Gabinete <b>Guillermo Francos<\/b>, la encuadr\u00f3 dentro de las atribuciones del Ejecutivo.<b> \u201cEl que tiene los destinos de conducir el pa\u00eds es el Presidente, y tiene el derecho de elegir sus colaboradores\u201d<\/b>, dijo. En ese sentido, cree que Milei <b>\u201chabr\u00e1 considerado que era necesario hacer una renovaci\u00f3n del ala pol\u00edtica\u201d<\/b>. <\/p>\n<div class=\"inline ad-wrapper dfpAd ad-inline ad-text ad-component-container\" style=\"--ad-shell-height:250px;--ad-shell-width:300px\" data-ad-wrapper=\"arcad\" data-ad-type=\"inline\" data-ad-slot=\"infobae\/politica\/nota\/inline\" data-ad-container=\"dfp\" data-ad-slot-name=\"infobae\/politica\/nota\/inline\">\n<p class=\"ad-shell-label\">PUBLICIDAD<\/p>\n<div id=\"infobae\/politica\/nota\/inline\" class=\"infobae\/politica\/nota\/inline arcad ad-slot-node ad-slot-node--boxed\" data-ad-slot-id=\"infobae\/politica\/nota\/inline\"><\/div>\n<\/div>\n<div class=\"streaming-feed streaming-feed-powerup\">\n<p class=\"streaming-feed-title\">Nueva Programaci\u00f3n<\/p>\n<div class=\"streaming-feed-slider\"><svg class=\"prev-arrow prev-slider-sf-d07778b4-c67a-4c1d-9b98-fce6d0ca4dc9\" viewbox=\"0 0 50 50\" xmlns=\"http:\/\/www.w3.org\/2000\/svg\"><g transform=\"translate(.159 .327)\"><circle cx=\"25\" cy=\"25\" r=\"25\" fill=\"#fff\" style=\"isolation:isolate;opacity:0.89\"><\/circle><path d=\"M28.09 13.71a1.426 1.426 0 0 1 .96 2.48l-9.55 8.78 9.55 8.78c.58.53.62 1.44.09 2.02-.54.58-1.44.62-2.02.09l-10.69-9.83c-.29-.27-.46-.65-.46-1.05s.17-.78.46-1.05l10.69-9.83c.27-.25.62-.38.97-.38Z\" fill=\"#3b3b3b\"><\/path><\/g><\/svg><\/p>\n<div class=\"swiper\">\n<div class=\"swiper-wrapper\">\n<div class=\"swiper-slide streaming-feed-slide\"><a class=\"streaming-feed-card\" href=\"https:\/\/www.youtube.com\/@Infobae\" target=\"_blank\" rel=\"noopener noreferrer\"><img alt=\"streaming-image\" class=\"streaming-feed-card-image\" decoding=\"auto\" fetchpriority=\"low\" loading=\"lazy\" src=\"https:\/\/www.infobae.com\/resizer\/v2\/YDYIWXRF4FEVVNHPOA7LF3YDXA.png?auth=3f092edca7a56a9b6ec277bcecc898433dbaed898d5824790bccc739588cd7c8\"><\/p>\n<div class=\"streaming-feed-card-content\">\n<p class=\"streaming-feed-card-title\">INFOBAE AL AMANECER<\/p>\n<p class=\"streaming-feed-card-description\">Infobae En Vivo inicia su jornada con una primera edici\u00f3n informativa pensada para arrancar el d\u00eda bien informado. Un espacio \u00e1gil y plural, con las noticias clave de la ma\u00f1ana, an\u00e1lisis temprano y contexto para anticipar la agenda del d\u00eda.<\/p>\n<p class=\"streaming-feed-card-schedule\">De Lun a Vie 10 a 12 hs<\/p>\n<\/div>\n<p><\/a><\/div>\n<div class=\"swiper-slide streaming-feed-slide\"><a class=\"streaming-feed-card\" href=\"https:\/\/www.youtube.com\/@Infobae\" target=\"_blank\" rel=\"noopener noreferrer\"><img alt=\"streaming-image\" class=\"streaming-feed-card-image\" decoding=\"auto\" fetchpriority=\"low\" loading=\"lazy\" src=\"https:\/\/www.infobae.com\/resizer\/v2\/J6FOZY4QKZHRRI4YGGQCG3WWPA.png?auth=a21d17528ba5cb775b32e68980de2cfc03021664949b235e2d678e2a27f192a7\"><\/p>\n<div class=\"streaming-feed-card-content\">\n<p class=\"streaming-feed-card-title\">INFOBAE A LAS NUEVE<\/p>\n<p class=\"streaming-feed-card-description\">La edici\u00f3n am abordar\u00e1 la informaci\u00f3n que define el d\u00eda, en un formato \u00e1gil que atrapa a la audiencia.<\/p>\n<p class=\"streaming-feed-card-schedule\">De Lun a Vie 12 a 15 hs<\/p>\n<\/div>\n<p><\/a><\/div>\n<div class=\"swiper-slide streaming-feed-slide\"><a class=\"streaming-feed-card\" href=\"https:\/\/www.youtube.com\/@Infobae\" target=\"_blank\" rel=\"noopener noreferrer\"><img alt=\"streaming-image\" class=\"streaming-feed-card-image\" decoding=\"auto\" fetchpriority=\"low\" loading=\"lazy\" src=\"https:\/\/www.infobae.com\/resizer\/v2\/7OCB73OBF5CCNGT4BSPIPOSKQE.png?auth=573ea9cf95fa2e04247a1d6e62a635b74b612e11246d5b9b4e4c40cd4996e691\"><\/p>\n<div class=\"streaming-feed-card-content\">\n<p class=\"streaming-feed-card-title\">INFOBAE AL MEDIOD\u00cdA<\/p>\n<p class=\"streaming-feed-card-description\">La edici\u00f3n del mediod\u00eda propone una mirada amplia de la actualidad, con contenidos diversos, foco internacional y el respaldo de las redacciones de Infobae en el mundo.<\/p>\n<p class=\"streaming-feed-card-schedule\">De Lun a Vie 15 a 18 hs<\/p>\n<\/div>\n<p><\/a><\/div>\n<div class=\"swiper-slide streaming-feed-slide\"><a class=\"streaming-feed-card\" href=\"https:\/\/www.youtube.com\/@Infobae\" target=\"_blank\" rel=\"noopener noreferrer\"><img alt=\"streaming-image\" class=\"streaming-feed-card-image\" decoding=\"auto\" fetchpriority=\"low\" loading=\"lazy\" src=\"https:\/\/www.infobae.com\/resizer\/v2\/UIRLFN4CTZBJ5OK7BHQHPOAQMI.png?auth=504d631b6dbc42d9a7efdb0ed2658616679575e57b56059b777e5b2e5a838c92\"><\/p>\n<div class=\"streaming-feed-card-content\">\n<p class=\"streaming-feed-card-title\">INFOBAE A LA TARDE<\/p>\n<p class=\"streaming-feed-card-description\">La edici\u00f3n de la tarde propone un espacio de an\u00e1lisis y debate sobre los temas que marcan la agenda del d\u00eda, con un enfoque din\u00e1mico, elocuente y profundo.<\/p>\n<p class=\"streaming-feed-card-schedule\">De Lun a Vie 18 a 21 hs<\/p>\n<\/div>\n<p><\/a><\/div>\n<div class=\"swiper-slide streaming-feed-slide\"><a class=\"streaming-feed-card in-stream\" href=\"https:\/\/www.youtube.com\/@Infobae\" target=\"_blank\" rel=\"noopener noreferrer\"><img alt=\"streaming-image\" class=\"streaming-feed-card-image\" decoding=\"auto\" fetchpriority=\"low\" loading=\"lazy\" src=\"https:\/\/www.infobae.com\/resizer\/v2\/74XNX45OL5GYXIQFH3EKCODQUI.png?auth=cf05033654359b754eed9c9742064e31ef7d5ddd15f6077e2d00af964476875e\"><\/p>\n<div class=\"streaming-feed-card-content\">\n<p class=\"streaming-feed-card-title\">INFOBAE AL REGRESO<\/p>\n<p class=\"streaming-feed-card-description\">La edici\u00f3n PM se centra en el an\u00e1lisis pol\u00edtico de la jornada, con contexto, debate y las claves de la agenda del d\u00eda siguiente.<\/p>\n<p class=\"streaming-feed-card-schedule\">De Lun a Vie 21 a 0 hs<\/p>\n<\/div>\n<p><\/a><\/div>\n<div class=\"swiper-slide streaming-feed-slide\"><a class=\"streaming-feed-card\" href=\"https:\/\/www.youtube.com\/@Infobae\" target=\"_blank\" rel=\"noopener noreferrer\"><img alt=\"streaming-image\" class=\"streaming-feed-card-image\" decoding=\"auto\" fetchpriority=\"low\" loading=\"lazy\" src=\"https:\/\/www.infobae.com\/resizer\/v2\/SNT34ZF4PFFZRPH4D5Q5HB6DBQ.png?auth=4df6862f4cc8b56ed2002f5d05755d47ea9da2668983c75e1466d803eda6239a\"><\/p>\n<div class=\"streaming-feed-card-content\">\n<p class=\"streaming-feed-card-title\">INFOBAE A LA NOCHE<\/p>\n<p class=\"streaming-feed-card-description\">A partir de las 21hs y hasta las 7am, inicia Infobae de Noche, una propuesta musical que completa la grilla y acompa\u00f1a a la audiencia.<\/p>\n<p class=\"streaming-feed-card-schedule\">De Lun a Dom 0 a 10 hs<\/p>\n<\/div>\n<p><\/a><\/div>\n<\/div>\n<\/div>\n<p><svg class=\"next-arrow next-slider-sf-d07778b4-c67a-4c1d-9b98-fce6d0ca4dc9\" viewbox=\"0 0 50 50\" xmlns=\"http:\/\/www.w3.org\/2000\/svg\"><g transform=\"translate(.159 .327)\"><circle cx=\"25\" cy=\"25\" r=\"25\" fill=\"#fff\" style=\"isolation:isolate;opacity:0.89\"><\/circle><path d=\"M21.91 36.29a1.426 1.426 0 0 1-.96-2.48l9.55-8.78-9.55-8.78c-.58-.53-.62-1.44-.09-2.02.54-.58 1.44-.62 2.02-.09l10.69 9.83c.29.27.46.65.46 1.05s-.17.78-.46 1.05L22.88 35.9c-.27.25-.62.38-.97.38Z\" fill=\"#3b3b3b\"><\/path><\/g><\/svg><\/div>\n<\/div>\n<p class=\"paragraph\">Luego, aclar\u00f3 que sigue al frente de <b>LLA Tucum\u00e1n<\/b> y que el propio <b>Milei<\/b> visit\u00f3 la provincia hace un mes para respaldar su gesti\u00f3n.<\/p>\n<p class=\"paragraph\">Catal\u00e1n describi\u00f3 la pol\u00edtica como<b> \u201cuna responsabilidad c\u00edvica\u201d<\/b> y no como una carrera. Desde ese lugar, reivindic\u00f3 el trabajo que realiz\u00f3 en el Senado para destrabar la aprobaci\u00f3n de la <b>boleta \u00fanica de papel<\/b>, una iniciativa que ya ten\u00eda media sanci\u00f3n en Diputados pero que estaba frenada en la c\u00e1mara alta. <\/p>\n<div class=\"inline_2 ad-wrapper dfpAd ad-inline ad-text ad-component-container\" style=\"--ad-shell-height:250px;--ad-shell-width:300px\" data-ad-wrapper=\"arcad\" data-ad-type=\"inline_2\" data-ad-slot=\"infobae\/politica\/nota\/inline_2\" data-ad-container=\"dfp\" data-ad-slot-name=\"infobae\/politica\/nota\/inline_2\">\n<p class=\"ad-shell-label\">PUBLICIDAD<\/p>\n<div id=\"infobae\/politica\/nota\/inline_2\" class=\"infobae\/politica\/nota\/inline_2 arcad ad-slot-node ad-slot-node--boxed\" data-ad-slot-id=\"infobae\/politica\/nota\/inline_2\"><\/div>\n<\/div>\n<p class=\"paragraph\">Varios senadores le advirtieron, durante esas negociaciones, que la boleta \u00fanica pod\u00eda perjudicar al propio oficialismo, dado que quien maneja el Estado cuenta con ventajas log\u00edsticas sobre los partidos m\u00e1s chicos. La respuesta de Milei, seg\u00fan relat\u00f3 Catal\u00e1n, fue directa: <b>\u201cHagamos lo que tenemos que hacer. Es una verg\u00fcenza seguir con este sistema de boleta partidaria y las competencias pol\u00edticas se dan en las urnas. Y si nos eligen, es porque hacemos las cosas bien. Y si no hacemos las cosas bien, no nos elegir\u00e1n\u201d<\/b>.<\/p>\n<p class=\"paragraph\">La ley se aplic\u00f3 por primera vez en las elecciones legislativas de 2025. Esa noche, record\u00f3 el dirigente, a las ocho y media ya estaba el escrutinio definitivo<b> \u201csin un solo incidente, sin una sola denuncia de nada\u201d<\/b>. <\/p>\n<div class=\"ad_1 ad-wrapper dfpAd ad-1-al-6 ad-text ad-component-container\" style=\"--ad-shell-height:250px;--ad-shell-width:300px\" data-ad-wrapper=\"arcad\" data-ad-type=\"ad_1\" data-ad-slot=\"infobae\/politica\/nota\/ad_1\" data-ad-container=\"dfp\" data-ad-slot-name=\"infobae\/politica\/nota\/ad_1\">\n<p class=\"ad-shell-label\">PUBLICIDAD<\/p>\n<div id=\"infobae\/politica\/nota\/ad_1\" class=\"infobae\/politica\/nota\/ad_1 arcad ad-slot-node ad-slot-node--boxed\" data-ad-slot-id=\"infobae\/politica\/nota\/ad_1\"><\/div>\n<\/div>\n<p class=\"paragraph\">Catal\u00e1n sostuvo que el sistema anterior, con boleta partidaria, favorec\u00eda a los partidos con mayor estructura porque les permit\u00eda imprimir varios padrones y distribuir boletas antes del acto eleccionario, mientras que las fuerzas m\u00e1s peque\u00f1as enfrentaban dificultades log\u00edsticas. \u201cLo que la boleta \u00fanica de papel otorg\u00f3 a la democracia argentina es igualdad de participaci\u00f3n a todos los partidos\u201d, afirm\u00f3. Provincias como <b>Santa Fe<\/b> y <b>C\u00f3rdoba<\/b> ya contaban con sistemas similares; el resto, dijo, \u201ctiene que acompa\u00f1ar ese salto de calidad institucional\u201d.<\/p>\n<div class=\"visual__image\"><picture><source srcset=\"https:\/\/www.infobae.com\/resizer\/v2\/2OF4FMZLAFF35KJCC7IFENWYOQ.png?auth=a08923b182d15bd5f29b7f62bf6e66bfcf7e6146ba4d5db8d68ecfd82df52fa8&amp;smart=true&amp;width=992&amp;height=639&amp;quality=85\" media=\"(min-width: 1000px)\"><\/source><source srcset=\"https:\/\/www.infobae.com\/resizer\/v2\/2OF4FMZLAFF35KJCC7IFENWYOQ.png?auth=a08923b182d15bd5f29b7f62bf6e66bfcf7e6146ba4d5db8d68ecfd82df52fa8&amp;smart=true&amp;width=768&amp;height=495&amp;quality=85\" media=\"(min-width: 768px)\"><\/source><source srcset=\"https:\/\/www.infobae.com\/resizer\/v2\/2OF4FMZLAFF35KJCC7IFENWYOQ.png?auth=a08923b182d15bd5f29b7f62bf6e66bfcf7e6146ba4d5db8d68ecfd82df52fa8&amp;smart=true&amp;width=577&amp;height=372&amp;quality=85\" media=\"(min-width: 580px)\"><\/source><source srcset=\"https:\/\/www.infobae.com\/resizer\/v2\/2OF4FMZLAFF35KJCC7IFENWYOQ.png?auth=a08923b182d15bd5f29b7f62bf6e66bfcf7e6146ba4d5db8d68ecfd82df52fa8&amp;smart=true&amp;width=420&amp;height=271&amp;quality=85\" media=\"(min-width: 350px)\"><\/source><source srcset=\"https:\/\/www.infobae.com\/resizer\/v2\/2OF4FMZLAFF35KJCC7IFENWYOQ.png?auth=a08923b182d15bd5f29b7f62bf6e66bfcf7e6146ba4d5db8d68ecfd82df52fa8&amp;smart=true&amp;width=350&amp;height=226&amp;quality=85\" media=\"(min-width: 80px)\"><\/source><img alt=\"El dirigente tucumano impuls\u00f3 la aprobaci\u00f3n de la boleta \u00fanica de papel, que se aplic\u00f3 por primera vez en las elecciones de 2025\" class=\"global-image\" decoding=\"async\" fetchpriority=\"low\" height=\"629\" loading=\"lazy\" src=\"https:\/\/www.infobae.com\/resizer\/v2\/2OF4FMZLAFF35KJCC7IFENWYOQ.png?auth=a08923b182d15bd5f29b7f62bf6e66bfcf7e6146ba4d5db8d68ecfd82df52fa8&amp;smart=true&amp;width=350&amp;height=226&amp;quality=85\" width=\"976\"><\/picture><\/div>\n<p class=\"paragraph\">El blanco m\u00e1s directo de sus cr\u00edticas es el sistema electoral de <b>Tucum\u00e1n<\/b>, donde los <b>acoples<\/b> est\u00e1n incorporados en la constituci\u00f3n provincial. Bajo ese esquema, cada candidato a intendente puede armar su propia boleta con el candidato a gobernador de su preferencia. Eso llev\u00f3 a que el gobernador <b>Osvaldo Jaldo<\/b> compitiera en 2023 con <b>73 acoples distintos<\/b>, con cuartos oscuros que mostraban mesas repletas de boletas, donde los candidatos a legisladores o intendentes variaban, pero el candidato a gobernador era siempre el mismo. <\/p>\n<div class=\"ad_2 ad-wrapper dfpAd ad-1-al-6 ad-text ad-component-container\" style=\"--ad-shell-height:250px;--ad-shell-width:300px\" data-ad-wrapper=\"arcad\" data-ad-type=\"ad_2\" data-ad-slot=\"infobae\/politica\/nota\/ad_2\" data-ad-container=\"dfp\" data-ad-slot-name=\"infobae\/politica\/nota\/ad_2\">\n<p class=\"ad-shell-label\">PUBLICIDAD<\/p>\n<div id=\"infobae\/politica\/nota\/ad_2\" class=\"infobae\/politica\/nota\/ad_2 arcad ad-slot-node ad-slot-node--boxed\" data-ad-slot-id=\"infobae\/politica\/nota\/ad_2\"><\/div>\n<\/div>\n<p class=\"paragraph\">\u201c\u00bfC\u00f3mo puede ser que en cuarenta y tres a\u00f1os, con todos los \u00edndices en Tucum\u00e1n que fueron para abajo, el peronismo gana y gana y gana y gana? Con el sistema electoral\u201d, afirm\u00f3 Catal\u00e1n. Lleg\u00f3 a graficar la situaci\u00f3n con un dato concreto: <b>\u201cHay municipios en Tucum\u00e1n, o comunas de 20.000 habitantes, donde 8.000 son candidatos\u201d<\/b>.<\/p>\n<p class=\"paragraph\">Jaldo se manifest\u00f3 en los \u00faltimos d\u00edas en contra de la reforma pol\u00edtica nacional, aunque luego present\u00f3 un proyecto propio que contempla PASO no obligatorias con requisitos partidarios. Catal\u00e1n ley\u00f3 esa posici\u00f3n como una apertura: dijo que el gobernador \u201cdej\u00f3 una puerta abierta para seguir charlando\u201d. <\/p>\n<div class=\"ad_3 ad-wrapper dfpAd ad-1-al-6 ad-text ad-component-container\" style=\"--ad-shell-height:250px;--ad-shell-width:300px\" data-ad-wrapper=\"arcad\" data-ad-type=\"ad_3\" data-ad-slot=\"infobae\/politica\/nota\/ad_3\" data-ad-container=\"dfp\" data-ad-slot-name=\"infobae\/politica\/nota\/ad_3\">\n<p class=\"ad-shell-label\">PUBLICIDAD<\/p>\n<div id=\"infobae\/politica\/nota\/ad_3\" class=\"infobae\/politica\/nota\/ad_3 arcad ad-slot-node ad-slot-node--boxed\" data-ad-slot-id=\"infobae\/politica\/nota\/ad_3\"><\/div>\n<\/div>\n<p class=\"paragraph\">La responsabilidad del deterioro provincial, aclar\u00f3, no recae \u00fanicamente sobre el peronismo que gobern\u00f3 esas cuatro d\u00e9cadas. \u201cHubo un oficialismo que hizo de sparring tambi\u00e9n, que se acopl\u00f3\u201d, dijo en referencia a una oposici\u00f3n que, en su lectura, se sum\u00f3 al sistema para preservarlo. \u201cYo hago responsable al sistema pol\u00edtico de Tucum\u00e1n\u201d, afirm\u00f3.<\/p>\n<div class=\"visual__image\"><picture><source srcset=\"https:\/\/www.infobae.com\/resizer\/v2\/M62O6D7LBRHJHEPT2Q5AQZTJEM.jpg?auth=974a5de44d8e74ff6c54cb3265c9c513418b67f9a94eb190d053e6ee218b6770&amp;smart=true&amp;width=992&amp;height=661&amp;quality=85\" media=\"(min-width: 1000px)\"><\/source><source srcset=\"https:\/\/www.infobae.com\/resizer\/v2\/M62O6D7LBRHJHEPT2Q5AQZTJEM.jpg?auth=974a5de44d8e74ff6c54cb3265c9c513418b67f9a94eb190d053e6ee218b6770&amp;smart=true&amp;width=768&amp;height=512&amp;quality=85\" media=\"(min-width: 768px)\"><\/source><source srcset=\"https:\/\/www.infobae.com\/resizer\/v2\/M62O6D7LBRHJHEPT2Q5AQZTJEM.jpg?auth=974a5de44d8e74ff6c54cb3265c9c513418b67f9a94eb190d053e6ee218b6770&amp;smart=true&amp;width=577&amp;height=385&amp;quality=85\" media=\"(min-width: 580px)\"><\/source><source srcset=\"https:\/\/www.infobae.com\/resizer\/v2\/M62O6D7LBRHJHEPT2Q5AQZTJEM.jpg?auth=974a5de44d8e74ff6c54cb3265c9c513418b67f9a94eb190d053e6ee218b6770&amp;smart=true&amp;width=420&amp;height=280&amp;quality=85\" media=\"(min-width: 350px)\"><\/source><source srcset=\"https:\/\/www.infobae.com\/resizer\/v2\/M62O6D7LBRHJHEPT2Q5AQZTJEM.jpg?auth=974a5de44d8e74ff6c54cb3265c9c513418b67f9a94eb190d053e6ee218b6770&amp;smart=true&amp;width=350&amp;height=233&amp;quality=85\" media=\"(min-width: 80px)\"><\/source><img alt=\"Lisandro Catal\u00e1n\" class=\"global-image\" decoding=\"async\" fetchpriority=\"low\" height=\"2000\" loading=\"lazy\" src=\"https:\/\/www.infobae.com\/resizer\/v2\/M62O6D7LBRHJHEPT2Q5AQZTJEM.jpg?auth=974a5de44d8e74ff6c54cb3265c9c513418b67f9a94eb190d053e6ee218b6770&amp;smart=true&amp;width=350&amp;height=233&amp;quality=85\" width=\"3000\"><\/picture><\/div>\n<p class=\"paragraph\">Sobre la <b>eliminaci\u00f3n de las PASO<\/b>, Catal\u00e1n sostuvo que el sistema no cumpli\u00f3 su funci\u00f3n ordenadora de candidaturas \u2014salvo, en su lectura, en la interna entre <b>Patricia Bullrich<\/b> y <b>Horacio Rodr\u00edguez Larreta<\/b> en 2023\u2014 y que obliga a poner en marcha una maquinaria estatal con un costo de cientos de millones de d\u00f3lares, con fuerzas de seguridad, el <b>Correo Argentino<\/b> y miles de establecimientos involucrados. \u201c\u00bfPor qu\u00e9 anclarse a una ley que genera un movimiento tremendo y obliga a todo el mundo a ir a votar?\u201d, cuestion\u00f3.<\/p>\n<div class=\"ad_4 ad-wrapper dfpAd ad-1-al-6 ad-text ad-component-container\" style=\"--ad-shell-height:250px;--ad-shell-width:300px\" data-ad-wrapper=\"arcad\" data-ad-type=\"ad_4\" data-ad-slot=\"infobae\/politica\/nota\/ad_4\" data-ad-container=\"dfp\" data-ad-slot-name=\"infobae\/politica\/nota\/ad_4\">\n<p class=\"ad-shell-label\">PUBLICIDAD<\/p>\n<div id=\"infobae\/politica\/nota\/ad_4\" class=\"infobae\/politica\/nota\/ad_4 arcad ad-slot-node ad-slot-node--boxed\" data-ad-slot-id=\"infobae\/politica\/nota\/ad_4\"><\/div>\n<\/div>\n<p class=\"paragraph\">Catal\u00e1n tambi\u00e9n se refiri\u00f3 al cierre temporal de la <b>sala de prensa de la Casa Rosada<\/b>, un episodio vinculado a un periodista que film\u00f3 con anteojos camuflados el interior del edificio. <\/p>\n<p class=\"paragraph\">Dijo no estar seguro de si compart\u00eda la decisi\u00f3n de cerrar el espacio durante cuatro d\u00edas, aunque respald\u00f3 la sanci\u00f3n individual al periodista. <\/p>\n<div class=\"ad_5 ad-wrapper dfpAd ad-1-al-6 ad-text ad-component-container\" style=\"--ad-shell-height:250px;--ad-shell-width:300px\" data-ad-wrapper=\"arcad\" data-ad-type=\"ad_5\" data-ad-slot=\"infobae\/politica\/nota\/ad_5\" data-ad-container=\"dfp\" data-ad-slot-name=\"infobae\/politica\/nota\/ad_5\">\n<p class=\"ad-shell-label\">PUBLICIDAD<\/p>\n<div id=\"infobae\/politica\/nota\/ad_5\" class=\"infobae\/politica\/nota\/ad_5 arcad ad-slot-node ad-slot-node--boxed\" data-ad-slot-id=\"infobae\/politica\/nota\/ad_5\"><\/div>\n<\/div>\n<p class=\"paragraph\">\u201cEl Gobierno ya hab\u00eda ejercido una sanci\u00f3n, ya hab\u00edan suspendido al periodista, le hab\u00edan quitado la acreditaci\u00f3n\u201d, record\u00f3. Seg\u00fan se\u00f1al\u00f3, el lunes siguiente se restableci\u00f3 el acceso a la sala y se reintegraron las credenciales a todos los periodistas menos al involucrado en el incidente. <\/p>\n<p class=\"paragraph\"><b>\u201cTodos gozaron de plena libertad de prensa. Se dice cualquier cosa del presidente, de la hermana, de todos. Y nadie, por lo menos que yo sepa, recibi\u00f3 recriminaciones o nada\u201d<\/b>, concluy\u00f3.<\/p>\n<div class=\"ad_6 ad-wrapper dfpAd ad-1-al-6 ad-text ad-component-container\" style=\"--ad-shell-height:250px;--ad-shell-width:300px\" data-ad-wrapper=\"arcad\" data-ad-type=\"ad_6\" data-ad-slot=\"infobae\/politica\/nota\/ad_6\" data-ad-container=\"dfp\" data-ad-slot-name=\"infobae\/politica\/nota\/ad_6\">\n<p class=\"ad-shell-label\">PUBLICIDAD<\/p>\n<div id=\"infobae\/politica\/nota\/ad_6\" class=\"infobae\/politica\/nota\/ad_6 arcad ad-slot-node ad-slot-node--boxed\" data-ad-slot-id=\"infobae\/politica\/nota\/ad_6\"><\/div>\n<\/div>\n","protected":false},"excerpt":{"rendered":"<p>Lisandro Catal\u00e1n, presidente de LLA Tucum\u00e1n y exministro del Interior, habl\u00f3 de su salida del ministerio del Interior y defendi\u00f3 los cambios en el sitema electoral Lisandro Catal\u00e1n, ex ministro del Interior y presidente de La Libertad Avanza (LLA) en Tucum\u00e1n, habl\u00f3 con Infobae al regreso sobre su salida del Ministerio en noviembre del a\u00f1o [&hellip;]<\/p>\n","protected":false},"author":1,"featured_media":8707,"comment_status":"open","ping_status":"open","sticky":false,"template":"","format":"standard","meta":{"footnotes":""},"categories":[1],"tags":[],"class_list":["post-8706","post","type-post","status-publish","format-standard","has-post-thumbnail","hentry","category-uncategorized"],"_links":{"self":[{"href":"https:\/\/cliente1.publisher.highstack.com.ar\/index.php?rest_route=\/wp\/v2\/posts\/8706","targetHints":{"allow":["GET"]}}],"collection":[{"href":"https:\/\/cliente1.publisher.highstack.com.ar\/index.php?rest_route=\/wp\/v2\/posts"}],"about":[{"href":"https:\/\/cliente1.publisher.highstack.com.ar\/index.php?rest_route=\/wp\/v2\/types\/post"}],"author":[{"embeddable":true,"href":"https:\/\/cliente1.publisher.highstack.com.ar\/index.php?rest_route=\/wp\/v2\/users\/1"}],"replies":[{"embeddable":true,"href":"https:\/\/cliente1.publisher.highstack.com.ar\/index.php?rest_route=%2Fwp%2Fv2%2Fcomments&post=8706"}],"version-history":[{"count":0,"href":"https:\/\/cliente1.publisher.highstack.com.ar\/index.php?rest_route=\/wp\/v2\/posts\/8706\/revisions"}],"wp:featuredmedia":[{"embeddable":true,"href":"https:\/\/cliente1.publisher.highstack.com.ar\/index.php?rest_route=\/wp\/v2\/media\/8707"}],"wp:attachment":[{"href":"https:\/\/cliente1.publisher.highstack.com.ar\/index.php?rest_route=%2Fwp%2Fv2%2Fmedia&parent=8706"}],"wp:term":[{"taxonomy":"category","embeddable":true,"href":"https:\/\/cliente1.publisher.highstack.com.ar\/index.php?rest_route=%2Fwp%2Fv2%2Fcategories&post=8706"},{"taxonomy":"post_tag","embeddable":true,"href":"https:\/\/cliente1.publisher.highstack.com.ar\/index.php?rest_route=%2Fwp%2Fv2%2Ftags&post=8706"}],"curies":[{"name":"wp","href":"https:\/\/api.w.org\/{rel}","templated":true}]}}