{"id":8704,"date":"2026-05-01T20:45:02","date_gmt":"2026-05-01T23:45:02","guid":{"rendered":"https:\/\/cliente1.publisher.highstack.com.ar\/?p=8704"},"modified":"2026-05-01T20:45:02","modified_gmt":"2026-05-01T23:45:02","slug":"dos-autos-y-un-colectivo-con-59-pasajeros-protagonizaron-un-accidente-en-la-autovia-12","status":"publish","type":"post","link":"https:\/\/cliente1.publisher.highstack.com.ar\/?p=8704","title":{"rendered":"Dos autos y un colectivo con 59 pasajeros protagonizaron un accidente en la Autov\u00eda 12"},"content":{"rendered":"<p><\/p>\n<div>\n<p>Un fuerte accidente de tr\u00e1nsito se registr\u00f3 en la <b>Autov\u00eda Nacional 12<\/b>, a la altura del kil\u00f3metro 175, en inmediaciones de<b> Ceibas. <\/b>De acuerdo a los primeros datos, en el choque participaron tres veh\u00edculos, entre ellos <b>un colectivo que trasladaba a 59 pasajeros<\/b>.  <\/p>\n<p><!-- is a <br \/>--><\/p>\n<p><!-- is a object --><br \/>\n<!-- embed start --><\/p>\n<figure class=\"embed\">\n<p>    <img decoding=\"async\" src=\"https:\/\/elonce-media.elonce.com\/fotos\/2026\/05\/01\/e_1777677422_52631.webp\" loading=\"lazy\" width=\"600\" height=\"400\" alt=\"Foto: Bomberos Voluntarios de Ceibas\"\/><figcaption>\n            <span>Foto: Bomberos Voluntarios de Ceibas<\/span><br \/>\n        <\/figcaption><\/figure>\n<p><!-- embed end --><br \/>\n<!-- end object --><\/p>\n<p>\u00a0<\/p>\n<p><!-- is a <br \/>--><\/p>\n<p>La unidad hab\u00eda partido <b>desde Buenos Aires con destino a Galarza<\/b>, inform\u00f3 Ceibas Noticias.  <\/p>\n<p><!-- is a <br \/>--><\/p>\n<p><!-- is a object --><br \/>\n<!-- embed start --><!-- embed end --><br \/>\n<!-- end object --><\/p>\n<p><!-- is a object --><br \/>\n<!-- embed start --><\/p>\n<figure class=\"embed\">\n<p>    <img decoding=\"async\" src=\"https:\/\/elonce-media.elonce.com\/fotos\/2026\/05\/01\/e_1777677831_41954.webp\" loading=\"lazy\" width=\"600\" height=\"400\" alt=\"Foto: Bomberos Voluntarios de Ceibas\"\/><figcaption>\n            <span>Foto: Bomberos Voluntarios de Ceibas<\/span><br \/>\n        <\/figcaption><\/figure>\n<p><!-- embed end --><br \/>\n<!-- end object --><\/p>\n<p>\u00a0<\/p>\n<p><!-- is a <br \/>--><\/p>\n<p>A pesar de la violencia del impacto, no se reportaron personas heridas, lo que fue considerado un hecho afortunado dadas las caracter\u00edsticas del accidente.  <\/p>\n<p><!-- is a <br \/>--><\/p>\n<p><!-- is a object --><br \/>\n<!-- embed start --><\/p>\n<figure class=\"embed\">\n<p>    <img decoding=\"async\" src=\"https:\/\/elonce-media.elonce.com\/fotos\/2026\/05\/01\/e_1777677178_46414.webp\" loading=\"lazy\" width=\"600\" height=\"400\" alt=\"Foto: Bomberos Voluntarios de Ceibas\"\/><figcaption>\n            <span>Foto: Bomberos Voluntarios de Ceibas<\/span><br \/>\n        <\/figcaption><\/figure>\n<p><!-- embed end --><br \/>\n<!-- end object --><\/p>\n<p>\u00a0<\/p>\n<p><!-- is a <br \/>--><\/p>\n<p>En el lugar intervinieron efectivos de la Polic\u00eda de Ceibas, Polic\u00eda de M\u00e9danos, personal de Gendarmer\u00eda, Bomberos Voluntarios y servicios de asistencia vial, quienes trabajaron para asistir a los involucrados y restablecer el tr\u00e1nsito en la zona.  <\/p>\n<p><!-- is a <br \/>--><\/p>\n<p><!-- is a object --><br \/>\n<!-- embed start --><!-- embed end --><br \/>\n<!-- end object --><\/p>\n<p><!-- is a object --><br \/>\n<!-- embed start --><\/p>\n<figure class=\"embed\">\n<p>    <img decoding=\"async\" src=\"https:\/\/elonce-media.elonce.com\/fotos\/2026\/05\/01\/e_1777677202_1983.webp\" loading=\"lazy\" width=\"600\" height=\"400\" alt=\"Foto: Bomberos Voluntarios de Ceibas\"\/><figcaption>\n            <span>Foto: Bomberos Voluntarios de Ceibas<\/span><br \/>\n        <\/figcaption><\/figure>\n<p><!-- embed end --><br \/>\n<!-- end object --><\/p>\n<p><!-- is a object --><br \/>\n<!-- embed start --><\/p>\n<figure class=\"embed\">\n<p>    <img decoding=\"async\" src=\"https:\/\/elonce-media.elonce.com\/fotos\/2026\/05\/01\/e_1777677257_63135.webp\" loading=\"lazy\" width=\"600\" height=\"400\" alt=\"Foto: Bomberos Voluntarios de Ceibas\"\/><figcaption>\n            <span>Foto: Bomberos Voluntarios de Ceibas<\/span><br \/>\n        <\/figcaption><\/figure>\n<p><!-- embed end --><br \/>\n<!-- end object --><\/p>\n<p>\u00a0<\/p>\n<p><!-- is a <br \/>--><\/p>\n<p>Las autoridades iniciaron actuaciones para determinar las causas que originaron la colisi\u00f3n.  <\/p>\n<p><!-- is a <br \/>--><\/p>\n<p><!-- is a object --><br \/>\n<!-- embed start --><\/p>\n<figure class=\"embed\">\n<p>    <img decoding=\"async\" src=\"https:\/\/elonce-media.elonce.com\/fotos\/2026\/05\/01\/e_1777677831_75877.webp\" loading=\"lazy\" width=\"600\" height=\"400\" alt=\"Foto: Bomberos Voluntarios de Ceibas\"\/><figcaption>\n            <span>Foto: Bomberos Voluntarios de Ceibas<\/span><br \/>\n        <\/figcaption><\/figure>\n<p><!-- embed end --><br \/>\n<!-- end object --><\/p>\n<p><!-- is a object --><br \/>\n<!-- embed start --><!-- embed end --><br \/>\n<!-- end object --><\/p><\/div>\n","protected":false},"excerpt":{"rendered":"<p>Un fuerte accidente de tr\u00e1nsito se registr\u00f3 en la Autov\u00eda Nacional 12, a la altura del kil\u00f3metro 175, en inmediaciones de Ceibas. De acuerdo a los primeros datos, en el choque participaron tres veh\u00edculos, entre ellos un colectivo que trasladaba a 59 pasajeros. Foto: Bomberos Voluntarios de Ceibas \u00a0 La unidad hab\u00eda partido desde Buenos [&hellip;]<\/p>\n","protected":false},"author":1,"featured_media":8705,"comment_status":"open","ping_status":"open","sticky":false,"template":"","format":"standard","meta":{"footnotes":""},"categories":[1],"tags":[],"class_list":["post-8704","post","type-post","status-publish","format-standard","has-post-thumbnail","hentry","category-uncategorized"],"_links":{"self":[{"href":"https:\/\/cliente1.publisher.highstack.com.ar\/index.php?rest_route=\/wp\/v2\/posts\/8704","targetHints":{"allow":["GET"]}}],"collection":[{"href":"https:\/\/cliente1.publisher.highstack.com.ar\/index.php?rest_route=\/wp\/v2\/posts"}],"about":[{"href":"https:\/\/cliente1.publisher.highstack.com.ar\/index.php?rest_route=\/wp\/v2\/types\/post"}],"author":[{"embeddable":true,"href":"https:\/\/cliente1.publisher.highstack.com.ar\/index.php?rest_route=\/wp\/v2\/users\/1"}],"replies":[{"embeddable":true,"href":"https:\/\/cliente1.publisher.highstack.com.ar\/index.php?rest_route=%2Fwp%2Fv2%2Fcomments&post=8704"}],"version-history":[{"count":0,"href":"https:\/\/cliente1.publisher.highstack.com.ar\/index.php?rest_route=\/wp\/v2\/posts\/8704\/revisions"}],"wp:featuredmedia":[{"embeddable":true,"href":"https:\/\/cliente1.publisher.highstack.com.ar\/index.php?rest_route=\/wp\/v2\/media\/8705"}],"wp:attachment":[{"href":"https:\/\/cliente1.publisher.highstack.com.ar\/index.php?rest_route=%2Fwp%2Fv2%2Fmedia&parent=8704"}],"wp:term":[{"taxonomy":"category","embeddable":true,"href":"https:\/\/cliente1.publisher.highstack.com.ar\/index.php?rest_route=%2Fwp%2Fv2%2Fcategories&post=8704"},{"taxonomy":"post_tag","embeddable":true,"href":"https:\/\/cliente1.publisher.highstack.com.ar\/index.php?rest_route=%2Fwp%2Fv2%2Ftags&post=8704"}],"curies":[{"name":"wp","href":"https:\/\/api.w.org\/{rel}","templated":true}]}}