{"id":8694,"date":"2026-05-01T19:02:30","date_gmt":"2026-05-01T22:02:30","guid":{"rendered":"https:\/\/cliente1.publisher.highstack.com.ar\/?p=8694"},"modified":"2026-05-01T19:02:30","modified_gmt":"2026-05-01T22:02:30","slug":"dos-hombres-amenazaron-de-muerte-a-una-mujer-y-su-familia-terminaron-detenidos","status":"publish","type":"post","link":"https:\/\/cliente1.publisher.highstack.com.ar\/?p=8694","title":{"rendered":"Dos hombres amenazaron de muerte a una mujer y su familia: terminaron detenidos"},"content":{"rendered":"<p><\/p>\n<div>\n<p><b>Dos hombres fueron detenidos tras amenazar de muerte a una mujer y su familia<\/b> en calle Supremo Entrerriano, en la localidad de Santa Elena (departamento La Paz). Fue en horas de la tarde del s\u00e1bado. <\/p>\n<p><!-- is a <br \/>--><\/p>\n<p>\u00a0<\/p>\n<p><!-- is a <br \/>--><\/p>\n<p><!-- is a object --><br \/>\n<!-- embed start --><!-- embed end --><br \/>\n<!-- end object --><\/p>\n<p>\u00a0<\/p>\n<p><!-- is a <br \/>--><\/p>\n<p>Fue tras un llamado al 911, donde polic\u00edas acudieron a una vivienda y <b>una mujer advirti\u00f3 que dos hombres se presentaron frente a su vivienda realizaron una amenaza de muerte con un arma blanca y haciendo exhibiciones obscenas.<\/b> <\/p>\n<p><!-- is a <br \/>--><\/p>\n<p>\u00a0<\/p>\n<p><!-- is a <br \/>--><\/p>\n<p><!-- is a object --><br \/>\n<!-- embed start --><\/p>\n<figure class=\"embed\">\n<p>    <img decoding=\"async\" src=\"https:\/\/elonce-media.elonce.com\/fotos\/2026\/05\/01\/e_1777667318_57750.webp\" loading=\"lazy\" width=\"600\" height=\"400\" alt=\"Los dos detenidos y el arma blanca secuestrada.\"\/><figcaption>\n            <span>Los dos detenidos y el arma blanca secuestrada.<\/span><br \/>\n        <\/figcaption><\/figure>\n<p><!-- embed end --><br \/>\n<!-- end object --><\/p>\n<p>\u00a0<\/p>\n<p><!-- is a <br \/>--><\/p>\n<p>Tras un operativo, los dos hombres de 61 y 55 a\u00f1os fueron detenidos y tambi\u00e9n se secuestr\u00f3 un arma blanca. <\/p>\n<p><!-- is a <br \/>--><\/p>\n<p>\u00a0<\/p>\n<p><!-- is a <br \/>--><\/p>\n<p>Intervino Comisar\u00eda Santa Elena, con conocimiento de la Unidad Fiscal.<\/p>\n<\/p><\/div>\n","protected":false},"excerpt":{"rendered":"<p>Dos hombres fueron detenidos tras amenazar de muerte a una mujer y su familia en calle Supremo Entrerriano, en la localidad de Santa Elena (departamento La Paz). Fue en horas de la tarde del s\u00e1bado. \u00a0 \u00a0 Fue tras un llamado al 911, donde polic\u00edas acudieron a una vivienda y una mujer advirti\u00f3 que dos [&hellip;]<\/p>\n","protected":false},"author":1,"featured_media":8695,"comment_status":"open","ping_status":"open","sticky":false,"template":"","format":"standard","meta":{"footnotes":""},"categories":[1],"tags":[],"class_list":["post-8694","post","type-post","status-publish","format-standard","has-post-thumbnail","hentry","category-uncategorized"],"_links":{"self":[{"href":"https:\/\/cliente1.publisher.highstack.com.ar\/index.php?rest_route=\/wp\/v2\/posts\/8694","targetHints":{"allow":["GET"]}}],"collection":[{"href":"https:\/\/cliente1.publisher.highstack.com.ar\/index.php?rest_route=\/wp\/v2\/posts"}],"about":[{"href":"https:\/\/cliente1.publisher.highstack.com.ar\/index.php?rest_route=\/wp\/v2\/types\/post"}],"author":[{"embeddable":true,"href":"https:\/\/cliente1.publisher.highstack.com.ar\/index.php?rest_route=\/wp\/v2\/users\/1"}],"replies":[{"embeddable":true,"href":"https:\/\/cliente1.publisher.highstack.com.ar\/index.php?rest_route=%2Fwp%2Fv2%2Fcomments&post=8694"}],"version-history":[{"count":0,"href":"https:\/\/cliente1.publisher.highstack.com.ar\/index.php?rest_route=\/wp\/v2\/posts\/8694\/revisions"}],"wp:featuredmedia":[{"embeddable":true,"href":"https:\/\/cliente1.publisher.highstack.com.ar\/index.php?rest_route=\/wp\/v2\/media\/8695"}],"wp:attachment":[{"href":"https:\/\/cliente1.publisher.highstack.com.ar\/index.php?rest_route=%2Fwp%2Fv2%2Fmedia&parent=8694"}],"wp:term":[{"taxonomy":"category","embeddable":true,"href":"https:\/\/cliente1.publisher.highstack.com.ar\/index.php?rest_route=%2Fwp%2Fv2%2Fcategories&post=8694"},{"taxonomy":"post_tag","embeddable":true,"href":"https:\/\/cliente1.publisher.highstack.com.ar\/index.php?rest_route=%2Fwp%2Fv2%2Ftags&post=8694"}],"curies":[{"name":"wp","href":"https:\/\/api.w.org\/{rel}","templated":true}]}}