{"id":8691,"date":"2026-05-01T18:58:40","date_gmt":"2026-05-01T21:58:40","guid":{"rendered":"https:\/\/cliente1.publisher.highstack.com.ar\/?p=8691"},"modified":"2026-05-01T18:58:41","modified_gmt":"2026-05-01T21:58:41","slug":"el-peronismo-reunio-a-intendentes-legisladores-y-dirigentes-en-parque-norte-para-discutir-una-alternativa-nacional","status":"publish","type":"post","link":"https:\/\/cliente1.publisher.highstack.com.ar\/?p=8691","title":{"rendered":"El peronismo reuni\u00f3 a intendentes, legisladores y dirigentes en Parque Norte para discutir una alternativa nacional"},"content":{"rendered":"<p><\/p>\n<div id=\"\">\n<h2 id=\"p-1777665962681-36011\" data-section-id=\"1phstd3\" data-start=\"2103\" data-end=\"2176\"> Cr\u00edticas al modelo econ\u00f3mico de Milei y llamado a un peronismo federal<\/h2>\n<p id=\"p-1777665962681-31638\" data-start=\"2178\" data-end=\"2476\">En otro tramo de su discurso, Michel diferenci\u00f3 el equilibrio fiscal defendido por el oficialismo del modelo econ\u00f3mico que, seg\u00fan plante\u00f3, deber\u00eda proponer el peronismo. <strong data-start=\"2348\" data-end=\"2467\">\u201cNo queremos el super\u00e1vit de Milei, queremos el super\u00e1vit de N\u00e9stor, con crecimiento, con desarrollo y con trabajo\u201d<\/strong>, se\u00f1al\u00f3.<\/p>\n<p id=\"p-1777665962681-11490\" data-start=\"2478\" data-end=\"2800\">El legislador entrerriano tambi\u00e9n reivindic\u00f3 al peronismo como una fuerza asociada al orden, aunque marc\u00f3 diferencias con la pol\u00edtica de seguridad y ajuste del Gobierno. \u201cEl peronismo siempre represent\u00f3 el orden, pero no el orden a palazos de los jubilados, el orden en la calle por la generaci\u00f3n de trabajo\u201d, sostuvo.<\/p>\n<p id=\"p-1777665962681-40646\" data-start=\"2802\" data-end=\"3019\">En esa l\u00ednea, Michel plante\u00f3 que el proceso abierto en Parque Norte debe apuntar a una construcci\u00f3n m\u00e1s amplia. \u201cVamos hacia un <strong>peronismo amplio<\/strong> que represente a todos los sectores y todas las provincias\u201d, afirm\u00f3.<\/p>\n<p id=\"p-1777665962681-75181\" data-start=\"3021\" data-end=\"3343\">La diputada nacional <strong data-start=\"3042\" data-end=\"3065\">Victoria Tolosa Paz<\/strong> tambi\u00e9n particip\u00f3 del encuentro y asegur\u00f3 que la jornada debe funcionar como una <strong data-start=\"3147\" data-end=\"3171\">\u201cpiedra fundacional\u201d<\/strong> para reconstruir una alternativa pol\u00edtica en el pa\u00eds. Adem\u00e1s, record\u00f3 una definici\u00f3n hist\u00f3rica de <strong data-start=\"3270\" data-end=\"3292\">Juan Domingo Per\u00f3n<\/strong> al remarcar que <strong data-start=\"3309\" data-end=\"3342\">\u201cgobernar es generar trabajo\u201d<\/strong>.<\/p>\n<p id=\"p-1777665962681-20524\" data-start=\"3345\" data-end=\"3680\">Tolosa Paz sostuvo que hay <strong data-start=\"3372\" data-end=\"3443\">\u201cmillones de argentinos esperando pan, trabajo, esperanza y futuro\u201d<\/strong>, y llam\u00f3 a construir un peronismo con capacidad de convocar, debatir y generar nuevos liderazgos. En ese sentido, pidi\u00f3 consolidar un espacio <strong data-start=\"3586\" data-end=\"3619\">federal, abierto y con coraje<\/strong>, que pueda volver a presentarse como una opci\u00f3n de gobierno.<\/p>\n<p id=\"p-1777665962681-2325\" data-start=\"3682\" data-end=\"4035\">Tambi\u00e9n expuso el senador nacional por Santa Fe <strong data-start=\"3730\" data-end=\"3753\">Marcelo Lewandowski<\/strong>, quien plante\u00f3 la necesidad de fortalecer \u00e1mbitos de encuentro y construcci\u00f3n colectiva. Seg\u00fan sostuvo, el peronismo debe recuperar una l\u00f3gica de mayor presencia territorial y menor dependencia de los debates de escritorio, con capacidad de interpretar demandas sociales concretas.<\/p>\n<p id=\"p-1777665962681-78289\" data-start=\"4037\" data-end=\"4452\">A su turno, el auditor general de la Naci\u00f3n <strong data-start=\"4081\" data-end=\"4102\">Juan Manuel Olmos<\/strong> defendi\u00f3 el car\u00e1cter transversal del encuentro y afirm\u00f3 que el debate debe centrarse en las ideas antes que en las disputas personales. \u201cHay que discutir mucho de las ideas, poco de las cosas y nada de las personas. Esto no es en contra de ning\u00fan compa\u00f1ero ni ninguna compa\u00f1era, es un proceso colectivo de debate transversal y federal\u201d, expres\u00f3.<\/p>\n<p id=\"p-1777665962681-77875\" data-start=\"4454\" data-end=\"4846\">Olmos tambi\u00e9n cuestion\u00f3 el impacto social del programa econ\u00f3mico del Gobierno. \u201cA nosotros no nos molestan las formas de Milei; lo que <strong data-start=\"4533\" data-end=\"4719\">nos duele es que la gente se est\u00e9 quedando sin trabajo, que cierren las empresas y que los argentinos no lleguen a fin de mes\u201d<\/strong>, sostuvo. Luego agreg\u00f3 que el peronismo debe pasar de ser oposici\u00f3n a convertirse en una alternativa con vocaci\u00f3n de gobierno.<\/p>\n<p id=\"p-1777665962681-71257\" data-start=\"4848\" data-end=\"5139\">El intendente de Pilar, <strong data-start=\"4872\" data-end=\"4892\">Federico Ach\u00e1val<\/strong>, centr\u00f3 su intervenci\u00f3n en la necesidad de recuperar la pol\u00edtica como herramienta de transformaci\u00f3n. En ese marco, contrapuso la mirada individualista que atribuy\u00f3 al Gobierno con una concepci\u00f3n basada en lo colectivo, el trabajo y la producci\u00f3n.<\/p>\n<div contenteditable=\"false\" class=\"embed_cont type_imagen\" id=\"8218867-Libre-423879260_wrap\" style=\"opacity:1;height:auto;\">\n<p>peronsimo. <span onclick=\"parent.parent.TinyMCETdcuerpo.preview_embed('8218867-Libre-423879260')\" class=\"embed_colapse less\" id=\"8218867-Libre-423879260_colapse\"\/>  <span onclick=\"parent.parent.TinyMCETdcuerpo.delete_embed('8218867-Libre-423879260')\" class=\"embed_delete less\" id=\"8218867-Libre-423879260_delete\"\/><\/p>\n<div id=\"8218867-Libre-423879260_content\" class=\"embed_content\"><img data-td-src-property=\"https:\/\/media.ambito.com\/p\/90ea7a5319ed5142f535886749b6ed6d\/adjuntos\/239\/imagenes\/043\/341\/0043341485\/730x0\/smart\/peronsimo.jpeg\" alt=\"\" title=\"\" width=\"730\" height=\"undefined\" id=\"8218867-Libre-423879260_embed\"\/><\/div>\n<\/p><\/div>\n<p id=\"p-1777666478726-94717\" data-start=\"54\" data-end=\"548\" data-is-last-node=\"\" data-is-only-node=\"\">Durante la jornada tambi\u00e9n tomaron la palabra el secretario general de la <strong data-start=\"128\" data-end=\"135\">CGT<\/strong>, <strong data-start=\"137\" data-end=\"151\">Jorge Sola<\/strong>; el diputado nacional por San Juan <strong data-start=\"187\" data-end=\"209\">Ernesto \u201cPipi\u201d Al\u00ed<\/strong>; el diputado nacional por Tucum\u00e1n <strong data-start=\"244\" data-end=\"260\">Pablo Yedlin<\/strong>; y, de manera virtual, el diputado nacional por Mendoza <strong data-start=\"317\" data-end=\"331\">Emir F\u00e9lix<\/strong>. Entre los presentes estuvieron adem\u00e1s el legislador porte\u00f1o <strong data-start=\"393\" data-end=\"412\">Claudio Ferre\u00f1o<\/strong>, presidente del <strong data-start=\"429\" data-end=\"473\">Partido del Trabajo y la Equidad (ParTE)<\/strong>, acompa\u00f1ado por el referente de <strong data-start=\"506\" data-end=\"515\">ParTE<\/strong> en <strong data-start=\"519\" data-end=\"527\">CABA<\/strong>, <strong data-start=\"529\" data-end=\"547\">Luis Sanvitale<\/strong>.<\/p>\n<p id=\"p-1777665962681-38594\" data-start=\"5421\" data-end=\"5877\">El encuentro no estuvo orientado a definir candidaturas, sino a abrir una instancia de discusi\u00f3n sobre el rumbo del peronismo y la elaboraci\u00f3n de un programa nacional con representaci\u00f3n federal. Participaron dirigentes de <strong data-start=\"5643\" data-end=\"5876\">Tierra del Fuego, Santa Cruz, Chubut, San Luis, Mendoza, Santa Fe, C\u00f3rdoba, Entre R\u00edos, Corrientes, Tucum\u00e1n, La Rioja, San Juan, Catamarca, Jujuy, Formosa, Misiones, Chaco, la Ciudad de Buenos Aires y la provincia de Buenos Aires<\/strong>.<\/p>\n<h2 id=\"p-1777666164466-86194\" data-section-id=\"1pracin\" data-start=\"476\" data-end=\"544\">El documento completo del encuentro peronista en Parque Norte<\/h2>\n<p id=\"p-1777665962681-61699\" data-start=\"5879\" data-end=\"6293\">La actividad incluy\u00f3 tres paneles tem\u00e1ticos: <strong data-start=\"5924\" data-end=\"5959\">\u201cDesarrollo federal sostenible\u201d<\/strong>, <strong data-start=\"5961\" data-end=\"5987\">\u201cTrabajo y Producci\u00f3n\u201d<\/strong> y <strong data-start=\"5990\" data-end=\"6018\">\u201cEconom\u00eda con inclusi\u00f3n\u201d<\/strong>. En esas comisiones se debatieron propuestas vinculadas al entramado productivo, el empleo, las pymes, las econom\u00edas regionales, el equilibrio fiscal, las inversiones, las retenciones, las tarifas, el comercio exterior y la relaci\u00f3n con el <strong data-start=\"6259\" data-end=\"6292\">Fondo Monetario Internacional <\/strong>y se defini\u00f3 un documento final conjunto. <\/p>\n<p id=\"p-1777668553071-54003\" data-start=\"519\" data-end=\"1027\">En el <strong>plano econ\u00f3mico<\/strong>, el texto sostiene que el crecimiento sostenido requiere orden macroecon\u00f3mico, incluyendo el equilibrio fiscal, aunque advierte que \u201cno es suficiente\u201d sin equidad social. Remarca que \u201cno se puede distribuir la riqueza que no se genera\u201d y propone un esquema que combine producci\u00f3n, inversi\u00f3n y mercado interno. Tambi\u00e9n plantea la necesidad de reglas claras, canalizar el ahorro hacia el sistema productivo y fortalecer sectores exportadores para generar divisas y desarrollo federal.<\/p>\n<p id=\"p-1777668553071-31059\" data-start=\"1029\" data-end=\"1433\">En el <strong>eje social y laboral<\/strong>, el texto coloca al trabajo como organizador central de la sociedad y condici\u00f3n de la libertad. Afirma que \u201cno hay libertad real sin trabajo y sin educaci\u00f3n\u201d y que la paz social depende de salarios fuertes. Adem\u00e1s, propone priorizar el uso de recursos p\u00fablicos en pol\u00edticas que impulsen el progreso y plantea como objetivo que cada argentino \u201cproduzca al menos lo que consume\u201d.<\/p>\n<p id=\"p-1777668553071-82475\" data-start=\"1435\" data-end=\"1934\">Respecto a la <strong>calidad democr\u00e1tica<\/strong>, se subraya la importancia de una justicia independiente y se cuestiona la utilizaci\u00f3n del sistema judicial para perseguir dirigentes pol\u00edticos. Tambi\u00e9n se plantea la seguridad como pol\u00edtica de Estado, orientada a proteger a los ciudadanos. En paralelo, el eje federal destaca que no hay desarrollo sostenible sin un federalismo real, con capacidad de decisi\u00f3n sobre los recursos y con inversi\u00f3n en infraestructura que promueva el crecimiento en todo el territorio.<\/p>\n<p id=\"p-1777668553071-13579\" data-start=\"1936\" data-end=\"2380\" data-is-last-node=\"\" data-is-only-node=\"\">Finalmente, el documento cierra con <strong>un llamado a la reflexi\u00f3n interna del peronismo<\/strong>, destacando que su fortaleza hist\u00f3rica radica en la capacidad de debatirse y construir consensos. \u201cEstas ideas buscan que volvamos a pensar entre todos\u201d, se\u00f1alan, y asumen el compromiso de continuar la discusi\u00f3n con honestidad, recordando una frase de Juan Domingo Per\u00f3n: \u201cno les pregunto de d\u00f3nde vienen, solo les pido que est\u00e9n de acuerdo hacia d\u00f3nde vamos\u201d.<\/p>\n<p id=\"p-1777665962681-47931\" data-start=\"6295\" data-end=\"6779\">Entre los participantes de los paneles estuvieron <strong data-start=\"6345\" data-end=\"6367\">Nicol\u00e1s Mantegazza<\/strong>, intendente de San Vicente; <strong data-start=\"6396\" data-end=\"6413\">Jos\u00e9 Lauritto<\/strong>, intendente de Concepci\u00f3n del Uruguay; <strong data-start=\"6453\" data-end=\"6472\">Karina Paniagua<\/strong>, intendenta de Humahuaca; <strong data-start=\"6499\" data-end=\"6517\">Fabi\u00e1n Gramajo<\/strong>, intendente de Chimbas; <strong data-start=\"6542\" data-end=\"6562\">Guillermo Snopek<\/strong>, diputado nacional por Jujuy; <strong data-start=\"6593\" data-end=\"6609\">Jos\u00e9 Urtubey<\/strong>, ex presidente de la UIA; <strong data-start=\"6636\" data-end=\"6653\">Teresa Madera<\/strong>, vicegobernadora de La Rioja; <strong data-start=\"6684\" data-end=\"6699\">Kelly Olmos<\/strong>, diputada nacional; y <strong data-start=\"6722\" data-end=\"6743\">Juan Jos\u00e9 Bahillo<\/strong>, diputado provincial de Entre R\u00edos.<\/p>\n<\/p><\/div>\n<p><script>\n!function(f,b,e,v,n,t,s)\n{if(f.fbq)return;n=f.fbq=function(){n.callMethod?\nn.callMethod.apply(n,arguments):n.queue.push(arguments)};\nif(!f._fbq)f._fbq=n;n.push=n;n.loaded=!0;n.version='2.0';\nn.queue=[];t=b.createElement(e);t.async=!0;\nt.src=v;s=b.getElementsByTagName(e)[0];\ns.parentNode.insertBefore(t,s)}(window,document,'script',\n'\nfbq('init', '2047048335588113');\nfbq('track', 'PageView');\n<\/script><\/p>\n","protected":false},"excerpt":{"rendered":"<p>Cr\u00edticas al modelo econ\u00f3mico de Milei y llamado a un peronismo federal En otro tramo de su discurso, Michel diferenci\u00f3 el equilibrio fiscal defendido por el oficialismo del modelo econ\u00f3mico que, seg\u00fan plante\u00f3, deber\u00eda proponer el peronismo. \u201cNo queremos el super\u00e1vit de Milei, queremos el super\u00e1vit de N\u00e9stor, con crecimiento, con desarrollo y con trabajo\u201d, [&hellip;]<\/p>\n","protected":false},"author":1,"featured_media":8692,"comment_status":"open","ping_status":"open","sticky":false,"template":"","format":"standard","meta":{"footnotes":""},"categories":[1],"tags":[4,2223],"class_list":["post-8691","post","type-post","status-publish","format-standard","has-post-thumbnail","hentry","category-uncategorized","tag-entre-rios","tag-jose-lauritto"],"_links":{"self":[{"href":"https:\/\/cliente1.publisher.highstack.com.ar\/index.php?rest_route=\/wp\/v2\/posts\/8691","targetHints":{"allow":["GET"]}}],"collection":[{"href":"https:\/\/cliente1.publisher.highstack.com.ar\/index.php?rest_route=\/wp\/v2\/posts"}],"about":[{"href":"https:\/\/cliente1.publisher.highstack.com.ar\/index.php?rest_route=\/wp\/v2\/types\/post"}],"author":[{"embeddable":true,"href":"https:\/\/cliente1.publisher.highstack.com.ar\/index.php?rest_route=\/wp\/v2\/users\/1"}],"replies":[{"embeddable":true,"href":"https:\/\/cliente1.publisher.highstack.com.ar\/index.php?rest_route=%2Fwp%2Fv2%2Fcomments&post=8691"}],"version-history":[{"count":1,"href":"https:\/\/cliente1.publisher.highstack.com.ar\/index.php?rest_route=\/wp\/v2\/posts\/8691\/revisions"}],"predecessor-version":[{"id":8693,"href":"https:\/\/cliente1.publisher.highstack.com.ar\/index.php?rest_route=\/wp\/v2\/posts\/8691\/revisions\/8693"}],"wp:featuredmedia":[{"embeddable":true,"href":"https:\/\/cliente1.publisher.highstack.com.ar\/index.php?rest_route=\/wp\/v2\/media\/8692"}],"wp:attachment":[{"href":"https:\/\/cliente1.publisher.highstack.com.ar\/index.php?rest_route=%2Fwp%2Fv2%2Fmedia&parent=8691"}],"wp:term":[{"taxonomy":"category","embeddable":true,"href":"https:\/\/cliente1.publisher.highstack.com.ar\/index.php?rest_route=%2Fwp%2Fv2%2Fcategories&post=8691"},{"taxonomy":"post_tag","embeddable":true,"href":"https:\/\/cliente1.publisher.highstack.com.ar\/index.php?rest_route=%2Fwp%2Fv2%2Ftags&post=8691"}],"curies":[{"name":"wp","href":"https:\/\/api.w.org\/{rel}","templated":true}]}}