{"id":8687,"date":"2026-05-01T18:12:43","date_gmt":"2026-05-01T21:12:43","guid":{"rendered":"https:\/\/cliente1.publisher.highstack.com.ar\/?p=8687"},"modified":"2026-05-01T18:12:43","modified_gmt":"2026-05-01T21:12:43","slug":"primero-las-ideas-dirigentes-del-pj-se-reunieron-para-armar-una-alternativa-a-los-liderazgos-de-cristina-y-kicillof","status":"publish","type":"post","link":"https:\/\/cliente1.publisher.highstack.com.ar\/?p=8687","title":{"rendered":"&quot;Primero las ideas&quot;. Dirigentes del PJ se reunieron para armar una alternativa a los liderazgos de Cristina y Kicillof"},"content":{"rendered":"<section id=\"cuerpo__nota\" class=\"cuerpo__nota\">\n<div class=\"row\">\n<div class=\"col-12 col-desksm-1\">\n<div class=\"mod-share-container --no-app py-12 mb-16 mb-0_l sticky float-l_l z-101 transition transition-all transition-duration-250 top-73_min1024\">\n<div class=\"mod-share flex flex-column mb-0 p-0_l gap-24\"><button class=\"button ln-button font-bold border border-thin rounded-4 gap-8 border-all  border-neutral-light-800 bg-secondary__hover text-neutral-light-800 px-12 h-40 l-none --secondary\" title=\"Seguir a LA NACION en Google\" type=\"button\" data-section=\"CompartirNotaLN\" data-event=\"LinkClick\" data-variant=\"secondary\" style=\"border-color:var(--neutral-light-100);gap:4px\"><span class=\"text tracking-none text-14 text-neutral-light-900\" style=\"text-transform:none;font-weight:400\">Seguir en<\/span><i class=\"icon --inherit\" style=\"width:26px;height:26px\"><svg width=\"24\" height=\"24\" viewbox=\"0 0 24 24\" fill=\"currentColor\"><use href=\"http:\/\/www.lanacion.com.ar\/pf\/resources\/images\/la-nacion-ar-sprite-color.svg?d=2000#googleColor\"><\/use><\/svg><\/i><\/button><\/div>\n<\/div>\n<\/div>\n<div class=\"col-deskxl-10 offset-deskxl-1 col-desksm-11\">\n<div class=\"row\">\n<div class=\"col-12\">\n<p class=\"com-paragraph  --capital --s\">Dirigentes del <strong>Partido Justicialista <\/strong>(PJ) se reunieron hoy en Parque Norte para empezar a discutir una alternativa nacional a los liderazgos del gobernador bonaerense <strong>Axel Kicillof<\/strong> y la expresidenta <strong>Cristina Kirchner.<\/strong> De la cumbre que comenz\u00f3 esta ma\u00f1ana participaron m\u00e1s de 4000 militantes y dirigentes de distintos puntos del pa\u00eds que buscan <strong>trazar un rumbo aut\u00f3nomo<\/strong> camino a las elecciones de 2027 con una agenda que amalgame orden macroecon\u00f3mico y bienestar social.<\/p>\n<p class=\"com-paragraph   --s\">\u201cHab\u00eda una demanda de debate que se canaliz\u00f3 hoy. <strong>El peronismo est\u00e1 desordenado<\/strong>, con espacios que antes estaban juntos como el MDF de Kicillof y La C\u00e1mpora que hoy est\u00e1n separados. Pareciera que eso se va a ordenar con una PASO, pero <strong>hay que llegar a esa instancia con un proyecto<\/strong>\u201d, asegur\u00f3 el titular del PJ porte\u00f1o, <strong>Juan Manuel Olmos<\/strong>, a <strong>LA NACION<\/strong>. Es una de las principales figuras detr\u00e1s de la cumbre de este viernes.<\/p>\n<div class=\"content-media\">\n<section role=\"button\" class=\"mod-media   \">\n<figure role=\"button\" tabindex=\"0\" class=\"mod-figure \">\n<div class=\"placeholder \">\n<div class=\"com-image\"><picture><source media=\"(min-width: 768px)\" srcset=\"https:\/\/resizer.glanacion.com\/resizer\/v2\/gaston-granados-federico-achaval-juan-manuel-KSQVZSPDYRHOFG6LGBJDBEVHVQ.JPG?auth=b32b5d1155c3312ad0de7269e256318a2a8ac597abc00f7c0656d9865da54fde&amp;width=780&amp;height=520&amp;quality=70&amp;smart=true\"><\/source><img class=\"image com-image flex --cover\" decoding=\"async\" fetchpriority=\"low\" loading=\"lazy\" src=\"https:\/\/resizer.glanacion.com\/resizer\/v2\/gaston-granados-federico-achaval-juan-manuel-KSQVZSPDYRHOFG6LGBJDBEVHVQ.JPG?auth=b32b5d1155c3312ad0de7269e256318a2a8ac597abc00f7c0656d9865da54fde&amp;width=420&amp;height=280&amp;quality=70&amp;smart=true\" width=\"2000\" alt=\"Gast\u00f3n Granados, Federico Ach\u00e1val, Juan Manuel Olmos, Victoria Tolosa Paz y Guillermo Michel en la cumbre del PJ en Parque Norte\" height=\"1333\"><\/picture><\/div>\n<\/div><figcaption class=\"mod-figcaption\"><span class=\"com-text --caption --twoxs\">Gast\u00f3n Granados, Federico Ach\u00e1val, Juan Manuel Olmos, Victoria Tolosa Paz y Guillermo Michel en la cumbre del PJ en Parque Norte<\/span><span class=\"com-text --credit --twoxs\">Prensa<\/span><\/figcaption><\/figure>\n<\/section>\n<\/div>\n<p class=\"com-paragraph   --s\">Adem\u00e1s del titular de la Auditor\u00eda General de la Naci\u00f3n (AGN), el encuentro -que busc\u00f3 inaugurar una \u201cnueva etapa\u201d del partido con mayores instancias de discusi\u00f3n- estuvo a cargo de los diputados nacionales <strong>Victoria Tolosa Paz <\/strong>(Buenos Aires) y <strong>Guillermo Michel<\/strong> (Entre R\u00edos); los intendentes <strong>Gast\u00f3n Granados <\/strong>(Ezeiza) y <strong>Federico Ach\u00e1val <\/strong>(Pilar); y el presidente del PJ porte\u00f1o y titular de la Auditor\u00eda General de la Naci\u00f3n (AGN), <strong>Juan Manuel Olmos<\/strong>. <\/p>\n<p class=\"com-paragraph   --s\">\u201cVamos hacia un peronismo amplio que represente a todos los sectores y a todas las provincias\u201d, asegur\u00f3 el legislador entrerriano. En este sentido, la participaci\u00f3n de los dirigentes de la CGT <strong>Cristian Jer\u00f3nimo y Jorge Sola<\/strong> funcion\u00f3 como reflejo de la apertura que buscaron transmitir los organizadores del encuentro al que asistieron m\u00e1s de 120 concejales y legisladores provinciales y m\u00e1s de 60 jefes comunales de 10 provincias.<\/p>\n<div class=\"content-media\">\n<section role=\"button\" class=\"mod-media   \">\n<figure role=\"button\" tabindex=\"0\" class=\"mod-figure \">\n<div class=\"placeholder \">\n<div class=\"com-image\"><picture><source media=\"(min-width: 768px)\" srcset=\"https:\/\/resizer.glanacion.com\/resizer\/v2\/guillermo-michel-llamo-a-construir-un-peronismo-QUDA37MEAJDX3F3MBEG7M4WSL4.JPG?auth=45cd530e2fc022ef7ee6433abba76e14b1a07ca93a4ec3295850a40e596852e8&amp;width=780&amp;height=520&amp;quality=70&amp;smart=true\"><\/source><img class=\"image com-image flex --cover\" decoding=\"async\" fetchpriority=\"low\" loading=\"lazy\" src=\"https:\/\/resizer.glanacion.com\/resizer\/v2\/guillermo-michel-llamo-a-construir-un-peronismo-QUDA37MEAJDX3F3MBEG7M4WSL4.JPG?auth=45cd530e2fc022ef7ee6433abba76e14b1a07ca93a4ec3295850a40e596852e8&amp;width=420&amp;height=280&amp;quality=70&amp;smart=true\" width=\"2000\" alt=\"Guillermo Michel llam\u00f3 a construir un peronismo m\u00e1s amplio en la cumbre partidaria de Parque Norte\" height=\"1333\"><\/picture><\/div>\n<\/div><figcaption class=\"mod-figcaption\"><span class=\"com-text --caption --twoxs\">Guillermo Michel llam\u00f3 a construir un peronismo m\u00e1s amplio en la cumbre partidaria de Parque Norte<\/span><span class=\"com-text --credit --twoxs\">Tadeo Bourbon<\/span><\/figcaption><\/figure>\n<\/section>\n<\/div>\n<p class=\"com-paragraph   --s\">En el partido buscaron llevar adelante un <strong>\u201cencuentro transversal para pensar al peronismo\u201d<\/strong> porque estiman necesario reordenar el espacio y alcanzar un consenso program\u00e1tico rumbo a 2027 antes de volver a discutir candidaturas. La meta es <strong>construir una mayor\u00eda que le permita al peronismo volver al poder<\/strong> el pr\u00f3ximo a\u00f1o y ofrecer una alternativa al gobierno de Javier Milei. Consideran que \u201cla situaci\u00f3n de Argentina es de extrema gravedad\u201d.<\/p>\n<p class=\"com-paragraph   --s\">\u201cEl peronismo se hizo grande cada vez que se anim\u00f3 a <strong>discutirse a s\u00ed mismo sin perder de vista al pueblo.<\/strong> Cada vez que abri\u00f3 sus brazos para sumar voluntades, acordando en el rumbo\u201d, aseguraron en un documento que se ley\u00f3 al t\u00e9rmino del acto.<\/p>\n<div class=\"content-media\">\n<section role=\"button\" class=\"mod-media   \">\n<figure role=\"button\" tabindex=\"0\" class=\"mod-figure \">\n<div class=\"placeholder \">\n<div class=\"com-image\"><picture><source media=\"(min-width: 768px)\" srcset=\"https:\/\/resizer.glanacion.com\/resizer\/v2\/victoria-tolosa-paz-aseguro-que-el-pj-debe-buscar-6XVVC7EW4RCQHFUQUML5ENH32U.jpg?auth=520c3c8c252eb2d6f0a1c4cf9638a79ddfb083d075b917d8036c08e3c8d57b2b&amp;width=780&amp;height=520&amp;quality=70&amp;smart=true\"><\/source><img class=\"image com-image flex --cover\" decoding=\"async\" fetchpriority=\"low\" loading=\"lazy\" src=\"https:\/\/resizer.glanacion.com\/resizer\/v2\/victoria-tolosa-paz-aseguro-que-el-pj-debe-buscar-6XVVC7EW4RCQHFUQUML5ENH32U.jpg?auth=520c3c8c252eb2d6f0a1c4cf9638a79ddfb083d075b917d8036c08e3c8d57b2b&amp;width=420&amp;height=280&amp;quality=70&amp;smart=true\" width=\"2000\" alt=\"Victoria Tolosa Paz asegur\u00f3 que el PJ debe buscar el orden macroecon\u00f3mico, pero con equilibrio social\" height=\"1333\"><\/picture><\/div>\n<\/div><figcaption class=\"mod-figcaption\"><span class=\"com-text --caption --twoxs\">Victoria Tolosa Paz asegur\u00f3 que el PJ debe buscar el orden macroecon\u00f3mico, pero con equilibrio social<\/span><span class=\"com-text --credit --twoxs\">Tadeo Bourbon<\/span><\/figcaption><\/figure>\n<\/section>\n<\/div>\n<p class=\"com-paragraph   --s\">En esta misma l\u00ednea, <strong>Tolosa Paz<\/strong> subray\u00f3 que su partido debe empezar a poner el foco en las demandas del interior del pa\u00eds y subray\u00f3 el <strong>car\u00e1cter federal de la convocatoria.<\/strong> Estuvieron presentes dirigentes de distintas provincias como el legislador porte\u00f1o <strong>Claudio Ferre\u00f1o<\/strong> (presidente del Partido del Trabajo y la Equidad), los diputados nacionales <strong>Pablo Yedlin<\/strong> (Tucum\u00e1n) y <strong>Marcelo Lewandosky<\/strong> (Santa Fe) y los intendentes <strong>Mart\u00edn P\u00e9rez <\/strong>(R\u00edo Grande) y <strong>Pablo Grasso<\/strong> (R\u00edo Gallegos), entre otros.<\/p>\n<p class=\"com-paragraph   --s\">La exministra de Desarrollo Social se\u00f1al\u00f3 que el objetivo es consolidar un espacio que defienda tanto el equilibrio fiscal como el bienestar social. \u201cQueremos orden macroecon\u00f3mico para que se desarrollen nuestras industrias y <strong>equilibrio fiscal, pero tambi\u00e9n equilibrio social\u201d<\/strong>, explic\u00f3 Tolosa Paz.<\/p>\n<p class=\"com-paragraph   --s\">En este sentido, reconoci\u00f3 \u201cerrores del pasado\u201d y aclar\u00f3 que esperan poder empezar a impulsar agendas que durante muchos a\u00f1os quedaron al margen de la discusi\u00f3n de su partido para poder ofrecer una alternativa real a la gesti\u00f3n de <strong>Javier Milei<\/strong>.<\/p>\n<div class=\"content-media\">\n<section role=\"button\" class=\"mod-media   \">\n<figure role=\"button\" tabindex=\"0\" class=\"mod-figure \">\n<div class=\"placeholder \">\n<div class=\"com-image\"><picture><source media=\"(min-width: 768px)\" srcset=\"https:\/\/resizer.glanacion.com\/resizer\/v2\/sin-cristina-ni-kicillof-el-pj-organizo-una-3AYVOS3YPNCVJDUM6F6MKDIJXU.jpg?auth=479807a2fa5a7c518d4fef567a3e603856103e932e83aa86363dc3be5ac1bdd2&amp;width=780&amp;height=520&amp;quality=70&amp;smart=true\"><\/source><img class=\"image com-image flex --cover\" decoding=\"async\" fetchpriority=\"low\" loading=\"lazy\" src=\"https:\/\/resizer.glanacion.com\/resizer\/v2\/sin-cristina-ni-kicillof-el-pj-organizo-una-3AYVOS3YPNCVJDUM6F6MKDIJXU.jpg?auth=479807a2fa5a7c518d4fef567a3e603856103e932e83aa86363dc3be5ac1bdd2&amp;width=420&amp;height=280&amp;quality=70&amp;smart=true\" width=\"2000\" alt=\"Sin Cristina ni Kicillof, el PJ organiz\u00f3 una cumbre en Parque Norte para empezar a pensar una alternativa a Milei\" height=\"1333\"><\/picture><\/div>\n<\/div><figcaption class=\"mod-figcaption\"><span class=\"com-text --caption --twoxs\">Sin Cristina ni Kicillof, el PJ organiz\u00f3 una cumbre en Parque Norte para empezar a pensar una alternativa a Milei<\/span><\/figcaption><\/figure>\n<\/section>\n<\/div>\n<p class=\"com-paragraph   --s\">\u201c<strong>Nosotros queremos el super\u00e1vit de N\u00e9stor [Kirchner], no el super\u00e1vit de Milei<\/strong>, que es el super\u00e1vit de no pagar\u201d, ratific\u00f3 Olmos, quien considera que, hoy en d\u00eda, el gobierno piensa en la gente como \u201cconsumidores y no como trabajadores\u201d.<\/p>\n<p class=\"com-paragraph   --s\">Al igual que los otros organizadores de la cumbre, Michel marc\u00f3 distancia del modelo econ\u00f3mico de Milei, pero tambi\u00e9n de la pol\u00edtica de orden y control del espacio del oficialismo. \u201cEl peronismo siempre represent\u00f3 el orden, pero no el orden a palazos de los jubilados, sino el orden en la calle por la generaci\u00f3n de trabajo\u201d, sostuvo.<\/p>\n<div class=\"content-media\">\n<section role=\"button\" class=\"mod-media   \">\n<figure role=\"button\" tabindex=\"0\" class=\"mod-figure \">\n<div class=\"placeholder \">\n<div class=\"com-image\"><picture><source media=\"(min-width: 768px)\" srcset=\"https:\/\/resizer.glanacion.com\/resizer\/v2\/juan-manuel-olmos-aseguro-que-esperan-recuperar-NGMYDPO4DNFHDI6LNXQUNHRO7Y.JPG?auth=626505126aafcfef6e5321b97455edce7fa7271a643677bd2879429713729aea&amp;width=780&amp;height=520&amp;quality=70&amp;smart=true\"><\/source><img class=\"image com-image flex --cover\" decoding=\"async\" fetchpriority=\"low\" loading=\"lazy\" src=\"https:\/\/resizer.glanacion.com\/resizer\/v2\/juan-manuel-olmos-aseguro-que-esperan-recuperar-NGMYDPO4DNFHDI6LNXQUNHRO7Y.JPG?auth=626505126aafcfef6e5321b97455edce7fa7271a643677bd2879429713729aea&amp;width=420&amp;height=280&amp;quality=70&amp;smart=true\" width=\"2000\" alt='Juan Manuel Olmos asegur\u00f3 que esperan recuperar \"el super\u00e1vit de N\u00e9stor\"' height=\"1333\"><\/picture><\/div>\n<\/div><figcaption class=\"mod-figcaption\"><span class=\"com-text --caption --twoxs\">Juan Manuel Olmos asegur\u00f3 que esperan recuperar &#8220;el super\u00e1vit de N\u00e9stor&#8221;<\/span><span class=\"com-text --credit --twoxs\">Tadeo Bourbon<\/span><\/figcaption><\/figure>\n<\/section>\n<\/div>\n<h3 class=\"com-title --font-primary --l --font-extra\">Sin Kicillof, Massa o M\u00e1ximo Kirchner<\/h3>\n<p class=\"com-paragraph   --s\">Para la cumbre de este viernes, se evit\u00f3 extender la invitaci\u00f3n a las figuras centrales del partido peronista como Kicillof, <strong>Sergio Massa<\/strong> (Frente Renovador), <strong>Juan Grabois<\/strong> (Frente Patria Grande) y <strong>M\u00e1ximo Kirchner<\/strong> (La C\u00e1mpora). En la organizaci\u00f3n, explicaron que no se los convoc\u00f3 formalmente porque la intenci\u00f3n era mantener un clima de \u201cprimus inter pares\u201d y evitar hablar de candidatos.<\/p>\n<p class=\"com-paragraph   --s\">De todos modos, se le comunic\u00f3 con anticipaci\u00f3n que se desarrollar\u00eda el evento sin ellos. Lo mismo ocurri\u00f3 con los gobernadores, a quienes se les inform\u00f3 de la convocatoria, aunque no se requiri\u00f3 su presencia.<\/p>\n<div class=\"content-media\">\n<section role=\"button\" class=\"mod-media   \">\n<figure role=\"button\" tabindex=\"0\" class=\"mod-figure \">\n<div class=\"placeholder \">\n<div class=\"com-image\"><picture><source media=\"(min-width: 768px)\" srcset=\"https:\/\/resizer.glanacion.com\/resizer\/v2\/belen-abdala-intendente-de-forres-santiago-del-GNY5TGHWQVE7RGDZOMLSUUV7SI.JPG?auth=081b75534e02fa80381250c9018cf2b06802d8c92605cd61a22364c67e86e3bf&amp;width=780&amp;height=520&amp;quality=70&amp;smart=true\"><\/source><img class=\"image com-image flex --cover\" decoding=\"async\" fetchpriority=\"low\" loading=\"lazy\" src=\"https:\/\/resizer.glanacion.com\/resizer\/v2\/belen-abdala-intendente-de-forres-santiago-del-GNY5TGHWQVE7RGDZOMLSUUV7SI.JPG?auth=081b75534e02fa80381250c9018cf2b06802d8c92605cd61a22364c67e86e3bf&amp;width=420&amp;height=280&amp;quality=70&amp;smart=true\" width=\"1998\" alt=\"Bel\u00e9n Abdala, intendente de Forres (Santiago del Estero) en una cumbre del PJ que prioriz\u00f3 los liderazgos locales antes que las principales figuras nacionales\" height=\"1333\"><\/picture><\/div>\n<\/div><figcaption class=\"mod-figcaption\"><span class=\"com-text --caption --twoxs\">Bel\u00e9n Abdala, intendente de Forres (Santiago del Estero) en una cumbre del PJ que prioriz\u00f3 los liderazgos locales antes que las principales figuras nacionales<\/span><span class=\"com-text --credit --twoxs\">Tadeo Bourbon<\/span><\/figcaption><\/figure>\n<\/section>\n<\/div>\n<p class=\"com-paragraph   --s\">El <strong>mandatario cordob\u00e9s, Mart\u00edn Llaryora<\/strong>, -que en los \u00faltimos a\u00f1os busc\u00f3 marcar distancia del n\u00facleo duro del kirchnerismo- fue uno de los dirigentes con los que los organizadores mantuvieron di\u00e1logo. <strong>\u201cEs un movimiento que miramos con atenci\u00f3n\u201d<\/strong>, afirmaron a <strong>LA NACION <\/strong>en el entorno del gobernador, quien envi\u00f3 una delegaci\u00f3n de intendentes alineados con su gesti\u00f3n al evento.<\/p>\n<div class=\"content-media\">\n<section role=\"button\" class=\"mod-media   \">\n<figure role=\"button\" tabindex=\"0\" class=\"mod-figure \">\n<div class=\"placeholder \">\n<div class=\"com-image\"><picture><source media=\"(min-width: 768px)\" srcset=\"https:\/\/resizer.glanacion.com\/resizer\/v2\/en-el-entorno-del-gobernador-de-cordoba-martin-WNJH77T27VELZBAD4Y3EAS4NNQ.jpg?auth=327cf088e1e2bf7bd40ce1da4480af67e685c133fe0f331d1b42ddaa18197659&amp;width=780&amp;height=525&amp;quality=70&amp;smart=true\"><\/source><img class=\"image com-image flex --cover\" decoding=\"async\" fetchpriority=\"low\" loading=\"lazy\" src=\"https:\/\/resizer.glanacion.com\/resizer\/v2\/en-el-entorno-del-gobernador-de-cordoba-martin-WNJH77T27VELZBAD4Y3EAS4NNQ.jpg?auth=327cf088e1e2bf7bd40ce1da4480af67e685c133fe0f331d1b42ddaa18197659&amp;width=420&amp;height=283&amp;quality=70&amp;smart=true\" width=\"1075\" alt='En el entorno del gobernador de C\u00f3rdoba, Mart\u00edn Llaryora, reconocen que \"miran con atenci\u00f3n\" el proyecto de construir una alternativa a Cristina Kirchner y Kicillof' height=\"724\"><\/picture><\/div>\n<\/div><figcaption class=\"mod-figcaption\"><span class=\"com-text --caption --twoxs\">En el entorno del gobernador de C\u00f3rdoba, Mart\u00edn Llaryora, reconocen que &#8220;miran con atenci\u00f3n&#8221; el proyecto de construir una alternativa a Cristina Kirchner y Kicillof<\/span><\/figcaption><\/figure>\n<\/section>\n<\/div>\n<p class=\"com-paragraph   --s\">Hoy, el mandatario cordob\u00e9s integra el frente Provincias Unidas -que cre\u00f3 el a\u00f1o pasado junto a otros cinco gobernadores-, pero en el \u00faltimo tiempo empez\u00f3 a analizar armados alternativos. Incluso lleg\u00f3 a tener una reuni\u00f3n con el pastor evang\u00e9lico Dante Gebel, que a\u00fan no confirm\u00f3 una candidatura pese al operativo clamor que impulsan exlibertarios y algunos dirigentes sindicales.<\/p>\n<p class=\"com-paragraph   --s\">La invitaci\u00f3n al encuentro alcanz\u00f3 tambi\u00e9n a la <strong>c\u00fapula de la CGT,<\/strong> que busca sumar volumen pol\u00edtico y anclaje territorial, mientras analiza la posibilidad de activar una nueva medida de fuerza contra la reforma laboral y la gesti\u00f3n de Javier Milei. Ayer, Tolosa Paz se mostr\u00f3 junto a la entidad gremial en la marcha en el microcentro porte\u00f1o por el d\u00eda del Trabajador y en homenaje al Papa Francisco. <strong>Jorge Sola y Cristian Jer\u00f3nimo<\/strong>, integrantes del triunvirato de la central obrera, participaron hoy del encuentro en Parque Norte.<\/p>\n<div class=\"content-media\">\n<section role=\"button\" class=\"mod-media   \">\n<figure role=\"button\" tabindex=\"0\" class=\"mod-figure \">\n<div class=\"placeholder \">\n<div class=\"com-image\"><picture><source media=\"(min-width: 768px)\" srcset=\"https:\/\/resizer.glanacion.com\/resizer\/v2\/cristian-jeronimo-y-jorge-sola-integrantes-del-2272LQXFMNFOTH3IKAR3HGATA4.JPG?auth=ff02c65f979f2c1ce154653854b2b71e0332e37b24f62fbe13300e089ee74c04&amp;width=780&amp;height=520&amp;quality=70&amp;smart=true\"><\/source><img class=\"image com-image flex --cover\" decoding=\"async\" fetchpriority=\"low\" loading=\"lazy\" src=\"https:\/\/resizer.glanacion.com\/resizer\/v2\/cristian-jeronimo-y-jorge-sola-integrantes-del-2272LQXFMNFOTH3IKAR3HGATA4.JPG?auth=ff02c65f979f2c1ce154653854b2b71e0332e37b24f62fbe13300e089ee74c04&amp;width=420&amp;height=280&amp;quality=70&amp;smart=true\" width=\"2000\" alt=\"Cristian Jer\u00f3nimo y Jorge Sola, integrantes del triunvirato de la CGT, participan del encuentro del PJ en Parque Norte\" height=\"1333\"><\/picture><\/div>\n<\/div><figcaption class=\"mod-figcaption\"><span class=\"com-text --caption --twoxs\">Cristian Jer\u00f3nimo y Jorge Sola, integrantes del triunvirato de la CGT, participan del encuentro del PJ en Parque Norte<\/span><span class=\"com-text --credit --twoxs\">Tadeo Bourbon<\/span><\/figcaption><\/figure>\n<\/section>\n<\/div>\n<p class=\"com-paragraph   --s\">Mientras algunos dirigentes del peronismo apuestan a construir una alternativa independiente de su liderazgo, <strong>Axel Kicillof <\/strong>avanza con su proyecto de <strong>nacionalizar su agrupaci\u00f3n Movimiento Derecho al Futuro<\/strong> (MDF) para apuntalar una candidatura a la presidencia en 2027. En diciembre pasado, el gobernador bonaerense hab\u00eda adelantado que trabajar\u00eda para construir una alternativa pol\u00edtica \u201csin sectarismos\u201d, un reproche dirigido a <strong>La C\u00e1mpora<\/strong>, la corriente que lidera el diputado nacional M\u00e1ximo Kirchner.<\/p>\n<div data-fusion-lazy-id=\"f0f2aQl9N0Nc5yq\"><\/div>\n<div data-fusion-lazy-id=\"f0fGQeo7N0Nc5He\"><\/div>\n<div data-fusion-lazy-id=\"f0fSc0ngN0Nc5KL\">\n<div><\/div>\n<\/div>\n<\/div>\n<\/div>\n<\/div>\n<\/div>\n<\/section>\n<p><\/p>\n","protected":false},"excerpt":{"rendered":"<p>Seguir en Dirigentes del Partido Justicialista (PJ) se reunieron hoy en Parque Norte para empezar a discutir una alternativa nacional a los liderazgos del gobernador bonaerense Axel Kicillof y la expresidenta Cristina Kirchner. De la cumbre que comenz\u00f3 esta ma\u00f1ana participaron m\u00e1s de 4000 militantes y dirigentes de distintos puntos del pa\u00eds que buscan trazar [&hellip;]<\/p>\n","protected":false},"author":1,"featured_media":8688,"comment_status":"open","ping_status":"open","sticky":false,"template":"","format":"standard","meta":{"footnotes":""},"categories":[1],"tags":[4,2214,2],"class_list":["post-8687","post","type-post","status-publish","format-standard","has-post-thumbnail","hentry","category-uncategorized","tag-entre-rios","tag-entrerriano","tag-guillermo-michel"],"_links":{"self":[{"href":"https:\/\/cliente1.publisher.highstack.com.ar\/index.php?rest_route=\/wp\/v2\/posts\/8687","targetHints":{"allow":["GET"]}}],"collection":[{"href":"https:\/\/cliente1.publisher.highstack.com.ar\/index.php?rest_route=\/wp\/v2\/posts"}],"about":[{"href":"https:\/\/cliente1.publisher.highstack.com.ar\/index.php?rest_route=\/wp\/v2\/types\/post"}],"author":[{"embeddable":true,"href":"https:\/\/cliente1.publisher.highstack.com.ar\/index.php?rest_route=\/wp\/v2\/users\/1"}],"replies":[{"embeddable":true,"href":"https:\/\/cliente1.publisher.highstack.com.ar\/index.php?rest_route=%2Fwp%2Fv2%2Fcomments&post=8687"}],"version-history":[{"count":0,"href":"https:\/\/cliente1.publisher.highstack.com.ar\/index.php?rest_route=\/wp\/v2\/posts\/8687\/revisions"}],"wp:featuredmedia":[{"embeddable":true,"href":"https:\/\/cliente1.publisher.highstack.com.ar\/index.php?rest_route=\/wp\/v2\/media\/8688"}],"wp:attachment":[{"href":"https:\/\/cliente1.publisher.highstack.com.ar\/index.php?rest_route=%2Fwp%2Fv2%2Fmedia&parent=8687"}],"wp:term":[{"taxonomy":"category","embeddable":true,"href":"https:\/\/cliente1.publisher.highstack.com.ar\/index.php?rest_route=%2Fwp%2Fv2%2Fcategories&post=8687"},{"taxonomy":"post_tag","embeddable":true,"href":"https:\/\/cliente1.publisher.highstack.com.ar\/index.php?rest_route=%2Fwp%2Fv2%2Ftags&post=8687"}],"curies":[{"name":"wp","href":"https:\/\/api.w.org\/{rel}","templated":true}]}}