{"id":8685,"date":"2026-05-01T17:30:05","date_gmt":"2026-05-01T20:30:05","guid":{"rendered":"https:\/\/cliente1.publisher.highstack.com.ar\/?p=8685"},"modified":"2026-05-01T17:30:05","modified_gmt":"2026-05-01T20:30:05","slug":"el-peronismo-federal-hizo-su-primera-muestra-de-poder-y-envio-un-mensaje-a-cristina-y-kicillof","status":"publish","type":"post","link":"https:\/\/cliente1.publisher.highstack.com.ar\/?p=8685","title":{"rendered":"El peronismo federal hizo su primera muestra de poder y envi\u00f3 un mensaje a Cristina y Kicillof"},"content":{"rendered":"<p> <br \/>\n<\/p>\n<div id=\"element-body-0\">\n<p>Con un fuerte mensaje a la interna a cielo abierto que\u00a0mantienen <strong>Cristina\u00a0Kirchner<\/strong> y <strong>Axel Kicillof<\/strong>, <strong>el peronismo federal hizo su lanzamiento y dio una muestra de fuerza en un acto realizado en Parque Norte<\/strong> que reuni\u00f3 a diputados, intendentes y dirigentes del peronismo orientado hacia las presidenciales de 2027.<\/p>\n<\/div>\n<div id=\"element-body-1\">\n<p>\u201cEl peronismo debate para ser alternativa nacional\u201d, fue el slogan elegido de la convocatoria para celebrar el 1\u00b0 de Mayo, D\u00eda del Trabajador, en un escenario que reuni\u00f3 a figuras como los diputados <strong>Victoria Tolosa Paz<\/strong>, <strong>Guillermo Michel<\/strong> (ex titular de la Aduana, muy cercano a Sergio Massa) y Emir F\u00e9lix, el referente del PJ porte\u00f1o <strong>Juan Manuel Olmos<\/strong> (actual titular de la Auditor\u00eda General de la Naci\u00f3n, exasesor de Alberto Fern\u00e1ndez y conocido operador judicial) y <strong>Federico Ach\u00e1val<\/strong> (intendente de Pilar y vinculado a la AFA de &#8220;Chiqui&#8221; Tapia).<\/p>\n<\/div>\n<div id=\"element-body-2\">\n<p>Durante el acto <strong>no hubo menciones a Cristina Kirchner <\/strong>aunque s\u00ed se destac\u00f3 el papel de N\u00e9stor Kirchner al plantear la idea de crecimiento sin d\u00e9ficit fiscal y baja inflaci\u00f3n. &#8220;El federalismo debe ser fiscal, productivo y con capacidad real de decisi\u00f3n sobre los recursos del territorio&#8221;, remarcaron en el documento final que se redact\u00f3 tras un plenario, con mesas tem\u00e1ticas (Econom\u00eda con inclusi\u00f3n, Trabajo y producci\u00f3n y Desarrollo federal sostenible).<\/p>\n<\/div>\n<div id=\"element-body-3\">\n<p>Pero no hubo una palabra sobre la situaci\u00f3n judicial de la ex presidenta que cumple arresto domiciliario en San Jos\u00e9 1111, ni un reclamo para que sea liberada. Aunque se dej\u00f3 en claro que <strong>&#8220;una democracia plena no puede naturalizar el uso de la justicia para la persecuci\u00f3n de dirigentes pol\u00edticos&#8221;<\/strong>.<\/p>\n<\/div>\n<div id=\"element-body-4\">\n<p>Lo cierto es que el peronismo federal hizo su primera muestra luego de que <strong>el Consejo Nacional Federal del Partido Justicialista, que controla Cristina,<\/strong> convocara para el martes 19 de mayo pr\u00f3ximo al Congreso Nacional partidario, a los fines de analizar la situaci\u00f3n pol\u00edtica y ordenar la interna.<\/p>\n<\/div>\n<div id=\"element-body-5\">\n<p>Este nuevo espacio se present\u00f3 como &#8220;<strong>una acci\u00f3n colectiva pretende sumar al debate del conjunto del peronismo<\/strong>, respetando a todos los compa\u00f1eros y compa\u00f1eras que quieran dar sincera y fraternalmente la discusi\u00f3n de c\u00f3mo construir una alternativa&#8221;.<\/p>\n<\/div>\n<div id=\"element-body-6\">\n<p>El encuentro no s\u00f3lo puso al descubierto el <strong>malestar de un sector del peronismo<\/strong> con el manejo que los K vienen haciendo del partido y en los bloques legislativos. Por eso no result\u00f3 extra\u00f1o que entre los invitados est\u00e9n el diputado <strong>Guillermo Snopek o el senador Marcelo Lewandowski.<\/strong><\/p>\n<\/div>\n<div id=\"element-body-7\">\n<p>Llam\u00f3 la atenci\u00f3n la participaci\u00f3n de algunos dirigentes como el intendente de R\u00edo Grande, <strong>Mart\u00edn P\u00e9rez<\/strong>, un referente de La C\u00e1mpora que busca despegarse de la l\u00ednea de <strong>Maximo Kirchner<\/strong>, o el ex diputado<strong> Eduardo Toniolli<\/strong> del Movimiento Evita, que qued\u00f3 afuera del Congreso por la interna del PJ santafesino. Aunque m\u00e1s llamativa fue la presencia del tucumano <strong>Pablo Yedlin<\/strong>, quien este a\u00f1o estuvo reunido con Cristina.<\/p>\n<\/div>\n<div id=\"element-body-8\">\n<p>Pero est\u00e1 claro que este sector del peronismo <strong>busca captar la adhesi\u00f3n de los sectores del interior.<\/strong> Una muestra fue la presencia de unos 15 intendentes peronistas de C\u00f3rdoba, aunque <strong>no se confirm\u00f3 si el gobernador Mart\u00edn Llaryora ser\u00e1 parte de la movida <\/strong>y si se sumar\u00e1n m\u00e1s gobernadores.<\/p>\n<\/div>\n<div id=\"element-body-10\">\n<p>M\u00e1s de 4.000 personas entre diputados, intendentes, dirigentes, representantes de la CGT y militantes colmaron el sal\u00f3n del Parque Norte. Aunque falt\u00f3 un poco de la\u00a0habitual\u00a0liturgia del peronismo (no hubo bombos, ni banderas de Per\u00f3n y Evita), s\u00ed hubo marcha\u00a0peronista con los dos dedos en V en el cierre, para arengar a un grupo en construcci\u00f3n.<\/p>\n<\/div>\n<div id=\"element-body-11\">\n<p><strong>Tolosa Paz abri\u00f3 el juego presentando al movimiento como la \u00fanica opci\u00f3n para gobernar la Argentina en 2027<\/strong>. &#8220;El peronismo tiene que tomar lo que dijo el Papa Francisco. Tenemos que salir a convocar y a debatir en la Argentina&#8221;, reclam\u00f3 la diputada.<\/p>\n<\/div>\n<div id=\"element-body-12\">\n<p>Enseguida, <strong>Jorge Sola<\/strong>, uno de los secretarios de la CGT, alert\u00f3 que &#8220;no es normal&#8221; que los m\u00e1s necesitados se inclinen por una opci\u00f3n que nada tiene que ver con la justicia social, en referencia a La Libertad Avanza. Y enseguida, su par<strong> Cristian Jer\u00f3nimo <\/strong>expres\u00f3 que <strong>&#8220;se empieza a construir la resistencia de la Argentina&#8221;<\/strong>. Lo que hizo estallar el hit: &#8220;Traigan al gorila de Milei&#8230;&#8221;.<\/p>\n<\/div>\n<div id=\"element-body-13\">\n<p>Tambi\u00e9n hablaron los diputados\u00a0Ernesto &#8220;Pip\u00ed&#8221;\u00a0Ali y el mendocino Emir F\u00e9lix, quien destron\u00f3 a la senadora camporista Anabel Fern\u00e1ndez Sagasti de la conducci\u00f3n del PJ en la provincia despu\u00e9s de sucesivos tropiezos electorales.<\/p>\n<\/div>\n<div id=\"element-body-15\">\n<p>Por el massismo estuvo el diputado Guillermo Michel, quien pregon\u00f3 por &#8220;un peronismo amplio que represente a todos los sectores&#8221; y habl\u00f3 de un d\u00e9ficit cero con inclusi\u00f3n social.<\/p>\n<\/div>\n<div id=\"element-body-16\">\n<p>Federico Ach\u00e1val fue otro de los animadores del encuentro. &#8220;Creemos en un pa\u00eds con m\u00e1s educaci\u00f3n, m\u00e1s empleo y una industria nacional fuerte, porque eso nos permite pensar en un futuro mejor para todos&#8221;, fue una de las frases que dej\u00f3 el intendente de Pilar, que busca mostrarse activo en el nuevo armado.<\/p>\n<\/div>\n<div id=\"element-body-17\">\n<p>En la dirigencia se calific\u00f3 al actual gobierno como<strong> &#8220;una pesadilla&#8221; <\/strong>y remarc\u00f3 la confianza de que el peronismo volver\u00e1 a ser opci\u00f3n de gobierno en 2027.<\/p>\n<\/div>\n","protected":false},"excerpt":{"rendered":"<p>Con un fuerte mensaje a la interna a cielo abierto que\u00a0mantienen Cristina\u00a0Kirchner y Axel Kicillof, el peronismo federal hizo su lanzamiento y dio una muestra de fuerza en un acto realizado en Parque Norte que reuni\u00f3 a diputados, intendentes y dirigentes del peronismo orientado hacia las presidenciales de 2027. \u201cEl peronismo debate para ser alternativa [&hellip;]<\/p>\n","protected":false},"author":1,"featured_media":8686,"comment_status":"open","ping_status":"open","sticky":false,"template":"","format":"standard","meta":{"footnotes":""},"categories":[1],"tags":[2],"class_list":["post-8685","post","type-post","status-publish","format-standard","has-post-thumbnail","hentry","category-uncategorized","tag-guillermo-michel"],"_links":{"self":[{"href":"https:\/\/cliente1.publisher.highstack.com.ar\/index.php?rest_route=\/wp\/v2\/posts\/8685","targetHints":{"allow":["GET"]}}],"collection":[{"href":"https:\/\/cliente1.publisher.highstack.com.ar\/index.php?rest_route=\/wp\/v2\/posts"}],"about":[{"href":"https:\/\/cliente1.publisher.highstack.com.ar\/index.php?rest_route=\/wp\/v2\/types\/post"}],"author":[{"embeddable":true,"href":"https:\/\/cliente1.publisher.highstack.com.ar\/index.php?rest_route=\/wp\/v2\/users\/1"}],"replies":[{"embeddable":true,"href":"https:\/\/cliente1.publisher.highstack.com.ar\/index.php?rest_route=%2Fwp%2Fv2%2Fcomments&post=8685"}],"version-history":[{"count":0,"href":"https:\/\/cliente1.publisher.highstack.com.ar\/index.php?rest_route=\/wp\/v2\/posts\/8685\/revisions"}],"wp:featuredmedia":[{"embeddable":true,"href":"https:\/\/cliente1.publisher.highstack.com.ar\/index.php?rest_route=\/wp\/v2\/media\/8686"}],"wp:attachment":[{"href":"https:\/\/cliente1.publisher.highstack.com.ar\/index.php?rest_route=%2Fwp%2Fv2%2Fmedia&parent=8685"}],"wp:term":[{"taxonomy":"category","embeddable":true,"href":"https:\/\/cliente1.publisher.highstack.com.ar\/index.php?rest_route=%2Fwp%2Fv2%2Fcategories&post=8685"},{"taxonomy":"post_tag","embeddable":true,"href":"https:\/\/cliente1.publisher.highstack.com.ar\/index.php?rest_route=%2Fwp%2Fv2%2Ftags&post=8685"}],"curies":[{"name":"wp","href":"https:\/\/api.w.org\/{rel}","templated":true}]}}