{"id":8674,"date":"2026-05-01T15:45:22","date_gmt":"2026-05-01T18:45:22","guid":{"rendered":"https:\/\/cliente1.publisher.highstack.com.ar\/?p=8674"},"modified":"2026-05-01T15:45:22","modified_gmt":"2026-05-01T18:45:22","slug":"alerta-global-por-los-casos-mas-graves-de-represion-a-la-prensa-iran-y-china-en-el-centro-de-la-denuncia","status":"publish","type":"post","link":"https:\/\/cliente1.publisher.highstack.com.ar\/?p=8674","title":{"rendered":"Alerta global por los casos m\u00e1s graves de represi\u00f3n a la prensa: Ir\u00e1n y China en el centro de la denuncia"},"content":{"rendered":"<div class=\"visual__image image-initial-width\"><picture><source srcset=\"https:\/\/www.infobae.com\/resizer\/v2\/OXIJIPDGTSTLZOV5LPHI5TROFY.jpg?auth=592fba9322deb33284e9f652d44137a67977f55a029fec4406548a7106f39c06&amp;smart=true&amp;width=992&amp;height=662&amp;quality=85\" media=\"(min-width: 1000px)\"><\/source><source srcset=\"https:\/\/www.infobae.com\/resizer\/v2\/OXIJIPDGTSTLZOV5LPHI5TROFY.jpg?auth=592fba9322deb33284e9f652d44137a67977f55a029fec4406548a7106f39c06&amp;smart=true&amp;width=768&amp;height=512&amp;quality=85\" media=\"(min-width: 768px)\"><\/source><source srcset=\"https:\/\/www.infobae.com\/resizer\/v2\/OXIJIPDGTSTLZOV5LPHI5TROFY.jpg?auth=592fba9322deb33284e9f652d44137a67977f55a029fec4406548a7106f39c06&amp;smart=true&amp;width=577&amp;height=385&amp;quality=85\" media=\"(min-width: 580px)\"><\/source><source srcset=\"https:\/\/www.infobae.com\/resizer\/v2\/OXIJIPDGTSTLZOV5LPHI5TROFY.jpg?auth=592fba9322deb33284e9f652d44137a67977f55a029fec4406548a7106f39c06&amp;smart=true&amp;width=420&amp;height=280&amp;quality=85\" media=\"(min-width: 350px)\"><\/source><source srcset=\"https:\/\/www.infobae.com\/resizer\/v2\/OXIJIPDGTSTLZOV5LPHI5TROFY.jpg?auth=592fba9322deb33284e9f652d44137a67977f55a029fec4406548a7106f39c06&amp;smart=true&amp;width=350&amp;height=233&amp;quality=85\" media=\"(min-width: 80px)\"><\/source><\/picture><\/div>\n<p class=\"paragraph\">En el marco del D\u00eda Mundial de la Libertad de Prensa, la <b>One Free Press Coalition<\/b> difundi\u00f3 la lista anual de los <b>\u201c10 casos m\u00e1s urgentes\u201d<\/b> de periodistas perseguidos en el mundo, en la que figuran profesionales de pa\u00edses como Ir\u00e1n, China, Hong Kong, Vietnam, Tayikist\u00e1n, Camer\u00fan, Filipinas, Azerbaiy\u00e1n, Etiop\u00eda y Argelia. <\/p>\n<p class=\"paragraph\">El reporte, elaborado junto al Comit\u00e9 para la Protecci\u00f3n de los Periodistas (CPJ), la International Women\u2019s Media Foundation (IWMF) y Reporteros Sin Fronteras (RSF), advirti\u00f3 que <b>330 periodistas se encuentran actualmente privados de libertad en todo el mundo<\/b> por ejercer su labor, de acuerdo con datos recopilados a diciembre de 2025.<\/p>\n<div class=\"inline ad-wrapper dfpAd ad-inline ad-text ad-component-container\" style=\"--ad-shell-height:250px;--ad-shell-width:300px\" data-ad-wrapper=\"arcad\" data-ad-type=\"inline\" data-ad-slot=\"infobae\/america\/mundo\/nota\/inline\" data-ad-container=\"dfp\" data-ad-slot-name=\"infobae\/america\/mundo\/nota\/inline\">\n<p class=\"ad-shell-label\">PUBLICIDAD<\/p>\n<div id=\"infobae\/america\/mundo\/nota\/inline\" class=\"infobae\/america\/mundo\/nota\/inline arcad ad-slot-node ad-slot-node--boxed\" data-ad-slot-id=\"infobae\/america\/mundo\/nota\/inline\"><\/div>\n<\/div>\n<p class=\"paragraph\">Seg\u00fan la informaci\u00f3n del CPJ, el <b>61%<\/b> de los reporteros encarcelados afronta cargos \u201cantiestatales\u201d, que incluyen imputaciones como terrorismo, propaganda o colaboraci\u00f3n con gobiernos extranjeros. <\/p>\n<p class=\"paragraph\">La lista sit\u00faa en primer lugar el caso de <b>Reza Valizadeh<\/b>, periodista iran\u00ed-estadounidense condenado a diez a\u00f1os de c\u00e1rcel en Ir\u00e1n tras regresar en 2024 para atender a sus padres. Valizadeh, quien hab\u00eda trabajado m\u00e1s de una d\u00e9cada y media en medios de Estados Unidos, fue arrestado en septiembre despu\u00e9s de ser interrogado por una supuesta colaboraci\u00f3n con el gobierno de Estados Unidos.<\/p>\n<div class=\"inline_2 ad-wrapper dfpAd ad-inline ad-text ad-component-container\" style=\"--ad-shell-height:250px;--ad-shell-width:300px\" data-ad-wrapper=\"arcad\" data-ad-type=\"inline_2\" data-ad-slot=\"infobae\/america\/mundo\/nota\/inline_2\" data-ad-container=\"dfp\" data-ad-slot-name=\"infobae\/america\/mundo\/nota\/inline_2\">\n<p class=\"ad-shell-label\">PUBLICIDAD<\/p>\n<div id=\"infobae\/america\/mundo\/nota\/inline_2\" class=\"infobae\/america\/mundo\/nota\/inline_2 arcad ad-slot-node ad-slot-node--boxed\" data-ad-slot-id=\"infobae\/america\/mundo\/nota\/inline_2\"><\/div>\n<\/div>\n<div class=\"visual__image\"><picture><source srcset=\"https:\/\/www.infobae.com\/resizer\/v2\/2DUSGU3YC5CN7BCEWOJ7IXZCQQ.jpg?auth=59d484a1d0b089879a2e5d77a7081ccb40adb2194ff0a6e3ec77f9dde5f13f30&amp;smart=true&amp;width=992&amp;height=532&amp;quality=85\" media=\"(min-width: 1000px)\"><\/source><source srcset=\"https:\/\/www.infobae.com\/resizer\/v2\/2DUSGU3YC5CN7BCEWOJ7IXZCQQ.jpg?auth=59d484a1d0b089879a2e5d77a7081ccb40adb2194ff0a6e3ec77f9dde5f13f30&amp;smart=true&amp;width=768&amp;height=412&amp;quality=85\" media=\"(min-width: 768px)\"><\/source><source srcset=\"https:\/\/www.infobae.com\/resizer\/v2\/2DUSGU3YC5CN7BCEWOJ7IXZCQQ.jpg?auth=59d484a1d0b089879a2e5d77a7081ccb40adb2194ff0a6e3ec77f9dde5f13f30&amp;smart=true&amp;width=577&amp;height=309&amp;quality=85\" media=\"(min-width: 580px)\"><\/source><source srcset=\"https:\/\/www.infobae.com\/resizer\/v2\/2DUSGU3YC5CN7BCEWOJ7IXZCQQ.jpg?auth=59d484a1d0b089879a2e5d77a7081ccb40adb2194ff0a6e3ec77f9dde5f13f30&amp;smart=true&amp;width=420&amp;height=225&amp;quality=85\" media=\"(min-width: 350px)\"><\/source><source srcset=\"https:\/\/www.infobae.com\/resizer\/v2\/2DUSGU3YC5CN7BCEWOJ7IXZCQQ.jpg?auth=59d484a1d0b089879a2e5d77a7081ccb40adb2194ff0a6e3ec77f9dde5f13f30&amp;smart=true&amp;width=350&amp;height=188&amp;quality=85\" media=\"(min-width: 80px)\"><\/source><img alt=\"Reza Valizadeh\" class=\"global-image\" decoding=\"async\" fetchpriority=\"low\" height=\"855\" loading=\"lazy\" src=\"https:\/\/www.infobae.com\/resizer\/v2\/2DUSGU3YC5CN7BCEWOJ7IXZCQQ.jpg?auth=59d484a1d0b089879a2e5d77a7081ccb40adb2194ff0a6e3ec77f9dde5f13f30&amp;smart=true&amp;width=350&amp;height=188&amp;quality=85\" width=\"1595\"><\/picture><\/div>\n<p class=\"paragraph\">La coalici\u00f3n inform\u00f3 que la salud de Valizadeh <b>empeor\u00f3 considerablemente durante su detenci\u00f3n<\/b>, especialmente tras un traslado a la prisi\u00f3n de Fashafouyeh, donde su asma cr\u00f3nica se agrav\u00f3 por las condiciones de hacinamiento. <\/p>\n<p class=\"paragraph\">De acuerdo con el hermano del periodista, la situaci\u00f3n se torn\u00f3 cr\u00edtica luego de un ataque mortal en la prisi\u00f3n de Evin, en el contexto de la guerra entre Ir\u00e1n e Israel en 2025. Ante la presi\u00f3n internacional, el Departamento de Estado de Estados Unidos reclam\u00f3 a las autoridades iran\u00edes la liberaci\u00f3n inmediata de Valizadeh y de quienes permanecen detenidos por motivos similares.<\/p>\n<div class=\"ad_1 ad-wrapper dfpAd ad-1-al-6 ad-text ad-component-container\" style=\"--ad-shell-height:250px;--ad-shell-width:300px\" data-ad-wrapper=\"arcad\" data-ad-type=\"ad_1\" data-ad-slot=\"infobae\/america\/mundo\/nota\/ad_1\" data-ad-container=\"dfp\" data-ad-slot-name=\"infobae\/america\/mundo\/nota\/ad_1\">\n<p class=\"ad-shell-label\">PUBLICIDAD<\/p>\n<div id=\"infobae\/america\/mundo\/nota\/ad_1\" class=\"infobae\/america\/mundo\/nota\/ad_1 arcad ad-slot-node ad-slot-node--boxed\" data-ad-slot-id=\"infobae\/america\/mundo\/nota\/ad_1\"><\/div>\n<\/div>\n<p class=\"paragraph\">El segundo caso corresponde a <b>Jimmy Lai<\/b>, empresario de medios hongkon\u00e9s y fundador de <i>Apple Daily<\/i>, que fue condenado por un tribunal de Hong Kong a <b>20 a\u00f1os de prisi\u00f3n<\/b> bajo cargos de conspiraci\u00f3n para colaborar con fuerzas extranjeras y publicaci\u00f3n de material sedicioso. <\/p>\n<div class=\"visual__image\"><picture><source srcset=\"https:\/\/www.infobae.com\/resizer\/v2\/UBM6OAOULNA6HLY47XUXRHDVRM.JPG?auth=421e1cc15bd716bed50fafb85ea41d6c0d05708c329beb2cab45a3ed66bd88b0&amp;smart=true&amp;width=992&amp;height=662&amp;quality=85\" media=\"(min-width: 1000px)\"><\/source><source srcset=\"https:\/\/www.infobae.com\/resizer\/v2\/UBM6OAOULNA6HLY47XUXRHDVRM.JPG?auth=421e1cc15bd716bed50fafb85ea41d6c0d05708c329beb2cab45a3ed66bd88b0&amp;smart=true&amp;width=768&amp;height=513&amp;quality=85\" media=\"(min-width: 768px)\"><\/source><source srcset=\"https:\/\/www.infobae.com\/resizer\/v2\/UBM6OAOULNA6HLY47XUXRHDVRM.JPG?auth=421e1cc15bd716bed50fafb85ea41d6c0d05708c329beb2cab45a3ed66bd88b0&amp;smart=true&amp;width=577&amp;height=385&amp;quality=85\" media=\"(min-width: 580px)\"><\/source><source srcset=\"https:\/\/www.infobae.com\/resizer\/v2\/UBM6OAOULNA6HLY47XUXRHDVRM.JPG?auth=421e1cc15bd716bed50fafb85ea41d6c0d05708c329beb2cab45a3ed66bd88b0&amp;smart=true&amp;width=420&amp;height=280&amp;quality=85\" media=\"(min-width: 350px)\"><\/source><source srcset=\"https:\/\/www.infobae.com\/resizer\/v2\/UBM6OAOULNA6HLY47XUXRHDVRM.JPG?auth=421e1cc15bd716bed50fafb85ea41d6c0d05708c329beb2cab45a3ed66bd88b0&amp;smart=true&amp;width=350&amp;height=234&amp;quality=85\" media=\"(min-width: 80px)\"><\/source><img alt=\"Las autoridades lo acusaron de conspirar con fuerzas extranjeras y publicar material sedicioso (Reuters)\" class=\"global-image\" decoding=\"async\" fetchpriority=\"low\" height=\"1231\" loading=\"lazy\" src=\"https:\/\/www.infobae.com\/resizer\/v2\/UBM6OAOULNA6HLY47XUXRHDVRM.JPG?auth=421e1cc15bd716bed50fafb85ea41d6c0d05708c329beb2cab45a3ed66bd88b0&amp;smart=true&amp;width=350&amp;height=234&amp;quality=85\" width=\"1844\"><\/picture><\/div>\n<p class=\"paragraph\">Adem\u00e1s de Lai, otros seis integrantes de <i>Apple Daily<\/i> recibieron sentencias similares, mientras que el diario prodemocr\u00e1tico ces\u00f3 su publicaci\u00f3n en 2021 tras sufrir congelamientos de activos y allanamientos constantes. <\/p>\n<div class=\"ad_2 ad-wrapper dfpAd ad-1-al-6 ad-text ad-component-container\" style=\"--ad-shell-height:250px;--ad-shell-width:300px\" data-ad-wrapper=\"arcad\" data-ad-type=\"ad_2\" data-ad-slot=\"infobae\/america\/mundo\/nota\/ad_2\" data-ad-container=\"dfp\" data-ad-slot-name=\"infobae\/america\/mundo\/nota\/ad_2\">\n<p class=\"ad-shell-label\">PUBLICIDAD<\/p>\n<div id=\"infobae\/america\/mundo\/nota\/ad_2\" class=\"infobae\/america\/mundo\/nota\/ad_2 arcad ad-slot-node ad-slot-node--boxed\" data-ad-slot-id=\"infobae\/america\/mundo\/nota\/ad_2\"><\/div>\n<\/div>\n<p class=\"paragraph\">El CPJ identific\u00f3 a <b>China como el pa\u00eds con mayor n\u00famero de periodistas encarcelados del mundo<\/b>, con al menos 51 reporteros detenidos, ocho de ellos en Hong Kong.<\/p>\n<p class=\"paragraph\">La lista incluye tambi\u00e9n a <b>Zhang Zhan<\/b>, reportera china que fue arrestada en mayo de 2020 mientras cubr\u00eda el inicio del brote de COVID-19 en Wuhan. <\/p>\n<div class=\"ad_3 ad-wrapper dfpAd ad-1-al-6 ad-text ad-component-container\" style=\"--ad-shell-height:250px;--ad-shell-width:300px\" data-ad-wrapper=\"arcad\" data-ad-type=\"ad_3\" data-ad-slot=\"infobae\/america\/mundo\/nota\/ad_3\" data-ad-container=\"dfp\" data-ad-slot-name=\"infobae\/america\/mundo\/nota\/ad_3\">\n<p class=\"ad-shell-label\">PUBLICIDAD<\/p>\n<div id=\"infobae\/america\/mundo\/nota\/ad_3\" class=\"infobae\/america\/mundo\/nota\/ad_3 arcad ad-slot-node ad-slot-node--boxed\" data-ad-slot-id=\"infobae\/america\/mundo\/nota\/ad_3\"><\/div>\n<\/div>\n<p class=\"paragraph\">Zhang cumpli\u00f3 una condena de<b> cuatro a\u00f1os<\/b> por <b>\u201cprovocar disturbios\u201d<\/b>, una figura penal utilizada recurrentemente para silenciar a cr\u00edticos y activistas. <\/p>\n<p class=\"paragraph\">Tras recuperar la libertad en 2024, volvi\u00f3 a ser detenida por los mismos cargos y fue sentenciada a otros cuatro a\u00f1os en prisi\u00f3n, en un proceso que, seg\u00fan Reporteros Sin Fronteras, estuvo marcado por la ausencia de garant\u00edas legales y denuncias de huelgas de hambre y alimentaci\u00f3n forzada. <\/p>\n<div class=\"ad_4 ad-wrapper dfpAd ad-1-al-6 ad-text ad-component-container\" style=\"--ad-shell-height:250px;--ad-shell-width:300px\" data-ad-wrapper=\"arcad\" data-ad-type=\"ad_4\" data-ad-slot=\"infobae\/america\/mundo\/nota\/ad_4\" data-ad-container=\"dfp\" data-ad-slot-name=\"infobae\/america\/mundo\/nota\/ad_4\">\n<p class=\"ad-shell-label\">PUBLICIDAD<\/p>\n<div id=\"infobae\/america\/mundo\/nota\/ad_4\" class=\"infobae\/america\/mundo\/nota\/ad_4 arcad ad-slot-node ad-slot-node--boxed\" data-ad-slot-id=\"infobae\/america\/mundo\/nota\/ad_4\"><\/div>\n<\/div>\n<div class=\"visual__image\"><picture><source srcset=\"https:\/\/www.infobae.com\/resizer\/v2\/IHVQ6N2MIBBVFGEHJEJNS2WPNY.jpg?auth=c04fd8de45f171742cb3d0c673b5ef4bc6a4c36fe681d09d9e5cb53ea54c48c6&amp;smart=true&amp;width=992&amp;height=1016&amp;quality=85\" media=\"(min-width: 1000px)\"><\/source><source srcset=\"https:\/\/www.infobae.com\/resizer\/v2\/IHVQ6N2MIBBVFGEHJEJNS2WPNY.jpg?auth=c04fd8de45f171742cb3d0c673b5ef4bc6a4c36fe681d09d9e5cb53ea54c48c6&amp;smart=true&amp;width=768&amp;height=787&amp;quality=85\" media=\"(min-width: 768px)\"><\/source><source srcset=\"https:\/\/www.infobae.com\/resizer\/v2\/IHVQ6N2MIBBVFGEHJEJNS2WPNY.jpg?auth=c04fd8de45f171742cb3d0c673b5ef4bc6a4c36fe681d09d9e5cb53ea54c48c6&amp;smart=true&amp;width=577&amp;height=591&amp;quality=85\" media=\"(min-width: 580px)\"><\/source><source srcset=\"https:\/\/www.infobae.com\/resizer\/v2\/IHVQ6N2MIBBVFGEHJEJNS2WPNY.jpg?auth=c04fd8de45f171742cb3d0c673b5ef4bc6a4c36fe681d09d9e5cb53ea54c48c6&amp;smart=true&amp;width=420&amp;height=430&amp;quality=85\" media=\"(min-width: 350px)\"><\/source><source srcset=\"https:\/\/www.infobae.com\/resizer\/v2\/IHVQ6N2MIBBVFGEHJEJNS2WPNY.jpg?auth=c04fd8de45f171742cb3d0c673b5ef4bc6a4c36fe681d09d9e5cb53ea54c48c6&amp;smart=true&amp;width=350&amp;height=359&amp;quality=85\" media=\"(min-width: 80px)\"><\/source><img alt=\"Zhang Zhan fue arrestada en China en 2020 por su cobertura del brote de COVID-19 en Wuhan\" class=\"global-image\" decoding=\"async\" fetchpriority=\"low\" height=\"1967\" loading=\"lazy\" src=\"https:\/\/www.infobae.com\/resizer\/v2\/IHVQ6N2MIBBVFGEHJEJNS2WPNY.jpg?auth=c04fd8de45f171742cb3d0c673b5ef4bc6a4c36fe681d09d9e5cb53ea54c48c6&amp;smart=true&amp;width=350&amp;height=359&amp;quality=85\" width=\"1920\"><\/picture><\/div>\n<p class=\"paragraph\">La organizaci\u00f3n denunci\u00f3 que a Zhang se le neg\u00f3 el acceso a abogados y la posibilidad de elegir su defensa, mientras que su salud se vio comprometida durante los periodos de encarcelamiento.<\/p>\n<p class=\"paragraph\">Otro caso que figura en el listado es el de <b>Pham Doan Trang<\/b>, periodista y escritora vietnamita condenada en 2021 a <b>nueve a\u00f1os de prisi\u00f3n<\/b> por una supuesta propaganda antiestatal.<\/p>\n<div class=\"ad_5 ad-wrapper dfpAd ad-1-al-6 ad-text ad-component-container\" style=\"--ad-shell-height:250px;--ad-shell-width:300px\" data-ad-wrapper=\"arcad\" data-ad-type=\"ad_5\" data-ad-slot=\"infobae\/america\/mundo\/nota\/ad_5\" data-ad-container=\"dfp\" data-ad-slot-name=\"infobae\/america\/mundo\/nota\/ad_5\">\n<p class=\"ad-shell-label\">PUBLICIDAD<\/p>\n<div id=\"infobae\/america\/mundo\/nota\/ad_5\" class=\"infobae\/america\/mundo\/nota\/ad_5 arcad ad-slot-node ad-slot-node--boxed\" data-ad-slot-id=\"infobae\/america\/mundo\/nota\/ad_5\"><\/div>\n<\/div>\n<p class=\"paragraph\">La n\u00f3mina incluye adem\u00e1s a profesionales de otras regiones que han sufrido persecuci\u00f3n por su labor informativa. La periodista tayika <b>Ulfatkhonim Mamadshoeva<\/b> fue arrestada en 2022 en su domicilio, acusada de organizar protestas y declarada culpable de m\u00faltiples delitos graves, entre ellos traici\u00f3n y terrorismo. <\/p>\n<p class=\"paragraph\">Otros que tambi\u00e9n se incluyen en la lista son el cineasta y periodista <b>Tsi Conrad<\/b>, encarcelado desde 2018 por cubrir protestas y <b>Frenchie Mae Cumpio<\/b>, reportera filipina condenada por cargos de terrorismo tras investigar abusos policiales.<\/p>\n<div class=\"ad_6 ad-wrapper dfpAd ad-1-al-6 ad-text ad-component-container\" style=\"--ad-shell-height:250px;--ad-shell-width:300px\" data-ad-wrapper=\"arcad\" data-ad-type=\"ad_6\" data-ad-slot=\"infobae\/america\/mundo\/nota\/ad_6\" data-ad-container=\"dfp\" data-ad-slot-name=\"infobae\/america\/mundo\/nota\/ad_6\">\n<p class=\"ad-shell-label\">PUBLICIDAD<\/p>\n<div id=\"infobae\/america\/mundo\/nota\/ad_6\" class=\"infobae\/america\/mundo\/nota\/ad_6 arcad ad-slot-node ad-slot-node--boxed\" data-ad-slot-id=\"infobae\/america\/mundo\/nota\/ad_6\"><\/div>\n<\/div>\n<p class=\"paragraph\">Adem\u00e1s, se encuentran Sevinj Vagifgizi, editora azerbaiyana de Abzas Media, sentenciada por supuestos delitos financieros; <b>Genet Asmamaw<\/b>, periodista et\u00edope de Medlot Media, detenida por incitaci\u00f3n a la violencia; y<b> Christophe Gleizes<\/b>, periodista franc\u00e9s preso en Argelia tras ser condenado por apolog\u00eda del terrorismo.<\/p>\n<p class=\"paragraph\"><i>(Con informaci\u00f3n de EFE y Time Magazine)<\/i><\/p>\n","protected":false},"excerpt":{"rendered":"<p>En el marco del D\u00eda Mundial de la Libertad de Prensa, la One Free Press Coalition difundi\u00f3 la lista anual de los \u201c10 casos m\u00e1s urgentes\u201d de periodistas perseguidos en el mundo, en la que figuran profesionales de pa\u00edses como Ir\u00e1n, China, Hong Kong, Vietnam, Tayikist\u00e1n, Camer\u00fan, Filipinas, Azerbaiy\u00e1n, Etiop\u00eda y Argelia. El reporte, elaborado [&hellip;]<\/p>\n","protected":false},"author":1,"featured_media":8675,"comment_status":"open","ping_status":"open","sticky":false,"template":"","format":"standard","meta":{"footnotes":""},"categories":[1],"tags":[],"class_list":["post-8674","post","type-post","status-publish","format-standard","has-post-thumbnail","hentry","category-uncategorized"],"_links":{"self":[{"href":"https:\/\/cliente1.publisher.highstack.com.ar\/index.php?rest_route=\/wp\/v2\/posts\/8674","targetHints":{"allow":["GET"]}}],"collection":[{"href":"https:\/\/cliente1.publisher.highstack.com.ar\/index.php?rest_route=\/wp\/v2\/posts"}],"about":[{"href":"https:\/\/cliente1.publisher.highstack.com.ar\/index.php?rest_route=\/wp\/v2\/types\/post"}],"author":[{"embeddable":true,"href":"https:\/\/cliente1.publisher.highstack.com.ar\/index.php?rest_route=\/wp\/v2\/users\/1"}],"replies":[{"embeddable":true,"href":"https:\/\/cliente1.publisher.highstack.com.ar\/index.php?rest_route=%2Fwp%2Fv2%2Fcomments&post=8674"}],"version-history":[{"count":0,"href":"https:\/\/cliente1.publisher.highstack.com.ar\/index.php?rest_route=\/wp\/v2\/posts\/8674\/revisions"}],"wp:featuredmedia":[{"embeddable":true,"href":"https:\/\/cliente1.publisher.highstack.com.ar\/index.php?rest_route=\/wp\/v2\/media\/8675"}],"wp:attachment":[{"href":"https:\/\/cliente1.publisher.highstack.com.ar\/index.php?rest_route=%2Fwp%2Fv2%2Fmedia&parent=8674"}],"wp:term":[{"taxonomy":"category","embeddable":true,"href":"https:\/\/cliente1.publisher.highstack.com.ar\/index.php?rest_route=%2Fwp%2Fv2%2Fcategories&post=8674"},{"taxonomy":"post_tag","embeddable":true,"href":"https:\/\/cliente1.publisher.highstack.com.ar\/index.php?rest_route=%2Fwp%2Fv2%2Ftags&post=8674"}],"curies":[{"name":"wp","href":"https:\/\/api.w.org\/{rel}","templated":true}]}}