{"id":8672,"date":"2026-05-01T14:02:11","date_gmt":"2026-05-01T17:02:11","guid":{"rendered":"https:\/\/cliente1.publisher.highstack.com.ar\/?p=8672"},"modified":"2026-05-01T14:02:11","modified_gmt":"2026-05-01T17:02:11","slug":"donald-trump-rechazo-la-nueva-propuesta-de-iran-para-dialogar-con-eeuu-quieren-hacer-un-trato-pero-no-estoy-satisfecho","status":"publish","type":"post","link":"https:\/\/cliente1.publisher.highstack.com.ar\/?p=8672","title":{"rendered":"Donald Trump rechaz\u00f3 la nueva propuesta de Ir\u00e1n para dialogar con EEUU: \u201cQuieren hacer un trato, pero no estoy satisfecho\u201d"},"content":{"rendered":"<div class=\"visual__image image-initial-width\"><picture><source srcset=\"https:\/\/www.infobae.com\/resizer\/v2\/55NNEQC5AFBD5ITZLEQJYEHSME.JPG?auth=8d13edd89339c735ac7ea3c0f75b920cb5d5d0be741d905e1ba084b15451af42&amp;smart=true&amp;width=992&amp;height=692&amp;quality=85\" media=\"(min-width: 1000px)\"><\/source><source srcset=\"https:\/\/www.infobae.com\/resizer\/v2\/55NNEQC5AFBD5ITZLEQJYEHSME.JPG?auth=8d13edd89339c735ac7ea3c0f75b920cb5d5d0be741d905e1ba084b15451af42&amp;smart=true&amp;width=768&amp;height=535&amp;quality=85\" media=\"(min-width: 768px)\"><\/source><source srcset=\"https:\/\/www.infobae.com\/resizer\/v2\/55NNEQC5AFBD5ITZLEQJYEHSME.JPG?auth=8d13edd89339c735ac7ea3c0f75b920cb5d5d0be741d905e1ba084b15451af42&amp;smart=true&amp;width=577&amp;height=402&amp;quality=85\" media=\"(min-width: 580px)\"><\/source><source srcset=\"https:\/\/www.infobae.com\/resizer\/v2\/55NNEQC5AFBD5ITZLEQJYEHSME.JPG?auth=8d13edd89339c735ac7ea3c0f75b920cb5d5d0be741d905e1ba084b15451af42&amp;smart=true&amp;width=420&amp;height=293&amp;quality=85\" media=\"(min-width: 350px)\"><\/source><source srcset=\"https:\/\/www.infobae.com\/resizer\/v2\/55NNEQC5AFBD5ITZLEQJYEHSME.JPG?auth=8d13edd89339c735ac7ea3c0f75b920cb5d5d0be741d905e1ba084b15451af42&amp;smart=true&amp;width=350&amp;height=244&amp;quality=85\" media=\"(min-width: 80px)\"><\/source><\/picture><\/div>\n<p class=\"paragraph\">El presidente <b>Donald Trump<\/b> dijo este viernes que <b>no est\u00e1 satisfecho<\/b> con <b>la nueva propuesta de Ir\u00e1n<\/b> para entablar negociaciones de paz con <b>Estados Unidos<\/b>, mientras las conversaciones entre ambas partes siguen <b>estancadas<\/b> en medio de un alto el fuego que ya lleva varias semanas. <\/p>\n<p class=\"paragraph\">\u201c<b>En este momento no estoy satisfecho con lo que est\u00e1n ofreciendo<\/b>\u201d, dijo Trump a los periodistas; al tiempo que se\u00f1al\u00f3 que el r\u00e9gimen \u201c<b>ha hecho avances<\/b>\u201d en las negociaciones con su pa\u00eds. Igualmente admiti\u00f3 <b>no estar seguro<\/b> de si llegar\u00e1 a cumplir los requisitos que le exige Washington.<\/p>\n<div class=\"inline ad-wrapper dfpAd ad-inline ad-text ad-component-container\" style=\"--ad-shell-height:250px;--ad-shell-width:300px\" data-ad-wrapper=\"arcad\" data-ad-type=\"inline\" data-ad-slot=\"infobae\/america\/mundo\/nota\/inline\" data-ad-container=\"dfp\" data-ad-slot-name=\"infobae\/america\/mundo\/nota\/inline\">\n<p class=\"ad-shell-label\">PUBLICIDAD<\/p>\n<div id=\"infobae\/america\/mundo\/nota\/inline\" class=\"infobae\/america\/mundo\/nota\/inline arcad ad-slot-node ad-slot-node--boxed\" data-ad-slot-id=\"infobae\/america\/mundo\/nota\/inline\"><\/div>\n<\/div>\n<p class=\"paragraph\">Cuando se le pregunt\u00f3 si enviar\u00eda otra delegaci\u00f3n a <b>Pakist\u00e1n<\/b> para las conversaciones entre Estados Unidos e Ir\u00e1n, tras la cancelaci\u00f3n del viaje la semana pasada, Trump respondi\u00f3: \u201cSentimos un gran respeto por Pakist\u00e1n e Islamabad, y un enorme respeto por el primer ministro y el mariscal de campo. Est\u00e1n colaborando con nosotros. Siguen colaborando con nosotros\u201d. <\/p>\n<p class=\"paragraph\">\u201c<b>Pero el viaje es muy largo y estamos haciendo todo lo posible en cuanto a negociaciones en este momento<\/b>\u201d, agreg\u00f3 el presidente, al describir las llamadas telef\u00f3nicas.<\/p>\n<div class=\"inline_2 ad-wrapper dfpAd ad-inline ad-text ad-component-container\" style=\"--ad-shell-height:250px;--ad-shell-width:300px\" data-ad-wrapper=\"arcad\" data-ad-type=\"inline_2\" data-ad-slot=\"infobae\/america\/mundo\/nota\/inline_2\" data-ad-container=\"dfp\" data-ad-slot-name=\"infobae\/america\/mundo\/nota\/inline_2\">\n<p class=\"ad-shell-label\">PUBLICIDAD<\/p>\n<div id=\"infobae\/america\/mundo\/nota\/inline_2\" class=\"infobae\/america\/mundo\/nota\/inline_2 arcad ad-slot-node ad-slot-node--boxed\" data-ad-slot-id=\"infobae\/america\/mundo\/nota\/inline_2\"><\/div>\n<\/div>\n<p class=\"paragraph\">\u201c<b>Han avanzado pero no estoy seguro de que lleguen a la meta<\/b>. <b>Hay una tremenda discordia<\/b>. <b>Tienen serios problemas para llevarse bien en Ir\u00e1n<\/b>\u201d, dijo tambi\u00e9n Trump. \u201c<b>El liderazgo est\u00e1 muy fragmentado<\/b>. Hay dos o tres grupos, tal vez cuatro. Y es un liderazgo muy desorganizado. Dicho esto, todos quieren llegar a un acuerdo, pero est\u00e1n todos perdidos\u201d, se\u00f1al\u00f3.<\/p>\n<p class=\"paragraph\">Tambi\u00e9n afirm\u00f3 que <b>no est\u00e1 \u201ccontento\u201d con Espa\u00f1a ni con Italia<\/b> porque, a su juicio, ambos pa\u00edses ver\u00edan con buenos ojos que Ir\u00e1n obtuviera un arma nuclear.<\/p>\n<div class=\"ad_1 ad-wrapper dfpAd ad-1-al-6 ad-text ad-component-container\" style=\"--ad-shell-height:250px;--ad-shell-width:300px\" data-ad-wrapper=\"arcad\" data-ad-type=\"ad_1\" data-ad-slot=\"infobae\/america\/mundo\/nota\/ad_1\" data-ad-container=\"dfp\" data-ad-slot-name=\"infobae\/america\/mundo\/nota\/ad_1\">\n<p class=\"ad-shell-label\">PUBLICIDAD<\/p>\n<div id=\"infobae\/america\/mundo\/nota\/ad_1\" class=\"infobae\/america\/mundo\/nota\/ad_1 arcad ad-slot-node ad-slot-node--boxed\" data-ad-slot-id=\"infobae\/america\/mundo\/nota\/ad_1\"><\/div>\n<\/div>\n<p class=\"paragraph\">\u201c<b>No estoy contento con Italia ni con Espa\u00f1a. Creen que est\u00e1 bien que Ir\u00e1n tenga un arma nuclear<\/b>\u201d, se\u00f1al\u00f3.<\/p>\n<div class=\"visual__image\"><picture><source srcset=\"https:\/\/www.infobae.com\/resizer\/v2\/F3DDQZFEAZCRDL3B4XDHJ4J5LE.jpg?auth=4010f45e9adff1c9b6c98bb03961bdc3be58a75c2c534e3ce68b516ae6941e4f&amp;smart=true&amp;width=992&amp;height=661&amp;quality=85\" media=\"(min-width: 1000px)\"><\/source><source srcset=\"https:\/\/www.infobae.com\/resizer\/v2\/F3DDQZFEAZCRDL3B4XDHJ4J5LE.jpg?auth=4010f45e9adff1c9b6c98bb03961bdc3be58a75c2c534e3ce68b516ae6941e4f&amp;smart=true&amp;width=768&amp;height=512&amp;quality=85\" media=\"(min-width: 768px)\"><\/source><source srcset=\"https:\/\/www.infobae.com\/resizer\/v2\/F3DDQZFEAZCRDL3B4XDHJ4J5LE.jpg?auth=4010f45e9adff1c9b6c98bb03961bdc3be58a75c2c534e3ce68b516ae6941e4f&amp;smart=true&amp;width=577&amp;height=385&amp;quality=85\" media=\"(min-width: 580px)\"><\/source><source srcset=\"https:\/\/www.infobae.com\/resizer\/v2\/F3DDQZFEAZCRDL3B4XDHJ4J5LE.jpg?auth=4010f45e9adff1c9b6c98bb03961bdc3be58a75c2c534e3ce68b516ae6941e4f&amp;smart=true&amp;width=420&amp;height=280&amp;quality=85\" media=\"(min-width: 350px)\"><\/source><source srcset=\"https:\/\/www.infobae.com\/resizer\/v2\/F3DDQZFEAZCRDL3B4XDHJ4J5LE.jpg?auth=4010f45e9adff1c9b6c98bb03961bdc3be58a75c2c534e3ce68b516ae6941e4f&amp;smart=true&amp;width=350&amp;height=233&amp;quality=85\" media=\"(min-width: 80px)\"><\/source><img alt=\"El ministro iran\u00ed de Exteriores, Abbas Araghchi (Alexander Kazakov\/Sputnik, Kremlin Pool Foto via AP\/Archivo)\" class=\"global-image\" decoding=\"async\" fetchpriority=\"low\" height=\"3000\" loading=\"lazy\" src=\"https:\/\/www.infobae.com\/resizer\/v2\/F3DDQZFEAZCRDL3B4XDHJ4J5LE.jpg?auth=4010f45e9adff1c9b6c98bb03961bdc3be58a75c2c534e3ce68b516ae6941e4f&amp;smart=true&amp;width=350&amp;height=233&amp;quality=85\" width=\"4500\"><\/picture><\/div>\n<p class=\"paragraph\">M\u00e1s temprano, el r\u00e9gimen de <b>Ir\u00e1n<\/b> present\u00f3 una <b>nueva propuesta para conversaciones con Estados Unidos<\/b> a trav\u00e9s del mediador Pakist\u00e1n, inform\u00f3 la prensa estatal iran\u00ed.<\/p>\n<div class=\"ad_2 ad-wrapper dfpAd ad-1-al-6 ad-text ad-component-container\" style=\"--ad-shell-height:250px;--ad-shell-width:300px\" data-ad-wrapper=\"arcad\" data-ad-type=\"ad_2\" data-ad-slot=\"infobae\/america\/mundo\/nota\/ad_2\" data-ad-container=\"dfp\" data-ad-slot-name=\"infobae\/america\/mundo\/nota\/ad_2\">\n<p class=\"ad-shell-label\">PUBLICIDAD<\/p>\n<div id=\"infobae\/america\/mundo\/nota\/ad_2\" class=\"infobae\/america\/mundo\/nota\/ad_2 arcad ad-slot-node ad-slot-node--boxed\" data-ad-slot-id=\"infobae\/america\/mundo\/nota\/ad_2\"><\/div>\n<\/div>\n<p class=\"paragraph\">\u201c<b>La Rep\u00fablica Isl\u00e1mica de Ir\u00e1n entreg\u00f3 el texto de su \u00faltima propuesta de negociaci\u00f3n a Pakist\u00e1n, como mediador en las conversaciones, el jueves por la noche<\/b>\u201d, inform\u00f3 la agencia oficial de noticias <i>IRNA<\/i>, sin ofrecer detalles del contenido de dicha propuesta.<\/p>\n<p class=\"paragraph\">Por el momento se desconoce el contenido de la nueva propuesta.<\/p>\n<div class=\"ad_3 ad-wrapper dfpAd ad-1-al-6 ad-text ad-component-container\" style=\"--ad-shell-height:250px;--ad-shell-width:300px\" data-ad-wrapper=\"arcad\" data-ad-type=\"ad_3\" data-ad-slot=\"infobae\/america\/mundo\/nota\/ad_3\" data-ad-container=\"dfp\" data-ad-slot-name=\"infobae\/america\/mundo\/nota\/ad_3\">\n<p class=\"ad-shell-label\">PUBLICIDAD<\/p>\n<div id=\"infobae\/america\/mundo\/nota\/ad_3\" class=\"infobae\/america\/mundo\/nota\/ad_3 arcad ad-slot-node ad-slot-node--boxed\" data-ad-slot-id=\"infobae\/america\/mundo\/nota\/ad_3\"><\/div>\n<\/div>\n<p class=\"paragraph\"><b>Ir\u00e1n y Estados Unidos celebraron una \u00fanica ronda de conversaciones<\/b> en el contexto de un fr\u00e1gil alto el fuego tras casi 40 d\u00edas de guerra que estall\u00f3 el 28 de febrero.<\/p>\n<p class=\"paragraph\">Desde entonces, <b>las conversaciones se estancaron<\/b>, ya que <b>Estados Unidos impuso un bloqueo naval a los puertos iran\u00edes<\/b>, e <b>Ir\u00e1n mantuvo en gran medida cerrado el estrecho de Ormuz<\/b>, permitiendo solamente el paso de unos pocos buques desde el inicio de la guerra.<\/p>\n<div class=\"ad_4 ad-wrapper dfpAd ad-1-al-6 ad-text ad-component-container\" style=\"--ad-shell-height:250px;--ad-shell-width:300px\" data-ad-wrapper=\"arcad\" data-ad-type=\"ad_4\" data-ad-slot=\"infobae\/america\/mundo\/nota\/ad_4\" data-ad-container=\"dfp\" data-ad-slot-name=\"infobae\/america\/mundo\/nota\/ad_4\">\n<p class=\"ad-shell-label\">PUBLICIDAD<\/p>\n<div id=\"infobae\/america\/mundo\/nota\/ad_4\" class=\"infobae\/america\/mundo\/nota\/ad_4 arcad ad-slot-node ad-slot-node--boxed\" data-ad-slot-id=\"infobae\/america\/mundo\/nota\/ad_4\"><\/div>\n<\/div>\n<p class=\"paragraph\">El ministro iran\u00ed de Relaciones Exteriores, <b>Abbas Araqchi<\/b>, mantuvo conversaciones telef\u00f3nicas hoy con sus hom\u00f3logos de <b>Arabia Saudita<\/b>, <b>Qatar<\/b>, <b>Turqu\u00eda<\/b>, <b>Irak<\/b> y <b>Azerbaiy\u00e1n<\/b> sobre las \u00faltimas \u201c<b>iniciativas de la Rep\u00fablica Isl\u00e1mica para poner fin a la guerra<\/b>\u201d, seg\u00fan un comunicado de la canciller\u00eda.<\/p>\n<div class=\"visual__image\"><picture><source srcset=\"https:\/\/www.infobae.com\/resizer\/v2\/RRVJIMSAFFG4RJCGFKCSFHNJPA.jpg?auth=75bdfbb65c5679357944fe6a3285e41886ecbca74aeccf5ac69431223ba0d45f&amp;smart=true&amp;width=992&amp;height=661&amp;quality=85\" media=\"(min-width: 1000px)\"><\/source><source srcset=\"https:\/\/www.infobae.com\/resizer\/v2\/RRVJIMSAFFG4RJCGFKCSFHNJPA.jpg?auth=75bdfbb65c5679357944fe6a3285e41886ecbca74aeccf5ac69431223ba0d45f&amp;smart=true&amp;width=768&amp;height=512&amp;quality=85\" media=\"(min-width: 768px)\"><\/source><source srcset=\"https:\/\/www.infobae.com\/resizer\/v2\/RRVJIMSAFFG4RJCGFKCSFHNJPA.jpg?auth=75bdfbb65c5679357944fe6a3285e41886ecbca74aeccf5ac69431223ba0d45f&amp;smart=true&amp;width=577&amp;height=385&amp;quality=85\" media=\"(min-width: 580px)\"><\/source><source srcset=\"https:\/\/www.infobae.com\/resizer\/v2\/RRVJIMSAFFG4RJCGFKCSFHNJPA.jpg?auth=75bdfbb65c5679357944fe6a3285e41886ecbca74aeccf5ac69431223ba0d45f&amp;smart=true&amp;width=420&amp;height=280&amp;quality=85\" media=\"(min-width: 350px)\"><\/source><source srcset=\"https:\/\/www.infobae.com\/resizer\/v2\/RRVJIMSAFFG4RJCGFKCSFHNJPA.jpg?auth=75bdfbb65c5679357944fe6a3285e41886ecbca74aeccf5ac69431223ba0d45f&amp;smart=true&amp;width=350&amp;height=233&amp;quality=85\" media=\"(min-width: 80px)\"><\/source><img alt=\"El presidente Donald Trump se re\u00fane con el canciller alem\u00e1n Friedrich Merz en el Despacho Oval de la Casa Blanca, el 3 de marzo de 2026, en Washington (AP Foto\/Mark Schiefelbein)\" class=\"global-image\" decoding=\"async\" fetchpriority=\"low\" height=\"3796\" loading=\"lazy\" src=\"https:\/\/www.infobae.com\/resizer\/v2\/RRVJIMSAFFG4RJCGFKCSFHNJPA.jpg?auth=75bdfbb65c5679357944fe6a3285e41886ecbca74aeccf5ac69431223ba0d45f&amp;smart=true&amp;width=350&amp;height=233&amp;quality=85\" width=\"5694\"><\/picture><\/div>\n<h2 class=\"text-align-left vertical-align-top line-height-100 header headline-class-h2 headline\" id=\"trump-anuncio-que-eeuu-aumentara-los-aranceles-a-los-automoviles-y-camiones-de-la-union-europea\">Trump anunci\u00f3 que EEUU aumentar\u00e1 los aranceles a los autom\u00f3viles y camiones de la Uni\u00f3n Europea<\/h2>\n<p class=\"paragraph\">El presidente Donald Trump anunci\u00f3 este viernes que <a rel=\"noopener noreferrer\" href=\"https:\/\/www.infobae.com\/estados-unidos\/2026\/05\/01\/donald-trump-anuncio-que-la-proxima-semana-eeuu-aumentara-los-aranceles-a-los-automoviles-y-camiones-de-la-union-europea-al-25\/\" target=\"_blank\" title=\"https:\/\/www.infobae.com\/estados-unidos\/2026\/05\/01\/donald-trump-anuncio-que-la-proxima-semana-eeuu-aumentara-los-aranceles-a-los-automoviles-y-camiones-de-la-union-europea-al-25\/\">aumentar\u00e1 los aranceles estadounidenses a los autom\u00f3viles y camiones provenientes de la Uni\u00f3n Europea la pr\u00f3xima semana<\/a>, alegando que el bloque no est\u00e1 cumpliendo con un acuerdo comercial previo.<\/p>\n<div class=\"ad_5 ad-wrapper dfpAd ad-1-al-6 ad-text ad-component-container\" style=\"--ad-shell-height:250px;--ad-shell-width:300px\" data-ad-wrapper=\"arcad\" data-ad-type=\"ad_5\" data-ad-slot=\"infobae\/america\/mundo\/nota\/ad_5\" data-ad-container=\"dfp\" data-ad-slot-name=\"infobae\/america\/mundo\/nota\/ad_5\">\n<p class=\"ad-shell-label\">PUBLICIDAD<\/p>\n<div id=\"infobae\/america\/mundo\/nota\/ad_5\" class=\"infobae\/america\/mundo\/nota\/ad_5 arcad ad-slot-node ad-slot-node--boxed\" data-ad-slot-id=\"infobae\/america\/mundo\/nota\/ad_5\"><\/div>\n<\/div>\n<p class=\"paragraph\">\u201cDado que la Uni\u00f3n Europea no est\u00e1 cumpliendo con nuestro acuerdo comercial, <b>la pr\u00f3xima semana aumentar\u00e9 los aranceles que se cobran a la Uni\u00f3n Europea por los autom\u00f3viles y camiones que ingresan a Estados Unidos<\/b>. <b>El arancel se incrementar\u00e1 al 25%<\/b>\u201d, escribi\u00f3 en su plataforma Truth Social.<\/p>\n<p class=\"paragraph\">\u201cSe entiende y se acuerda plenamente que, si se fabrican autom\u00f3viles y camiones en plantas de EEUU, <b>no se aplicar\u00e1n aranceles<\/b>. Actualmente se est\u00e1n construyendo <b>numerosas plantas de autom\u00f3viles y camiones<\/b>, con una inversi\u00f3n de <b>m\u00e1s de 100 mil millones de d\u00f3lares<\/b>, una cifra r\u00e9cord en la historia de la fabricaci\u00f3n de autom\u00f3viles y camiones&#8221;, remarc\u00f3 Trump.<\/p>\n<div class=\"ad_6 ad-wrapper dfpAd ad-1-al-6 ad-text ad-component-container\" style=\"--ad-shell-height:250px;--ad-shell-width:300px\" data-ad-wrapper=\"arcad\" data-ad-type=\"ad_6\" data-ad-slot=\"infobae\/america\/mundo\/nota\/ad_6\" data-ad-container=\"dfp\" data-ad-slot-name=\"infobae\/america\/mundo\/nota\/ad_6\">\n<p class=\"ad-shell-label\">PUBLICIDAD<\/p>\n<div id=\"infobae\/america\/mundo\/nota\/ad_6\" class=\"infobae\/america\/mundo\/nota\/ad_6 arcad ad-slot-node ad-slot-node--boxed\" data-ad-slot-id=\"infobae\/america\/mundo\/nota\/ad_6\"><\/div>\n<\/div>\n<p class=\"paragraph\">Y complet\u00f3: \u201c<b>Estas plantas, con personal estadounidense, abrir\u00e1n pronto<\/b>. \u00a1Nunca antes se hab\u00eda visto algo as\u00ed en Estados Unidos! Gracias por su atenci\u00f3n a este asunto&#8221;.<\/p>\n<p class=\"paragraph\">El mandatario no dio m\u00e1s detalles sobre el aumento previsto, pero el anuncio se produjo un d\u00eda despu\u00e9s de sus renovadas cr\u00edticas al canciller alem\u00e1n <b>Friedrich Merz<\/b>.<\/p>\n<p class=\"paragraph\">Trump le dijo a Merz que se centrara en poner fin a la guerra de Ucrania en lugar de \u201c<b>interferir<\/b>\u201d en Ir\u00e1n.<\/p>\n<p class=\"paragraph\">Es probable que Alemania se vea gravemente afectada por un arancel elevado a los autom\u00f3viles y sus piezas, ya que es responsable de una cantidad significativa de las exportaciones de autom\u00f3viles de la UE.<\/p>\n","protected":false},"excerpt":{"rendered":"<p>El presidente Donald Trump dijo este viernes que no est\u00e1 satisfecho con la nueva propuesta de Ir\u00e1n para entablar negociaciones de paz con Estados Unidos, mientras las conversaciones entre ambas partes siguen estancadas en medio de un alto el fuego que ya lleva varias semanas. \u201cEn este momento no estoy satisfecho con lo que est\u00e1n [&hellip;]<\/p>\n","protected":false},"author":1,"featured_media":8673,"comment_status":"open","ping_status":"open","sticky":false,"template":"","format":"standard","meta":{"footnotes":""},"categories":[1],"tags":[],"class_list":["post-8672","post","type-post","status-publish","format-standard","has-post-thumbnail","hentry","category-uncategorized"],"_links":{"self":[{"href":"https:\/\/cliente1.publisher.highstack.com.ar\/index.php?rest_route=\/wp\/v2\/posts\/8672","targetHints":{"allow":["GET"]}}],"collection":[{"href":"https:\/\/cliente1.publisher.highstack.com.ar\/index.php?rest_route=\/wp\/v2\/posts"}],"about":[{"href":"https:\/\/cliente1.publisher.highstack.com.ar\/index.php?rest_route=\/wp\/v2\/types\/post"}],"author":[{"embeddable":true,"href":"https:\/\/cliente1.publisher.highstack.com.ar\/index.php?rest_route=\/wp\/v2\/users\/1"}],"replies":[{"embeddable":true,"href":"https:\/\/cliente1.publisher.highstack.com.ar\/index.php?rest_route=%2Fwp%2Fv2%2Fcomments&post=8672"}],"version-history":[{"count":0,"href":"https:\/\/cliente1.publisher.highstack.com.ar\/index.php?rest_route=\/wp\/v2\/posts\/8672\/revisions"}],"wp:featuredmedia":[{"embeddable":true,"href":"https:\/\/cliente1.publisher.highstack.com.ar\/index.php?rest_route=\/wp\/v2\/media\/8673"}],"wp:attachment":[{"href":"https:\/\/cliente1.publisher.highstack.com.ar\/index.php?rest_route=%2Fwp%2Fv2%2Fmedia&parent=8672"}],"wp:term":[{"taxonomy":"category","embeddable":true,"href":"https:\/\/cliente1.publisher.highstack.com.ar\/index.php?rest_route=%2Fwp%2Fv2%2Fcategories&post=8672"},{"taxonomy":"post_tag","embeddable":true,"href":"https:\/\/cliente1.publisher.highstack.com.ar\/index.php?rest_route=%2Fwp%2Fv2%2Ftags&post=8672"}],"curies":[{"name":"wp","href":"https:\/\/api.w.org\/{rel}","templated":true}]}}