{"id":8670,"date":"2026-05-01T13:55:02","date_gmt":"2026-05-01T16:55:02","guid":{"rendered":"https:\/\/cliente1.publisher.highstack.com.ar\/?p=8670"},"modified":"2026-05-01T13:55:02","modified_gmt":"2026-05-01T16:55:02","slug":"javier-milei-vuelve-a-viajar-a-estados-unidos-participara-de-la-conferencia-global-del-instituto-milkenel-presidente-disertara-el-6-de-mayo-en-los-angeles-en-la-29-a-edicion-del-foro-al-que-ya-asist","status":"publish","type":"post","link":"https:\/\/cliente1.publisher.highstack.com.ar\/?p=8670","title":{"rendered":"Javier Milei vuelve a viajar a Estados Unidos: participar\u00e1 de la Conferencia Global del Instituto MilkenEl Presidente disertar\u00e1 el 6 de mayo en Los \u00c1ngeles, en la 29.\u00aa edici\u00f3n del foro al que ya asisti\u00f3 en 2024. Ser\u00e1 su cuarto viaje a EEUU desde el inicio del a\u00f1o"},"content":{"rendered":"<div class=\"visual__image image-initial-width\"><picture><source srcset=\"https:\/\/www.infobae.com\/resizer\/v2\/BVQPP34YGVSOIIGJKT2CNJ3W4U.jpg?auth=d23f4527b5a973738e50c1a7b6cbfefebd517184537c84a736f63588d17c24d7&amp;smart=true&amp;width=992&amp;height=661&amp;quality=85\" media=\"(min-width: 1000px)\"><\/source><source srcset=\"https:\/\/www.infobae.com\/resizer\/v2\/BVQPP34YGVSOIIGJKT2CNJ3W4U.jpg?auth=d23f4527b5a973738e50c1a7b6cbfefebd517184537c84a736f63588d17c24d7&amp;smart=true&amp;width=768&amp;height=512&amp;quality=85\" media=\"(min-width: 768px)\"><\/source><source srcset=\"https:\/\/www.infobae.com\/resizer\/v2\/BVQPP34YGVSOIIGJKT2CNJ3W4U.jpg?auth=d23f4527b5a973738e50c1a7b6cbfefebd517184537c84a736f63588d17c24d7&amp;smart=true&amp;width=577&amp;height=385&amp;quality=85\" media=\"(min-width: 580px)\"><\/source><source srcset=\"https:\/\/www.infobae.com\/resizer\/v2\/BVQPP34YGVSOIIGJKT2CNJ3W4U.jpg?auth=d23f4527b5a973738e50c1a7b6cbfefebd517184537c84a736f63588d17c24d7&amp;smart=true&amp;width=420&amp;height=280&amp;quality=85\" media=\"(min-width: 350px)\"><\/source><source srcset=\"https:\/\/www.infobae.com\/resizer\/v2\/BVQPP34YGVSOIIGJKT2CNJ3W4U.jpg?auth=d23f4527b5a973738e50c1a7b6cbfefebd517184537c84a736f63588d17c24d7&amp;smart=true&amp;width=350&amp;height=233&amp;quality=85\" media=\"(min-width: 80px)\"><\/source><img alt=\"Javier Milei en el Instituto Milken, en 2024. Foto de archivo\" class=\"global-image\" decoding=\"async\" fetchpriority=\"high\" height=\"4077\" loading=\"eager\" src=\"https:\/\/www.infobae.com\/resizer\/v2\/BVQPP34YGVSOIIGJKT2CNJ3W4U.jpg?auth=d23f4527b5a973738e50c1a7b6cbfefebd517184537c84a736f63588d17c24d7&amp;smart=true&amp;width=350&amp;height=233&amp;quality=85\" width=\"6115\"><\/picture><\/div>\n<p class=\"paragraph\">Tras acompa\u00f1ar a Manuel <b>Adorni <\/b>al <a href=\"https:\/\/www.infobae.com\/politica\/2026\/05\/01\/manuel-adorni-jamas-voy-a-renunciar-jamas-voy-a-ceder-ante-las-presiones\/\" target=\"_blank\" rel=\"noreferrer\" title=\"https:\/\/www.infobae.com\/politica\/2026\/05\/01\/manuel-adorni-jamas-voy-a-renunciar-jamas-voy-a-ceder-ante-las-presiones\/\">informe de gesti\u00f3n<\/a> que el Jefe de Gabinete brind\u00f3 en el Congreso, y una <a href=\"https:\/\/www.infobae.com\/politica\/2026\/04\/30\/milei-viajara-hoy-al-portaaviones-uss-nimitz-y-participara-de-los-ejercicios-navales-conjuntos-con-estados-unidos\/\" target=\"_blank\" rel=\"noreferrer\" title=\"https:\/\/www.infobae.com\/politica\/2026\/04\/30\/milei-viajara-hoy-al-portaaviones-uss-nimitz-y-participara-de-los-ejercicios-navales-conjuntos-con-estados-unidos\/\">visita fugaz al portaaviones nuclear USS Nimitz<\/a>, que desarrolla ejercicios navales en aguas argentinas del Atl\u00e1ntico Sur, <b>Javier Milei acept\u00f3 una invitaci\u00f3n del Instituto Milken<\/b> y disertar\u00e1 el pr\u00f3ximo mi\u00e9rcoles 6 de mayo durante la 29.\u00aa <i>Conferencia Global del<\/i> think tank que congrega l\u00edderes de finanzas, tecnolog\u00eda y pol\u00edticas p\u00fablicas.<\/p>\n<p class=\"paragraph\">La fecha exacta de su partida desde <b>Argentina<\/b> a\u00fan no fue confirmada. Seg\u00fan supo <b>Infobae <\/b>de fuentes diplom\u00e1ticas y de Casa <b>Rosada<\/b>, el Jefe de Estado estar\u00e1 a acompa\u00f1ado por el canciller Pablo Quirno y por el embajador en EEUU, Alec <b>Oxenford<\/b>, y a\u00fan resta definir si llega el martes 5 a la noche, o el mi\u00e9rcoles 6.<\/p>\n<div class=\"inline ad-wrapper dfpAd ad-inline ad-text ad-component-container\" style=\"--ad-shell-height:250px;--ad-shell-width:300px\" data-ad-wrapper=\"arcad\" data-ad-type=\"inline\" data-ad-slot=\"infobae\/politica\/nota\/inline\" data-ad-container=\"dfp\" data-ad-slot-name=\"infobae\/politica\/nota\/inline\">\n<p class=\"ad-shell-label\">PUBLICIDAD<\/p>\n<div id=\"infobae\/politica\/nota\/inline\" class=\"infobae\/politica\/nota\/inline arcad ad-slot-node ad-slot-node--boxed\" data-ad-slot-id=\"infobae\/politica\/nota\/inline\"><\/div>\n<\/div>\n<p class=\"paragraph\">Bajo el lema \u201cLiderando en una nueva era\u201d, la conferencia -que iniciar\u00e1 el domingo- reunir\u00e1 a dirigentes del mundo de las finanzas, la tecnolog\u00eda, la salud, la filantrop\u00eda y las pol\u00edticas p\u00fablicas para abordar soluciones pr\u00e1cticas ante los desaf\u00edos globales m\u00e1s recientes. Entre los oradores que han pasado por ediciones anteriores figuran Bill Clinton, Kristalina Georgieva, Jensen Huang y la reina Ran\u00eda de Jordania.<\/p>\n<div class=\"visual__image\"><picture><source srcset=\"https:\/\/www.infobae.com\/resizer\/v2\/4S2AASGOLZHQ3EI2ZNJQ4NIT3I.jpeg?auth=24c4d7c9e9c6ce683fc7002ae985230dfa0cf0df1e6be8fb1f4b7aff90a45cac&amp;smart=true&amp;width=992&amp;height=1323&amp;quality=85\" media=\"(min-width: 1000px)\"><\/source><source srcset=\"https:\/\/www.infobae.com\/resizer\/v2\/4S2AASGOLZHQ3EI2ZNJQ4NIT3I.jpeg?auth=24c4d7c9e9c6ce683fc7002ae985230dfa0cf0df1e6be8fb1f4b7aff90a45cac&amp;smart=true&amp;width=768&amp;height=1024&amp;quality=85\" media=\"(min-width: 768px)\"><\/source><source srcset=\"https:\/\/www.infobae.com\/resizer\/v2\/4S2AASGOLZHQ3EI2ZNJQ4NIT3I.jpeg?auth=24c4d7c9e9c6ce683fc7002ae985230dfa0cf0df1e6be8fb1f4b7aff90a45cac&amp;smart=true&amp;width=577&amp;height=769&amp;quality=85\" media=\"(min-width: 580px)\"><\/source><source srcset=\"https:\/\/www.infobae.com\/resizer\/v2\/4S2AASGOLZHQ3EI2ZNJQ4NIT3I.jpeg?auth=24c4d7c9e9c6ce683fc7002ae985230dfa0cf0df1e6be8fb1f4b7aff90a45cac&amp;smart=true&amp;width=420&amp;height=560&amp;quality=85\" media=\"(min-width: 350px)\"><\/source><source srcset=\"https:\/\/www.infobae.com\/resizer\/v2\/4S2AASGOLZHQ3EI2ZNJQ4NIT3I.jpeg?auth=24c4d7c9e9c6ce683fc7002ae985230dfa0cf0df1e6be8fb1f4b7aff90a45cac&amp;smart=true&amp;width=350&amp;height=467&amp;quality=85\" media=\"(min-width: 80px)\"><\/source><img alt=\"El presidente Javier Milei mantuvo hoy una llamada telef\u00f3nica con el primer ministro de Canad\u00e1, Mark Carney\" class=\"global-image\" decoding=\"async\" fetchpriority=\"low\" height=\"1600\" loading=\"lazy\" src=\"https:\/\/www.infobae.com\/resizer\/v2\/4S2AASGOLZHQ3EI2ZNJQ4NIT3I.jpeg?auth=24c4d7c9e9c6ce683fc7002ae985230dfa0cf0df1e6be8fb1f4b7aff90a45cac&amp;smart=true&amp;width=350&amp;height=467&amp;quality=85\" width=\"1200\"><\/picture><\/div>\n<p class=\"paragraph\">Para <b>Milei<\/b>, no se trata de una primera vez en ese foro. En mayo de 2024, el mandatario ya hab\u00eda disertado ante la misma audiencia en la edici\u00f3n n\u00famero 27 del encuentro, donde afirm\u00f3: \u201cArgentina tiene todas las condiciones para ser la nueva meca de Occidente\u201d e invit\u00f3 a los empresarios presentes a invertir en el pa\u00eds. En aquella oportunidad lo acompa\u00f1aron la secretaria general de la Presidencia, <b>Karina Milei<\/b>; el entonces jefe de Gabinete, Nicol\u00e1s Posse; el ministro de Econom\u00eda, <b>Luis Caputo<\/b>, y el entonces embajador argentino ante Estados Unidos, Gerardo <b>Werthein<\/b>.<\/p>\n<div class=\"inline_2 ad-wrapper dfpAd ad-inline ad-text ad-component-container\" style=\"--ad-shell-height:250px;--ad-shell-width:300px\" data-ad-wrapper=\"arcad\" data-ad-type=\"inline_2\" data-ad-slot=\"infobae\/politica\/nota\/inline_2\" data-ad-container=\"dfp\" data-ad-slot-name=\"infobae\/politica\/nota\/inline_2\">\n<p class=\"ad-shell-label\">PUBLICIDAD<\/p>\n<div id=\"infobae\/politica\/nota\/inline_2\" class=\"infobae\/politica\/nota\/inline_2 arcad ad-slot-node ad-slot-node--boxed\" data-ad-slot-id=\"infobae\/politica\/nota\/inline_2\"><\/div>\n<\/div>\n<p class=\"paragraph\">En 2025, <a href=\"https:\/\/www.infobae.com\/politica\/2025\/09\/05\/visita-a-estados-unidos-milei-ratifico-el-rumbo-del-programa-economico-ante-banqueros-y-empresarios-globales\/\" target=\"_blank\" rel=\"noreferrer\" title=\"https:\/\/www.infobae.com\/politica\/2025\/09\/05\/visita-a-estados-unidos-milei-ratifico-el-rumbo-del-programa-economico-ante-banqueros-y-empresarios-globales\/\">el Presidente tambi\u00e9n tuvo un paso fugaz por el <b>Instituto Milken<\/b><\/a> para exponer ante representantes de <b>Chevron<\/b>, Paramount, Discovery Capital, <b>JPMorgan<\/b>, <b>PIMCO, <\/b>Vista Investment Group, <b>Amazon Web Service, <\/b>Citi, Discovery Capital, Citi, Copa Airlines, Fundaci\u00f3n Reagan, Peerage Capital Group, East Bank,<b>Visa<\/b>y Globant, entre otras compa\u00f1\u00edas con peso mundial.<\/p>\n<p class=\"paragraph\">El nuevo viaje se produce apenas d\u00edas despu\u00e9s de que el presidente visitara el portaaviones nuclear USS Nimitz en aguas argentinas, el 30 de abril, en el marco de los ejercicios navales Passex 2026 del <i>Comando Sur de Estados Unidos<\/i> (SOUTHCOM), el comando militar estadounidense. Milei parti\u00f3 desde Aeroparque a las 10 de la ma\u00f1ana y pas\u00f3 cuatro horas a bordo del buque, acompa\u00f1ado por <b>Karina Milei<\/b>; el canciller Pablo Quirno; el ministro de Defensa, Carlos Presti, y el embajador de <b>Estados Unidos<\/b> en <b>Argentina<\/b>, Peter Lamelas, entre otros funcionarios.<\/p>\n<div class=\"ad_1 ad-wrapper dfpAd ad-1-al-6 ad-text ad-component-container\" style=\"--ad-shell-height:250px;--ad-shell-width:300px\" data-ad-wrapper=\"arcad\" data-ad-type=\"ad_1\" data-ad-slot=\"infobae\/politica\/nota\/ad_1\" data-ad-container=\"dfp\" data-ad-slot-name=\"infobae\/politica\/nota\/ad_1\">\n<p class=\"ad-shell-label\">PUBLICIDAD<\/p>\n<div id=\"infobae\/politica\/nota\/ad_1\" class=\"infobae\/politica\/nota\/ad_1 arcad ad-slot-node ad-slot-node--boxed\" data-ad-slot-id=\"infobae\/politica\/nota\/ad_1\"><\/div>\n<\/div>\n<div class=\"visual__image\"><picture><source srcset=\"https:\/\/www.infobae.com\/resizer\/v2\/6RFCKKNYRZHSFPCSNIIO5OTHXA.jpeg?auth=f3afaf1b89c324447037a86e803f6a81a3b42839def831b88073cf82845f98fb&amp;smart=true&amp;width=992&amp;height=558&amp;quality=85\" media=\"(min-width: 1000px)\"><\/source><source srcset=\"https:\/\/www.infobae.com\/resizer\/v2\/6RFCKKNYRZHSFPCSNIIO5OTHXA.jpeg?auth=f3afaf1b89c324447037a86e803f6a81a3b42839def831b88073cf82845f98fb&amp;smart=true&amp;width=768&amp;height=432&amp;quality=85\" media=\"(min-width: 768px)\"><\/source><source srcset=\"https:\/\/www.infobae.com\/resizer\/v2\/6RFCKKNYRZHSFPCSNIIO5OTHXA.jpeg?auth=f3afaf1b89c324447037a86e803f6a81a3b42839def831b88073cf82845f98fb&amp;smart=true&amp;width=577&amp;height=325&amp;quality=85\" media=\"(min-width: 580px)\"><\/source><source srcset=\"https:\/\/www.infobae.com\/resizer\/v2\/6RFCKKNYRZHSFPCSNIIO5OTHXA.jpeg?auth=f3afaf1b89c324447037a86e803f6a81a3b42839def831b88073cf82845f98fb&amp;smart=true&amp;width=420&amp;height=236&amp;quality=85\" media=\"(min-width: 350px)\"><\/source><source srcset=\"https:\/\/www.infobae.com\/resizer\/v2\/6RFCKKNYRZHSFPCSNIIO5OTHXA.jpeg?auth=f3afaf1b89c324447037a86e803f6a81a3b42839def831b88073cf82845f98fb&amp;smart=true&amp;width=350&amp;height=197&amp;quality=85\" media=\"(min-width: 80px)\"><\/source><img alt=\"Javier Milei y tres acompa\u00f1antes con cascos y chalecos de vuelo posan con pulgares arriba en la cubierta de un portaaviones. Un avi\u00f3n de transporte militar detr\u00e1s\" class=\"global-image\" decoding=\"async\" fetchpriority=\"low\" height=\"1080\" loading=\"lazy\" src=\"https:\/\/www.infobae.com\/resizer\/v2\/6RFCKKNYRZHSFPCSNIIO5OTHXA.jpeg?auth=f3afaf1b89c324447037a86e803f6a81a3b42839def831b88073cf82845f98fb&amp;smart=true&amp;width=350&amp;height=197&amp;quality=85\" width=\"1920\"><\/picture><\/div>\n<h2 class=\"text-align-left vertical-align-top line-height-100 header headline-class-h2 headline\" id=\"destino-preferido\">Destino preferido<\/h2>\n<p class=\"paragraph\">El viaje a <b>Los \u00e1ngeles<\/b> tambi\u00e9n llega semanas despu\u00e9s de su \u00faltima visita a suelo estadounidense. A principios de marzo, Milei recorri\u00f3 <b>Miami<\/b>, Doral y <b>Nueva York<\/b>, donde inaugur\u00f3 la <i>Argentina Week 2026<\/i>, un encuentro organizado por la <i>Embajada Argentina<\/i> en <b>Estados Unidos<\/b> junto a las entidades financieras JPMorgan y Bank of America para reunir a empresarios, banqueros e inversores con gobernadores y funcionarios argentinos. En su discurso de apertura, el mandatario asegur\u00f3: <b>\u201cla Argentina tiene todo dado para emprender un proceso de convergencia econ\u00f3mica que nos coloque a la par de las grandes potencias del mundo\u201d<\/b>.<\/p>\n<p class=\"paragraph\">El regreso a <b>Los \u00c1ngeles<\/b> se enmarca en un nuevo gesto de alineamiento con la administraci\u00f3n de Donald Trump y en una agenda internacional que, en lo que va de 2026, ya incluy\u00f3 al menos tres visitas a territorio estadounidense: Washington el 19 de febrero para la reuni\u00f3n inaugural de la Junta de la Paz convocada por Donald Trump; <b>Miami<\/b> el 8 de marzo para la cumbre \u201cEscudo de las Am\u00e9ricas\u201d con <b>once mandatarios<\/b> latinoamericanos aliados de la Casa Blanca; y -c\u00f3mo se mencion\u00f3- <b>Nueva York<\/b> del 9 al 11 de marzo.<\/p>\n<div class=\"ad_2 ad-wrapper dfpAd ad-1-al-6 ad-text ad-component-container\" style=\"--ad-shell-height:250px;--ad-shell-width:300px\" data-ad-wrapper=\"arcad\" data-ad-type=\"ad_2\" data-ad-slot=\"infobae\/politica\/nota\/ad_2\" data-ad-container=\"dfp\" data-ad-slot-name=\"infobae\/politica\/nota\/ad_2\">\n<p class=\"ad-shell-label\">PUBLICIDAD<\/p>\n<div id=\"infobae\/politica\/nota\/ad_2\" class=\"infobae\/politica\/nota\/ad_2 arcad ad-slot-node ad-slot-node--boxed\" data-ad-slot-id=\"infobae\/politica\/nota\/ad_2\"><\/div>\n<\/div>\n<p class=\"paragraph\">Desde su asunci\u00f3n en diciembre de 2023, <b>Estados Unidos<\/b> es, con amplia diferencia, el pa\u00eds que Milei m\u00e1s visit\u00f3, con al menos <b>16 desplazamientos<\/b> que abarcaron Washington D.C., <b>Miami<\/b>, <b>Nueva York<\/b>, <b>Los \u00e1ngeles<\/b>, San Francisco, Austin, Sun Valley, Palm Beach y Doral.<\/p>\n<p class=\"paragraph\">Su \u00faltima actividad internacional fue su visita a Israel, a mediados de abril, donde recibi\u00f3 la <b>Medalla de Honor<\/b> por parte de su par de <b>Israel, Isaac Herzog<\/b>, en reconocimiento al respaldo expl\u00edcito y sostenido que el mandatario libertario ha manifestado hacia el Estado de Israel, entre otras actividades como foros universitarios y religiosos de alto perfil.<\/p>\n<div class=\"ad_3 ad-wrapper dfpAd ad-1-al-6 ad-text ad-component-container\" style=\"--ad-shell-height:250px;--ad-shell-width:300px\" data-ad-wrapper=\"arcad\" data-ad-type=\"ad_3\" data-ad-slot=\"infobae\/politica\/nota\/ad_3\" data-ad-container=\"dfp\" data-ad-slot-name=\"infobae\/politica\/nota\/ad_3\">\n<p class=\"ad-shell-label\">PUBLICIDAD<\/p>\n<div id=\"infobae\/politica\/nota\/ad_3\" class=\"infobae\/politica\/nota\/ad_3 arcad ad-slot-node ad-slot-node--boxed\" data-ad-slot-id=\"infobae\/politica\/nota\/ad_3\"><\/div>\n<\/div>\n<p class=\"paragraph\">En la <b>Universidad de Bar-Ilan<\/b>, donde <b>fue investido doctor Honoris Causa<\/b>, desarroll\u00f3 durante casi una hora una argumentaci\u00f3n en torno a la \u00e9tica, la econom\u00eda y la pol\u00edtica, retomando ideas de su pr\u00f3ximo libro acad\u00e9mico y abordando lo que denomin\u00f3 \u201cel para\u00edso capitalista\u201d.<\/p>\n","protected":false},"excerpt":{"rendered":"<p>Tras acompa\u00f1ar a Manuel Adorni al informe de gesti\u00f3n que el Jefe de Gabinete brind\u00f3 en el Congreso, y una visita fugaz al portaaviones nuclear USS Nimitz, que desarrolla ejercicios navales en aguas argentinas del Atl\u00e1ntico Sur, Javier Milei acept\u00f3 una invitaci\u00f3n del Instituto Milken y disertar\u00e1 el pr\u00f3ximo mi\u00e9rcoles 6 de mayo durante la [&hellip;]<\/p>\n","protected":false},"author":1,"featured_media":8671,"comment_status":"open","ping_status":"open","sticky":false,"template":"","format":"standard","meta":{"footnotes":""},"categories":[1],"tags":[],"class_list":["post-8670","post","type-post","status-publish","format-standard","has-post-thumbnail","hentry","category-uncategorized"],"_links":{"self":[{"href":"https:\/\/cliente1.publisher.highstack.com.ar\/index.php?rest_route=\/wp\/v2\/posts\/8670","targetHints":{"allow":["GET"]}}],"collection":[{"href":"https:\/\/cliente1.publisher.highstack.com.ar\/index.php?rest_route=\/wp\/v2\/posts"}],"about":[{"href":"https:\/\/cliente1.publisher.highstack.com.ar\/index.php?rest_route=\/wp\/v2\/types\/post"}],"author":[{"embeddable":true,"href":"https:\/\/cliente1.publisher.highstack.com.ar\/index.php?rest_route=\/wp\/v2\/users\/1"}],"replies":[{"embeddable":true,"href":"https:\/\/cliente1.publisher.highstack.com.ar\/index.php?rest_route=%2Fwp%2Fv2%2Fcomments&post=8670"}],"version-history":[{"count":0,"href":"https:\/\/cliente1.publisher.highstack.com.ar\/index.php?rest_route=\/wp\/v2\/posts\/8670\/revisions"}],"wp:featuredmedia":[{"embeddable":true,"href":"https:\/\/cliente1.publisher.highstack.com.ar\/index.php?rest_route=\/wp\/v2\/media\/8671"}],"wp:attachment":[{"href":"https:\/\/cliente1.publisher.highstack.com.ar\/index.php?rest_route=%2Fwp%2Fv2%2Fmedia&parent=8670"}],"wp:term":[{"taxonomy":"category","embeddable":true,"href":"https:\/\/cliente1.publisher.highstack.com.ar\/index.php?rest_route=%2Fwp%2Fv2%2Fcategories&post=8670"},{"taxonomy":"post_tag","embeddable":true,"href":"https:\/\/cliente1.publisher.highstack.com.ar\/index.php?rest_route=%2Fwp%2Fv2%2Ftags&post=8670"}],"curies":[{"name":"wp","href":"https:\/\/api.w.org\/{rel}","templated":true}]}}