{"id":8668,"date":"2026-05-01T13:51:41","date_gmt":"2026-05-01T16:51:41","guid":{"rendered":"https:\/\/cliente1.publisher.highstack.com.ar\/?p=8668"},"modified":"2026-05-01T13:51:41","modified_gmt":"2026-05-01T16:51:41","slug":"choque-y-vuelco-en-acceso-a-parana-por-ruta-12-explican-como-ocurrio-el-grave-accidente","status":"publish","type":"post","link":"https:\/\/cliente1.publisher.highstack.com.ar\/?p=8668","title":{"rendered":"Choque y vuelco en acceso a Paran\u00e1 por Ruta 12: explican c\u00f3mo ocurri\u00f3 el grave accidente"},"content":{"rendered":"<p><\/p>\n<div>\n<p><b>Un grave accidente de tr\u00e1nsito ocurri\u00f3 esta madrugada en el acceso a la ciudad de Paran\u00e1 por Ruta 12 y dej\u00f3 a un hombre de 36 a\u00f1os, que est\u00e1 en la terapia intensiva del Hospital San Mart\u00edn<\/b>. El incidente vial sucedi\u00f3 minutos despu\u00e9s de las 5 de este viernes, feriado por el D\u00eda del Trabajador, en la capital entrerriana. <\/p>\n<p><!-- is a <br \/>--><\/p>\n<p><!-- is a object --><br \/>\n<!-- embed start --><!-- embed end --><br \/>\n<!-- end object --><\/p>\n<p>\u00a0<\/p>\n<p><!-- is a <br \/>--><\/p>\n<p>Seg\u00fan informaron fuentes policiales a <b>Elonce, el siniestro vial se produjo cuando un Volkswagen Suran perdi\u00f3 el control en la intersecci\u00f3n de calle Salellas y Colectora<\/b>, entre Miguel David y Jorge Newbery, en una zona que actualmente se encuentra en obra. <\/p>\n<p><!-- is a <br \/>--><\/p>\n<p><!-- is a object --><br \/>\n<!-- embed start --><\/p>\n<figure class=\"embed\">\n<p>    <img decoding=\"async\" src=\"https:\/\/elonce-media.elonce.com\/fotos\/2026\/05\/01\/e_1777632735_43885.webp\" loading=\"lazy\" width=\"600\" height=\"400\" alt=\"(Bomberos Voluntarios de Paran\u00e1).\"\/><figcaption>\n            <span>(Bomberos Voluntarios de Paran\u00e1).<\/span><br \/>\n        <\/figcaption><\/figure>\n<p><!-- embed end --><br \/>\n<!-- end object --><\/p>\n<p>\u00a0<\/p>\n<p><!-- is a <br \/>--><\/p>\n<p>El comisario Mat\u00edas Franco, segundo Jefe de la Comisar\u00eda 15\u00ba, dialog\u00f3 con <b>Elonce y explic\u00f3 c\u00f3mo habr\u00eda ocurrido el accidente de tr\u00e1nsito en el acceso a Paran\u00e1 por Ruta 12<\/b>, el cual dej\u00f3 a un hombre con graves heridas. <\/p>\n<p><!-- is a <br \/>--><\/p>\n<p>\u00a0<\/p>\n<p><!-- is a <br \/>--><\/p>\n<p>\u201cEn la intersecci\u00f3n de calle <b>Salellas y la Ruta 12, sobre la colectora, sigue de largo, golpea contra una zanja de desag\u00fce y el auto da varios tumbos<\/b>, produci\u00e9ndose la destrucci\u00f3n total del veh\u00edculo\u201d, se\u00f1al\u00f3 el comisario. <\/p>\n<p><!-- is a <br \/>--><\/p>\n<p><!-- is a object --><br \/>\n<!-- embed start --><\/p>\n<figure class=\"embed\">\n<p>    <img decoding=\"async\" src=\"https:\/\/elonce-media.elonce.com\/fotos\/2026\/05\/01\/e_1777632735_92450.webp\" loading=\"lazy\" width=\"600\" height=\"400\" alt=\"(Bomberos Voluntarios de Paran\u00e1).\"\/><figcaption>\n            <span>(Bomberos Voluntarios de Paran\u00e1).<\/span><br \/>\n        <\/figcaption><\/figure>\n<p><!-- embed end --><br \/>\n<!-- end object --><\/p>\n<p>\u00a0<\/p>\n<p><!-- is a <br \/>--><\/p>\n<p><!-- is a object --><\/p>\n<h3>Conductor gravemente herido<\/h3>\n<p><!-- end object --><\/p>\n<p>\u00a0<\/p>\n<p><!-- is a <br \/>--><\/p>\n<p>En referencia al conductor del veh\u00edculo, el segundo Jefe de la Comisar\u00eda 15\u00ba, se\u00f1al\u00f3 a <b>Elonce que \u201cel hombre fue hallado inconsciente y estaba fuera del auto, a unos metros del veh\u00edculo<\/b>\u201d, remarc\u00f3 y agreg\u00f3 que se trata de \u201cun ciudadano que tiene <b>domicilio en Colonia Avellaneda<\/b>, pero estar\u00eda viviendo en la ciudad de Paran\u00e1\u201d, sostuvo Franco. <\/p>\n<p><!-- is a <br \/>--><\/p>\n<p>\u00a0<\/p>\n<p><!-- is a <br \/>--><\/p>\n<p>El hombre sufri\u00f3 lesiones de gravedad y fue trasladado de urgencia al hospital San Mart\u00edn. En el primer parte m\u00e9dico al que accedi\u00f3 <b>Elonce, se indic\u00f3 que \u201cel hombre se encuentra en terapia intensiva tras el incidente vial\u201d.<\/b> <\/p>\n<p><!-- is a <br \/>--><\/p>\n<p><!-- is a object --><br \/>\n<!-- embed start --><\/p>\n<figure class=\"embed\">\n<p>    <img decoding=\"async\" src=\"https:\/\/elonce-media.elonce.com\/fotos\/2026\/05\/01\/e_1777632735_32099.webp\" loading=\"lazy\" width=\"600\" height=\"400\" alt=\"(Bomberos Voluntarios de Paran\u00e1).\"\/><figcaption>\n            <span>(Bomberos Voluntarios de Paran\u00e1).<\/span><br \/>\n        <\/figcaption><\/figure>\n<p><!-- embed end --><br \/>\n<!-- end object --><\/p>\n<p>\u00a0<\/p>\n<p><!-- is a <br \/>--><\/p>\n<p>Tras el accidente vial, el personal policial realiz\u00f3 \u201cel levantamiento de pruebas y las pericias por parte de la Direcci\u00f3n de la Polic\u00eda Cient\u00edfica\u201d, dijo el comisario a <b>Elonce y agreg\u00f3 que \u201cse recabaron testimonios de gente que estuvo en el lugar del incidente\u201d. <\/b> <\/p>\n<p><!-- is a <br \/>--><br \/>\n<!-- is a <br \/>--><\/p>\n<p>En el lugar del hecho intervino personal policial de la Comisar\u00eda 15, junto a una dotaci\u00f3n del Cuerpo Activo de Bomberos Voluntarios de Paran\u00e1 y agentes de Accidentolog\u00eda Vial.<\/p>\n<\/p><\/div>\n","protected":false},"excerpt":{"rendered":"<p>Un grave accidente de tr\u00e1nsito ocurri\u00f3 esta madrugada en el acceso a la ciudad de Paran\u00e1 por Ruta 12 y dej\u00f3 a un hombre de 36 a\u00f1os, que est\u00e1 en la terapia intensiva del Hospital San Mart\u00edn. El incidente vial sucedi\u00f3 minutos despu\u00e9s de las 5 de este viernes, feriado por el D\u00eda del Trabajador, [&hellip;]<\/p>\n","protected":false},"author":1,"featured_media":8669,"comment_status":"open","ping_status":"open","sticky":false,"template":"","format":"standard","meta":{"footnotes":""},"categories":[1],"tags":[],"class_list":["post-8668","post","type-post","status-publish","format-standard","has-post-thumbnail","hentry","category-uncategorized"],"_links":{"self":[{"href":"https:\/\/cliente1.publisher.highstack.com.ar\/index.php?rest_route=\/wp\/v2\/posts\/8668","targetHints":{"allow":["GET"]}}],"collection":[{"href":"https:\/\/cliente1.publisher.highstack.com.ar\/index.php?rest_route=\/wp\/v2\/posts"}],"about":[{"href":"https:\/\/cliente1.publisher.highstack.com.ar\/index.php?rest_route=\/wp\/v2\/types\/post"}],"author":[{"embeddable":true,"href":"https:\/\/cliente1.publisher.highstack.com.ar\/index.php?rest_route=\/wp\/v2\/users\/1"}],"replies":[{"embeddable":true,"href":"https:\/\/cliente1.publisher.highstack.com.ar\/index.php?rest_route=%2Fwp%2Fv2%2Fcomments&post=8668"}],"version-history":[{"count":0,"href":"https:\/\/cliente1.publisher.highstack.com.ar\/index.php?rest_route=\/wp\/v2\/posts\/8668\/revisions"}],"wp:featuredmedia":[{"embeddable":true,"href":"https:\/\/cliente1.publisher.highstack.com.ar\/index.php?rest_route=\/wp\/v2\/media\/8669"}],"wp:attachment":[{"href":"https:\/\/cliente1.publisher.highstack.com.ar\/index.php?rest_route=%2Fwp%2Fv2%2Fmedia&parent=8668"}],"wp:term":[{"taxonomy":"category","embeddable":true,"href":"https:\/\/cliente1.publisher.highstack.com.ar\/index.php?rest_route=%2Fwp%2Fv2%2Fcategories&post=8668"},{"taxonomy":"post_tag","embeddable":true,"href":"https:\/\/cliente1.publisher.highstack.com.ar\/index.php?rest_route=%2Fwp%2Fv2%2Ftags&post=8668"}],"curies":[{"name":"wp","href":"https:\/\/api.w.org\/{rel}","templated":true}]}}