{"id":8666,"date":"2026-05-01T13:33:22","date_gmt":"2026-05-01T16:33:22","guid":{"rendered":"https:\/\/cliente1.publisher.highstack.com.ar\/?p=8666"},"modified":"2026-05-01T13:33:22","modified_gmt":"2026-05-01T16:33:22","slug":"una-emprendedora-revivio-un-cultivo-de-cafe-abandonado-en-la-selva-el-primero-argentino-y-ya-lo-vende-al-publico","status":"publish","type":"post","link":"https:\/\/cliente1.publisher.highstack.com.ar\/?p=8666","title":{"rendered":"Una emprendedora revivi\u00f3 un cultivo de caf\u00e9 abandonado en la selva, el primero argentino, y ya lo vende al p\u00fablico"},"content":{"rendered":"<div class=\"col-12\">\n<p class=\"com-paragraph  --capital --s\">En Salta, en el <strong>l\u00edmite con Bolivia,<\/strong> entre la espesura de la<strong> selva y las crecidas de los r\u00edos,<\/strong> una mujer de 66 a\u00f1os y sus cuatro hijos lograron <strong>revivir<\/strong> una historia productiva que hab\u00eda sido devorada por la maleza. All\u00ed, <strong>Graciela Ort\u00edz, <\/strong>despu\u00e9s de varias d\u00e9cadas, consigui\u00f3 <strong>producir caf\u00e9 argentino desde cero y llevarlo hasta la taza sin intermediarios para evitar p\u00e9rdidas econ\u00f3micas en la cadena<\/strong>. Nacida en <strong>Jujuy,<\/strong> pero criada en el ramal salte\u00f1o, cerca de <strong>Colonia Santa Rosa,<\/strong> creci\u00f3 en una finca familiar donde se cultivaban banana, tomate y pimiento, adem\u00e1s de desarrollar algo de ganader\u00eda. Hace m\u00e1s de 50 a\u00f1os, sus padres, junto a un grupo de agricultores de la zona, iniciaron <strong>un \u201cplan cafetero\u201d <\/strong>en la regi\u00f3n con el objetivo de <strong>impulsar el cultivo en el pa\u00eds.<\/strong><\/p>\n<div class=\"ln-banner-container --caja1_mob\">\n<div id=\"caja1_mob\" class=\"ln-banner\" data-slot-group=\"nota\" data-device=\"mobile\" data-subscription=\"false\" data-ad-unit-path=\"\/133919216\/campo_mobile\/Nota\/caja1_mob\" data-targeting='{\"sitio\":\"lanacion\",\"seccion\":\"nota\"}' data-without-hide=\"true\" data-size=\"[[320,100],[300,250],[1,1],[300,450],[320,450]]\" data-sizemap=\"[]\" data-prebid-enabled=\"true\"><\/div>\n<\/div>\n<p class=\"com-paragraph   --s\">Curs\u00f3 una <strong>Tecnicatura Superior en Administraci\u00f3n y Gesti\u00f3n Hotelera y Tur\u00edstica <\/strong>y, tras dejar la carrera de <strong>Abogac\u00eda<\/strong>, se volc\u00f3 al sector tur\u00edstico:<strong> abri\u00f3 una agencia de turismo receptivo y desarroll\u00f3 un <\/strong><em><strong>lodge<\/strong><\/em><strong> <\/strong>en la zona de Aguas Blancas y el r\u00edo Bermejo.<strong> <\/strong>No obstante, la vida quiso que siguiera el legado perdido de sus antepasados.<strong> <\/strong>Hoy gestiona <strong>Caf\u00e9 Barit\u00fa,<\/strong> <strong>dos cafeter\u00edas de especialidad en Salta y Jujuy<\/strong>, donde lleva a la mesa el caf\u00e9 que ella misma cultiva. Por el valor agregado en origen, asegura que se trata del \u201c<strong>verdadero primer caf\u00e9 de la Argentina<\/strong>\u201d.<\/p>\n<p class=\"com-paragraph   --s\">En el l\u00edmite con Bolivia, abriendo picadas en el monte para los turistas, se <strong>reencontr\u00f3 con el legado familiar: los cafetales.<\/strong> Hab\u00edan sido abandonados en la d\u00e9cada del <strong>90 tras la muerte de su padre<\/strong>, por lo que intent\u00f3 restaurarlos. \u201cCuando mis hijos se fueron a la universidad decid\u00ed poner una agencia de turismo receptivo. En ese tiempo tambi\u00e9n me dedicaba al turismo de aventura.<strong> El <\/strong><em><strong>lodge<\/strong><\/em><strong> que instal\u00e9 en la selva estaba en el mismo lugar donde est\u00e1n los cafetales\u201d, <\/strong>relat\u00f3. <\/p>\n<div class=\"content-media\">\n<section role=\"button\" class=\"mod-media   \">\n<figure role=\"button\" tabindex=\"0\" class=\"mod-figure \">\n<div class=\"placeholder \">\n<div class=\"com-image\"><picture><source media=\"(min-width: 768px)\" srcset=\"https:\/\/resizer.glanacion.com\/resizer\/v2\/graciela-ortiz-cafetalera-de-salta-quien-debio-EGDLMTXKQNHNZOH2MF42LDZCD4.jpeg?auth=3b79e1378062215a87d3ceec2037265d4c3187d3b39bd2de9f9c8ce51e9aa0bd&amp;width=780&amp;height=586&amp;quality=70&amp;smart=true\"><\/source><img class=\"image com-image flex --cover\" decoding=\"async\" fetchpriority=\"low\" loading=\"lazy\" src=\"https:\/\/resizer.glanacion.com\/resizer\/v2\/graciela-ortiz-cafetalera-de-salta-quien-debio-EGDLMTXKQNHNZOH2MF42LDZCD4.jpeg?auth=3b79e1378062215a87d3ceec2037265d4c3187d3b39bd2de9f9c8ce51e9aa0bd&amp;width=420&amp;height=316&amp;quality=70&amp;smart=true\" width=\"1160\" alt=\"Graciela Ortiz, cafetalera de Salta, quien debi\u00f3 abrir caminos para llegar hasta la propiedad \" height=\"872\"><\/picture><\/div>\n<\/div><figcaption class=\"mod-figcaption\"><span class=\"com-text --caption --twoxs\">Graciela Ortiz, cafetalera de Salta, quien debi\u00f3 abrir caminos para llegar hasta la propiedad <\/span><\/figcaption><\/figure>\n<\/section>\n<\/div>\n<div class=\"ln-banner-container --caja2_mob\">\n<div id=\"caja2_mob\" class=\"ln-banner\" data-slot-group=\"nota\" data-device=\"mobile\" data-subscription=\"true\" data-ad-unit-path=\"\/133919216\/campo_mobile\/Nota\/caja2_mob\" data-targeting='{\"sitio\":\"lanacion\",\"seccion\":\"nota\"}' data-without-hide=\"true\" data-size=\"[[320,100],[300,250],[300,450],[1,1],[360,270],[320,180]]\" data-sizemap=\"[]\" data-prebid-enabled=\"true\"><\/div>\n<\/div>\n<p class=\"com-paragraph   --s\">El origen de los cafetales se remonta varias d\u00e9cadas atr\u00e1s de lo que es ahora. \u201c<strong>Esto viene de una historia de m\u00e1s de 50 a\u00f1os con mi padre y mis t\u00edos<\/strong>. Ellos empiezan y se suman al plan cafetero salte\u00f1o, pero en los 90, despu\u00e9s de mucho tiempo qued\u00f3 estancado&#8221;, dijo. El proyecto<strong> salte\u00f1o comenz\u00f3 a gestarse en la d\u00e9cada del 70<\/strong>, seg\u00fan la misma productora. \u201c<strong>Los cafetales quedaron abandonados en los 90, en la \u00e9poca de la Convertibilidad<\/strong>; <strong>se los devor\u00f3 la selva,<\/strong> pr\u00e1cticamente. Lo que pod\u00edas encontrar en algunos cafetales no era apto. Las plantas estaban dispersas y en malas condiciones&#8221;, relat\u00f3.<\/p>\n<div class=\"ln-banner-container --middle_2_dsk\">\n<div id=\"middle_2_dsk\" class=\"ln-banner\" data-slot-group=\"nota\" data-device=\"desktop\" data-subscription=\"true\" data-ad-unit-path=\"\/133919216\/campo_desktop\/Nota\/middle_2_dsk\" data-targeting='{\"sitio\":\"lanacion\",\"seccion\":\"nota\"}' data-without-hide=\"true\" data-size=\"[[1,1],[728,90]]\" data-sizemap=\"[]\" data-prebid-enabled=\"true\"><\/div>\n<\/div>\n<p class=\"com-paragraph   --s\">Con los a\u00f1os, se pusieron a limpiar la propiedad para juntar las semillas y hacer un nuevo vivero. <strong>\u201cEmpezamos a ver qu\u00e9 pod\u00edamos recuperar de eso y comenzar a hacer nuestros propios plantines<\/strong>. Lo hicimos de cero. Volv\u00ed a empezar; en ese momento implic\u00f3 20 a\u00f1os de trabajo de nuevo, porque para ir a esa selva <strong>hab\u00eda que abrir camino con machete<\/strong>\u201d, afirm\u00f3.<\/p>\n<div class=\"ln-banner-container --caja3_mob\">\n<div id=\"caja3_mob\" class=\"ln-banner\" data-slot-group=\"nota\" data-device=\"mobile\" data-subscription=\"false\" data-ad-unit-path=\"\/133919216\/campo_mobile\/Nota\/caja3_mob\" data-targeting='{\"sitio\":\"lanacion\",\"seccion\":\"nota\"}' data-without-hide=\"true\" data-size=\"[[320,100],[300,250],[1,1],[300,450],[360,270]]\" data-sizemap=\"[]\" data-prebid-enabled=\"true\"><\/div>\n<\/div>\n<div class=\"ln-banner-container --middle_2_tab\">\n<div id=\"middle_2_tab\" class=\"ln-banner\" data-slot-group=\"nota\" data-device=\"tablet\" data-subscription=\"false\" data-ad-unit-path=\"\/133919216\/campo_tablet\/Nota\/middle_2_tab\" data-targeting='{\"sitio\":\"lanacion\",\"seccion\":\"nota\"}' data-without-hide=\"true\" data-size=\"[[728,90],[640,480],[468,60],[1,1]]\" data-sizemap=\"[]\" data-prebid-enabled=\"true\"><\/div>\n<\/div>\n<p class=\"com-paragraph   --s\">Sobre el origen de <strong>las semillas de las primeras variedades,<\/strong> explic\u00f3 que <strong>no hay demasiados registros precisos,<\/strong> ya que \u2014seg\u00fan se\u00f1al\u00f3\u2014 en aquella \u00e9poca su familia era m\u00e1s reservada y no sol\u00eda dejar demasiados detalles. <strong>\u201cS\u00e9 que ellos trajeron por intermedio de gente de Colombia, gente de Bolivia, y empezaron a hacer sus plantines. <\/strong>Despu\u00e9s se sumaron <strong>al plan cafetero. <\/strong>Seguramente la provincia de Salta tambi\u00e9n los impuls\u00f3 y les debe haber provisto de alguna semilla, pero ellos se adelantaron <strong>al plan cafetero cinco a\u00f1os y tuvieron hasta 200 hect\u00e1reas de caf\u00e9 en esa zona\u201d,<\/strong> precis\u00f3.<\/p>\n<div class=\"content-media\">\n<section role=\"button\" class=\"mod-media   \">\n<figure role=\"button\" tabindex=\"0\" class=\"mod-figure \">\n<div class=\"placeholder \">\n<div class=\"com-image\"><picture><source media=\"(min-width: 768px)\" srcset=\"https:\/\/resizer.glanacion.com\/resizer\/v2\/graciela-ortiz-y-una-de-sus-amigas-en-uno-de-sus-IVEK6LZAUBDVNL64BWJLRFMP5A.jpeg?auth=e0ee5874e3c6a286e4bd91ef9d6b33af29bfad834c318ff5c1ac9367f81b29c6&amp;width=780&amp;height=585&amp;quality=70&amp;smart=true\"><\/source><img class=\"image com-image flex --cover\" decoding=\"async\" fetchpriority=\"low\" loading=\"lazy\" src=\"https:\/\/resizer.glanacion.com\/resizer\/v2\/graciela-ortiz-y-una-de-sus-amigas-en-uno-de-sus-IVEK6LZAUBDVNL64BWJLRFMP5A.jpeg?auth=e0ee5874e3c6a286e4bd91ef9d6b33af29bfad834c318ff5c1ac9367f81b29c6&amp;width=420&amp;height=315&amp;quality=70&amp;smart=true\" width=\"1280\" alt=\"Graciela Ortiz y una de sus amigas en uno de sus establecimientos \" height=\"960\"><\/picture><\/div>\n<\/div><figcaption class=\"mod-figcaption\"><span class=\"com-text --caption --twoxs\">Graciela Ortiz y una de sus amigas en uno de sus establecimientos <\/span><\/figcaption><\/figure>\n<\/section>\n<\/div>\n<p class=\"com-paragraph   --s\">La finca abarca unas <strong>1400 hect\u00e1reas.<\/strong> Dentro de ese total, <strong>estima que en un sector espec\u00edfico habr\u00eda habido hasta 70 hect\u00e1reas destinadas al cultivo de caf\u00e9 <\/strong><em><strong>catuai <\/strong><\/em><strong>rojo y amarillo donde sacan cerca de 20 toneladas en \u00e9poca buena<\/strong>. El \u00e1rea permaneci\u00f3 durante a\u00f1os cubierta por la selva y en estado de abandono, con vestigios dispersos. A partir de all\u00ed, se inici\u00f3 un proceso de desmonte y recuperaci\u00f3n para retomar la actividad.<\/p>\n<div class=\"ln-banner-container --caja4_mob\">\n<div id=\"caja4_mob\" class=\"ln-banner\" data-slot-group=\"nota\" data-device=\"mobile\" data-subscription=\"false\" data-ad-unit-path=\"\/133919216\/campo_mobile\/Nota\/caja4_mob\" data-targeting='{\"sitio\":\"lanacion\",\"seccion\":\"nota\"}' data-without-hide=\"true\" data-size=\"[[320,100],[300,250],[1,1]]\" data-sizemap=\"[]\" data-prebid-enabled=\"true\"><\/div>\n<\/div>\n<p class=\"com-paragraph   --s\">\u201c<strong>Ahora son 30 hect\u00e1reas en producci\u00f3n<\/strong>, y tenemos plantas peque\u00f1as, todav\u00eda <strong>hay que esperar unos 3 o 4 a\u00f1os algunas para que puedan empezar a dar.<\/strong> Pero se fue haciendo de a poco y recuperando en parcelas. Tambi\u00e9n hab\u00eda veces que a las plantas hab\u00eda que refallarlas <em>(replantarlas)<\/em>\u201c, narr\u00f3. <\/p>\n<p class=\"com-paragraph   --s\">Para volver a incursionar en la actividad, generaron<strong> la primera producci\u00f3n<\/strong>, a la que <strong>decidieron darle un valor agregado<\/strong>. \u201c<strong>Empec\u00e9 a probar el caf\u00e9 en mi casa; lo tostaba y hac\u00eda todas esas cosas.<\/strong> De ah\u00ed surgi\u00f3 la inquietud. Como mi padre siempre fue <strong>un hombre de campo, yo ve\u00eda que a veces vend\u00eda sus productos. Por ejemplo, un caj\u00f3n de bananas a cinco pesos<\/strong> <strong>y, cuando ya pasaba de mano en mano, ese mismo caj\u00f3n pod\u00eda valer 50<\/strong>. Entonces dije: \u2018<strong>a m\u00ed esto no me puede pasar<\/strong>\u2019, porque, si no, <strong>soy yo quien asume todos los riesgos<\/strong> (en realidad, el <strong>productor es quien carga con la mayor parte:<\/strong> <strong>tiene la tierra, la gente, paga los impuestos <\/strong>y, si le va mal, le va mal a \u00e9l, no a otro), y despu\u00e9s vende su producto y no le alcanza ni para cubrir los costos. Entonces dije: \u2018tengo que cerrar el c\u00edrculo\u2019. Y ah\u00ed empez\u00f3 otro proyecto, otra forma de encarar las cosas&#8221;, describi\u00f3.<\/p>\n<div class=\"ln-banner-container --caja6_mob\">\n<div id=\"caja6_mob\" class=\"ln-banner\" data-slot-group=\"nota\" data-device=\"mobile\" data-subscription=\"false\" data-ad-unit-path=\"\/133919216\/campo_mobile\/Nota\/caja6_mob\" data-targeting='{\"sitio\":\"lanacion\",\"seccion\":\"nota\"}' data-without-hide=\"true\" data-size=\"[[300,250],[230,50],[300,450],[1,1],[320,100]]\" data-sizemap=\"[]\" data-prebid-enabled=\"true\"><\/div>\n<\/div>\n<div class=\"content-media\">\n<section role=\"button\" class=\"mod-media   \">\n<figure role=\"button\" tabindex=\"0\" class=\"mod-figure \">\n<div class=\"placeholder \">\n<div class=\"com-image\"><picture><source media=\"(min-width: 768px)\" srcset=\"https:\/\/resizer.glanacion.com\/resizer\/v2\/ella-decidio-darle-valor-a-su-propia-produccion-PDON2YWI6RERBJGZSOHRB3OKHE.jpeg?auth=c41754508d28fca2a7f7bedf6204e44be564c68c8516c0f55524744cbcd09385&amp;width=780&amp;height=585&amp;quality=70&amp;smart=true\"><\/source><img class=\"image com-image flex --cover\" decoding=\"async\" fetchpriority=\"low\" loading=\"lazy\" src=\"https:\/\/resizer.glanacion.com\/resizer\/v2\/ella-decidio-darle-valor-a-su-propia-produccion-PDON2YWI6RERBJGZSOHRB3OKHE.jpeg?auth=c41754508d28fca2a7f7bedf6204e44be564c68c8516c0f55524744cbcd09385&amp;width=420&amp;height=315&amp;quality=70&amp;smart=true\" width=\"872\" alt=\"Ella decidi\u00f3 darle valor a su propia producci\u00f3n para no perder rentabilidad \" height=\"654\"><\/picture><\/div>\n<\/div><figcaption class=\"mod-figcaption\"><span class=\"com-text --caption --twoxs\">Ella decidi\u00f3 darle valor a su propia producci\u00f3n para no perder rentabilidad <\/span><\/figcaption><\/figure>\n<\/section>\n<\/div>\n<p class=\"com-paragraph   --s\">En este contexto, <strong>comenz\u00f3 a pensar que deb\u00eda abrir sus propias cafeter\u00edas y puso la primera en Jujuy<\/strong>, ya que, al vivir all\u00ed, necesitaba entender c\u00f3mo funcionaba el negocio. \u201c<strong>Tuvo buena aceptaci\u00f3n en Jujuy, se dio todo bien. <\/strong>Despu\u00e9s ten\u00eda una deuda pendiente con Salta, porque el caf\u00e9 es salte\u00f1o. <strong>El a\u00f1o pasado abrimos otra cafeter\u00eda en Salta<\/strong>. Las cafeter\u00edas son muy tem\u00e1ticas, tienen, de hecho, ploteos con fotos de la finca, algunas pinturas grandes hechas por artistas juje\u00f1os. <strong>Caf\u00e9 Barit\u00fa se llaman y son tem\u00e1ticas para mostrar el esfuerzo y la historia\u201c,<\/strong> afirm\u00f3. Se vende tambi\u00e9n molido al p\u00fablico y como <em>souvenir. <\/em><\/p>\n<div class=\"ln-banner-container --caja7_mob\">\n<div id=\"caja7_mob\" class=\"ln-banner\" data-slot-group=\"nota\" data-device=\"mobile\" data-subscription=\"true\" data-ad-unit-path=\"\/133919216\/campo_mobile\/Nota\/caja7_mob\" data-targeting='{\"sitio\":\"lanacion\",\"seccion\":\"nota\"}' data-without-hide=\"true\" data-size=\"[[300,250],[320,50],[300,450],[1,1],[320,100]]\" data-sizemap=\"[]\" data-prebid-enabled=\"true\"><\/div>\n<\/div>\n<p class=\"com-paragraph   --s\">\u201c<strong>Se trae desde la finca el caf\u00e9 en pergamino y se traslada a Jujuy, <\/strong>donde tenemos all\u00ed el acopio y la f\u00e1brica, la procesadora. <strong>Y en Jujuy lo \u00fanico que se hace es trillar el caf\u00e9, se saca el pergamino y se tuesta<\/strong>\u201c, relat\u00f3.<\/p>\n<p class=\"com-paragraph   --s\">Las selvas presentan una amplitud t\u00e9rmica muy definida, especialmente en oto\u00f1o e invierno: noches fr\u00edas y d\u00edas c\u00e1lidos, con variaciones intensas de temperatura en lapsos cortos. Esa condici\u00f3n hace que el caf\u00e9 se comporte como uno de altura, ya que el fr\u00edo nocturno modifica su desarrollo, aunque en algunos casos la maduraci\u00f3n puede acelerarse.<\/p>\n<div class=\"ln-banner-container --caja8_mob\">\n<div id=\"caja8_mob\" class=\"ln-banner\" data-slot-group=\"nota\" data-device=\"mobile\" data-subscription=\"true\" data-ad-unit-path=\"\/133919216\/campo_mobile\/Nota\/caja8_mob\" data-targeting='{\"sitio\":\"lanacion\",\"seccion\":\"nota\"}' data-without-hide=\"true\" data-size=\"[[300,250],[320,50],[300,450],[1,1],[320,100]]\" data-sizemap=\"[]\" data-prebid-enabled=\"true\"><\/div>\n<\/div>\n<div class=\"content-media\">\n<section role=\"button\" class=\"mod-media   \">\n<figure role=\"button\" tabindex=\"0\" class=\"mod-figure \">\n<div class=\"placeholder \">\n<div class=\"com-image\"><picture><source media=\"(min-width: 768px)\" srcset=\"https:\/\/resizer.glanacion.com\/resizer\/v2\/ademas-de-sus-cafeterias-vende-el-producto-como-PEXFEJFGSFAYHIP7HALCUUR55E.jpeg?auth=83046e20947636dbe74ead826640ef2d6064a6aa55c88cad7a5a9bc6a3b7069c&amp;width=780&amp;height=1040&amp;quality=70&amp;smart=true\"><\/source><img class=\"image com-image flex --cover\" decoding=\"async\" fetchpriority=\"low\" loading=\"lazy\" src=\"https:\/\/resizer.glanacion.com\/resizer\/v2\/ademas-de-sus-cafeterias-vende-el-producto-como-PEXFEJFGSFAYHIP7HALCUUR55E.jpeg?auth=83046e20947636dbe74ead826640ef2d6064a6aa55c88cad7a5a9bc6a3b7069c&amp;width=420&amp;height=560&amp;quality=70&amp;smart=true\" width=\"960\" alt=\"Adem\u00e1s de sus cafeter\u00edas, vende el producto como souvenir \" height=\"1280\"><\/picture><\/div>\n<\/div><figcaption class=\"mod-figcaption\"><span class=\"com-text --caption --twoxs\">Adem\u00e1s de sus cafeter\u00edas, vende el producto como souvenir <\/span><\/figcaption><\/figure>\n<\/section>\n<\/div>\n<p class=\"com-paragraph   --s\">\u201c<strong>Desde la \u00e9poca de mi padre y mi t\u00edo manejamos la misma variedad. Est\u00e1 aclimatada<\/strong>; decimos que es caf\u00e9 argentino porque hace 55 a\u00f1os que est\u00e1 en el pa\u00eds, est\u00e1 aclimatado, ya est\u00e1 aquerenciado al lugar\u201d, afirm\u00f3. <\/p>\n<div class=\"ln-banner-container --caja9_mob\">\n<div id=\"caja9_mob\" class=\"ln-banner\" data-slot-group=\"nota\" data-device=\"mobile\" data-subscription=\"true\" data-ad-unit-path=\"\/133919216\/campo_mobile\/Nota\/caja9_mob\" data-targeting='{\"sitio\":\"lanacion\",\"seccion\":\"nota\"}' data-without-hide=\"true\" data-size=\"[[300,250],[320,50],[300,450],[1,1],[320,100]]\" data-sizemap=\"[]\" data-prebid-enabled=\"true\"><\/div>\n<\/div>\n<p class=\"com-paragraph   --s\">Para ella, un proyecto cafetero de Tucum\u00e1n, en tanto, a\u00fan se encuentra en una etapa inicial y, hasta el momento, no ha avanzado significativamente en<strong> la generaci\u00f3n de valor agregado ni en una producci\u00f3n a gran escala.<\/strong> En ese contexto, remarc\u00f3<strong> la importancia de la trayectoria en este tipo de iniciativas y destac\u00f3 que la consolidaci\u00f3n de un caf\u00e9 requiere tiempo, inversi\u00f3n sostenida y validaciones<\/strong> concretas, como contar con fincas en producci\u00f3n y certificaciones oficiales. En su caso, subray\u00f3 que ese proceso demand\u00f3 cerca de dos d\u00e9cadas de trabajo continuo.<\/p>\n<div class=\"content-media\">\n<section role=\"button\" class=\"mod-media   \">\n<figure role=\"button\" tabindex=\"0\" class=\"mod-figure \">\n<div class=\"placeholder \">\n<div class=\"com-image\"><picture><source media=\"(min-width: 768px)\" srcset=\"https:\/\/resizer.glanacion.com\/resizer\/v2\/graciela-ortiz-desde-la-epoca-de-mi-padre-y-mi-AENSON552ZDJLB3BD2C7YKGBXA.jpeg?auth=01e612a1c9e769d40dcdb6209377d722d84fcb5d3d5a349c89902e0d7e93ee10&amp;width=780&amp;height=360&amp;quality=70&amp;smart=true\"><\/source><img class=\"image com-image flex --cover\" decoding=\"async\" fetchpriority=\"low\" loading=\"lazy\" src=\"https:\/\/resizer.glanacion.com\/resizer\/v2\/graciela-ortiz-desde-la-epoca-de-mi-padre-y-mi-AENSON552ZDJLB3BD2C7YKGBXA.jpeg?auth=01e612a1c9e769d40dcdb6209377d722d84fcb5d3d5a349c89902e0d7e93ee10&amp;width=420&amp;height=194&amp;quality=70&amp;smart=true\" width=\"1280\" alt='Graciela Ortiz: \"Desde la \u00e9poca de mi padre y mi t\u00edo manejamos la misma variedad\"' height=\"591\"><\/picture><\/div>\n<\/div><figcaption class=\"mod-figcaption\"><span class=\"com-text --caption --twoxs\">Graciela Ortiz: &#8220;Desde la \u00e9poca de mi padre y mi t\u00edo manejamos la misma variedad&#8221;<\/span><\/figcaption><\/figure>\n<\/section>\n<\/div>\n<p class=\"com-paragraph   --s\">La productora cont\u00f3 que enfrentan m\u00faltiples dificultades operativas, principalmente por el acceso: \u201c<strong>Dependemos del ingreso v\u00eda Bolivia y del cruce de un r\u00edo que, cuando crece, puede dejarnos aislados durante dos o tres meses<\/strong>\u201d. A esto se suman la falta de energ\u00eda y la imposibilidad de ingresar maquinaria, ya que no hay un camino adecuado del lado argentino y<strong> tampoco cuentan con autorizaci\u00f3n para trasladarla por territorio boliviano. <\/strong>Por ese motivo, intenta impulsar el producto: \u201cLo \u00fanico que me falt\u00f3 es sentarme a la mesa con Mirtha Legrand\u201d. <\/p>\n<div class=\"content-media\">\n<section role=\"button\" class=\"mod-media   \">\n<figure role=\"button\" tabindex=\"0\" class=\"mod-figure \">\n<div class=\"placeholder \">\n<div class=\"com-image\"><picture><source media=\"(min-width: 768px)\" srcset=\"https:\/\/resizer.glanacion.com\/resizer\/v2\/graciela-ortiz-cafetalera-de-salta-UGLURTCQXREGLEWWK5EJLUDXKA.jpeg?auth=d23a7a500da8fd01fa8a39d65221dc3163d51ff0aacc8a5dcf25aa4242d44b3e&amp;width=780&amp;height=1040&amp;quality=70&amp;smart=true\"><\/source><img class=\"image com-image flex --cover\" decoding=\"async\" fetchpriority=\"low\" loading=\"lazy\" src=\"https:\/\/resizer.glanacion.com\/resizer\/v2\/graciela-ortiz-cafetalera-de-salta-UGLURTCQXREGLEWWK5EJLUDXKA.jpeg?auth=d23a7a500da8fd01fa8a39d65221dc3163d51ff0aacc8a5dcf25aa4242d44b3e&amp;width=420&amp;height=560&amp;quality=70&amp;smart=true\" width=\"960\" alt=\"Graciela Ortiz, cafetalera de Salta, Argentina\" height=\"1280\"><\/picture><\/div>\n<\/div><figcaption class=\"mod-figcaption\"><span class=\"com-text --caption --twoxs\">Graciela Ortiz, cafetalera de Salta, Argentina<\/span><\/figcaption><\/figure>\n<\/section>\n<\/div>\n<div data-fusion-lazy-id=\"f0f2aQl9N0Nc5yq\"><\/div>\n<div data-fusion-lazy-id=\"f0fGQeo7N0Nc5He\"><\/div>\n<div class=\"ln-banner-container --caja5_mob\">\n<div id=\"caja5_mob\" class=\"ln-banner\" data-slot-group=\"nota\" data-device=\"mobile\" data-subscription=\"false\" data-ad-unit-path=\"\/133919216\/campo_mobile\/Nota\/caja5_mob\" data-targeting='{\"sitio\":\"lanacion\",\"seccion\":\"nota\"}' data-without-hide=\"true\" data-size='[[320,100],[300,250],[1,1],[\" fluid\"]]' data-sizemap=\"[]\" data-prebid-enabled=\"true\"><\/div>\n<\/div>\n<div data-fusion-lazy-id=\"f0fSc0ngN0Nc5KL\">\n<div><\/div>\n<\/div>\n<div class=\"ln-banner-container --middle_3_dsk\">\n<div id=\"middle_3_dsk\" class=\"ln-banner\" data-slot-group=\"nota\" data-device=\"desktop\" data-subscription=\"true\" data-ad-unit-path=\"\/133919216\/campo_desktop\/Nota\/middle_3_dsk\" data-targeting='{\"sitio\":\"lanacion\",\"seccion\":\"nota\"}' data-without-hide=\"true\" data-size=\"[[1,1],[728,90],[640,360],[728,360]]\" data-sizemap=\"[]\" data-prebid-enabled=\"true\"><\/div>\n<\/div>\n<\/div>\n","protected":false},"excerpt":{"rendered":"<p>En Salta, en el l\u00edmite con Bolivia, entre la espesura de la selva y las crecidas de los r\u00edos, una mujer de 66 a\u00f1os y sus cuatro hijos lograron revivir una historia productiva que hab\u00eda sido devorada por la maleza. All\u00ed, Graciela Ort\u00edz, despu\u00e9s de varias d\u00e9cadas, consigui\u00f3 producir caf\u00e9 argentino desde cero y llevarlo [&hellip;]<\/p>\n","protected":false},"author":1,"featured_media":8667,"comment_status":"open","ping_status":"open","sticky":false,"template":"","format":"standard","meta":{"footnotes":""},"categories":[1],"tags":[],"class_list":["post-8666","post","type-post","status-publish","format-standard","has-post-thumbnail","hentry","category-uncategorized"],"_links":{"self":[{"href":"https:\/\/cliente1.publisher.highstack.com.ar\/index.php?rest_route=\/wp\/v2\/posts\/8666","targetHints":{"allow":["GET"]}}],"collection":[{"href":"https:\/\/cliente1.publisher.highstack.com.ar\/index.php?rest_route=\/wp\/v2\/posts"}],"about":[{"href":"https:\/\/cliente1.publisher.highstack.com.ar\/index.php?rest_route=\/wp\/v2\/types\/post"}],"author":[{"embeddable":true,"href":"https:\/\/cliente1.publisher.highstack.com.ar\/index.php?rest_route=\/wp\/v2\/users\/1"}],"replies":[{"embeddable":true,"href":"https:\/\/cliente1.publisher.highstack.com.ar\/index.php?rest_route=%2Fwp%2Fv2%2Fcomments&post=8666"}],"version-history":[{"count":0,"href":"https:\/\/cliente1.publisher.highstack.com.ar\/index.php?rest_route=\/wp\/v2\/posts\/8666\/revisions"}],"wp:featuredmedia":[{"embeddable":true,"href":"https:\/\/cliente1.publisher.highstack.com.ar\/index.php?rest_route=\/wp\/v2\/media\/8667"}],"wp:attachment":[{"href":"https:\/\/cliente1.publisher.highstack.com.ar\/index.php?rest_route=%2Fwp%2Fv2%2Fmedia&parent=8666"}],"wp:term":[{"taxonomy":"category","embeddable":true,"href":"https:\/\/cliente1.publisher.highstack.com.ar\/index.php?rest_route=%2Fwp%2Fv2%2Fcategories&post=8666"},{"taxonomy":"post_tag","embeddable":true,"href":"https:\/\/cliente1.publisher.highstack.com.ar\/index.php?rest_route=%2Fwp%2Fv2%2Ftags&post=8666"}],"curies":[{"name":"wp","href":"https:\/\/api.w.org\/{rel}","templated":true}]}}