{"id":8662,"date":"2026-05-01T12:32:42","date_gmt":"2026-05-01T15:32:42","guid":{"rendered":"https:\/\/cliente1.publisher.highstack.com.ar\/?p=8662"},"modified":"2026-05-01T12:32:42","modified_gmt":"2026-05-01T15:32:42","slug":"un-sector-del-peronismo-lanza-una-corriente-moderada-y-federal","status":"publish","type":"post","link":"https:\/\/cliente1.publisher.highstack.com.ar\/?p=8662","title":{"rendered":"Un sector del peronismo lanza una corriente moderada y federal"},"content":{"rendered":"<div>\n<p>Una nueva corriente interna del peronismo, con perfil moderado, impronta federal y foco en el orden macroecon\u00f3mico, se lanzar\u00e1 este viernes en la Ciudad de Buenos Aires en un intento por reconfigurar el debate hacia el interior del Partido Justicialista (PJ). El espacio, que todav\u00eda no tiene nombre definido, es impulsado por el presidente de la Auditor\u00eda General de la Naci\u00f3n, Juan Manuel Olmos, y cuenta entre sus principales referentes a los diputados nacionales Victoria Tolosa Paz y Guillermo Michel.<\/p>\n<p>El debut formal se realizar\u00e1 desde las 9 en Parque Norte, donde se espera la participaci\u00f3n de cerca de mil dirigentes provenientes de 19 provincias. Entre ellos habr\u00e1 m\u00e1s de 60 intendentes, unos 120 concejales y al menos 25 legisladores, en una convocatoria que busca mostrar volumen pol\u00edtico territorial y vocaci\u00f3n de armado federal.<\/p>\n<p>Adem\u00e1s de Olmos, Tolosa Paz y Michel, integran el espacio la ex ministra de Trabajo Kelly Olmos, el diputado mendocino Emir F\u00e9lix y el intendente de Pilar, Federico Ach\u00e1val, quien se sum\u00f3 recientemente. A diferencia de otros sectores del peronismo, como el Movimiento Derecho al Futuro que encabeza Axel Kicillof o La C\u00e1mpora de M\u00e1ximo Kirchner, esta nueva corriente se define por una l\u00f3gica horizontal, sin liderazgos verticales excluyentes.<\/p>\n<p>Seg\u00fan explicaron fuentes del sector, el objetivo no es solo construir una nueva referencia interna, sino tambi\u00e9n \u201ccambiar el lenguaje del peronismo\u201d. En ese sentido, remarcan que buscan instalar una agenda que recupere conceptos como equilibrio fiscal, super\u00e1vit y previsibilidad econ\u00f3mica, no como consignas t\u00e9cnicas sino como herramientas para reconstruir credibilidad ante amplios sectores sociales y productivos.<\/p>\n<p>El planteo implica, adem\u00e1s, una toma de distancia respecto de lo que consideran un \u201cpopulismo fiscal\u201d asociado a experiencias recientes del peronismo, que -seg\u00fan su diagn\u00f3stico- contribuy\u00f3 a deteriorar la confianza de los mercados y a consolidar una imagen de inestabilidad econ\u00f3mica. En contraste, este espacio propone ordenar el discurso econ\u00f3mico sin resignar el rol del Estado, pero con una perspectiva de mayor previsibilidad.<\/p>\n<p>Otro de los ejes centrales es la federalizaci\u00f3n real del partido. \u201cLa idea es correr el eje del AMBA y darle protagonismo a las provincias, a los intendentes y al interior productivo\u201d, sostienen. En esa l\u00ednea, tambi\u00e9n plantean posiciones m\u00e1s abiertas en temas sensibles como la reducci\u00f3n gradual de retenciones al agro y el impulso a la megaminer\u00eda como motor de desarrollo.<\/p>\n<p>El lanzamiento se producir\u00e1 sin la presencia de referentes de los principales espacios internos del peronismo, como el kirchnerismo, el Frente Renovador o el propio kicillofismo. Sin embargo, desde la organizaci\u00f3n aclaran que no se trata de una construcci\u00f3n en oposici\u00f3n, sino de una propuesta que aspira a confluir en el futuro con otros sectores a partir de un programa com\u00fan.<\/p>\n<p>Entre los invitados se destaca la participaci\u00f3n de unos 30 intendentes de Hacemos por C\u00f3rdoba, alineados con el gobernador Mart\u00edn Llaryora. Se trata de un dato pol\u00edtico relevante, ya que el cordobesismo mantiene desde hace m\u00e1s de dos d\u00e9cadas una posici\u00f3n distante del kirchnerismo y hoy articula en el Congreso dentro del bloque Provincias Unidas.<\/p>\n<p>En ese marco, algunos dirigentes del nuevo espacio reconocen que una eventual confluencia electoral con sectores como el de C\u00f3rdoba podr\u00eda ser clave. \u201cNo hay construcci\u00f3n posible sin C\u00f3rdoba, Santa Fe y Mendoza\u201d, admiten, en referencia a distritos donde el peronismo kirchnerista tuvo hist\u00f3ricamente dificultades para consolidarse.<\/p>\n<p>En cuanto a la estrategia pol\u00edtica, uno de los puntos que impulsa este armado es la utilizaci\u00f3n de las Primarias Abiertas, Simult\u00e1neas y Obligatorias (PASO) para dirimir liderazgos dentro del peronismo, en caso de que contin\u00faen vigentes. La idea es que los distintos candidatos compitan dentro de un mismo marco program\u00e1tico previamente acordado.<\/p>\n<p>Por ahora, sin embargo, los impulsores del espacio evitan hablar de candidaturas. \u201cNo se est\u00e1 lanzando un nombre propio, sino una discusi\u00f3n sobre ideas y sobre hacia d\u00f3nde tiene que ir el peronismo en los pr\u00f3ximos a\u00f1os\u201d, explican. El objetivo de fondo es construir una alternativa competitiva de cara a 2027, pero evitando repetir -seg\u00fan su propia autocr\u00edtica- la experiencia de 2019, cuando el peronismo logr\u00f3 la unidad electoral sin un programa claro, lo que deriv\u00f3 en tensiones internas y un gobierno que consideran fallido.<\/p>\n<\/p><\/div>\n<p><\/p>\n","protected":false},"excerpt":{"rendered":"<p>Una nueva corriente interna del peronismo, con perfil moderado, impronta federal y foco en el orden macroecon\u00f3mico, se lanzar\u00e1 este viernes en la Ciudad de Buenos Aires en un intento por reconfigurar el debate hacia el interior del Partido Justicialista (PJ). El espacio, que todav\u00eda no tiene nombre definido, es impulsado por el presidente de [&hellip;]<\/p>\n","protected":false},"author":1,"featured_media":8663,"comment_status":"open","ping_status":"open","sticky":false,"template":"","format":"standard","meta":{"footnotes":""},"categories":[],"tags":[2],"class_list":["post-8662","post","type-post","status-publish","format-standard","has-post-thumbnail","hentry","tag-guillermo-michel"],"_links":{"self":[{"href":"https:\/\/cliente1.publisher.highstack.com.ar\/index.php?rest_route=\/wp\/v2\/posts\/8662","targetHints":{"allow":["GET"]}}],"collection":[{"href":"https:\/\/cliente1.publisher.highstack.com.ar\/index.php?rest_route=\/wp\/v2\/posts"}],"about":[{"href":"https:\/\/cliente1.publisher.highstack.com.ar\/index.php?rest_route=\/wp\/v2\/types\/post"}],"author":[{"embeddable":true,"href":"https:\/\/cliente1.publisher.highstack.com.ar\/index.php?rest_route=\/wp\/v2\/users\/1"}],"replies":[{"embeddable":true,"href":"https:\/\/cliente1.publisher.highstack.com.ar\/index.php?rest_route=%2Fwp%2Fv2%2Fcomments&post=8662"}],"version-history":[{"count":0,"href":"https:\/\/cliente1.publisher.highstack.com.ar\/index.php?rest_route=\/wp\/v2\/posts\/8662\/revisions"}],"wp:featuredmedia":[{"embeddable":true,"href":"https:\/\/cliente1.publisher.highstack.com.ar\/index.php?rest_route=\/wp\/v2\/media\/8663"}],"wp:attachment":[{"href":"https:\/\/cliente1.publisher.highstack.com.ar\/index.php?rest_route=%2Fwp%2Fv2%2Fmedia&parent=8662"}],"wp:term":[{"taxonomy":"category","embeddable":true,"href":"https:\/\/cliente1.publisher.highstack.com.ar\/index.php?rest_route=%2Fwp%2Fv2%2Fcategories&post=8662"},{"taxonomy":"post_tag","embeddable":true,"href":"https:\/\/cliente1.publisher.highstack.com.ar\/index.php?rest_route=%2Fwp%2Fv2%2Ftags&post=8662"}],"curies":[{"name":"wp","href":"https:\/\/api.w.org\/{rel}","templated":true}]}}