{"id":8660,"date":"2026-05-01T12:29:14","date_gmt":"2026-05-01T15:29:14","guid":{"rendered":"https:\/\/cliente1.publisher.highstack.com.ar\/?p=8660"},"modified":"2026-05-01T12:29:14","modified_gmt":"2026-05-01T15:29:14","slug":"despues-de-la-polemica-y-los-despidos-la-empresa-favorita-de-milei-y-caputo-contratara-nuevos-empleados-y-abrira-15-locales","status":"publish","type":"post","link":"https:\/\/cliente1.publisher.highstack.com.ar\/?p=8660","title":{"rendered":"Despu\u00e9s de la pol\u00e9mica y los despidos, la empresa favorita de Milei y Caputo contratar\u00e1 nuevos empleados y abrir\u00e1 15 locales"},"content":{"rendered":"<div class=\"visual__image image-initial-width\"><picture><source srcset=\"https:\/\/www.infobae.com\/resizer\/v2\/UAY4JOA7PZGIXM6REXYF2MLEW4.jpeg?auth=a1e0e393742862c146589b6145a0b396ddbef52533ab85e63a8421c0f6e50b82&amp;smart=true&amp;width=992&amp;height=446&amp;quality=85\" media=\"(min-width: 1000px)\"><\/source><source srcset=\"https:\/\/www.infobae.com\/resizer\/v2\/UAY4JOA7PZGIXM6REXYF2MLEW4.jpeg?auth=a1e0e393742862c146589b6145a0b396ddbef52533ab85e63a8421c0f6e50b82&amp;smart=true&amp;width=768&amp;height=346&amp;quality=85\" media=\"(min-width: 768px)\"><\/source><source srcset=\"https:\/\/www.infobae.com\/resizer\/v2\/UAY4JOA7PZGIXM6REXYF2MLEW4.jpeg?auth=a1e0e393742862c146589b6145a0b396ddbef52533ab85e63a8421c0f6e50b82&amp;smart=true&amp;width=577&amp;height=260&amp;quality=85\" media=\"(min-width: 580px)\"><\/source><source srcset=\"https:\/\/www.infobae.com\/resizer\/v2\/UAY4JOA7PZGIXM6REXYF2MLEW4.jpeg?auth=a1e0e393742862c146589b6145a0b396ddbef52533ab85e63a8421c0f6e50b82&amp;smart=true&amp;width=420&amp;height=189&amp;quality=85\" media=\"(min-width: 350px)\"><\/source><source srcset=\"https:\/\/www.infobae.com\/resizer\/v2\/UAY4JOA7PZGIXM6REXYF2MLEW4.jpeg?auth=a1e0e393742862c146589b6145a0b396ddbef52533ab85e63a8421c0f6e50b82&amp;smart=true&amp;width=350&amp;height=158&amp;quality=85\" media=\"(min-width: 80px)\"><\/source><img alt=\"Exterior de una f\u00e1brica con un cartel que dice 'Lumilagro'. Se ven portones met\u00e1licos, una garita de seguridad, \u00e1rboles y un cielo azul con nubes\" class=\"global-image\" decoding=\"async\" fetchpriority=\"high\" height=\"720\" loading=\"eager\" src=\"https:\/\/www.infobae.com\/resizer\/v2\/UAY4JOA7PZGIXM6REXYF2MLEW4.jpeg?auth=a1e0e393742862c146589b6145a0b396ddbef52533ab85e63a8421c0f6e50b82&amp;smart=true&amp;width=350&amp;height=158&amp;quality=85\" width=\"1600\"><\/picture><\/div>\n<p class=\"paragraph\">Luego de la fuerte pol\u00e9mica generada por su reconversi\u00f3n, la reducci\u00f3n de personal y el avance de las importaciones desde China, y tras haber sido tomada posteriormente por el Gobierno como un \u201ccaso de \u00e9xito\u201d frente a la apertura econ\u00f3mica,<b> Lumilagro <\/b>anunci\u00f3 este viernes 1\u00b0 de mayo, D\u00eda del Trabajador, un <b>plan de contrataci\u00f3n de 60 nuevos empleados y la apertura de 15 locales<\/b> en todo el pa\u00eds.<\/p>\n<p class=\"paragraph\">La hist\u00f3rica fabricante de termos qued\u00f3 en el centro del debate econ\u00f3mico durante los \u00faltimos meses despu\u00e9s de avanzar con un cambio de estrategia que incluy\u00f3 importaciones desde Asia y una reestructuraci\u00f3n de su operaci\u00f3n local. En recientes declaraciones, el director ejecutivo de la empresa, <b>Mart\u00edn Nadler<\/b>, defendi\u00f3 p\u00fablicamente el nuevo esquema de negocios y sostuvo que la compa\u00f1\u00eda necesit\u00f3 adaptarse al nuevo contexto competitivo generado por el ingreso de productos importados.<\/p>\n<div class=\"inline ad-wrapper dfpAd ad-inline ad-text ad-component-container\" style=\"--ad-shell-height:250px;--ad-shell-width:300px\" data-ad-wrapper=\"arcad\" data-ad-type=\"inline\" data-ad-slot=\"infobae\/economia\/nota\/inline\" data-ad-container=\"dfp\" data-ad-slot-name=\"infobae\/economia\/nota\/inline\">\n<p class=\"ad-shell-label\">PUBLICIDAD<\/p>\n<div id=\"infobae\/economia\/nota\/inline\" class=\"infobae\/economia\/nota\/inline arcad ad-slot-node ad-slot-node--boxed\" data-ad-slot-id=\"infobae\/economia\/nota\/inline\"><\/div>\n<\/div>\n<p class=\"paragraph\">En paralelo, tanto <b>Javier Milei <\/b>como<a rel=\"noopener noreferrer\" href=\"https:\/\/www.infobae.com\/economia\/2026\/04\/14\/que-respondio-caputo-sobre-la-caida-en-el-consumo-y-la-actividad-economica\/\" target=\"_blank\" title=\"https:\/\/www.infobae.com\/economia\/2026\/04\/14\/que-respondio-caputo-sobre-la-caida-en-el-consumo-y-la-actividad-economica\/\"><b> Luis Caputo<\/b><\/a> empezaron a mencionar a Lumilagro como ejemplo de empresas que modificaron su funcionamiento para competir con productos del exterior y bajar precios, al tiempo que cuestionan a otras, como FATE, que directamente decidi\u00f3 cerrar la f\u00e1brica ante la competencia importadora. <\/p>\n<p class=\"paragraph\">El anuncio de la empresa de termos se produjo a trav\u00e9s de un comunicado difundido por la compa\u00f1\u00eda. Seg\u00fan inform\u00f3 la empresa, las incorporaciones estar\u00e1n destinadas a <b>\u00e1reas de atenci\u00f3n al cliente, log\u00edstica de distribuci\u00f3n y operaci\u00f3n de los nuevos puntos de venta<\/b>. <\/p>\n<div class=\"inline_2 ad-wrapper dfpAd ad-inline ad-text ad-component-container\" style=\"--ad-shell-height:250px;--ad-shell-width:300px\" data-ad-wrapper=\"arcad\" data-ad-type=\"inline_2\" data-ad-slot=\"infobae\/economia\/nota\/inline_2\" data-ad-container=\"dfp\" data-ad-slot-name=\"infobae\/economia\/nota\/inline_2\">\n<p class=\"ad-shell-label\">PUBLICIDAD<\/p>\n<div id=\"infobae\/economia\/nota\/inline_2\" class=\"infobae\/economia\/nota\/inline_2 arcad ad-slot-node ad-slot-node--boxed\" data-ad-slot-id=\"infobae\/economia\/nota\/inline_2\"><\/div>\n<\/div>\n<p class=\"paragraph\">\u201cGracias al r\u00e9cord de ventas que tuvimos en los \u00faltimos meses a partir del nuevo Termo Pampa, que se consolid\u00f3 como el mejor del mercado y el \u00fanico dise\u00f1ado especialmente para tomar mate, hoy anunciamos el plan de contrataci\u00f3n de 60 nuevos empleados\u201d, sostuvo la firma.<\/p>\n<p class=\"paragraph\">La compa\u00f1\u00eda tambi\u00e9n inform\u00f3 que <b>prev\u00e9 abrir tiendas propias en Buenos Aires, Rosario, C\u00f3rdoba y Salta antes de fin de a\u00f1o<\/b>. Los primeros avisos de b\u00fasqueda laboral ya aparecieron en redes sociales para cubrir puestos en el local que abrir\u00e1 pr\u00f3ximamente en el Shopping OH! de Recoleta. <\/p>\n<div class=\"ad_1 ad-wrapper dfpAd ad-1-al-6 ad-text ad-component-container\" style=\"--ad-shell-height:250px;--ad-shell-width:300px\" data-ad-wrapper=\"arcad\" data-ad-type=\"ad_1\" data-ad-slot=\"infobae\/economia\/nota\/ad_1\" data-ad-container=\"dfp\" data-ad-slot-name=\"infobae\/economia\/nota\/ad_1\">\n<p class=\"ad-shell-label\">PUBLICIDAD<\/p>\n<div id=\"infobae\/economia\/nota\/ad_1\" class=\"infobae\/economia\/nota\/ad_1 arcad ad-slot-node ad-slot-node--boxed\" data-ad-slot-id=\"infobae\/economia\/nota\/ad_1\"><\/div>\n<\/div>\n<p class=\"paragraph\">\u201cCon el nuevo modelo tenemos un mejor termo, a mejor precio, que gener\u00f3 un r\u00e9cord de ventas y eso nos permiti\u00f3 generar m\u00e1s trabajo\u201d, afirm\u00f3 Nadler. <\/p>\n<h2 class=\"text-align-left vertical-align-top line-height-100 header headline-class-h2 headline\" id=\"el-proceso-de-reconversion\">El proceso de reconversi\u00f3n<\/h2>\n<p class=\"paragraph\">La empresa avanz\u00f3 en su reconversi\u00f3n durante 2025, en medio del nuevo escenario econ\u00f3mico impulsado por el Gobierno nacional. En julio de ese a\u00f1o, Lumilagro inform\u00f3 que comenzar\u00eda a importar parte de su l\u00ednea de termos desde China, una decisi\u00f3n que marc\u00f3 un fuerte giro para una compa\u00f1\u00eda con m\u00e1s de 85 a\u00f1os de historia en la fabricaci\u00f3n local.<\/p>\n<div class=\"ad_2 ad-wrapper dfpAd ad-1-al-6 ad-text ad-component-container\" style=\"--ad-shell-height:250px;--ad-shell-width:300px\" data-ad-wrapper=\"arcad\" data-ad-type=\"ad_2\" data-ad-slot=\"infobae\/economia\/nota\/ad_2\" data-ad-container=\"dfp\" data-ad-slot-name=\"infobae\/economia\/nota\/ad_2\">\n<p class=\"ad-shell-label\">PUBLICIDAD<\/p>\n<div id=\"infobae\/economia\/nota\/ad_2\" class=\"infobae\/economia\/nota\/ad_2 arcad ad-slot-node ad-slot-node--boxed\" data-ad-slot-id=\"infobae\/economia\/nota\/ad_2\"><\/div>\n<\/div>\n<p class=\"paragraph\">Meses despu\u00e9s, la empresa qued\u00f3 envuelta en una fuerte discusi\u00f3n p\u00fablica por la reducci\u00f3n de personal y por la transformaci\u00f3n de su esquema operativo. En recientes declaraciones, Nadler explic\u00f3 que el nuevo escenario oblig\u00f3 a modificar el funcionamiento tradicional de la compa\u00f1\u00eda y defendi\u00f3 el lanzamiento del Termo Pampa como eje de la nueva estrategia comercial.<\/p>\n<p class=\"paragraph\">La discusi\u00f3n alrededor de Lumilagro r\u00e1pidamente escal\u00f3 al plano pol\u00edtico y econ\u00f3mico. Funcionarios nacionales empezaron a mostrar el caso como ejemplo de empresas que se adaptaron a la competencia importada.<\/p>\n<div class=\"ad_3 ad-wrapper dfpAd ad-1-al-6 ad-text ad-component-container\" style=\"--ad-shell-height:250px;--ad-shell-width:300px\" data-ad-wrapper=\"arcad\" data-ad-type=\"ad_3\" data-ad-slot=\"infobae\/economia\/nota\/ad_3\" data-ad-container=\"dfp\" data-ad-slot-name=\"infobae\/economia\/nota\/ad_3\">\n<p class=\"ad-shell-label\">PUBLICIDAD<\/p>\n<div id=\"infobae\/economia\/nota\/ad_3\" class=\"infobae\/economia\/nota\/ad_3 arcad ad-slot-node ad-slot-node--boxed\" data-ad-slot-id=\"infobae\/economia\/nota\/ad_3\"><\/div>\n<\/div>\n<div class=\"visual__image\"><picture><source srcset=\"https:\/\/www.infobae.com\/resizer\/v2\/FZYJEYMJBFBLBLF44QSLKYGNKI.jpeg?auth=4cfc8e25f8160d157f80b405594b75f12dd96d06990950de790381aaddaa7818&amp;smart=true&amp;width=992&amp;height=744&amp;quality=85\" media=\"(min-width: 1000px)\"><\/source><source srcset=\"https:\/\/www.infobae.com\/resizer\/v2\/FZYJEYMJBFBLBLF44QSLKYGNKI.jpeg?auth=4cfc8e25f8160d157f80b405594b75f12dd96d06990950de790381aaddaa7818&amp;smart=true&amp;width=768&amp;height=576&amp;quality=85\" media=\"(min-width: 768px)\"><\/source><source srcset=\"https:\/\/www.infobae.com\/resizer\/v2\/FZYJEYMJBFBLBLF44QSLKYGNKI.jpeg?auth=4cfc8e25f8160d157f80b405594b75f12dd96d06990950de790381aaddaa7818&amp;smart=true&amp;width=577&amp;height=433&amp;quality=85\" media=\"(min-width: 580px)\"><\/source><source srcset=\"https:\/\/www.infobae.com\/resizer\/v2\/FZYJEYMJBFBLBLF44QSLKYGNKI.jpeg?auth=4cfc8e25f8160d157f80b405594b75f12dd96d06990950de790381aaddaa7818&amp;smart=true&amp;width=420&amp;height=315&amp;quality=85\" media=\"(min-width: 350px)\"><\/source><source srcset=\"https:\/\/www.infobae.com\/resizer\/v2\/FZYJEYMJBFBLBLF44QSLKYGNKI.jpeg?auth=4cfc8e25f8160d157f80b405594b75f12dd96d06990950de790381aaddaa7818&amp;smart=true&amp;width=350&amp;height=263&amp;quality=85\" media=\"(min-width: 80px)\"><\/source><img alt=\"Hombre sonriente exhibe colecci\u00f3n de botellas y termos de pl\u00e1stico de varios colores en mesa. Hay dise\u00f1os de Mickey Mouse y Stitch\" class=\"global-image\" decoding=\"async\" fetchpriority=\"low\" height=\"1200\" loading=\"lazy\" src=\"https:\/\/www.infobae.com\/resizer\/v2\/FZYJEYMJBFBLBLF44QSLKYGNKI.jpeg?auth=4cfc8e25f8160d157f80b405594b75f12dd96d06990950de790381aaddaa7818&amp;smart=true&amp;width=350&amp;height=263&amp;quality=85\" width=\"1600\"><\/picture><\/div>\n<p class=\"paragraph\">Durante una exposici\u00f3n en el Congreso del Instituto Argentino de Ejecutivos de Finanzas (IAEF), el ministro de Econom\u00eda, Luis Caputo, utiliz\u00f3 el caso de Lumilagro para contrastarlo con otras compa\u00f1\u00edas afectadas por la apertura comercial. \u201cHay empresarios que toman una actitud y otros que toman otra\u201d, afirm\u00f3 Caputo. Luego mencion\u00f3 el caso de la fabricante de neum\u00e1ticos Fate y agreg\u00f3: \u201cUno dijo \u2018si no puedo cazar en el zool\u00f3gico, cierro\u2019\u201d.<\/p>\n<p class=\"paragraph\">Inmediatamente despu\u00e9s, el ministro contrapuso el caso de Lumilagro. \u201cLo mismo pod\u00eda haber dicho Lumilagro, \u2018entran los termos Stanley, cierro ma\u00f1ana\u2019, pero no, hoy tiene un producto mejor, m\u00e1s barato, exporta y tiene r\u00e9cord de ventas\u201d, sostuvo.<\/p>\n<div class=\"ad_4 ad-wrapper dfpAd ad-1-al-6 ad-text ad-component-container\" style=\"--ad-shell-height:250px;--ad-shell-width:300px\" data-ad-wrapper=\"arcad\" data-ad-type=\"ad_4\" data-ad-slot=\"infobae\/economia\/nota\/ad_4\" data-ad-container=\"dfp\" data-ad-slot-name=\"infobae\/economia\/nota\/ad_4\">\n<p class=\"ad-shell-label\">PUBLICIDAD<\/p>\n<div id=\"infobae\/economia\/nota\/ad_4\" class=\"infobae\/economia\/nota\/ad_4 arcad ad-slot-node ad-slot-node--boxed\" data-ad-slot-id=\"infobae\/economia\/nota\/ad_4\"><\/div>\n<\/div>\n<p class=\"paragraph\">Seg\u00fan Caputo, la empresa aprovech\u00f3 el nuevo escenario comercial para ampliar mercados. \u201cLumilagro est\u00e1 aprovechando la apertura porque eso le da escala, ahora en vez de tener 48 millones de potenciales compradores tiene 8000 millones, dice puedo exportar, pum para arriba\u201d, afirm\u00f3 el titular del Palacio de Hacienda.<\/p>\n<p class=\"paragraph\">El presidente Javier Milei tambi\u00e9n mencion\u00f3 p\u00fablicamente a la empresa durante su exposici\u00f3n en la Expo EFI. All\u00ed utiliz\u00f3 el caso para respaldar la idea de adaptaci\u00f3n empresaria frente a la apertura econ\u00f3mica. \u201cLos que no se adaptan, quiebran, Lumilagro dio la pelea y le est\u00e1 yendo b\u00e1rbaro, va a depender mucho de los empresarios\u201d, afirm\u00f3 Milei.<\/p>\n<div class=\"ad_5 ad-wrapper dfpAd ad-1-al-6 ad-text ad-component-container\" style=\"--ad-shell-height:250px;--ad-shell-width:300px\" data-ad-wrapper=\"arcad\" data-ad-type=\"ad_5\" data-ad-slot=\"infobae\/economia\/nota\/ad_5\" data-ad-container=\"dfp\" data-ad-slot-name=\"infobae\/economia\/nota\/ad_5\">\n<p class=\"ad-shell-label\">PUBLICIDAD<\/p>\n<div id=\"infobae\/economia\/nota\/ad_5\" class=\"infobae\/economia\/nota\/ad_5 arcad ad-slot-node ad-slot-node--boxed\" data-ad-slot-id=\"infobae\/economia\/nota\/ad_5\"><\/div>\n<\/div>\n<p class=\"paragraph\">La nueva etapa anunciada por la compa\u00f1\u00eda llega despu\u00e9s de ese respaldo expl\u00edcito del Gobierno nacional y en medio de una fuerte visibilidad p\u00fablica de la marca.<\/p>\n<p class=\"paragraph\">En el comunicado difundido este viernes, Nadler se\u00f1al\u00f3 que el plan presentado constituye una primera fase de expansi\u00f3n. \u201cSe trata de la primera etapa de un plan de expansi\u00f3n m\u00e1s amplio, que incluye la venta de nuevos productos, mayor presencia en todas las ciudades del pa\u00eds y la consolidaci\u00f3n de nuestras ventas en el exterior\u201d, sostuvo. <\/p>\n<div class=\"ad_6 ad-wrapper dfpAd ad-1-al-6 ad-text ad-component-container\" style=\"--ad-shell-height:250px;--ad-shell-width:300px\" data-ad-wrapper=\"arcad\" data-ad-type=\"ad_6\" data-ad-slot=\"infobae\/economia\/nota\/ad_6\" data-ad-container=\"dfp\" data-ad-slot-name=\"infobae\/economia\/nota\/ad_6\">\n<p class=\"ad-shell-label\">PUBLICIDAD<\/p>\n<div id=\"infobae\/economia\/nota\/ad_6\" class=\"infobae\/economia\/nota\/ad_6 arcad ad-slot-node ad-slot-node--boxed\" data-ad-slot-id=\"infobae\/economia\/nota\/ad_6\"><\/div>\n<\/div>\n<p class=\"paragraph\">La empresa indic\u00f3 que el crecimiento reciente estuvo vinculado al desempe\u00f1o comercial del Termo Pampa, producto que la compa\u00f1\u00eda present\u00f3 como un desarrollo pensado espec\u00edficamente para el consumo de mate y que, seg\u00fan afirm\u00f3, impuls\u00f3 un r\u00e9cord de ventas durante los \u00faltimos meses<\/p>\n","protected":false},"excerpt":{"rendered":"<p>Luego de la fuerte pol\u00e9mica generada por su reconversi\u00f3n, la reducci\u00f3n de personal y el avance de las importaciones desde China, y tras haber sido tomada posteriormente por el Gobierno como un \u201ccaso de \u00e9xito\u201d frente a la apertura econ\u00f3mica, Lumilagro anunci\u00f3 este viernes 1\u00b0 de mayo, D\u00eda del Trabajador, un plan de contrataci\u00f3n de [&hellip;]<\/p>\n","protected":false},"author":1,"featured_media":8661,"comment_status":"open","ping_status":"open","sticky":false,"template":"","format":"standard","meta":{"footnotes":""},"categories":[1],"tags":[],"class_list":["post-8660","post","type-post","status-publish","format-standard","has-post-thumbnail","hentry","category-uncategorized"],"_links":{"self":[{"href":"https:\/\/cliente1.publisher.highstack.com.ar\/index.php?rest_route=\/wp\/v2\/posts\/8660","targetHints":{"allow":["GET"]}}],"collection":[{"href":"https:\/\/cliente1.publisher.highstack.com.ar\/index.php?rest_route=\/wp\/v2\/posts"}],"about":[{"href":"https:\/\/cliente1.publisher.highstack.com.ar\/index.php?rest_route=\/wp\/v2\/types\/post"}],"author":[{"embeddable":true,"href":"https:\/\/cliente1.publisher.highstack.com.ar\/index.php?rest_route=\/wp\/v2\/users\/1"}],"replies":[{"embeddable":true,"href":"https:\/\/cliente1.publisher.highstack.com.ar\/index.php?rest_route=%2Fwp%2Fv2%2Fcomments&post=8660"}],"version-history":[{"count":0,"href":"https:\/\/cliente1.publisher.highstack.com.ar\/index.php?rest_route=\/wp\/v2\/posts\/8660\/revisions"}],"wp:featuredmedia":[{"embeddable":true,"href":"https:\/\/cliente1.publisher.highstack.com.ar\/index.php?rest_route=\/wp\/v2\/media\/8661"}],"wp:attachment":[{"href":"https:\/\/cliente1.publisher.highstack.com.ar\/index.php?rest_route=%2Fwp%2Fv2%2Fmedia&parent=8660"}],"wp:term":[{"taxonomy":"category","embeddable":true,"href":"https:\/\/cliente1.publisher.highstack.com.ar\/index.php?rest_route=%2Fwp%2Fv2%2Fcategories&post=8660"},{"taxonomy":"post_tag","embeddable":true,"href":"https:\/\/cliente1.publisher.highstack.com.ar\/index.php?rest_route=%2Fwp%2Fv2%2Ftags&post=8660"}],"curies":[{"name":"wp","href":"https:\/\/api.w.org\/{rel}","templated":true}]}}