{"id":8658,"date":"2026-05-01T12:18:41","date_gmt":"2026-05-01T15:18:41","guid":{"rendered":"https:\/\/cliente1.publisher.highstack.com.ar\/?p=8658"},"modified":"2026-05-01T12:18:41","modified_gmt":"2026-05-01T15:18:41","slug":"la-policia-turca-disparo-gases-y-arresto-a-cientos-de-personas-en-las-manifestaciones-del-1-de-mayo-en-estambul","status":"publish","type":"post","link":"https:\/\/cliente1.publisher.highstack.com.ar\/?p=8658","title":{"rendered":"La polic\u00eda turca dispar\u00f3 gases y arrest\u00f3 a cientos de personas en las manifestaciones del 1 de Mayo en Estambul"},"content":{"rendered":"<div class=\"visual__image image-initial-width\"><picture><source srcset=\"https:\/\/www.infobae.com\/resizer\/v2\/O2HMHQDODNABJEOPQKBE5UC6XE.JPG?auth=4879a1646bf60a04a90bb637b6093ad6d5cfe9c39f581d09ad0fc844339e7814&amp;smart=true&amp;width=992&amp;height=662&amp;quality=85\" media=\"(min-width: 1000px)\"><\/source><source srcset=\"https:\/\/www.infobae.com\/resizer\/v2\/O2HMHQDODNABJEOPQKBE5UC6XE.JPG?auth=4879a1646bf60a04a90bb637b6093ad6d5cfe9c39f581d09ad0fc844339e7814&amp;smart=true&amp;width=768&amp;height=512&amp;quality=85\" media=\"(min-width: 768px)\"><\/source><source srcset=\"https:\/\/www.infobae.com\/resizer\/v2\/O2HMHQDODNABJEOPQKBE5UC6XE.JPG?auth=4879a1646bf60a04a90bb637b6093ad6d5cfe9c39f581d09ad0fc844339e7814&amp;smart=true&amp;width=577&amp;height=385&amp;quality=85\" media=\"(min-width: 580px)\"><\/source><source srcset=\"https:\/\/www.infobae.com\/resizer\/v2\/O2HMHQDODNABJEOPQKBE5UC6XE.JPG?auth=4879a1646bf60a04a90bb637b6093ad6d5cfe9c39f581d09ad0fc844339e7814&amp;smart=true&amp;width=420&amp;height=280&amp;quality=85\" media=\"(min-width: 350px)\"><\/source><source srcset=\"https:\/\/www.infobae.com\/resizer\/v2\/O2HMHQDODNABJEOPQKBE5UC6XE.JPG?auth=4879a1646bf60a04a90bb637b6093ad6d5cfe9c39f581d09ad0fc844339e7814&amp;smart=true&amp;width=350&amp;height=233&amp;quality=85\" media=\"(min-width: 80px)\"><\/source><\/picture><\/div>\n<p class=\"paragraph\">La polic\u00eda turca dispar\u00f3 gases lacrim\u00f3genos y arrest\u00f3 el viernes a cientos de personas que participaban en las manifestaciones del Primero de Mayo en Estambul, mientras miles de personas se movilizaban en todo el pa\u00eds.<\/p>\n<p class=\"paragraph\">Seg\u00fan la Asociaci\u00f3n de Abogados CHD, <b>al menos 370 personas fueron arrestadas en Estambul, donde la polic\u00eda lanz\u00f3 gases lacrim\u00f3genos desde veh\u00edculos antidisturbios contra la multitud<\/b>, seg\u00fan observaron periodistas de <i>AFP<\/i>.<\/p>\n<div class=\"inline ad-wrapper dfpAd ad-inline ad-text ad-component-container\" style=\"--ad-shell-height:250px;--ad-shell-width:300px\" data-ad-wrapper=\"arcad\" data-ad-type=\"inline\" data-ad-slot=\"infobae\/america\/mundo\/nota\/inline\" data-ad-container=\"dfp\" data-ad-slot-name=\"infobae\/america\/mundo\/nota\/inline\">\n<p class=\"ad-shell-label\">PUBLICIDAD<\/p>\n<div id=\"infobae\/america\/mundo\/nota\/inline\" class=\"infobae\/america\/mundo\/nota\/inline arcad ad-slot-node ad-slot-node--boxed\" data-ad-slot-id=\"infobae\/america\/mundo\/nota\/inline\"><\/div>\n<\/div>\n<p class=\"paragraph\">Im\u00e1genes emitidas por el canal de oposici\u00f3n HALK TV tambi\u00e9n mostraron al presidente del Partido de los Trabajadores Turcos, Erkan Bas, rociado con gas pimienta.<\/p>\n<div class=\"visual__image\"><picture><source srcset=\"https:\/\/www.infobae.com\/resizer\/v2\/4PKLY3EMOBAGTER5H47O7YQK4I.JPG?auth=2c3da33f048c428748fa57c90befb19d0748424c2ad7a3544fe070a678b40487&amp;smart=true&amp;width=992&amp;height=661&amp;quality=85\" media=\"(min-width: 1000px)\"><\/source><source srcset=\"https:\/\/www.infobae.com\/resizer\/v2\/4PKLY3EMOBAGTER5H47O7YQK4I.JPG?auth=2c3da33f048c428748fa57c90befb19d0748424c2ad7a3544fe070a678b40487&amp;smart=true&amp;width=768&amp;height=512&amp;quality=85\" media=\"(min-width: 768px)\"><\/source><source srcset=\"https:\/\/www.infobae.com\/resizer\/v2\/4PKLY3EMOBAGTER5H47O7YQK4I.JPG?auth=2c3da33f048c428748fa57c90befb19d0748424c2ad7a3544fe070a678b40487&amp;smart=true&amp;width=577&amp;height=385&amp;quality=85\" media=\"(min-width: 580px)\"><\/source><source srcset=\"https:\/\/www.infobae.com\/resizer\/v2\/4PKLY3EMOBAGTER5H47O7YQK4I.JPG?auth=2c3da33f048c428748fa57c90befb19d0748424c2ad7a3544fe070a678b40487&amp;smart=true&amp;width=420&amp;height=280&amp;quality=85\" media=\"(min-width: 350px)\"><\/source><source srcset=\"https:\/\/www.infobae.com\/resizer\/v2\/4PKLY3EMOBAGTER5H47O7YQK4I.JPG?auth=2c3da33f048c428748fa57c90befb19d0748424c2ad7a3544fe070a678b40487&amp;smart=true&amp;width=350&amp;height=233&amp;quality=85\" media=\"(min-width: 80px)\"><\/source><img alt=\"Manifestantes rodeados por la polic\u00eda antidisturbios intentan desafiar la prohibici\u00f3n y marchar hacia la plaza Taksim para celebrar el Primero de Mayo, en Estambul, Turqu\u00eda, el 1 de mayo de 2026. REUTERS\/Kemal Aslan\" class=\"global-image\" decoding=\"async\" fetchpriority=\"low\" height=\"2185\" loading=\"lazy\" src=\"https:\/\/www.infobae.com\/resizer\/v2\/4PKLY3EMOBAGTER5H47O7YQK4I.JPG?auth=2c3da33f048c428748fa57c90befb19d0748424c2ad7a3544fe070a678b40487&amp;smart=true&amp;width=350&amp;height=233&amp;quality=85\" width=\"3278\"><\/picture><\/div>\n<p class=\"paragraph\"><b>\u201cLos que est\u00e1n en el poder ya hablan los 365 d\u00edas del a\u00f1o, as\u00ed que dejemos que los trabajadores hablen de las dificultades que enfrentan al menos un d\u00eda al a\u00f1o\u201d<\/b>, declar\u00f3.<\/p>\n<div class=\"inline_2 ad-wrapper dfpAd ad-inline ad-text ad-component-container\" style=\"--ad-shell-height:250px;--ad-shell-width:300px\" data-ad-wrapper=\"arcad\" data-ad-type=\"inline_2\" data-ad-slot=\"infobae\/america\/mundo\/nota\/inline_2\" data-ad-container=\"dfp\" data-ad-slot-name=\"infobae\/america\/mundo\/nota\/inline_2\">\n<p class=\"ad-shell-label\">PUBLICIDAD<\/p>\n<div id=\"infobae\/america\/mundo\/nota\/inline_2\" class=\"infobae\/america\/mundo\/nota\/inline_2 arcad ad-slot-node ad-slot-node--boxed\" data-ad-slot-id=\"infobae\/america\/mundo\/nota\/inline_2\"><\/div>\n<\/div>\n<p class=\"paragraph\">Dos grupos fueron se\u00f1alados especialmente en la parte europea de la ciudad tras anunciar su intenci\u00f3n de marchar hacia la plaza Taksim \u2014escenario de varias protestas antigubernamentales en el pasado\u2014, que fue acordonada por la polic\u00eda durante la noche.<\/p>\n<p class=\"paragraph\">Un dirigente sindical, <b>Basaran Aksu, fue arrestado justo despu\u00e9s de haber denunciado el bloqueo de Taksim.<\/b><\/p>\n<div class=\"ad_1 ad-wrapper dfpAd ad-1-al-6 ad-text ad-component-container\" style=\"--ad-shell-height:250px;--ad-shell-width:300px\" data-ad-wrapper=\"arcad\" data-ad-type=\"ad_1\" data-ad-slot=\"infobae\/america\/mundo\/nota\/ad_1\" data-ad-container=\"dfp\" data-ad-slot-name=\"infobae\/america\/mundo\/nota\/ad_1\">\n<p class=\"ad-shell-label\">PUBLICIDAD<\/p>\n<div id=\"infobae\/america\/mundo\/nota\/ad_1\" class=\"infobae\/america\/mundo\/nota\/ad_1 arcad ad-slot-node ad-slot-node--boxed\" data-ad-slot-id=\"infobae\/america\/mundo\/nota\/ad_1\"><\/div>\n<\/div>\n<p class=\"paragraph\"><b>\u00abNo se puede cerrar una plaza a los trabajadores de Turqu\u00eda. Todo el mundo usa Taksim, para ceremonias oficiales, para celebraciones. Solo los obreros, los trabajadores, los pobres encuentran la plaza cerrada\u00bb<\/b>, exclam\u00f3 indignado.<\/p>\n<div class=\"visual__image\"><picture><source srcset=\"https:\/\/www.infobae.com\/resizer\/v2\/3KD2MSD5XFD53DGG46GA7DB2NE.JPG?auth=375192e62d13ae2858d91b4549137186e01786af1ef46cb81ac65b6a2f22fed5&amp;smart=true&amp;width=992&amp;height=661&amp;quality=85\" media=\"(min-width: 1000px)\"><\/source><source srcset=\"https:\/\/www.infobae.com\/resizer\/v2\/3KD2MSD5XFD53DGG46GA7DB2NE.JPG?auth=375192e62d13ae2858d91b4549137186e01786af1ef46cb81ac65b6a2f22fed5&amp;smart=true&amp;width=768&amp;height=512&amp;quality=85\" media=\"(min-width: 768px)\"><\/source><source srcset=\"https:\/\/www.infobae.com\/resizer\/v2\/3KD2MSD5XFD53DGG46GA7DB2NE.JPG?auth=375192e62d13ae2858d91b4549137186e01786af1ef46cb81ac65b6a2f22fed5&amp;smart=true&amp;width=577&amp;height=385&amp;quality=85\" media=\"(min-width: 580px)\"><\/source><source srcset=\"https:\/\/www.infobae.com\/resizer\/v2\/3KD2MSD5XFD53DGG46GA7DB2NE.JPG?auth=375192e62d13ae2858d91b4549137186e01786af1ef46cb81ac65b6a2f22fed5&amp;smart=true&amp;width=420&amp;height=280&amp;quality=85\" media=\"(min-width: 350px)\"><\/source><source srcset=\"https:\/\/www.infobae.com\/resizer\/v2\/3KD2MSD5XFD53DGG46GA7DB2NE.JPG?auth=375192e62d13ae2858d91b4549137186e01786af1ef46cb81ac65b6a2f22fed5&amp;smart=true&amp;width=350&amp;height=233&amp;quality=85\" media=\"(min-width: 80px)\"><\/source><img alt=\"Personas participan en una marcha para celebrar el Primero de Mayo en el distrito de Kadikoy de Estambul, Turqu\u00eda, 1 de mayo de 2026. REUTERS\/Dilara Senkaya\" class=\"global-image\" decoding=\"async\" fetchpriority=\"low\" height=\"3667\" loading=\"lazy\" src=\"https:\/\/www.infobae.com\/resizer\/v2\/3KD2MSD5XFD53DGG46GA7DB2NE.JPG?auth=375192e62d13ae2858d91b4549137186e01786af1ef46cb81ac65b6a2f22fed5&amp;smart=true&amp;width=350&amp;height=233&amp;quality=85\" width=\"5500\"><\/picture><\/div>\n<h2 class=\"text-align-left vertical-align-top line-height-100 header headline-class-h2 headline\" id=\"despliegues-policiales\">Despliegues policiales<\/h2>\n<p class=\"paragraph\">El Primero de Mayo, fecha que celebra a los trabajadores y a la clase obrera, conlleva cada a\u00f1o un importante despliegue policial en Turqu\u00eda, con el cierre de una amplia zona en el centro de Estambul, alrededor de la plaza Taksim.<\/p>\n<div class=\"ad_2 ad-wrapper dfpAd ad-1-al-6 ad-text ad-component-container\" style=\"--ad-shell-height:250px;--ad-shell-width:300px\" data-ad-wrapper=\"arcad\" data-ad-type=\"ad_2\" data-ad-slot=\"infobae\/america\/mundo\/nota\/ad_2\" data-ad-container=\"dfp\" data-ad-slot-name=\"infobae\/america\/mundo\/nota\/ad_2\">\n<p class=\"ad-shell-label\">PUBLICIDAD<\/p>\n<div id=\"infobae\/america\/mundo\/nota\/ad_2\" class=\"infobae\/america\/mundo\/nota\/ad_2 arcad ad-slot-node ad-slot-node--boxed\" data-ad-slot-id=\"infobae\/america\/mundo\/nota\/ad_2\"><\/div>\n<\/div>\n<p class=\"paragraph\">El a\u00f1o pasado, las protestas se trasladaron al barrio de Kadikoy y m\u00e1s de 400 personas fueron arrestadas.<\/p>\n<p class=\"paragraph\">El n\u00famero de detenciones este a\u00f1o parec\u00eda acercarse a esa cifra.<\/p>\n<div class=\"ad_3 ad-wrapper dfpAd ad-1-al-6 ad-text ad-component-container\" style=\"--ad-shell-height:250px;--ad-shell-width:300px\" data-ad-wrapper=\"arcad\" data-ad-type=\"ad_3\" data-ad-slot=\"infobae\/america\/mundo\/nota\/ad_3\" data-ad-container=\"dfp\" data-ad-slot-name=\"infobae\/america\/mundo\/nota\/ad_3\">\n<p class=\"ad-shell-label\">PUBLICIDAD<\/p>\n<div id=\"infobae\/america\/mundo\/nota\/ad_3\" class=\"infobae\/america\/mundo\/nota\/ad_3 arcad ad-slot-node ad-slot-node--boxed\" data-ad-slot-id=\"infobae\/america\/mundo\/nota\/ad_3\"><\/div>\n<\/div>\n<p class=\"paragraph\">El grupo de abogados CHD, presente en las manifestaciones, public\u00f3 en X que, a las 11:00 GMT, <b>\u201cseg\u00fan nuestra informaci\u00f3n, el n\u00famero de personas detenidas asciende a 370\u201d.<\/b><\/p>\n<div class=\"visual__image\"><picture><source srcset=\"https:\/\/www.infobae.com\/resizer\/v2\/R52YYGSBKVH4HF6U3GTQFZEGP4.JPG?auth=f38dd6e7a5e045b841c0dc0a3df0bf6c6369ab0203242e3fdd4dd06ff096500c&amp;smart=true&amp;width=992&amp;height=662&amp;quality=85\" media=\"(min-width: 1000px)\"><\/source><source srcset=\"https:\/\/www.infobae.com\/resizer\/v2\/R52YYGSBKVH4HF6U3GTQFZEGP4.JPG?auth=f38dd6e7a5e045b841c0dc0a3df0bf6c6369ab0203242e3fdd4dd06ff096500c&amp;smart=true&amp;width=768&amp;height=512&amp;quality=85\" media=\"(min-width: 768px)\"><\/source><source srcset=\"https:\/\/www.infobae.com\/resizer\/v2\/R52YYGSBKVH4HF6U3GTQFZEGP4.JPG?auth=f38dd6e7a5e045b841c0dc0a3df0bf6c6369ab0203242e3fdd4dd06ff096500c&amp;smart=true&amp;width=577&amp;height=385&amp;quality=85\" media=\"(min-width: 580px)\"><\/source><source srcset=\"https:\/\/www.infobae.com\/resizer\/v2\/R52YYGSBKVH4HF6U3GTQFZEGP4.JPG?auth=f38dd6e7a5e045b841c0dc0a3df0bf6c6369ab0203242e3fdd4dd06ff096500c&amp;smart=true&amp;width=420&amp;height=280&amp;quality=85\" media=\"(min-width: 350px)\"><\/source><source srcset=\"https:\/\/www.infobae.com\/resizer\/v2\/R52YYGSBKVH4HF6U3GTQFZEGP4.JPG?auth=f38dd6e7a5e045b841c0dc0a3df0bf6c6369ab0203242e3fdd4dd06ff096500c&amp;smart=true&amp;width=350&amp;height=233&amp;quality=85\" media=\"(min-width: 80px)\"><\/source><img alt=\"La polic\u00eda utiliza gas pimienta para dispersar a los manifestantes, mientras la gente intenta desafiar la prohibici\u00f3n y marchar hacia la plaza Taksim para celebrar el Primero de Mayo, en Estambul, Turqu\u00eda, el 1 de mayo de 2026. REUTERS\/Kemal Aslan\" class=\"global-image\" decoding=\"async\" fetchpriority=\"low\" height=\"5464\" loading=\"lazy\" src=\"https:\/\/www.infobae.com\/resizer\/v2\/R52YYGSBKVH4HF6U3GTQFZEGP4.JPG?auth=f38dd6e7a5e045b841c0dc0a3df0bf6c6369ab0203242e3fdd4dd06ff096500c&amp;smart=true&amp;width=350&amp;height=233&amp;quality=85\" width=\"8192\"><\/picture><\/div>\n<p class=\"paragraph\">El viernes, se observ\u00f3 un gran despliegue policial, muchos de ellos con equipo antidisturbios, y barricadas met\u00e1licas que dificultaban el acceso a los barrios c\u00e9ntricos de Estambul.<\/p>\n<div class=\"ad_4 ad-wrapper dfpAd ad-1-al-6 ad-text ad-component-container\" style=\"--ad-shell-height:250px;--ad-shell-width:300px\" data-ad-wrapper=\"arcad\" data-ad-type=\"ad_4\" data-ad-slot=\"infobae\/america\/mundo\/nota\/ad_4\" data-ad-container=\"dfp\" data-ad-slot-name=\"infobae\/america\/mundo\/nota\/ad_4\">\n<p class=\"ad-shell-label\">PUBLICIDAD<\/p>\n<div id=\"infobae\/america\/mundo\/nota\/ad_4\" class=\"infobae\/america\/mundo\/nota\/ad_4 arcad ad-slot-node ad-slot-node--boxed\" data-ad-slot-id=\"infobae\/america\/mundo\/nota\/ad_4\"><\/div>\n<\/div>\n<p class=\"paragraph\">En el distrito de Mecidiyekoy, la <i>AFP <\/i>observ\u00f3 a la polic\u00eda utilizando gases lacrim\u00f3genos contra la multitud, que inclu\u00eda a miembros del partido marxista HKP, quienes intentaban abrirse paso coreando <b>\u201cAsesino de EEUU, c\u00f3mplice del AKP (partido gobernante de Turqu\u00eda)\u201d.<\/b><\/p>\n<p class=\"paragraph\">La polic\u00eda, que rodeaba el barrio de Besiktas, intervino \u2014en ocasiones con violencia\u2014 cada vez que los manifestantes coreaban consignas. La <i>AFP <\/i>vio a varios manifestantes ser arrojados al suelo.<\/p>\n<div class=\"ad_5 ad-wrapper dfpAd ad-1-al-6 ad-text ad-component-container\" style=\"--ad-shell-height:250px;--ad-shell-width:300px\" data-ad-wrapper=\"arcad\" data-ad-type=\"ad_5\" data-ad-slot=\"infobae\/america\/mundo\/nota\/ad_5\" data-ad-container=\"dfp\" data-ad-slot-name=\"infobae\/america\/mundo\/nota\/ad_5\">\n<p class=\"ad-shell-label\">PUBLICIDAD<\/p>\n<div id=\"infobae\/america\/mundo\/nota\/ad_5\" class=\"infobae\/america\/mundo\/nota\/ad_5 arcad ad-slot-node ad-slot-node--boxed\" data-ad-slot-id=\"infobae\/america\/mundo\/nota\/ad_5\"><\/div>\n<\/div>\n<div class=\"visual__image\"><picture><source srcset=\"https:\/\/www.infobae.com\/resizer\/v2\/RBRULNMPT5DSHF4JC2EUD2OSYA.JPG?auth=d4de21c7155f8521afe51beba86eb49f9cdfb09c9323ddea93374dc8e4722b0b&amp;smart=true&amp;width=992&amp;height=662&amp;quality=85\" media=\"(min-width: 1000px)\"><\/source><source srcset=\"https:\/\/www.infobae.com\/resizer\/v2\/RBRULNMPT5DSHF4JC2EUD2OSYA.JPG?auth=d4de21c7155f8521afe51beba86eb49f9cdfb09c9323ddea93374dc8e4722b0b&amp;smart=true&amp;width=768&amp;height=512&amp;quality=85\" media=\"(min-width: 768px)\"><\/source><source srcset=\"https:\/\/www.infobae.com\/resizer\/v2\/RBRULNMPT5DSHF4JC2EUD2OSYA.JPG?auth=d4de21c7155f8521afe51beba86eb49f9cdfb09c9323ddea93374dc8e4722b0b&amp;smart=true&amp;width=577&amp;height=385&amp;quality=85\" media=\"(min-width: 580px)\"><\/source><source srcset=\"https:\/\/www.infobae.com\/resizer\/v2\/RBRULNMPT5DSHF4JC2EUD2OSYA.JPG?auth=d4de21c7155f8521afe51beba86eb49f9cdfb09c9323ddea93374dc8e4722b0b&amp;smart=true&amp;width=420&amp;height=280&amp;quality=85\" media=\"(min-width: 350px)\"><\/source><source srcset=\"https:\/\/www.infobae.com\/resizer\/v2\/RBRULNMPT5DSHF4JC2EUD2OSYA.JPG?auth=d4de21c7155f8521afe51beba86eb49f9cdfb09c9323ddea93374dc8e4722b0b&amp;smart=true&amp;width=350&amp;height=233&amp;quality=85\" media=\"(min-width: 80px)\"><\/source><img alt=\"Estudiantes universitarios se enfrentan a un polic\u00eda de paisano mientras intentan desafiar la prohibici\u00f3n y marchar hacia la plaza Taksim para celebrar el Primero de Mayo, en Estambul, Turqu\u00eda, el 1 de mayo de 2026. REUTERS\/Kemal Aslan\" class=\"global-image\" decoding=\"async\" fetchpriority=\"low\" height=\"4697\" loading=\"lazy\" src=\"https:\/\/www.infobae.com\/resizer\/v2\/RBRULNMPT5DSHF4JC2EUD2OSYA.JPG?auth=d4de21c7155f8521afe51beba86eb49f9cdfb09c9323ddea93374dc8e4722b0b&amp;smart=true&amp;width=350&amp;height=233&amp;quality=85\" width=\"7041\"><\/picture><\/div>\n<p class=\"paragraph\">Sindicatos y asociaciones de la sociedad civil hab\u00edan convocado las manifestaciones del 1 de mayo bajo el lema \u201cPan. Paz. Libertad\u201d.<\/p>\n<p class=\"paragraph\">La inflaci\u00f3n en Turqu\u00eda se sit\u00faa oficialmente en el 30%, pero seg\u00fan estimaciones independientes, ronda el 40%.<\/p>\n<div class=\"ad_6 ad-wrapper dfpAd ad-1-al-6 ad-text ad-component-container\" style=\"--ad-shell-height:250px;--ad-shell-width:300px\" data-ad-wrapper=\"arcad\" data-ad-type=\"ad_6\" data-ad-slot=\"infobae\/america\/mundo\/nota\/ad_6\" data-ad-container=\"dfp\" data-ad-slot-name=\"infobae\/america\/mundo\/nota\/ad_6\">\n<p class=\"ad-shell-label\">PUBLICIDAD<\/p>\n<div id=\"infobae\/america\/mundo\/nota\/ad_6\" class=\"infobae\/america\/mundo\/nota\/ad_6 arcad ad-slot-node ad-slot-node--boxed\" data-ad-slot-id=\"infobae\/america\/mundo\/nota\/ad_6\"><\/div>\n<\/div>\n<p class=\"paragraph\">En Ankara, cerca de 100 mineros del carb\u00f3n que hab\u00edan protagonizado una huelga de hambre de nueve d\u00edas para exigir el pago de salarios atrasados \u200b\u200bfueron aclamados al unirse a la marcha del Primero de Mayo, que fue notablemente numerosa, con una gran participaci\u00f3n juvenil y una importante presencia policial, seg\u00fan inform\u00f3 un periodista de la AFP.<\/p>\n<p class=\"paragraph\">A principios de esta semana, las autoridades turcas emitieron \u00f3rdenes de arresto y registro contra 62 personas, de las cuales consideraron que 46 \u2014entre ellas periodistas, sindicalistas y figuras de la oposici\u00f3n\u2014 eran \u201cprobables de llevar a cabo ataques\u201d.<\/p>\n<p class=\"paragraph\"><i>(Con informaci\u00f3n de AFP)<\/i><\/p>\n","protected":false},"excerpt":{"rendered":"<p>La polic\u00eda turca dispar\u00f3 gases lacrim\u00f3genos y arrest\u00f3 el viernes a cientos de personas que participaban en las manifestaciones del Primero de Mayo en Estambul, mientras miles de personas se movilizaban en todo el pa\u00eds. Seg\u00fan la Asociaci\u00f3n de Abogados CHD, al menos 370 personas fueron arrestadas en Estambul, donde la polic\u00eda lanz\u00f3 gases lacrim\u00f3genos [&hellip;]<\/p>\n","protected":false},"author":1,"featured_media":8659,"comment_status":"open","ping_status":"open","sticky":false,"template":"","format":"standard","meta":{"footnotes":""},"categories":[1],"tags":[],"class_list":["post-8658","post","type-post","status-publish","format-standard","has-post-thumbnail","hentry","category-uncategorized"],"_links":{"self":[{"href":"https:\/\/cliente1.publisher.highstack.com.ar\/index.php?rest_route=\/wp\/v2\/posts\/8658","targetHints":{"allow":["GET"]}}],"collection":[{"href":"https:\/\/cliente1.publisher.highstack.com.ar\/index.php?rest_route=\/wp\/v2\/posts"}],"about":[{"href":"https:\/\/cliente1.publisher.highstack.com.ar\/index.php?rest_route=\/wp\/v2\/types\/post"}],"author":[{"embeddable":true,"href":"https:\/\/cliente1.publisher.highstack.com.ar\/index.php?rest_route=\/wp\/v2\/users\/1"}],"replies":[{"embeddable":true,"href":"https:\/\/cliente1.publisher.highstack.com.ar\/index.php?rest_route=%2Fwp%2Fv2%2Fcomments&post=8658"}],"version-history":[{"count":0,"href":"https:\/\/cliente1.publisher.highstack.com.ar\/index.php?rest_route=\/wp\/v2\/posts\/8658\/revisions"}],"wp:featuredmedia":[{"embeddable":true,"href":"https:\/\/cliente1.publisher.highstack.com.ar\/index.php?rest_route=\/wp\/v2\/media\/8659"}],"wp:attachment":[{"href":"https:\/\/cliente1.publisher.highstack.com.ar\/index.php?rest_route=%2Fwp%2Fv2%2Fmedia&parent=8658"}],"wp:term":[{"taxonomy":"category","embeddable":true,"href":"https:\/\/cliente1.publisher.highstack.com.ar\/index.php?rest_route=%2Fwp%2Fv2%2Fcategories&post=8658"},{"taxonomy":"post_tag","embeddable":true,"href":"https:\/\/cliente1.publisher.highstack.com.ar\/index.php?rest_route=%2Fwp%2Fv2%2Ftags&post=8658"}],"curies":[{"name":"wp","href":"https:\/\/api.w.org\/{rel}","templated":true}]}}