{"id":8654,"date":"2026-05-01T10:49:41","date_gmt":"2026-05-01T13:49:41","guid":{"rendered":"https:\/\/cliente1.publisher.highstack.com.ar\/?p=8654"},"modified":"2026-05-01T10:49:41","modified_gmt":"2026-05-01T13:49:41","slug":"lanza-el-peronismo-federal-una-nueva-corriente-partidaria-con-tintes-albertistas","status":"publish","type":"post","link":"https:\/\/cliente1.publisher.highstack.com.ar\/?p=8654","title":{"rendered":"Lanza el peronismo federal una nueva \r\ncorriente partidaria con tintes albertistas"},"content":{"rendered":"<div>\n<p><strong>Una nueva corriente interna del peronismo, que busca instalar un programa de centro moderado, con orden macroecon\u00f3mico e impronta federal, se lanzar\u00e1 hoy en la Ciudad de Buenos Aires.<\/strong><\/p>\n<p>El presidente de la Auditor\u00eda General de la Naci\u00f3n, Juan Manuel Olmos, es el principal armador de este grupo pol\u00edtico que tiene como m\u00e1ximos referentes a los diputados nacionales Victoria Tolosa Paz y Guillermo Michel, y que se lanza este viernes desde las 9:00 en Parque Norte.<\/p>\n<p>Tambi\u00e9n se enrolan la ex ministra de Trabajo y actual diputada nacional Kelly Olmos, su par de Mendoza Emir F\u00e9lix y recientemente se sum\u00f3 el intendente de Pilar, Federico Ach\u00e1val.<\/p>\n<p>A diferencia de otros sectores del peronismo, como el Movimiento Derecho al Futuro de Axel Kicillof y La C\u00e1mpora de M\u00e1ximo Kirchner, este nuevo espacio -que a\u00fan no posee un nombre definido- no tiene un liderazgo vertical indiscutido, y su l\u00f3gica de funcionamiento es m\u00e1s bien horizontal.<\/p>\n<p>\u201cM\u00e1s que un nuevo espacio dentro del PJ, lo que se est\u00e1 viendo es un intento de cambiar el lenguaje del peronismo. No es s\u00f3lo un armado pol\u00edtico, es c\u00f3mo se empieza a hablar de pol\u00edtica hacia adentro y hacia afuera\u201d, sostuvieron a la Agencia Noticias Argentinas fuentes autorizadas de este sector del PJ.<\/p>\n<p>Seg\u00fan destacaron, \u201cprimero hay una idea muy fuerte de federalizar en serio: correr el eje del AMBA y darle centralidad a las provincias, a los intendentes, a los gobernadores, al interior productivo\u201d.<\/p>\n<p>\u201cSegundo, hay una b\u00fasqueda de ordenar el discurso econ\u00f3mico. Empiezan a aparecer palabras como equilibrio fiscal, super\u00e1vit, previsibilidad\u2026 no como algo t\u00e9cnico, sino como una forma de volver a construir credibilidad, sobre todo hacia sectores m\u00e1s moderados y econ\u00f3micos\u201d, remarcaron.<\/p>\n<p>Este vocabulario viene a barrer con el populismo fiscal que qued\u00f3 muy asociado a las \u00faltimas experiencias gubernamentales del peronismo, y que hicieron que los mercados vincularan al kirchnerismo con la idea del caos econ\u00f3mico.<\/p>\n<p>A diferencia de otros sectores ubicados m\u00e1s a la izquierda dentro del peronismo, este incipiente espacio est\u00e1 de acuerdo con una baja paulatina de las retenciones agrarias y el desarrollo de la megaminer\u00eda.<\/p>\n<h3 style=\"color:#aaa;font-style:italic;\">PARQUE NORTE<\/h3>\n<p>Desde la organizaci\u00f3n se\u00f1alaron que el evento en Parque Norte congregar\u00e1n unos mil dirigentes de 19 provincias, incluyendo m\u00e1s de 60 intendentes de todo el pa\u00eds, 120 conejales y 25 referentes legislativos.<\/p>\n<p>En la lista de invitados no est\u00e1 ninguno de los referentes de los espacios que dominan la cartelera del peronismo, como el MDF, La C\u00e1mpora y el Frente Renovador.<\/p>\n<p>Todos ellos fueron notificados sobre el lanzamiento de la nueva corriente pol\u00edtica, y les avisaron que la intenci\u00f3n no es ir contra nadie, sino sumar ideas para confluir con el resto en una pr\u00f3xima etapa.<\/p>\n<p>En el debut del nuevo espacio en Parque Norte tampoco estar\u00e1 Miguel \u00c1ngel Pichetto, pese a que el veterano diputado nacional tiene un fluido di\u00e1logo pol\u00edtico y articulaci\u00f3n legislativa con Michel y Tolosa Paz.<\/p>\n<p>Un dato pol\u00edtico es que entre los invitados habr\u00e1 un grupo de 30 intendentes de Hacemos por C\u00f3rdoba, que responden pol\u00edticamente al gobernador Mart\u00edn Llaryora.<\/p>\n<p>Ese espacio pol\u00edtico hace m\u00e1s de 20 a\u00f1os que est\u00e1 alejado del kirchnerismo y actualmente en el Congreso no se inserta en Uni\u00f3n por la Patria sino en el bloque Provincias Unidas.<\/p>\n<p>El cordobesismo fue fundamental para la aprobaci\u00f3n de muchas de las leyes que impuls\u00f3 el Gobierno en el Congreso, como la ley Bases y la reforma laboral de Javier Milei, entre otras iniciativas.<\/p>\n<p>Pese a este tipo de antecedentes, empieza a haber un incipiente acercamiento entre Llaryora y actores de este nuevo peronismo federal que permiten vislumbrar la posibilidad de una confluencia electoral.<\/p>\n<p>\u201cNo hay construcci\u00f3n posible sin C\u00f3rdoba, Santa Fe y Mendoza\u201d, se\u00f1alan las fuentes consultadas por este medio acerca de la exigua penetraci\u00f3n y representatividad social que tuvo el peronismo kirchnerista en dichas provincias en estos \u00faltimos a\u00f1os.<\/p>\n<h3 style=\"color:#aaa;font-style:italic;\">Las PASO<\/h3>\n<p>Una de las premisas que empuja el armado de Olmos, Tolosa Paz y Michel es la de utilizar las PASO (que el Gobierno busca eliminar a pesar de no tener los n\u00fameros en el Congreso) para dirimir liderazgos dentro del peronismo, aunque la idea ser\u00eda que todos los candidatos compartan un mismo programa discutido previamente.<\/p>\n<p>Las fuentes consultadas aclararon que en esta etapa todav\u00eda no se va a hablar de candidaturas, sino de ideas con la intenci\u00f3n posterior de confluir program\u00e1ticamente con otros espacios del peronismo.<\/p>\n<p>\u201cEn el fondo, lo que est\u00e1n haciendo no es lanzar un candidato ni un liderazgo, sino discutir ideas, programa y hacia d\u00f3nde va el peronismo en los pr\u00f3ximos a\u00f1os\u201d, concluyeron.<\/p>\n<p>El objetivo, adem\u00e1s de ganar en 2027, es no que se repita lo que ocurri\u00f3 en 2019, cuando el peronismo y otros espacios se juntaron para derrotar a Mauricio Macri, pero sin un programa, raz\u00f3n que identifican como el origen del Gobierno fallido del Frente de Todos.<\/p>\n<\/p><\/div>\n<p><\/p>\n","protected":false},"excerpt":{"rendered":"<p>Una nueva corriente interna del peronismo, que busca instalar un programa de centro moderado, con orden macroecon\u00f3mico e impronta federal, se lanzar\u00e1 hoy en la Ciudad de Buenos Aires. El presidente de la Auditor\u00eda General de la Naci\u00f3n, Juan Manuel Olmos, es el principal armador de este grupo pol\u00edtico que tiene como m\u00e1ximos referentes a [&hellip;]<\/p>\n","protected":false},"author":1,"featured_media":8655,"comment_status":"open","ping_status":"open","sticky":false,"template":"","format":"standard","meta":{"footnotes":""},"categories":[],"tags":[2],"class_list":["post-8654","post","type-post","status-publish","format-standard","has-post-thumbnail","hentry","tag-guillermo-michel"],"_links":{"self":[{"href":"https:\/\/cliente1.publisher.highstack.com.ar\/index.php?rest_route=\/wp\/v2\/posts\/8654","targetHints":{"allow":["GET"]}}],"collection":[{"href":"https:\/\/cliente1.publisher.highstack.com.ar\/index.php?rest_route=\/wp\/v2\/posts"}],"about":[{"href":"https:\/\/cliente1.publisher.highstack.com.ar\/index.php?rest_route=\/wp\/v2\/types\/post"}],"author":[{"embeddable":true,"href":"https:\/\/cliente1.publisher.highstack.com.ar\/index.php?rest_route=\/wp\/v2\/users\/1"}],"replies":[{"embeddable":true,"href":"https:\/\/cliente1.publisher.highstack.com.ar\/index.php?rest_route=%2Fwp%2Fv2%2Fcomments&post=8654"}],"version-history":[{"count":0,"href":"https:\/\/cliente1.publisher.highstack.com.ar\/index.php?rest_route=\/wp\/v2\/posts\/8654\/revisions"}],"wp:featuredmedia":[{"embeddable":true,"href":"https:\/\/cliente1.publisher.highstack.com.ar\/index.php?rest_route=\/wp\/v2\/media\/8655"}],"wp:attachment":[{"href":"https:\/\/cliente1.publisher.highstack.com.ar\/index.php?rest_route=%2Fwp%2Fv2%2Fmedia&parent=8654"}],"wp:term":[{"taxonomy":"category","embeddable":true,"href":"https:\/\/cliente1.publisher.highstack.com.ar\/index.php?rest_route=%2Fwp%2Fv2%2Fcategories&post=8654"},{"taxonomy":"post_tag","embeddable":true,"href":"https:\/\/cliente1.publisher.highstack.com.ar\/index.php?rest_route=%2Fwp%2Fv2%2Ftags&post=8654"}],"curies":[{"name":"wp","href":"https:\/\/api.w.org\/{rel}","templated":true}]}}