{"id":8650,"date":"2026-05-01T10:24:44","date_gmt":"2026-05-01T13:24:44","guid":{"rendered":"https:\/\/cliente1.publisher.highstack.com.ar\/?p=8650"},"modified":"2026-05-01T10:24:44","modified_gmt":"2026-05-01T13:24:44","slug":"manuel-adorni-jamas-voy-a-renunciar-jamas-voy-a-ceder-ante-las-presionesel-jefe-de-gabinete-volvio-a-rechazar-las-acusaciones-en-su-contra-nego-ser-titular-de-un-sociedad-en-el-ex","status":"publish","type":"post","link":"https:\/\/cliente1.publisher.highstack.com.ar\/?p=8650","title":{"rendered":"Manuel Adorni: \u201cJam\u00e1s voy a renunciar, jam\u00e1s voy a ceder ante las presiones\u201dEl jefe de Gabinete volvi\u00f3 a rechazar las acusaciones en su contra. Neg\u00f3 ser titular de un sociedad en el exterior junto a Marcelo Grandio e insisti\u00f3: \u201cLa causa judicial no va a prosperar\u201d"},"content":{"rendered":"<div class=\"visual__image\"><picture><source srcset=\"https:\/\/www.infobae.com\/resizer\/v2\/2U5RMUP6QRHCDHDR7CBDCCGIJM.png?auth=b2bfb479312114f6a843126545808e9ac4070508292d3164b17368ef6f66b1ce&amp;smart=true&amp;width=992&amp;height=558&amp;quality=85\" media=\"(min-width: 1000px)\"><\/source><source srcset=\"https:\/\/www.infobae.com\/resizer\/v2\/2U5RMUP6QRHCDHDR7CBDCCGIJM.png?auth=b2bfb479312114f6a843126545808e9ac4070508292d3164b17368ef6f66b1ce&amp;smart=true&amp;width=768&amp;height=432&amp;quality=85\" media=\"(min-width: 768px)\"><\/source><source srcset=\"https:\/\/www.infobae.com\/resizer\/v2\/2U5RMUP6QRHCDHDR7CBDCCGIJM.png?auth=b2bfb479312114f6a843126545808e9ac4070508292d3164b17368ef6f66b1ce&amp;smart=true&amp;width=577&amp;height=325&amp;quality=85\" media=\"(min-width: 580px)\"><\/source><source srcset=\"https:\/\/www.infobae.com\/resizer\/v2\/2U5RMUP6QRHCDHDR7CBDCCGIJM.png?auth=b2bfb479312114f6a843126545808e9ac4070508292d3164b17368ef6f66b1ce&amp;smart=true&amp;width=420&amp;height=236&amp;quality=85\" media=\"(min-width: 350px)\"><\/source><source srcset=\"https:\/\/www.infobae.com\/resizer\/v2\/2U5RMUP6QRHCDHDR7CBDCCGIJM.png?auth=b2bfb479312114f6a843126545808e9ac4070508292d3164b17368ef6f66b1ce&amp;smart=true&amp;width=350&amp;height=197&amp;quality=85\" media=\"(min-width: 80px)\"><\/source><img alt=\"Manuel Adorni Conferencia de prensa\" class=\"global-image\" decoding=\"async\" fetchpriority=\"low\" height=\"1080\" loading=\"lazy\" src=\"https:\/\/www.infobae.com\/resizer\/v2\/2U5RMUP6QRHCDHDR7CBDCCGIJM.png?auth=b2bfb479312114f6a843126545808e9ac4070508292d3164b17368ef6f66b1ce&amp;smart=true&amp;width=350&amp;height=197&amp;quality=85\" width=\"1920\"><\/picture><\/div>\n<p class=\"paragraph\">El jefe de Gabinete, <b>Manuel Adorni<\/b>, reiter\u00f3 este viernes que no piensa en renunciar por las denuncias en su contra. \u201c<b>Jam\u00e1s<\/b>\u201d, contest\u00f3. Y agreg\u00f3: \u201c<b>Jam\u00e1s voy a ceder ante las presiones, ni el Presidente, ni Karina Milei, ni ninguno de los ministros<\/b>\u201d. <\/p>\n<p class=\"paragraph\">El funcionario es investigado en la justicia por presunto enriquecimiento il\u00edcito tras la adquisici\u00f3n de propiedades y la realizaci\u00f3n de viajes al exterior. Esta semana, neg\u00f3 las acusaciones ante el Congreso en su informe de gesti\u00f3n. <\/p>\n<div class=\"inline ad-wrapper dfpAd ad-inline ad-text ad-component-container\" style=\"--ad-shell-height:250px;--ad-shell-width:300px\" data-ad-wrapper=\"arcad\" data-ad-type=\"inline\" data-ad-slot=\"infobae\/politica\/nota\/inline\" data-ad-container=\"dfp\" data-ad-slot-name=\"infobae\/politica\/nota\/inline\">\n<p class=\"ad-shell-label\">PUBLICIDAD<\/p>\n<div id=\"infobae\/politica\/nota\/inline\" class=\"infobae\/politica\/nota\/inline arcad ad-slot-node ad-slot-node--boxed\" data-ad-slot-id=\"infobae\/politica\/nota\/inline\"><\/div>\n<\/div>\n<p class=\"paragraph\">Hoy, en una entrevista radial con el periodista Luis Gasulla en El Observador, asegur\u00f3: \u201c<b>La causa no va a prosperar, no soy culpable, va a quedar todo demostrado en la Justicia<\/b>\u201d. <\/p>\n<p class=\"paragraph\">En otro tramo del reportaje, plante\u00f3: \u201c<b>Muchos se han comido la curva, han mentido muchos, no les interesa la verdad y lo vamos a ver en la Justicia<\/b>\u201d. <\/p>\n<div class=\"inline_2 ad-wrapper dfpAd ad-inline ad-text ad-component-container\" style=\"--ad-shell-height:250px;--ad-shell-width:300px\" data-ad-wrapper=\"arcad\" data-ad-type=\"inline_2\" data-ad-slot=\"infobae\/politica\/nota\/inline_2\" data-ad-container=\"dfp\" data-ad-slot-name=\"infobae\/politica\/nota\/inline_2\">\n<p class=\"ad-shell-label\">PUBLICIDAD<\/p>\n<div id=\"infobae\/politica\/nota\/inline_2\" class=\"infobae\/politica\/nota\/inline_2 arcad ad-slot-node ad-slot-node--boxed\" data-ad-slot-id=\"infobae\/politica\/nota\/inline_2\"><\/div>\n<\/div>\n<p class=\"paragraph\">El coordinador de ministros neg\u00f3 adem\u00e1s que sea propietario de una offshore en el exterior en sociedad con su amigo Marcelo Grandio, <a rel=\"noopener noreferrer\" href=\"https:\/\/www.infobae.com\/judiciales\/2026\/04\/29\/marcela-pagano-se-presento-en-comodoro-py-para-ampliar-la-denuncia-por-enriquecimiento-ilicito-contra-manuel-adorni\/\" target=\"_blank\" title=\"https:\/\/www.infobae.com\/judiciales\/2026\/04\/29\/marcela-pagano-se-presento-en-comodoro-py-para-ampliar-la-denuncia-por-enriquecimiento-ilicito-contra-manuel-adorni\/\">tal como denunci\u00f3 el mi\u00e9rcoles en Comodoro Py la diputada nacional Marcela Pagano<\/a>. <\/p>\n<p class=\"paragraph\"><i>Noticia en desarrollo<\/i><\/p>\n<div class=\"ad_1 ad-wrapper dfpAd ad-1-al-6 ad-text ad-component-container\" style=\"--ad-shell-height:250px;--ad-shell-width:300px\" data-ad-wrapper=\"arcad\" data-ad-type=\"ad_1\" data-ad-slot=\"infobae\/politica\/nota\/ad_1\" data-ad-container=\"dfp\" data-ad-slot-name=\"infobae\/politica\/nota\/ad_1\">\n<p class=\"ad-shell-label\">PUBLICIDAD<\/p>\n<div id=\"infobae\/politica\/nota\/ad_1\" class=\"infobae\/politica\/nota\/ad_1 arcad ad-slot-node ad-slot-node--boxed\" data-ad-slot-id=\"infobae\/politica\/nota\/ad_1\"><\/div>\n<\/div>\n","protected":false},"excerpt":{"rendered":"<p>El jefe de Gabinete, Manuel Adorni, reiter\u00f3 este viernes que no piensa en renunciar por las denuncias en su contra. \u201cJam\u00e1s\u201d, contest\u00f3. Y agreg\u00f3: \u201cJam\u00e1s voy a ceder ante las presiones, ni el Presidente, ni Karina Milei, ni ninguno de los ministros\u201d. El funcionario es investigado en la justicia por presunto enriquecimiento il\u00edcito tras la [&hellip;]<\/p>\n","protected":false},"author":1,"featured_media":8651,"comment_status":"open","ping_status":"open","sticky":false,"template":"","format":"standard","meta":{"footnotes":""},"categories":[1],"tags":[],"class_list":["post-8650","post","type-post","status-publish","format-standard","has-post-thumbnail","hentry","category-uncategorized"],"_links":{"self":[{"href":"https:\/\/cliente1.publisher.highstack.com.ar\/index.php?rest_route=\/wp\/v2\/posts\/8650","targetHints":{"allow":["GET"]}}],"collection":[{"href":"https:\/\/cliente1.publisher.highstack.com.ar\/index.php?rest_route=\/wp\/v2\/posts"}],"about":[{"href":"https:\/\/cliente1.publisher.highstack.com.ar\/index.php?rest_route=\/wp\/v2\/types\/post"}],"author":[{"embeddable":true,"href":"https:\/\/cliente1.publisher.highstack.com.ar\/index.php?rest_route=\/wp\/v2\/users\/1"}],"replies":[{"embeddable":true,"href":"https:\/\/cliente1.publisher.highstack.com.ar\/index.php?rest_route=%2Fwp%2Fv2%2Fcomments&post=8650"}],"version-history":[{"count":0,"href":"https:\/\/cliente1.publisher.highstack.com.ar\/index.php?rest_route=\/wp\/v2\/posts\/8650\/revisions"}],"wp:featuredmedia":[{"embeddable":true,"href":"https:\/\/cliente1.publisher.highstack.com.ar\/index.php?rest_route=\/wp\/v2\/media\/8651"}],"wp:attachment":[{"href":"https:\/\/cliente1.publisher.highstack.com.ar\/index.php?rest_route=%2Fwp%2Fv2%2Fmedia&parent=8650"}],"wp:term":[{"taxonomy":"category","embeddable":true,"href":"https:\/\/cliente1.publisher.highstack.com.ar\/index.php?rest_route=%2Fwp%2Fv2%2Fcategories&post=8650"},{"taxonomy":"post_tag","embeddable":true,"href":"https:\/\/cliente1.publisher.highstack.com.ar\/index.php?rest_route=%2Fwp%2Fv2%2Ftags&post=8650"}],"curies":[{"name":"wp","href":"https:\/\/api.w.org\/{rel}","templated":true}]}}