{"id":8648,"date":"2026-05-01T08:58:22","date_gmt":"2026-05-01T11:58:22","guid":{"rendered":"https:\/\/cliente1.publisher.highstack.com.ar\/?p=8648"},"modified":"2026-05-01T08:58:22","modified_gmt":"2026-05-01T11:58:22","slug":"el-60-de-los-argentinos-no-trabaja-de-lo-que-estudio-y-solo-2-de-cada-10-ejerce-su-profesion-sonada","status":"publish","type":"post","link":"https:\/\/cliente1.publisher.highstack.com.ar\/?p=8648","title":{"rendered":"El 60% de los argentinos no trabaja de lo que estudi\u00f3 y solo 2 de cada 10 ejerce su profesi\u00f3n so\u00f1ada"},"content":{"rendered":"<div class=\"visual__image image-initial-width\"><picture><source srcset=\"https:\/\/www.infobae.com\/resizer\/v2\/6TQYZH2YLVCQLIRIZE3CXHGSOM.png?auth=f3bbc5e6d1fa588431a5aea636bf19f56323ed0dc0e656ecc58bf34af064c31a&amp;smart=true&amp;width=992&amp;height=541&amp;quality=85\" media=\"(min-width: 1000px)\"><\/source><source srcset=\"https:\/\/www.infobae.com\/resizer\/v2\/6TQYZH2YLVCQLIRIZE3CXHGSOM.png?auth=f3bbc5e6d1fa588431a5aea636bf19f56323ed0dc0e656ecc58bf34af064c31a&amp;smart=true&amp;width=768&amp;height=419&amp;quality=85\" media=\"(min-width: 768px)\"><\/source><source srcset=\"https:\/\/www.infobae.com\/resizer\/v2\/6TQYZH2YLVCQLIRIZE3CXHGSOM.png?auth=f3bbc5e6d1fa588431a5aea636bf19f56323ed0dc0e656ecc58bf34af064c31a&amp;smart=true&amp;width=577&amp;height=315&amp;quality=85\" media=\"(min-width: 580px)\"><\/source><source srcset=\"https:\/\/www.infobae.com\/resizer\/v2\/6TQYZH2YLVCQLIRIZE3CXHGSOM.png?auth=f3bbc5e6d1fa588431a5aea636bf19f56323ed0dc0e656ecc58bf34af064c31a&amp;smart=true&amp;width=420&amp;height=229&amp;quality=85\" media=\"(min-width: 350px)\"><\/source><source srcset=\"https:\/\/www.infobae.com\/resizer\/v2\/6TQYZH2YLVCQLIRIZE3CXHGSOM.png?auth=f3bbc5e6d1fa588431a5aea636bf19f56323ed0dc0e656ecc58bf34af064c31a&amp;smart=true&amp;width=350&amp;height=191&amp;quality=85\" media=\"(min-width: 80px)\"><\/source><img alt=\"Vista general de una oficina moderna y luminosa con varios empleados sentados en escritorios individuales, usando computadoras. Las ventanas muestran un paisaje urbano nocturno.\" class=\"global-image\" decoding=\"async\" fetchpriority=\"high\" height=\"768\" loading=\"eager\" src=\"https:\/\/www.infobae.com\/resizer\/v2\/6TQYZH2YLVCQLIRIZE3CXHGSOM.png?auth=f3bbc5e6d1fa588431a5aea636bf19f56323ed0dc0e656ecc58bf34af064c31a&amp;smart=true&amp;width=350&amp;height=191&amp;quality=85\" width=\"1408\"><\/picture><\/div>\n<p class=\"paragraph\">El desajuste entre formaci\u00f3n acad\u00e9mica y empleo es una de las principales caracter\u00edsticas del mercado laboral argentino. De acuerdo con un relevamiento privado, <b>el 61% de los trabajadores en el pa\u00eds se desempe\u00f1a en un \u00e1rea que no est\u00e1 vinculada con lo que estudi\u00f3 <\/b>y solo 2 de cada 10 ejerce su profesi\u00f3n so\u00f1ada.<\/p>\n<p class=\"paragraph\">El dato surge de un estudio elaborado por Bumeran en base a 2.391 casos en <b>Argentina, Chile, Ecuador, Panam\u00e1 y Per\u00fa<\/b>. El informe analiza la relaci\u00f3n entre la formaci\u00f3n, las aspiraciones y el trabajo efectivo, y muestra que la mayor\u00eda de los trabajadores no logra trasladar su educaci\u00f3n al \u00e1mbito laboral. <\/p>\n<div class=\"inline ad-wrapper dfpAd ad-inline ad-text ad-component-container\" style=\"--ad-shell-height:250px;--ad-shell-width:300px\" data-ad-wrapper=\"arcad\" data-ad-type=\"inline\" data-ad-slot=\"infobae\/economia\/nota\/inline\" data-ad-container=\"dfp\" data-ad-slot-name=\"infobae\/economia\/nota\/inline\">\n<p class=\"ad-shell-label\">PUBLICIDAD<\/p>\n<div id=\"infobae\/economia\/nota\/inline\" class=\"infobae\/economia\/nota\/inline arcad ad-slot-node ad-slot-node--boxed\" data-ad-slot-id=\"infobae\/economia\/nota\/inline\"><\/div>\n<\/div>\n<h2 class=\"text-align-left vertical-align-top line-height-100 header headline-class-h2 headline\" id=\"una-brecha-persistente\">Una brecha persistente<\/h2>\n<p class=\"paragraph\">El informe muestra que la tendencia se mantiene estable en el tiempo. Aunque hubo una leve mejora respecto del a\u00f1o anterior \u2014cuando el 63% no trabajaba de lo que hab\u00eda estudiado\u2014, la proporci\u00f3n contin\u00faa siendo mayoritaria. <\/p>\n<p class=\"paragraph\">La distancia entre estudio y empleo se manifiesta con mayor intensidad en los trabajadores m\u00e1s j\u00f3venes. <b>Entre quienes tienen entre 18 y 30 a\u00f1os, el 74% no se desempe\u00f1a en un \u00e1rea vinculada con su formaci\u00f3n<\/b>. A medida que aumenta la edad, la relaci\u00f3n entre estudios y trabajo tiende a fortalecerse: el porcentaje desciende al 59% entre quienes tienen entre 30 y 50 a\u00f1os y al 52% en los mayores de 50. <\/p>\n<div class=\"inline_2 ad-wrapper dfpAd ad-inline ad-text ad-component-container\" style=\"--ad-shell-height:250px;--ad-shell-width:300px\" data-ad-wrapper=\"arcad\" data-ad-type=\"inline_2\" data-ad-slot=\"infobae\/economia\/nota\/inline_2\" data-ad-container=\"dfp\" data-ad-slot-name=\"infobae\/economia\/nota\/inline_2\">\n<p class=\"ad-shell-label\">PUBLICIDAD<\/p>\n<div id=\"infobae\/economia\/nota\/inline_2\" class=\"infobae\/economia\/nota\/inline_2 arcad ad-slot-node ad-slot-node--boxed\" data-ad-slot-id=\"infobae\/economia\/nota\/inline_2\"><\/div>\n<\/div>\n<div class=\"visual__image\"><picture><source srcset=\"https:\/\/www.infobae.com\/resizer\/v2\/PM25NYADOFBQNOFDKMVSGGZ5MY.jpg?auth=4b079f50fb81fdc2992b8693183ea412b72577e4aa32d1f899682b8a52e39555&amp;smart=true&amp;width=992&amp;height=547&amp;quality=85\" media=\"(min-width: 1000px)\"><\/source><source srcset=\"https:\/\/www.infobae.com\/resizer\/v2\/PM25NYADOFBQNOFDKMVSGGZ5MY.jpg?auth=4b079f50fb81fdc2992b8693183ea412b72577e4aa32d1f899682b8a52e39555&amp;smart=true&amp;width=768&amp;height=424&amp;quality=85\" media=\"(min-width: 768px)\"><\/source><source srcset=\"https:\/\/www.infobae.com\/resizer\/v2\/PM25NYADOFBQNOFDKMVSGGZ5MY.jpg?auth=4b079f50fb81fdc2992b8693183ea412b72577e4aa32d1f899682b8a52e39555&amp;smart=true&amp;width=577&amp;height=318&amp;quality=85\" media=\"(min-width: 580px)\"><\/source><source srcset=\"https:\/\/www.infobae.com\/resizer\/v2\/PM25NYADOFBQNOFDKMVSGGZ5MY.jpg?auth=4b079f50fb81fdc2992b8693183ea412b72577e4aa32d1f899682b8a52e39555&amp;smart=true&amp;width=420&amp;height=232&amp;quality=85\" media=\"(min-width: 350px)\"><\/source><source srcset=\"https:\/\/www.infobae.com\/resizer\/v2\/PM25NYADOFBQNOFDKMVSGGZ5MY.jpg?auth=4b079f50fb81fdc2992b8693183ea412b72577e4aa32d1f899682b8a52e39555&amp;smart=true&amp;width=350&amp;height=193&amp;quality=85\" media=\"(min-width: 80px)\"><\/source><img alt=\"Gr\u00e1fico de barras apiladas mostrando la relaci\u00f3n entre estudio y empleo por edad. Barras en azul (S\u00ed) y rosa (No) para grupos de 18-30, 30-50 y &gt;50 a\u00f1os\" class=\"global-image\" decoding=\"async\" fetchpriority=\"low\" height=\"596\" loading=\"lazy\" src=\"https:\/\/www.infobae.com\/resizer\/v2\/PM25NYADOFBQNOFDKMVSGGZ5MY.jpg?auth=4b079f50fb81fdc2992b8693183ea412b72577e4aa32d1f899682b8a52e39555&amp;smart=true&amp;width=350&amp;height=193&amp;quality=85\" width=\"1080\"><\/picture><\/div>\n<p class=\"paragraph\">Por g\u00e9nero tambi\u00e9n se observan diferencias. El 70% de las personas que no se identifican ni como hombres ni como mujeres afirma no trabajar en algo relacionado con lo que estudi\u00f3, mientras que esa proporci\u00f3n es del<b> 61% entre los hombres<\/b> y del<b> 59% entre las mujeres<\/b>. Estas \u00faltimas son, dentro del relevamiento, quienes presentan mayor correspondencia entre formaci\u00f3n y empleo. <\/p>\n<h2 class=\"text-align-left vertical-align-top line-height-100 header headline-class-h2 headline\" id=\"expectativas-frustracion-y-satisfaccion-laboral\">Expectativas, frustraci\u00f3n y satisfacci\u00f3n laboral<\/h2>\n<p class=\"paragraph\">M\u00e1s all\u00e1 del v\u00ednculo entre estudios y ocupaci\u00f3n, el informe indaga en las percepciones de los trabajadores frente a esta situaci\u00f3n. <b>El 35% se\u00f1ala que siente agradecimiento por tener empleo<\/b>, aun cuando no est\u00e9 relacionado con su formaci\u00f3n o con lo que aspiraba a hacer. En paralelo,<b> el 31% expresa frustraci\u00f3n<\/b> por no poder desarrollarse en el \u00e1rea que estudi\u00f3 o so\u00f1\u00f3, mientras que un 12% manifiesta insatisfacci\u00f3n. <\/p>\n<div class=\"ad_1 ad-wrapper dfpAd ad-1-al-6 ad-text ad-component-container\" style=\"--ad-shell-height:250px;--ad-shell-width:300px\" data-ad-wrapper=\"arcad\" data-ad-type=\"ad_1\" data-ad-slot=\"infobae\/economia\/nota\/ad_1\" data-ad-container=\"dfp\" data-ad-slot-name=\"infobae\/economia\/nota\/ad_1\">\n<p class=\"ad-shell-label\">PUBLICIDAD<\/p>\n<div id=\"infobae\/economia\/nota\/ad_1\" class=\"infobae\/economia\/nota\/ad_1 arcad ad-slot-node ad-slot-node--boxed\" data-ad-slot-id=\"infobae\/economia\/nota\/ad_1\"><\/div>\n<\/div>\n<p class=\"paragraph\">\u201cLos resultados del estudio muestran una desconexi\u00f3n entre la formaci\u00f3n y el desarrollo profesional. Argentina lidera la tendencia en la regi\u00f3n con el 61% de los talentos que no trabajan de lo que estudiaron\u201d, afirm\u00f3<b> Federico Barni<\/b>, CEO de Bumeran en Jobint. <\/p>\n<p class=\"paragraph\">La brecha entre expectativas y realidad laboral tambi\u00e9n se observa cuando se analizan los sue\u00f1os de infancia. <b>Solo el 20% de los empleados afirma trabajar actualmente en la actividad que deseaba cuando era ni\u00f1o<\/b>, mientras que el 80% no logr\u00f3 concretar esa aspiraci\u00f3n. <\/p>\n<div class=\"ad_2 ad-wrapper dfpAd ad-1-al-6 ad-text ad-component-container\" style=\"--ad-shell-height:250px;--ad-shell-width:300px\" data-ad-wrapper=\"arcad\" data-ad-type=\"ad_2\" data-ad-slot=\"infobae\/economia\/nota\/ad_2\" data-ad-container=\"dfp\" data-ad-slot-name=\"infobae\/economia\/nota\/ad_2\">\n<p class=\"ad-shell-label\">PUBLICIDAD<\/p>\n<div id=\"infobae\/economia\/nota\/ad_2\" class=\"infobae\/economia\/nota\/ad_2 arcad ad-slot-node ad-slot-node--boxed\" data-ad-slot-id=\"infobae\/economia\/nota\/ad_2\"><\/div>\n<\/div>\n<p class=\"paragraph\">La insatisfacci\u00f3n laboral aparece como otro rasgo extendido. El 84% de los trabajadores afirma no sentirse satisfecho con su empleo actual, el nivel m\u00e1s alto entre los pa\u00edses relevados. <\/p>\n<h2 class=\"text-align-left vertical-align-top line-height-100 header headline-class-h2 headline\" id=\"de-la-formacion-al-empleo:-trayectorias-no-lineales\">De la formaci\u00f3n al empleo: trayectorias no lineales<\/h2>\n<p class=\"paragraph\">Aun as\u00ed, el estudio muestra que existe cierta coherencia entre los intereses de la infancia y las decisiones educativas. En Argentina, el 53% de los trabajadores estudi\u00f3 algo relacionado con lo que so\u00f1aba ser de ni\u00f1o, lo que indica que el desajuste se produce, en gran medida, en la inserci\u00f3n laboral y no en la elecci\u00f3n de la formaci\u00f3n. <\/p>\n<div class=\"ad_3 ad-wrapper dfpAd ad-1-al-6 ad-text ad-component-container\" style=\"--ad-shell-height:250px;--ad-shell-width:300px\" data-ad-wrapper=\"arcad\" data-ad-type=\"ad_3\" data-ad-slot=\"infobae\/economia\/nota\/ad_3\" data-ad-container=\"dfp\" data-ad-slot-name=\"infobae\/economia\/nota\/ad_3\">\n<p class=\"ad-shell-label\">PUBLICIDAD<\/p>\n<div id=\"infobae\/economia\/nota\/ad_3\" class=\"infobae\/economia\/nota\/ad_3 arcad ad-slot-node ad-slot-node--boxed\" data-ad-slot-id=\"infobae\/economia\/nota\/ad_3\"><\/div>\n<\/div>\n<p class=\"paragraph\">Entre las carreras m\u00e1s elegidas aparecen <b>Ingenier\u00eda <\/b>(22%), <b>profesorado <\/b>(16%), <b>Marketing <\/b>(12%), <b>Derecho <\/b>(10%) y <b>Periodismo <\/b>(8%). <\/p>\n<div class=\"visual__image\"><picture><source srcset=\"https:\/\/www.infobae.com\/resizer\/v2\/X7DNSQVA4NBUVH2XCLX7Z6IUXY.jpg?auth=f677da0a138efa21eb306d460bc4259df1ccc034d4df62722c166b66e4ce06b9&amp;smart=true&amp;width=992&amp;height=535&amp;quality=85\" media=\"(min-width: 1000px)\"><\/source><source srcset=\"https:\/\/www.infobae.com\/resizer\/v2\/X7DNSQVA4NBUVH2XCLX7Z6IUXY.jpg?auth=f677da0a138efa21eb306d460bc4259df1ccc034d4df62722c166b66e4ce06b9&amp;smart=true&amp;width=768&amp;height=414&amp;quality=85\" media=\"(min-width: 768px)\"><\/source><source srcset=\"https:\/\/www.infobae.com\/resizer\/v2\/X7DNSQVA4NBUVH2XCLX7Z6IUXY.jpg?auth=f677da0a138efa21eb306d460bc4259df1ccc034d4df62722c166b66e4ce06b9&amp;smart=true&amp;width=577&amp;height=311&amp;quality=85\" media=\"(min-width: 580px)\"><\/source><source srcset=\"https:\/\/www.infobae.com\/resizer\/v2\/X7DNSQVA4NBUVH2XCLX7Z6IUXY.jpg?auth=f677da0a138efa21eb306d460bc4259df1ccc034d4df62722c166b66e4ce06b9&amp;smart=true&amp;width=420&amp;height=226&amp;quality=85\" media=\"(min-width: 350px)\"><\/source><source srcset=\"https:\/\/www.infobae.com\/resizer\/v2\/X7DNSQVA4NBUVH2XCLX7Z6IUXY.jpg?auth=f677da0a138efa21eb306d460bc4259df1ccc034d4df62722c166b66e4ce06b9&amp;smart=true&amp;width=350&amp;height=189&amp;quality=85\" media=\"(min-width: 80px)\"><\/source><img alt=\"Gr\u00e1fico de barras horizontal que muestra las carreras estudiadas por trabajadores, con Ingenier\u00eda (22%), Profesorado (16%) y Marketing (12%)\" class=\"global-image\" decoding=\"async\" fetchpriority=\"low\" height=\"582\" loading=\"lazy\" src=\"https:\/\/www.infobae.com\/resizer\/v2\/X7DNSQVA4NBUVH2XCLX7Z6IUXY.jpg?auth=f677da0a138efa21eb306d460bc4259df1ccc034d4df62722c166b66e4ce06b9&amp;smart=true&amp;width=350&amp;height=189&amp;quality=85\" width=\"1080\"><\/picture><\/div>\n<p class=\"paragraph\">Sin embargo, al observar las ocupaciones actuales, el mapa es diferente. En el caso de las mujeres, los empleos m\u00e1s frecuentes son <b>ventas <\/b>(30%), <b>docencia <\/b>(25%) y <b>tareas de caja<\/b> (21%). Entre los hombres, predominan tambi\u00e9n las <b>ventas <\/b>(37%) y la <b>atenci\u00f3n en caja<\/b> (17%), seguidas por <b>ingenier\u00eda <\/b>(9%). <\/p>\n<div class=\"ad_4 ad-wrapper dfpAd ad-1-al-6 ad-text ad-component-container\" style=\"--ad-shell-height:250px;--ad-shell-width:300px\" data-ad-wrapper=\"arcad\" data-ad-type=\"ad_4\" data-ad-slot=\"infobae\/economia\/nota\/ad_4\" data-ad-container=\"dfp\" data-ad-slot-name=\"infobae\/economia\/nota\/ad_4\">\n<p class=\"ad-shell-label\">PUBLICIDAD<\/p>\n<div id=\"infobae\/economia\/nota\/ad_4\" class=\"infobae\/economia\/nota\/ad_4 arcad ad-slot-node ad-slot-node--boxed\" data-ad-slot-id=\"infobae\/economia\/nota\/ad_4\"><\/div>\n<\/div>\n<p class=\"paragraph\">Estas diferencias entre formaci\u00f3n y empleo refuerzan el diagn\u00f3stico central del informe: la trayectoria educativa no siempre se traduce en una inserci\u00f3n laboral acorde.<\/p>\n<h2 class=\"text-align-left vertical-align-top line-height-100 header headline-class-h2 headline\" id=\"las-nuevas-tendencias\">Las nuevas tendencias<\/h2>\n<p class=\"paragraph\">El relevamiento tambi\u00e9n aborda las habilidades que los trabajadores consideran m\u00e1s valoradas en el mercado laboral actual. Entre ellas se destacan las vinculadas a la <b>inform\u00e1tica<\/b>, el <b>trabajo en equipo <\/b>y la <b>capacidad de estrategia y negociaci\u00f3n<\/b>, lo que sugiere un cambio en las demandas del mercado respecto de las trayectorias formales tradicionales. <\/p>\n<div class=\"ad_5 ad-wrapper dfpAd ad-1-al-6 ad-text ad-component-container\" style=\"--ad-shell-height:250px;--ad-shell-width:300px\" data-ad-wrapper=\"arcad\" data-ad-type=\"ad_5\" data-ad-slot=\"infobae\/economia\/nota\/ad_5\" data-ad-container=\"dfp\" data-ad-slot-name=\"infobae\/economia\/nota\/ad_5\">\n<p class=\"ad-shell-label\">PUBLICIDAD<\/p>\n<div id=\"infobae\/economia\/nota\/ad_5\" class=\"infobae\/economia\/nota\/ad_5 arcad ad-slot-node ad-slot-node--boxed\" data-ad-slot-id=\"infobae\/economia\/nota\/ad_5\"><\/div>\n<\/div>\n<p class=\"paragraph\">En paralelo, los sue\u00f1os laborales de las nuevas generaciones muestran transformaciones. Las opciones m\u00e1s mencionadas incluyen actividades vinculadas a la<b> creaci\u00f3n de contenido y la exposici\u00f3n p\u00fablica<\/b>, como ser influencer o youtuber, lo que marca una diferencia respecto de las aspiraciones tradicionales relevadas en generaciones anteriores. <\/p>\n<p class=\"paragraph\">En conjunto, los datos reflejan un mercado laboral en el que predominan trayectorias no lineales, con recorridos que se alejan de la formaci\u00f3n inicial y de las expectativas construidas durante la infancia.<\/p>\n<div class=\"ad_6 ad-wrapper dfpAd ad-1-al-6 ad-text ad-component-container\" style=\"--ad-shell-height:250px;--ad-shell-width:300px\" data-ad-wrapper=\"arcad\" data-ad-type=\"ad_6\" data-ad-slot=\"infobae\/economia\/nota\/ad_6\" data-ad-container=\"dfp\" data-ad-slot-name=\"infobae\/economia\/nota\/ad_6\">\n<p class=\"ad-shell-label\">PUBLICIDAD<\/p>\n<div id=\"infobae\/economia\/nota\/ad_6\" class=\"infobae\/economia\/nota\/ad_6 arcad ad-slot-node ad-slot-node--boxed\" data-ad-slot-id=\"infobae\/economia\/nota\/ad_6\"><\/div>\n<\/div>\n","protected":false},"excerpt":{"rendered":"<p>El desajuste entre formaci\u00f3n acad\u00e9mica y empleo es una de las principales caracter\u00edsticas del mercado laboral argentino. De acuerdo con un relevamiento privado, el 61% de los trabajadores en el pa\u00eds se desempe\u00f1a en un \u00e1rea que no est\u00e1 vinculada con lo que estudi\u00f3 y solo 2 de cada 10 ejerce su profesi\u00f3n so\u00f1ada. El [&hellip;]<\/p>\n","protected":false},"author":1,"featured_media":8649,"comment_status":"open","ping_status":"open","sticky":false,"template":"","format":"standard","meta":{"footnotes":""},"categories":[1],"tags":[],"class_list":["post-8648","post","type-post","status-publish","format-standard","has-post-thumbnail","hentry","category-uncategorized"],"_links":{"self":[{"href":"https:\/\/cliente1.publisher.highstack.com.ar\/index.php?rest_route=\/wp\/v2\/posts\/8648","targetHints":{"allow":["GET"]}}],"collection":[{"href":"https:\/\/cliente1.publisher.highstack.com.ar\/index.php?rest_route=\/wp\/v2\/posts"}],"about":[{"href":"https:\/\/cliente1.publisher.highstack.com.ar\/index.php?rest_route=\/wp\/v2\/types\/post"}],"author":[{"embeddable":true,"href":"https:\/\/cliente1.publisher.highstack.com.ar\/index.php?rest_route=\/wp\/v2\/users\/1"}],"replies":[{"embeddable":true,"href":"https:\/\/cliente1.publisher.highstack.com.ar\/index.php?rest_route=%2Fwp%2Fv2%2Fcomments&post=8648"}],"version-history":[{"count":0,"href":"https:\/\/cliente1.publisher.highstack.com.ar\/index.php?rest_route=\/wp\/v2\/posts\/8648\/revisions"}],"wp:featuredmedia":[{"embeddable":true,"href":"https:\/\/cliente1.publisher.highstack.com.ar\/index.php?rest_route=\/wp\/v2\/media\/8649"}],"wp:attachment":[{"href":"https:\/\/cliente1.publisher.highstack.com.ar\/index.php?rest_route=%2Fwp%2Fv2%2Fmedia&parent=8648"}],"wp:term":[{"taxonomy":"category","embeddable":true,"href":"https:\/\/cliente1.publisher.highstack.com.ar\/index.php?rest_route=%2Fwp%2Fv2%2Fcategories&post=8648"},{"taxonomy":"post_tag","embeddable":true,"href":"https:\/\/cliente1.publisher.highstack.com.ar\/index.php?rest_route=%2Fwp%2Fv2%2Ftags&post=8648"}],"curies":[{"name":"wp","href":"https:\/\/api.w.org\/{rel}","templated":true}]}}