{"id":8644,"date":"2026-05-01T08:38:08","date_gmt":"2026-05-01T11:38:08","guid":{"rendered":"https:\/\/cliente1.publisher.highstack.com.ar\/?p=8644"},"modified":"2026-05-01T08:38:08","modified_gmt":"2026-05-01T11:38:08","slug":"impresionante-vuelco-en-acceso-a-parana-por-ruta-12-un-hombre-esta-en-terapia-intensiva","status":"publish","type":"post","link":"https:\/\/cliente1.publisher.highstack.com.ar\/?p=8644","title":{"rendered":"Impresionante vuelco en acceso a Paran\u00e1 por Ruta 12: un hombre est\u00e1 en terapia intensiva"},"content":{"rendered":"<p><\/p>\n<div>\n<p><b>Un impresionante vuelco en acceso a Paran\u00e1 por Ruta 12 dej\u00f3 a un hombre de 36 a\u00f1os en terapia intensiva,<\/b> tras un grave accidente ocurrido minutos despu\u00e9s de las 5 de este viernes, feriado por el D\u00eda del Trabajador, en la capital entrerriana. <\/p>\n<p><!-- is a <br \/>--><\/p>\n<p><!-- is a object --><br \/>\n<!-- embed start --><\/p>\n<figure class=\"embed\">\n<p>    <img decoding=\"async\" src=\"https:\/\/elonce-media.elonce.com\/fotos\/2026\/05\/01\/e_1777632735_92450.webp\" loading=\"lazy\" width=\"600\" height=\"400\" alt=\"(Bomberos Voluntarios de Paran\u00e1).\"\/><figcaption>\n            <span>(Bomberos Voluntarios de Paran\u00e1).<\/span><br \/>\n        <\/figcaption><\/figure>\n<p><!-- embed end --><br \/>\n<!-- end object --><\/p>\n<p>Seg\u00fan informaron fuentes policiales a <b>Elonce, el siniestro vial se produjo cuando un Volkswagen Suran perdi\u00f3 el control en la intersecci\u00f3n de calle Salellas y Colectora, entre Miguel David<\/b> y Jorge Newbery, en una zona que actualmente se encuentra en obra. <\/p>\n<p><!-- is a <br \/>--><\/p>\n<p><!-- is a object --><br \/>\n<!-- embed start --><\/p>\n<figure class=\"embed\">\n<p>    <img decoding=\"async\" src=\"https:\/\/elonce-media.elonce.com\/fotos\/2026\/05\/01\/e_1777632735_32099.webp\" loading=\"lazy\" width=\"600\" height=\"400\" alt=\"(Bomberos Voluntarios de Paran\u00e1).\"\/><figcaption>\n            <span>(Bomberos Voluntarios de Paran\u00e1).<\/span><br \/>\n        <\/figcaption><\/figure>\n<p><!-- embed end --><br \/>\n<!-- end object --><\/p>\n<p>De acuerdo a las primeras averiguaciones sobre c\u00f3mo ocurri\u00f3 el grave accidente, por cuestiones que se investigan, <b>el conductor &#8220;habr\u00eda seguido de largo, impact\u00f3 contra un zanj\u00f3n de desag\u00fce que cruza la colectora&#8221;<\/b> y, a ra\u00edz de ello, el veh\u00edculo comenz\u00f3 a dar varios tumbos hasta quedar detenido. <\/p>\n<p><!-- is a <br \/>--><\/p>\n<p><!-- is a object --><br \/>\n<!-- embed start --><\/p>\n<figure class=\"embed\">\n<p>    <img decoding=\"async\" src=\"https:\/\/elonce-media.elonce.com\/fotos\/2026\/05\/01\/e_1777632735_54418.webp\" loading=\"lazy\" width=\"600\" height=\"400\" alt=\"(Bomberos Voluntarios de Paran\u00e1).\"\/><figcaption>\n            <span>(Bomberos Voluntarios de Paran\u00e1).<\/span><br \/>\n        <\/figcaption><\/figure>\n<p><!-- embed end --><br \/>\n<!-- end object --><\/p>\n<p>\u00a0<\/p>\n<p><!-- is a <br \/>--><\/p>\n<p><!-- is a object --><\/p>\n<h3>Estado de salud y operativo en el lugar<\/h3>\n<p><!-- end object --><\/p>\n<p>\u00a0<\/p>\n<p><!-- is a <br \/>--><\/p>\n<p>El hombre sufri\u00f3 lesiones de gravedad y fue trasladado de urgencia al hospital San Mart\u00edn. <b>En el primer parte m\u00e9dico al que accedi\u00f3 Elonce, se indic\u00f3 que \u201cel hombre se encuentra en terapia intensiva tras el incidente vial\u201d.<\/b> <\/p>\n<p><!-- is a <br \/>--><\/p>\n<p><!-- is a object --><br \/>\n<!-- embed start --><\/p>\n<figure class=\"embed\">\n<p>    <img decoding=\"async\" src=\"https:\/\/elonce-media.elonce.com\/fotos\/2026\/05\/01\/e_1777632735_88676.webp\" loading=\"lazy\" width=\"600\" height=\"400\" alt=\"\"\/><\/p>\n<\/figure>\n<p><!-- embed end --><br \/>\n<!-- end object --><\/p>\n<p>En el lugar del hecho intervino personal policial de la Comisar\u00eda 15, junto a una dotaci\u00f3n del Cuerpo Activo de Bomberos Voluntarios de Paran\u00e1 y agentes de Accidentolog\u00eda Vial, quienes realizaron las pericias correspondientes para determinar las causas del accidente. <\/p>\n<p><!-- is a <br \/>--><\/p>\n<p><!-- is a object --><br \/>\n<!-- embed start --><\/p>\n<figure class=\"embed\">\n<p>    <img decoding=\"async\" src=\"https:\/\/elonce-media.elonce.com\/fotos\/2026\/05\/01\/e_1777632735_28017.webp\" loading=\"lazy\" width=\"600\" height=\"400\" alt=\"(Bomberos Voluntarios de Paran\u00e1).\"\/><figcaption>\n            <span>(Bomberos Voluntarios de Paran\u00e1).<\/span><br \/>\n        <\/figcaption><\/figure>\n<p><!-- embed end --><br \/>\n<!-- end object --><\/p>\n<p>\u00a0<\/p>\n<p><!-- is a <br \/>--><\/p>\n<p>Las autoridades continuaban con la investigaci\u00f3n para establecer con precisi\u00f3n c\u00f3mo se produjo el violento vuelco en uno de los accesos m\u00e1s transitados de la ciudad.<\/p>\n<\/p><\/div>\n","protected":false},"excerpt":{"rendered":"<p>Un impresionante vuelco en acceso a Paran\u00e1 por Ruta 12 dej\u00f3 a un hombre de 36 a\u00f1os en terapia intensiva, tras un grave accidente ocurrido minutos despu\u00e9s de las 5 de este viernes, feriado por el D\u00eda del Trabajador, en la capital entrerriana. (Bomberos Voluntarios de Paran\u00e1). Seg\u00fan informaron fuentes policiales a Elonce, el siniestro [&hellip;]<\/p>\n","protected":false},"author":1,"featured_media":8645,"comment_status":"open","ping_status":"open","sticky":false,"template":"","format":"standard","meta":{"footnotes":""},"categories":[1],"tags":[],"class_list":["post-8644","post","type-post","status-publish","format-standard","has-post-thumbnail","hentry","category-uncategorized"],"_links":{"self":[{"href":"https:\/\/cliente1.publisher.highstack.com.ar\/index.php?rest_route=\/wp\/v2\/posts\/8644","targetHints":{"allow":["GET"]}}],"collection":[{"href":"https:\/\/cliente1.publisher.highstack.com.ar\/index.php?rest_route=\/wp\/v2\/posts"}],"about":[{"href":"https:\/\/cliente1.publisher.highstack.com.ar\/index.php?rest_route=\/wp\/v2\/types\/post"}],"author":[{"embeddable":true,"href":"https:\/\/cliente1.publisher.highstack.com.ar\/index.php?rest_route=\/wp\/v2\/users\/1"}],"replies":[{"embeddable":true,"href":"https:\/\/cliente1.publisher.highstack.com.ar\/index.php?rest_route=%2Fwp%2Fv2%2Fcomments&post=8644"}],"version-history":[{"count":0,"href":"https:\/\/cliente1.publisher.highstack.com.ar\/index.php?rest_route=\/wp\/v2\/posts\/8644\/revisions"}],"wp:featuredmedia":[{"embeddable":true,"href":"https:\/\/cliente1.publisher.highstack.com.ar\/index.php?rest_route=\/wp\/v2\/media\/8645"}],"wp:attachment":[{"href":"https:\/\/cliente1.publisher.highstack.com.ar\/index.php?rest_route=%2Fwp%2Fv2%2Fmedia&parent=8644"}],"wp:term":[{"taxonomy":"category","embeddable":true,"href":"https:\/\/cliente1.publisher.highstack.com.ar\/index.php?rest_route=%2Fwp%2Fv2%2Fcategories&post=8644"},{"taxonomy":"post_tag","embeddable":true,"href":"https:\/\/cliente1.publisher.highstack.com.ar\/index.php?rest_route=%2Fwp%2Fv2%2Ftags&post=8644"}],"curies":[{"name":"wp","href":"https:\/\/api.w.org\/{rel}","templated":true}]}}