{"id":8640,"date":"2026-05-01T06:59:01","date_gmt":"2026-05-01T09:59:01","guid":{"rendered":"https:\/\/cliente1.publisher.highstack.com.ar\/?p=8640"},"modified":"2026-05-01T06:59:01","modified_gmt":"2026-05-01T09:59:01","slug":"la-empleabilidad-como-garantia-de-inclusion-socialla-ley-de-modernizacion-laboral-27-802-crea-el-programa-de-formacion-laboral-basica-para-impulsar-la-empleabilidad-minima-en-la-era-digital","status":"publish","type":"post","link":"https:\/\/cliente1.publisher.highstack.com.ar\/?p=8640","title":{"rendered":"La empleabilidad como garant\u00eda de inclusi\u00f3n socialLa Ley de Modernizaci\u00f3n Laboral 27.802 crea el Programa de Formaci\u00f3n Laboral B\u00e1sica para impulsar la empleabilidad m\u00ednima en la era digital"},"content":{"rendered":"<div class=\"visual__image image-initial-width\"><picture><source srcset=\"https:\/\/www.infobae.com\/resizer\/v2\/I66A24HCR5GERKBFHY3BBQ4AGQ.jpg?auth=d254718fdd6a350f0233c05fd347ee47956e291e20b25be7e395caf46f3ed996&amp;smart=true&amp;width=992&amp;height=558&amp;quality=85\" media=\"(min-width: 1000px)\"><\/source><source srcset=\"https:\/\/www.infobae.com\/resizer\/v2\/I66A24HCR5GERKBFHY3BBQ4AGQ.jpg?auth=d254718fdd6a350f0233c05fd347ee47956e291e20b25be7e395caf46f3ed996&amp;smart=true&amp;width=768&amp;height=432&amp;quality=85\" media=\"(min-width: 768px)\"><\/source><source srcset=\"https:\/\/www.infobae.com\/resizer\/v2\/I66A24HCR5GERKBFHY3BBQ4AGQ.jpg?auth=d254718fdd6a350f0233c05fd347ee47956e291e20b25be7e395caf46f3ed996&amp;smart=true&amp;width=577&amp;height=325&amp;quality=85\" media=\"(min-width: 580px)\"><\/source><source srcset=\"https:\/\/www.infobae.com\/resizer\/v2\/I66A24HCR5GERKBFHY3BBQ4AGQ.jpg?auth=d254718fdd6a350f0233c05fd347ee47956e291e20b25be7e395caf46f3ed996&amp;smart=true&amp;width=420&amp;height=236&amp;quality=85\" media=\"(min-width: 350px)\"><\/source><source srcset=\"https:\/\/www.infobae.com\/resizer\/v2\/I66A24HCR5GERKBFHY3BBQ4AGQ.jpg?auth=d254718fdd6a350f0233c05fd347ee47956e291e20b25be7e395caf46f3ed996&amp;smart=true&amp;width=350&amp;height=197&amp;quality=85\" media=\"(min-width: 80px)\"><\/source><img alt=\"(Imagen Ilustrativa Infobae)\" class=\"global-image\" decoding=\"async\" fetchpriority=\"high\" height=\"1080\" loading=\"eager\" src=\"https:\/\/www.infobae.com\/resizer\/v2\/I66A24HCR5GERKBFHY3BBQ4AGQ.jpg?auth=d254718fdd6a350f0233c05fd347ee47956e291e20b25be7e395caf46f3ed996&amp;smart=true&amp;width=350&amp;height=197&amp;quality=85\" width=\"1920\"><\/picture><\/div>\n<p class=\"paragraph\">En este <b>D\u00eda del Trabajador<\/b> nos debemos un debate sobre el rol que debe tener el Estado en la protecci\u00f3n de los trabajadores, as\u00ed como en la promoci\u00f3n del empleo.<\/p>\n<p class=\"paragraph\">Nadie puede negarlo: la irrupci\u00f3n de la <b>Inteligencia Artificial<\/b> y la automatizaci\u00f3n en los procesos productivos redefini\u00f3 el mundo laboral. Las aptitudes exigidas para la supervivencia en el mercado cambiaron y tambi\u00e9n lo hicieron las normas. En este escenario, la <b>Ley de Modernizaci\u00f3n Laboral 27.802<\/b>, mediante los art\u00edculos 152 y 153 del Cap\u00edtulo II, cre\u00f3 el <b>Programa de Formaci\u00f3n Laboral B\u00e1sica<\/b> para \u201cgarantizar el desarrollo de las competencias m\u00ednimas necesarias para la incorporaci\u00f3n al mundo laboral de las personas que por diversas situaciones no hubieran podido adquirirlas\u201d.<\/p>\n<div class=\"inline ad-wrapper dfpAd ad-inline ad-text ad-component-container\" style=\"--ad-shell-height:250px;--ad-shell-width:300px\" data-ad-wrapper=\"arcad\" data-ad-type=\"inline\" data-ad-slot=\"infobae\/politica\/nota\/inline\" data-ad-container=\"dfp\" data-ad-slot-name=\"infobae\/politica\/nota\/inline\">\n<p class=\"ad-shell-label\">PUBLICIDAD<\/p>\n<div id=\"infobae\/politica\/nota\/inline\" class=\"infobae\/politica\/nota\/inline arcad ad-slot-node ad-slot-node--boxed\" data-ad-slot-id=\"infobae\/politica\/nota\/inline\"><\/div>\n<\/div>\n<p class=\"paragraph\">Seg\u00fan la norma, este programa tendr\u00e1 dos ejes: <b>el Programa de Competencias Sociolaborales B\u00e1sicas se enfoca en las personas sin terminalidad educativa con el objetivo de brindarles herramientas de lectura y comprensi\u00f3n de textos, expresi\u00f3n oral y razonamiento matem\u00e1tico, entre otras<\/b>. Y el <b>Programa de Formaci\u00f3n Laboral Inicial<\/b> apunta al desarrollo de estas competencias iniciales en una rama de la actividad productiva econ\u00f3mica con prioridad regional y en perspectiva de su futura demanda. De esta forma, busca integrar a las personas complementando su formaci\u00f3n con el <b>Programa de Entrenamiento para el trabajo<\/b>.<\/p>\n<p class=\"paragraph\">Esta norma introduce una categor\u00eda jur\u00eddica disruptiva y moderna: la empleabilidad m\u00ednima. Este concepto no debe entenderse como un est\u00e1ndar de exigencia para el trabajador, sino como un deber prestacional del Estado destinado a garantizar un piso de ciudadan\u00eda econ\u00f3mica en la era digital y donde los empleadores tienen un papel de suma importancia.<\/p>\n<div class=\"inline_2 ad-wrapper dfpAd ad-inline ad-text ad-component-container\" style=\"--ad-shell-height:250px;--ad-shell-width:300px\" data-ad-wrapper=\"arcad\" data-ad-type=\"inline_2\" data-ad-slot=\"infobae\/politica\/nota\/inline_2\" data-ad-container=\"dfp\" data-ad-slot-name=\"infobae\/politica\/nota\/inline_2\">\n<p class=\"ad-shell-label\">PUBLICIDAD<\/p>\n<div id=\"infobae\/politica\/nota\/inline_2\" class=\"infobae\/politica\/nota\/inline_2 arcad ad-slot-node ad-slot-node--boxed\" data-ad-slot-id=\"infobae\/politica\/nota\/inline_2\"><\/div>\n<\/div>\n<p class=\"paragraph\">La protecci\u00f3n del trabajador en el siglo XXI no puede limitarse a la tutela resarcitoria ante el despido; debe evolucionar hacia una tutela preventiva basada en la capacitaci\u00f3n constante. La creaci\u00f3n del Programa de Formaci\u00f3n Laboral B\u00e1sica identifica que la carencia de competencias fundamentales \u2014como la alfabetizaci\u00f3n digital, la comprensi\u00f3n de textos y el razonamiento l\u00f3gico\u2014 constituye hoy la principal causa de exclusi\u00f3n social. El Congreso, al institucionalizar este programa, <b>reconoce que el derecho al trabajo se vuelve ilusorio si el sujeto carece de las herramientas cognitivas para interactuar con los nuevos entornos tecno-laborales<\/b>.<\/p>\n<p class=\"paragraph\">La <b>Ciudad de Buenos Aires<\/b> ya hab\u00eda avanzado en esta direcci\u00f3n y desde la gesti\u00f3n del Jefe de Gobierno, <b>Jorge Macri<\/b>, dimos un gran impulso a la <b>Agencia de Habilidades para el Futuro<\/b>, donde se impulsan m\u00e1s de 670 ofertas educativas orientadas al desarrollo de competencias para el empleo, con iniciativas como <b>Talento Tech<\/b>, programas de terminalidad educativa como <b>SecundarT<\/b>, propuestas de primer acercamiento al mundo laboral como <b>Constru\u00ed tu Futuro<\/b> para j\u00f3venes, capacitaciones destinadas a emprendedores en un innovador <b>Centro de Simulaci\u00f3n<\/b>, programas de subsidio al aprendizaje en la empresa como la <b>Pr\u00e1cticas Formativas<\/b> o el <b>Programa de Inducci\u00f3n para el Empleo<\/b>.<\/p>\n<div class=\"ad_1 ad-wrapper dfpAd ad-1-al-6 ad-text ad-component-container\" style=\"--ad-shell-height:250px;--ad-shell-width:300px\" data-ad-wrapper=\"arcad\" data-ad-type=\"ad_1\" data-ad-slot=\"infobae\/politica\/nota\/ad_1\" data-ad-container=\"dfp\" data-ad-slot-name=\"infobae\/politica\/nota\/ad_1\">\n<p class=\"ad-shell-label\">PUBLICIDAD<\/p>\n<div id=\"infobae\/politica\/nota\/ad_1\" class=\"infobae\/politica\/nota\/ad_1 arcad ad-slot-node ad-slot-node--boxed\" data-ad-slot-id=\"infobae\/politica\/nota\/ad_1\"><\/div>\n<\/div>\n<p class=\"paragraph\">Se trata de propuestas en las que somos autoridad de aplicaci\u00f3n desde la <b>Secretar\u00eda de Trabajo<\/b>, junto al <b>Ministerio de Educaci\u00f3n<\/b>. A ellas se le suma el nuevo programa de asistencia social del <b>Gobierno de la Ciudad<\/b>, mediante el cual pusimos fin a los \u00faltimos planes sociales a\u00fan activos y creamos un programa de capacitaci\u00f3n y empleo que promueve la autonom\u00eda econ\u00f3mica. La medida alcanzar\u00e1 a unas 5 mil personas e incluye pagos directos sin intermediarios, formaci\u00f3n obligatoria y articulaci\u00f3n con el sector privado para facilitar la inserci\u00f3n laboral.<\/p>\n<p class=\"paragraph\">La nueva <b>ley nacional<\/b> va por el camino correcto. La reglamentaci\u00f3n debe centrarse en restaurar la base de confianza y aptitud del individuo, potenciando no s\u00f3lo la formaci\u00f3n de operarios eficientes o t\u00e9cnicos, sino de personas con capacidad para usufructuar las herramientas que le otorga la educaci\u00f3n para el empleo.<\/p>\n<div class=\"ad_2 ad-wrapper dfpAd ad-1-al-6 ad-text ad-component-container\" style=\"--ad-shell-height:250px;--ad-shell-width:300px\" data-ad-wrapper=\"arcad\" data-ad-type=\"ad_2\" data-ad-slot=\"infobae\/politica\/nota\/ad_2\" data-ad-container=\"dfp\" data-ad-slot-name=\"infobae\/politica\/nota\/ad_2\">\n<p class=\"ad-shell-label\">PUBLICIDAD<\/p>\n<div id=\"infobae\/politica\/nota\/ad_2\" class=\"infobae\/politica\/nota\/ad_2 arcad ad-slot-node ad-slot-node--boxed\" data-ad-slot-id=\"infobae\/politica\/nota\/ad_2\"><\/div>\n<\/div>\n<p class=\"paragraph\">Por otro lado, la designaci\u00f3n de la <b>Secretar\u00eda de Trabajo, Empleo y Seguridad Social<\/b> como autoridad de aplicaci\u00f3n (art\u00edculo 153) puede ser extendida a las autoridades laborales provinciales, a fin de otorgarle al sistema la centralidad necesaria para coordinar la certificaci\u00f3n de estas competencias, y en l\u00ednea con las pol\u00edticas de descentralizaci\u00f3n y autonom\u00eda de la <b>Ciudad<\/b>.<\/p>\n<p class=\"paragraph\">Otorgar a la certificaci\u00f3n estatal la funcionalidad de actuar como un activo de seguridad social implica un hito fundamental para nuestro pa\u00eds. Este \u201cpasaporte de empleabilidad\u201d <b>va a permitir a los trabajadores acreditar saberes frente a un mercado que se vuelve cada vez m\u00e1s exigente<\/b>.<\/p>\n<div class=\"ad_3 ad-wrapper dfpAd ad-1-al-6 ad-text ad-component-container\" style=\"--ad-shell-height:250px;--ad-shell-width:300px\" data-ad-wrapper=\"arcad\" data-ad-type=\"ad_3\" data-ad-slot=\"infobae\/politica\/nota\/ad_3\" data-ad-container=\"dfp\" data-ad-slot-name=\"infobae\/politica\/nota\/ad_3\">\n<p class=\"ad-shell-label\">PUBLICIDAD<\/p>\n<div id=\"infobae\/politica\/nota\/ad_3\" class=\"infobae\/politica\/nota\/ad_3 arcad ad-slot-node ad-slot-node--boxed\" data-ad-slot-id=\"infobae\/politica\/nota\/ad_3\"><\/div>\n<\/div>\n<p class=\"paragraph\">En definitiva, la empleabilidad m\u00ednima se constituye como una nueva garant\u00eda de equidad para los trabajadores en el siglo XXI. En un mundo donde el capital humano es el activo m\u00e1s valioso, <b>el Estado debe asumir el rol de garante para que la metamorfosis digital no devenga en una segmentaci\u00f3n irreversible entre integrados y excluidos, asegurando que la tecnolog\u00eda sea, finalmente, un vector de ascenso social y no de marginaci\u00f3n<\/b>.<\/p>\n","protected":false},"excerpt":{"rendered":"<p>En este D\u00eda del Trabajador nos debemos un debate sobre el rol que debe tener el Estado en la protecci\u00f3n de los trabajadores, as\u00ed como en la promoci\u00f3n del empleo. Nadie puede negarlo: la irrupci\u00f3n de la Inteligencia Artificial y la automatizaci\u00f3n en los procesos productivos redefini\u00f3 el mundo laboral. Las aptitudes exigidas para la [&hellip;]<\/p>\n","protected":false},"author":1,"featured_media":8641,"comment_status":"open","ping_status":"open","sticky":false,"template":"","format":"standard","meta":{"footnotes":""},"categories":[1],"tags":[],"class_list":["post-8640","post","type-post","status-publish","format-standard","has-post-thumbnail","hentry","category-uncategorized"],"_links":{"self":[{"href":"https:\/\/cliente1.publisher.highstack.com.ar\/index.php?rest_route=\/wp\/v2\/posts\/8640","targetHints":{"allow":["GET"]}}],"collection":[{"href":"https:\/\/cliente1.publisher.highstack.com.ar\/index.php?rest_route=\/wp\/v2\/posts"}],"about":[{"href":"https:\/\/cliente1.publisher.highstack.com.ar\/index.php?rest_route=\/wp\/v2\/types\/post"}],"author":[{"embeddable":true,"href":"https:\/\/cliente1.publisher.highstack.com.ar\/index.php?rest_route=\/wp\/v2\/users\/1"}],"replies":[{"embeddable":true,"href":"https:\/\/cliente1.publisher.highstack.com.ar\/index.php?rest_route=%2Fwp%2Fv2%2Fcomments&post=8640"}],"version-history":[{"count":0,"href":"https:\/\/cliente1.publisher.highstack.com.ar\/index.php?rest_route=\/wp\/v2\/posts\/8640\/revisions"}],"wp:featuredmedia":[{"embeddable":true,"href":"https:\/\/cliente1.publisher.highstack.com.ar\/index.php?rest_route=\/wp\/v2\/media\/8641"}],"wp:attachment":[{"href":"https:\/\/cliente1.publisher.highstack.com.ar\/index.php?rest_route=%2Fwp%2Fv2%2Fmedia&parent=8640"}],"wp:term":[{"taxonomy":"category","embeddable":true,"href":"https:\/\/cliente1.publisher.highstack.com.ar\/index.php?rest_route=%2Fwp%2Fv2%2Fcategories&post=8640"},{"taxonomy":"post_tag","embeddable":true,"href":"https:\/\/cliente1.publisher.highstack.com.ar\/index.php?rest_route=%2Fwp%2Fv2%2Ftags&post=8640"}],"curies":[{"name":"wp","href":"https:\/\/api.w.org\/{rel}","templated":true}]}}