{"id":8637,"date":"2026-05-01T03:49:04","date_gmt":"2026-05-01T06:49:04","guid":{"rendered":"https:\/\/cliente1.publisher.highstack.com.ar\/?p=8637"},"modified":"2026-05-01T03:49:04","modified_gmt":"2026-05-01T06:49:04","slug":"abril-cerro-con-inflacion-en-baja-por-primera-vez-en-diez-meses-en-mayo-se-puede-perforar-el-2","status":"publish","type":"post","link":"https:\/\/cliente1.publisher.highstack.com.ar\/?p=8637","title":{"rendered":"Abril cerr\u00f3 con inflaci\u00f3n en baja por primera vez en diez meses: \u00bfen mayo se puede perforar el 2%?"},"content":{"rendered":"<div class=\"visual__image image-initial-width\"><picture><source srcset=\"https:\/\/www.infobae.com\/resizer\/v2\/OQLFAFWYKBBUTDKMZELEC2GWVM.JPG?auth=498dd7e9baf63cfc901b22a2ecb88d810a79224b4ffdb597f1e072d2da0f786d&amp;smart=true&amp;width=992&amp;height=558&amp;quality=85\" media=\"(min-width: 1000px)\"><\/source><source srcset=\"https:\/\/www.infobae.com\/resizer\/v2\/OQLFAFWYKBBUTDKMZELEC2GWVM.JPG?auth=498dd7e9baf63cfc901b22a2ecb88d810a79224b4ffdb597f1e072d2da0f786d&amp;smart=true&amp;width=768&amp;height=432&amp;quality=85\" media=\"(min-width: 768px)\"><\/source><source srcset=\"https:\/\/www.infobae.com\/resizer\/v2\/OQLFAFWYKBBUTDKMZELEC2GWVM.JPG?auth=498dd7e9baf63cfc901b22a2ecb88d810a79224b4ffdb597f1e072d2da0f786d&amp;smart=true&amp;width=577&amp;height=325&amp;quality=85\" media=\"(min-width: 580px)\"><\/source><source srcset=\"https:\/\/www.infobae.com\/resizer\/v2\/OQLFAFWYKBBUTDKMZELEC2GWVM.JPG?auth=498dd7e9baf63cfc901b22a2ecb88d810a79224b4ffdb597f1e072d2da0f786d&amp;smart=true&amp;width=420&amp;height=236&amp;quality=85\" media=\"(min-width: 350px)\"><\/source><source srcset=\"https:\/\/www.infobae.com\/resizer\/v2\/OQLFAFWYKBBUTDKMZELEC2GWVM.JPG?auth=498dd7e9baf63cfc901b22a2ecb88d810a79224b4ffdb597f1e072d2da0f786d&amp;smart=true&amp;width=350&amp;height=197&amp;quality=85\" media=\"(min-width: 80px)\"><\/source><img alt=\"Las consultoras privadas anticipan una desaceleraci\u00f3n de la inflaci\u00f3n en abril tras 10 meses consecutivos al alza. REUTERS\/Irina Dambrauskas\" class=\"global-image\" decoding=\"async\" fetchpriority=\"high\" height=\"1816\" loading=\"eager\" src=\"https:\/\/www.infobae.com\/resizer\/v2\/OQLFAFWYKBBUTDKMZELEC2GWVM.JPG?auth=498dd7e9baf63cfc901b22a2ecb88d810a79224b4ffdb597f1e072d2da0f786d&amp;smart=true&amp;width=350&amp;height=197&amp;quality=85\" width=\"3229\"><\/picture><\/div>\n<p class=\"paragraph\">Tal como se esperaba en su arranque, finalmente<b> abril marc\u00f3 el primer mes de desinflaci\u00f3n en casi un a\u00f1o<\/b>. Analistas econ\u00f3micos coinciden en que el \u00edndice habr\u00eda cerrado en torno al 2,5% luego del <a rel=\"noopener noreferrer\" href=\"https:\/\/www.infobae.com\/economia\/2026\/04\/14\/la-inflacion-de-marzo-fue-de-34-y-acumulo-326-en-los-ultimos-doce-meses\/\" target=\"_blank\" title=\"https:\/\/www.infobae.com\/economia\/2026\/04\/14\/la-inflacion-de-marzo-fue-de-34-y-acumulo-326-en-los-ultimos-doce-meses\/\">pico de 3,4% alcanzado en marzo<\/a>.<\/p>\n<p class=\"paragraph\">Aunque todav\u00eda sigue siendo un dato elevado, se trata de un punto de inflexi\u00f3n luego de diez meses de subas consecutivas. El piso del gobierno de <b>Javier Milei <\/b>se alcanz\u00f3 en <b>mayo del 2025<\/b>, cuando el \u00cdndice de Precios al Consumidor (IPC) toc\u00f3 el<b> 1,5 por ciento<\/b>. Desde entonces, la din\u00e1mica comenz\u00f3 un recorrido alcista que reci\u00e9n ahora se estar\u00eda quebrando.<\/p>\n<div class=\"inline ad-wrapper dfpAd ad-inline ad-text ad-component-container\" style=\"--ad-shell-height:250px;--ad-shell-width:300px\" data-ad-wrapper=\"arcad\" data-ad-type=\"inline\" data-ad-slot=\"infobae\/economia\/nota\/inline\" data-ad-container=\"dfp\" data-ad-slot-name=\"infobae\/economia\/nota\/inline\">\n<p class=\"ad-shell-label\">PUBLICIDAD<\/p>\n<div id=\"infobae\/economia\/nota\/inline\" class=\"infobae\/economia\/nota\/inline arcad ad-slot-node ad-slot-node--boxed\" data-ad-slot-id=\"infobae\/economia\/nota\/inline\"><\/div>\n<\/div>\n<p class=\"paragraph\">Hubo varios factores que ayudaron a que en abril se diera un salto menor significativo en los precios. <b>Retrocedi\u00f3 levemente la carne, se congelaron los valores de la nafta<\/b> (aunque en parte se traslad\u00f3 la suba de marzo) y adem\u00e1s el <b>d\u00f3lar oper\u00f3 con mucha tranquilidad<\/b>. En simult\u00e1neo, no pesaron algunos aumentos estacionales como educaci\u00f3n, que impact\u00f3 fuerte en marzo.<\/p>\n<div id=\"fusion-static-enter:raw_html_raw_html4\" style=\"display:none\" data-fusion-component=\"raw_html_raw_html4\"><\/div>\n<div class=\"rawHTML raw_html \">\n<div class=\"infogram-embed\" data-id=\"8f58eb68-e105-413c-a5a7-5c4e34ef7cf5\" data-type=\"interactive\" data-title=\"INFLACION MES Y ANUAL\"><\/div>\n<p><script>!function(e,n,i,s){var d=\"InfogramEmbeds\";var o=e.getElementsByTagName(n)[0];if(window[d]&&window[d].initialized)window[d].process&&window[d].process();else if(!e.getElementById(i)){var r=e.createElement(n);r.async=1,r.id=i,r.src=s,o.parentNode.insertBefore(r,o)}}(document,\"script\",\"infogram-async\",\"https:\/\/e.infogram.com\/js\/dist\/embed-loader-min.js\");<\/script><\/div>\n<div id=\"fusion-static-exit:raw_html_raw_html4\" style=\"display:none\" data-fusion-component=\"raw_html_raw_html4\"><\/div>\n<p class=\"paragraph\">El economista <b>Fernando Marull<\/b> proyect\u00f3 que en mayo el \u00edndice podr\u00eda bajar otro escal\u00f3n hasta niveles de 2%, aunque no descart\u00f3 \u201cque incluso pueda ser menos\u201d.<\/p>\n<div class=\"inline_2 ad-wrapper dfpAd ad-inline ad-text ad-component-container\" style=\"--ad-shell-height:250px;--ad-shell-width:300px\" data-ad-wrapper=\"arcad\" data-ad-type=\"inline_2\" data-ad-slot=\"infobae\/economia\/nota\/inline_2\" data-ad-container=\"dfp\" data-ad-slot-name=\"infobae\/economia\/nota\/inline_2\">\n<p class=\"ad-shell-label\">PUBLICIDAD<\/p>\n<div id=\"infobae\/economia\/nota\/inline_2\" class=\"infobae\/economia\/nota\/inline_2 arcad ad-slot-node ad-slot-node--boxed\" data-ad-slot-id=\"infobae\/economia\/nota\/inline_2\"><\/div>\n<\/div>\n<p class=\"paragraph\">La hip\u00f3tesis es que se repitan algunos comportamientos de abril que estar\u00edan ayudando a la desaceleraci\u00f3n inflacionaria. La carne, por ejemplo, tendr\u00eda otro mes tranquilo por delante, lo que impactar\u00eda favorablemente en el rubro alimentos y bebidas.<\/p>\n<p class=\"paragraph\">Al mismo tiempo, el 10 de mayo vence el compromiso de YPF de mantener los precios estables en los surtidores, pero <b>no se espera una suba significativa a\u00fan con las presiones<\/b> que siguen afectando al barril de petr\u00f3leo internacional por el conflicto en Medio Oriente. Adem\u00e1s, el ajuste tarifario se moderar\u00e1 de manera significativa.<\/p>\n<div class=\"ad_1 ad-wrapper dfpAd ad-1-al-6 ad-text ad-component-container\" style=\"--ad-shell-height:250px;--ad-shell-width:300px\" data-ad-wrapper=\"arcad\" data-ad-type=\"ad_1\" data-ad-slot=\"infobae\/economia\/nota\/ad_1\" data-ad-container=\"dfp\" data-ad-slot-name=\"infobae\/economia\/nota\/ad_1\">\n<p class=\"ad-shell-label\">PUBLICIDAD<\/p>\n<div id=\"infobae\/economia\/nota\/ad_1\" class=\"infobae\/economia\/nota\/ad_1 arcad ad-slot-node ad-slot-node--boxed\" data-ad-slot-id=\"infobae\/economia\/nota\/ad_1\"><\/div>\n<\/div>\n<p class=\"paragraph\">Por otro lado, <b>no se prev\u00e9 que el tipo de cambio vaya a tener un salto significativo<\/b> durante el mes, especialmente porque se viene una verdadera lluvia de d\u00f3lares por la liquidaci\u00f3n de la cosecha gruesa.<\/p>\n<p class=\"paragraph\">Ayer el Central compr\u00f3 nuevamente una cifra muy significativa, USD 207 millones, pero el tipo de cambio oficial minorista ni se movi\u00f3 y cerr\u00f3 la semana a $1.415 para la venta. La tranquilidad cambiaria es una condici\u00f3n necesaria, aunque no suficiente, para anclar los precios.<\/p>\n<div class=\"ad_2 ad-wrapper dfpAd ad-1-al-6 ad-text ad-component-container\" style=\"--ad-shell-height:250px;--ad-shell-width:300px\" data-ad-wrapper=\"arcad\" data-ad-type=\"ad_2\" data-ad-slot=\"infobae\/economia\/nota\/ad_2\" data-ad-container=\"dfp\" data-ad-slot-name=\"infobae\/economia\/nota\/ad_2\">\n<p class=\"ad-shell-label\">PUBLICIDAD<\/p>\n<div id=\"infobae\/economia\/nota\/ad_2\" class=\"infobae\/economia\/nota\/ad_2 arcad ad-slot-node ad-slot-node--boxed\" data-ad-slot-id=\"infobae\/economia\/nota\/ad_2\"><\/div>\n<\/div>\n<div id=\"fusion-static-enter:raw_html_raw_html10\" style=\"display:none\" data-fusion-component=\"raw_html_raw_html10\"><\/div>\n<div class=\"rawHTML raw_html \">\n<div class=\"infogram-embed\" data-id=\"af843711-61b8-47d6-9371-fe82a3cb9f4e\" data-type=\"interactive\" data-title=\"D\u00f3lar 2024\"><\/div>\n<p><script>!function(e,n,i,s){var d=\"InfogramEmbeds\";var o=e.getElementsByTagName(n)[0];if(window[d]&&window[d].initialized)window[d].process&&window[d].process();else if(!e.getElementById(i)){var r=e.createElement(n);r.async=1,r.id=i,r.src=s,o.parentNode.insertBefore(r,o)}}(document,\"script\",\"infogram-async\",\"https:\/\/e.infogram.com\/js\/dist\/embed-loader-min.js\");<\/script><\/div>\n<div id=\"fusion-static-exit:raw_html_raw_html10\" style=\"display:none\" data-fusion-component=\"raw_html_raw_html10\"><\/div>\n<p class=\"paragraph\">En tal sentido, Marull destac\u00f3 que la principal consecuencia de la baja de la inflaci\u00f3n en abril es que<b> los salarios le estar\u00edan ganando a los precios por primera vez en el a\u00f1o<\/b>. El 2,6% de aumento de inflaci\u00f3n que este economista espera para abril compara contra un aumento de salarios promedio del orden de 4,8 por ciento. En los tres primeros meses del a\u00f1o se hab\u00eda dado la relaci\u00f3n opuesta.<\/p>\n<p class=\"paragraph\">Ahora la expectativa es que <b>la econom\u00eda ingrese lentamente en una suerte de c\u00edrculo virtuoso<\/b>: baja la inflaci\u00f3n, se reduce la tasa de inter\u00e9s, mejoran los salarios y la demanda interna empieza a repuntar. <\/p>\n<div class=\"ad_3 ad-wrapper dfpAd ad-1-al-6 ad-text ad-component-container\" style=\"--ad-shell-height:250px;--ad-shell-width:300px\" data-ad-wrapper=\"arcad\" data-ad-type=\"ad_3\" data-ad-slot=\"infobae\/economia\/nota\/ad_3\" data-ad-container=\"dfp\" data-ad-slot-name=\"infobae\/economia\/nota\/ad_3\">\n<p class=\"ad-shell-label\">PUBLICIDAD<\/p>\n<div id=\"infobae\/economia\/nota\/ad_3\" class=\"infobae\/economia\/nota\/ad_3 arcad ad-slot-node ad-slot-node--boxed\" data-ad-slot-id=\"infobae\/economia\/nota\/ad_3\"><\/div>\n<\/div>\n<p class=\"paragraph\">Aunque todo indica que se vienen mejores meses para la econom\u00eda, resulta muy dif\u00edcil determinar si la mejora ser\u00e1 significativa para que se sienta en los grandes centros urbanos. Por ahora, el crecimiento se concentra en sectores como la miner\u00eda, el agro y la energ\u00eda. <\/p>\n<p class=\"paragraph\">El titular del Central, <b>Santiago Bausili<\/b>, hab\u00eda se\u00f1alado que \u201cel \u00edndice de precios aument\u00f3 m\u00e1s de lo deseado en marzo, y que, a nivel general, podr\u00eda indicarse que hubo un cambio de tendencia en el nivel de inflaci\u00f3n mensual. Nosotros creemos que esto es temporario\u201d, afirm\u00f3.<\/p>\n<div class=\"ad_4 ad-wrapper dfpAd ad-1-al-6 ad-text ad-component-container\" style=\"--ad-shell-height:250px;--ad-shell-width:300px\" data-ad-wrapper=\"arcad\" data-ad-type=\"ad_4\" data-ad-slot=\"infobae\/economia\/nota\/ad_4\" data-ad-container=\"dfp\" data-ad-slot-name=\"infobae\/economia\/nota\/ad_4\">\n<p class=\"ad-shell-label\">PUBLICIDAD<\/p>\n<div id=\"infobae\/economia\/nota\/ad_4\" class=\"infobae\/economia\/nota\/ad_4 arcad ad-slot-node ad-slot-node--boxed\" data-ad-slot-id=\"infobae\/economia\/nota\/ad_4\"><\/div>\n<\/div>\n<p class=\"paragraph\">Seg\u00fan explic\u00f3, el salto reciente respondi\u00f3 a la ca\u00edda en la demanda de dinero registrada en la previa electoral del a\u00f1o pasado, combinada con una serie de reacomodamientos de precios relativos. \u201cLas expectativas de mercado permanecen bien ancladas y tambi\u00e9n se\u00f1alan un proceso desinflacionario hacia delante\u201d, concluy\u00f3.<\/p>\n","protected":false},"excerpt":{"rendered":"<p>Tal como se esperaba en su arranque, finalmente abril marc\u00f3 el primer mes de desinflaci\u00f3n en casi un a\u00f1o. Analistas econ\u00f3micos coinciden en que el \u00edndice habr\u00eda cerrado en torno al 2,5% luego del pico de 3,4% alcanzado en marzo. Aunque todav\u00eda sigue siendo un dato elevado, se trata de un punto de inflexi\u00f3n luego [&hellip;]<\/p>\n","protected":false},"author":1,"featured_media":6148,"comment_status":"open","ping_status":"open","sticky":false,"template":"","format":"standard","meta":{"footnotes":""},"categories":[1],"tags":[],"class_list":["post-8637","post","type-post","status-publish","format-standard","has-post-thumbnail","hentry","category-uncategorized"],"_links":{"self":[{"href":"https:\/\/cliente1.publisher.highstack.com.ar\/index.php?rest_route=\/wp\/v2\/posts\/8637","targetHints":{"allow":["GET"]}}],"collection":[{"href":"https:\/\/cliente1.publisher.highstack.com.ar\/index.php?rest_route=\/wp\/v2\/posts"}],"about":[{"href":"https:\/\/cliente1.publisher.highstack.com.ar\/index.php?rest_route=\/wp\/v2\/types\/post"}],"author":[{"embeddable":true,"href":"https:\/\/cliente1.publisher.highstack.com.ar\/index.php?rest_route=\/wp\/v2\/users\/1"}],"replies":[{"embeddable":true,"href":"https:\/\/cliente1.publisher.highstack.com.ar\/index.php?rest_route=%2Fwp%2Fv2%2Fcomments&post=8637"}],"version-history":[{"count":0,"href":"https:\/\/cliente1.publisher.highstack.com.ar\/index.php?rest_route=\/wp\/v2\/posts\/8637\/revisions"}],"wp:featuredmedia":[{"embeddable":true,"href":"https:\/\/cliente1.publisher.highstack.com.ar\/index.php?rest_route=\/wp\/v2\/media\/6148"}],"wp:attachment":[{"href":"https:\/\/cliente1.publisher.highstack.com.ar\/index.php?rest_route=%2Fwp%2Fv2%2Fmedia&parent=8637"}],"wp:term":[{"taxonomy":"category","embeddable":true,"href":"https:\/\/cliente1.publisher.highstack.com.ar\/index.php?rest_route=%2Fwp%2Fv2%2Fcategories&post=8637"},{"taxonomy":"post_tag","embeddable":true,"href":"https:\/\/cliente1.publisher.highstack.com.ar\/index.php?rest_route=%2Fwp%2Fv2%2Ftags&post=8637"}],"curies":[{"name":"wp","href":"https:\/\/api.w.org\/{rel}","templated":true}]}}