{"id":8629,"date":"2026-05-01T00:10:24","date_gmt":"2026-05-01T03:10:24","guid":{"rendered":"https:\/\/cliente1.publisher.highstack.com.ar\/?p=8629"},"modified":"2026-05-01T00:10:24","modified_gmt":"2026-05-01T03:10:24","slug":"renuncio-un-intendente-en-neuquen-en-medio-de-una-denuncia-por-administracion-fraudulentaluis-bertolini-jefe-comunal-de-plottier-envio-una-carta-al-concejo-deliberante-de-la-ciudad-confirmando-su-di","status":"publish","type":"post","link":"https:\/\/cliente1.publisher.highstack.com.ar\/?p=8629","title":{"rendered":"Renunci\u00f3 un intendente en Neuqu\u00e9n en medio de una denuncia por administraci\u00f3n fraudulentaLuis Bertolini, jefe comunal de Plottier, envi\u00f3 una carta al Concejo Deliberante de la ciudad confirmando su dimisi\u00f3n. Denunci\u00f3 una \u201cmaniobra judicial y pol\u00edtica sin precedentes\u201d"},"content":{"rendered":"<div class=\"visual__image image-initial-width\"><picture><source srcset=\"https:\/\/www.infobae.com\/resizer\/v2\/E4CHJUNOEVEIVJNYNMCR27ZYOQ.JPG?auth=2a75cee82d4907c18c9eb4e4d76500766558356b7cbe8b4bb2f28f44ffa5f7f0&amp;smart=true&amp;width=992&amp;height=665&amp;quality=85\" media=\"(min-width: 1000px)\"><\/source><source srcset=\"https:\/\/www.infobae.com\/resizer\/v2\/E4CHJUNOEVEIVJNYNMCR27ZYOQ.JPG?auth=2a75cee82d4907c18c9eb4e4d76500766558356b7cbe8b4bb2f28f44ffa5f7f0&amp;smart=true&amp;width=768&amp;height=515&amp;quality=85\" media=\"(min-width: 768px)\"><\/source><source srcset=\"https:\/\/www.infobae.com\/resizer\/v2\/E4CHJUNOEVEIVJNYNMCR27ZYOQ.JPG?auth=2a75cee82d4907c18c9eb4e4d76500766558356b7cbe8b4bb2f28f44ffa5f7f0&amp;smart=true&amp;width=577&amp;height=387&amp;quality=85\" media=\"(min-width: 580px)\"><\/source><source srcset=\"https:\/\/www.infobae.com\/resizer\/v2\/E4CHJUNOEVEIVJNYNMCR27ZYOQ.JPG?auth=2a75cee82d4907c18c9eb4e4d76500766558356b7cbe8b4bb2f28f44ffa5f7f0&amp;smart=true&amp;width=420&amp;height=282&amp;quality=85\" media=\"(min-width: 350px)\"><\/source><source srcset=\"https:\/\/www.infobae.com\/resizer\/v2\/E4CHJUNOEVEIVJNYNMCR27ZYOQ.JPG?auth=2a75cee82d4907c18c9eb4e4d76500766558356b7cbe8b4bb2f28f44ffa5f7f0&amp;smart=true&amp;width=350&amp;height=235&amp;quality=85\" media=\"(min-width: 80px)\"><\/source><img alt=\"Hombre de mediana edad con gafas y camisa celeste cuadriculada, sentado en un escritorio de madera. Al fondo, una pared de piedra y las banderas de Argentina y Neuqu\u00e9n\" class=\"global-image\" decoding=\"async\" fetchpriority=\"high\" height=\"678\" loading=\"eager\" src=\"https:\/\/www.infobae.com\/resizer\/v2\/E4CHJUNOEVEIVJNYNMCR27ZYOQ.JPG?auth=2a75cee82d4907c18c9eb4e4d76500766558356b7cbe8b4bb2f28f44ffa5f7f0&amp;smart=true&amp;width=350&amp;height=235&amp;quality=85\" width=\"1011\"><\/picture><\/div>\n<p class=\"paragraph\"><b>Luis Bertolini renunci\u00f3<\/b> este jueves a la <b>intendencia de Plottier<\/b>, ciudad de la provincia de <b>Neuqu\u00e9n<\/b>, en medio de una investigaci\u00f3n judicial por presuntas negociaciones incompatibles con la funci\u00f3n p\u00fablica. La decisi\u00f3n fue comunicada mediante una carta dirigida a la presidenta del Concejo Deliberante, Malena Resa, minutos despu\u00e9s de que ese cuerpo legislativo votara su suspensi\u00f3n preventiva por mayor\u00eda.<\/p>\n<p class=\"paragraph\">El ahora exjefe comunal, que hab\u00eda asumido el cargo en diciembre de 2023 con el 57% de los votos por el partido Desarrollo Ciudadano, neg\u00f3 toda irregularidad y afirm\u00f3 que su dimisi\u00f3n \u201cno nace de la debilidad ni de la culpa, sino del profundo respeto\u201d a la voluntad popular. En su escrito, denunci\u00f3 lo que describi\u00f3 como una \u201cmaniobra judicial y pol\u00edtica sin precedentes\u201d en la historia de la ciudad, e imput\u00f3 al gobierno provincial haber utilizado las instituciones de la Justicia para \u201ctorcer la voluntad popular\u201d.<\/p>\n<div class=\"inline ad-wrapper dfpAd ad-inline ad-text ad-component-container\" style=\"--ad-shell-height:250px;--ad-shell-width:300px\" data-ad-wrapper=\"arcad\" data-ad-type=\"inline\" data-ad-slot=\"infobae\/politica\/nota\/inline\" data-ad-container=\"dfp\" data-ad-slot-name=\"infobae\/politica\/nota\/inline\">\n<p class=\"ad-shell-label\">PUBLICIDAD<\/p>\n<div id=\"infobae\/politica\/nota\/inline\" class=\"infobae\/politica\/nota\/inline arcad ad-slot-node ad-slot-node--boxed\" data-ad-slot-id=\"infobae\/politica\/nota\/inline\"><\/div>\n<\/div>\n<p class=\"paragraph\">La renuncia de Bertolini se produce tras una jornada de alta tensi\u00f3n institucional. M\u00e1s temprano, la jueza de Garant\u00edas Carina \u00e1lvarez rechaz\u00f3 el pedido de la fiscal\u00eda para que el exfuncionario cumpliera prisi\u00f3n domiciliaria. Horas despu\u00e9s, el Concejo Deliberante aprob\u00f3 su suspensi\u00f3n preventiva al quedar formalmente imputado, y la carta de dimisi\u00f3n lleg\u00f3 al cuerpo legislativo casi en simult\u00e1neo con esa votaci\u00f3n.<\/p>\n<p class=\"paragraph\">En su misiva, Bertolini sostuvo que durante meses existi\u00f3 \u201cuna coordinaci\u00f3n asombrosa\u201d, orientada a construir p\u00fablicamente un relato de fraude por <b>2.300 millones de pesos<\/b>. Afirm\u00f3 que sobre la base de esas imputaciones se allan\u00f3 tanto su domicilio particular como el municipio que conduc\u00eda.<\/p>\n<div class=\"inline_2 ad-wrapper dfpAd ad-inline ad-text ad-component-container\" style=\"--ad-shell-height:250px;--ad-shell-width:300px\" data-ad-wrapper=\"arcad\" data-ad-type=\"inline_2\" data-ad-slot=\"infobae\/politica\/nota\/inline_2\" data-ad-container=\"dfp\" data-ad-slot-name=\"infobae\/politica\/nota\/inline_2\">\n<p class=\"ad-shell-label\">PUBLICIDAD<\/p>\n<div id=\"infobae\/politica\/nota\/inline_2\" class=\"infobae\/politica\/nota\/inline_2 arcad ad-slot-node ad-slot-node--boxed\" data-ad-slot-id=\"infobae\/politica\/nota\/inline_2\"><\/div>\n<\/div>\n<p class=\"paragraph\">El exintendente destac\u00f3 que el Ministerio P\u00fablico Fiscal debi\u00f3 desistir de los cargos de administraci\u00f3n fraudulenta y abuso de autoridad que inicialmente se anunciaron. Seg\u00fan explic\u00f3 en la carta, \u201cla pericia contable elaborada por la propia Fiscal\u00eda confirm\u00f3 que no hubo sobreprecios y que no falta un solo peso de las arcas del municipio\u201d. Tras ese retroceso de la acusaci\u00f3n, la \u00fanica imputaci\u00f3n que subsiste es la de negociaciones incompatibles con la funci\u00f3n p\u00fablica. Junto a Bertolini fueron acusados en la audiencia de formulaci\u00f3n de cargos su subsecretaria de Hacienda, <b>Gladys Ram\u00edrez<\/b>, el hijo de esta y un empresario. Para Ram\u00edrez se dict\u00f3 adem\u00e1s una prohibici\u00f3n de acercamiento al municipio.<\/p>\n<div class=\"visual__image\"><picture><source srcset=\"https:\/\/www.infobae.com\/resizer\/v2\/Q7S4SBQJ3NCAHBPKOTD3XC7M2Y.png?auth=db5cbe5affe9afbdbdba8666ab2486b76b58f30df5b1c9c87afb849d6c189bc6&amp;smart=true&amp;width=992&amp;height=558&amp;quality=85\" media=\"(min-width: 1000px)\"><\/source><source srcset=\"https:\/\/www.infobae.com\/resizer\/v2\/Q7S4SBQJ3NCAHBPKOTD3XC7M2Y.png?auth=db5cbe5affe9afbdbdba8666ab2486b76b58f30df5b1c9c87afb849d6c189bc6&amp;smart=true&amp;width=768&amp;height=432&amp;quality=85\" media=\"(min-width: 768px)\"><\/source><source srcset=\"https:\/\/www.infobae.com\/resizer\/v2\/Q7S4SBQJ3NCAHBPKOTD3XC7M2Y.png?auth=db5cbe5affe9afbdbdba8666ab2486b76b58f30df5b1c9c87afb849d6c189bc6&amp;smart=true&amp;width=577&amp;height=325&amp;quality=85\" media=\"(min-width: 580px)\"><\/source><source srcset=\"https:\/\/www.infobae.com\/resizer\/v2\/Q7S4SBQJ3NCAHBPKOTD3XC7M2Y.png?auth=db5cbe5affe9afbdbdba8666ab2486b76b58f30df5b1c9c87afb849d6c189bc6&amp;smart=true&amp;width=420&amp;height=236&amp;quality=85\" media=\"(min-width: 350px)\"><\/source><source srcset=\"https:\/\/www.infobae.com\/resizer\/v2\/Q7S4SBQJ3NCAHBPKOTD3XC7M2Y.png?auth=db5cbe5affe9afbdbdba8666ab2486b76b58f30df5b1c9c87afb849d6c189bc6&amp;smart=true&amp;width=350&amp;height=197&amp;quality=85\" media=\"(min-width: 80px)\"><\/source><img alt=\"Un intendente en Neuqu\u00e9n realiz\u00f3 un acto para inaugurar el cambio de sentido de una calle\" class=\"global-image\" decoding=\"async\" fetchpriority=\"low\" height=\"1080\" loading=\"lazy\" src=\"https:\/\/www.infobae.com\/resizer\/v2\/Q7S4SBQJ3NCAHBPKOTD3XC7M2Y.png?auth=db5cbe5affe9afbdbdba8666ab2486b76b58f30df5b1c9c87afb849d6c189bc6&amp;smart=true&amp;width=350&amp;height=197&amp;quality=85\" width=\"1920\"><\/picture><\/div>\n<p class=\"paragraph\">\u201cNo voy a permitir que el cargo que los vecinos de Plottier me confiaron sea el instrumento de una estrategia que busca disciplinar a quienes se animan a ejercer la pol\u00edtica con independencia\u201d, se\u00f1al\u00f3 Bertolini en el texto. Acus\u00f3, sin mencionar nombres, a personas que \u201cdesde el poder provincial utilizaron las instituciones de la Justicia\u201d con ese fin, y afirm\u00f3 que su renuncia tiene por objeto \u201cdefender la democracia de Plottier desde el llano, sin los privilegios del cargo, pero con la fuerza de la verdad\u201d, seg\u00fan indicaron los medios locales.<\/p>\n<div class=\"ad_1 ad-wrapper dfpAd ad-1-al-6 ad-text ad-component-container\" style=\"--ad-shell-height:250px;--ad-shell-width:300px\" data-ad-wrapper=\"arcad\" data-ad-type=\"ad_1\" data-ad-slot=\"infobae\/politica\/nota\/ad_1\" data-ad-container=\"dfp\" data-ad-slot-name=\"infobae\/politica\/nota\/ad_1\">\n<p class=\"ad-shell-label\">PUBLICIDAD<\/p>\n<div id=\"infobae\/politica\/nota\/ad_1\" class=\"infobae\/politica\/nota\/ad_1 arcad ad-slot-node ad-slot-node--boxed\" data-ad-slot-id=\"infobae\/politica\/nota\/ad_1\"><\/div>\n<\/div>\n<p class=\"paragraph\">Bertollini <a rel=\"noopener noreferrer\" href=\"https:\/\/www.infobae.com\/politica\/2025\/08\/05\/insolito-un-intendente-en-neuquen-inauguro-un-cartel-para-cambiar-de-sentido-una-calle-y-el-video-se-hizo-viral\/\" target=\"_blank\" title=\"https:\/\/www.infobae.com\/politica\/2025\/08\/05\/insolito-un-intendente-en-neuquen-inauguro-un-cartel-para-cambiar-de-sentido-una-calle-y-el-video-se-hizo-viral\/\">hab\u00eda llamado la atenci\u00f3n<\/a> por un episodio en agosto de 2025. En ese momento se transform\u00f3 en un tema de debate por la viralizaci\u00f3n de un video en el que se lo vio inaugurando un cartel. La escena, en la que Bertolini devel\u00f3 personalmente la nueva se\u00f1alizaci\u00f3n, fue interpretada por algunos sectores como un gesto excesivo para una modificaci\u00f3n vial espec\u00edfica, aunque el jefe comunal asegur\u00f3 que la acci\u00f3n constituye el lanzamiento de un plan de reordenamiento m\u00e1s amplio. La pol\u00e9mica se profundiz\u00f3 ante las cr\u00edticas surgidas en redes sociales y la subsecuente aclaraci\u00f3n oficial sobre el trasfondo del acto.<\/p>\n<p class=\"paragraph\">El episodio capt\u00f3 la atenci\u00f3n de los usuarios de la red social X, donde distintas opiniones pusieron en duda la pertinencia de celebrar una ceremonia formal para instalar un cartel de tr\u00e1nsito. Sin embargo, el propio Bertolini explic\u00f3 a Telenoche que la decisi\u00f3n se inscribe en el inicio de un programa que contempla la transformaci\u00f3n del sentido de circulaci\u00f3n en entre 15 y 20 calles de la ciudad neuquina. La intervenci\u00f3n oficial, asegur\u00f3 el intendente, marc\u00f3 el inicio formal de un proceso dise\u00f1ado para resolver una \u201ccrisis\u201d en la movilidad urbana derivada del crecimiento poblacional de la localidad durante la \u00faltima d\u00e9cada.<\/p>\n<div class=\"ad_2 ad-wrapper dfpAd ad-1-al-6 ad-text ad-component-container\" style=\"--ad-shell-height:250px;--ad-shell-width:300px\" data-ad-wrapper=\"arcad\" data-ad-type=\"ad_2\" data-ad-slot=\"infobae\/politica\/nota\/ad_2\" data-ad-container=\"dfp\" data-ad-slot-name=\"infobae\/politica\/nota\/ad_2\">\n<p class=\"ad-shell-label\">PUBLICIDAD<\/p>\n<div id=\"infobae\/politica\/nota\/ad_2\" class=\"infobae\/politica\/nota\/ad_2 arcad ad-slot-node ad-slot-node--boxed\" data-ad-slot-id=\"infobae\/politica\/nota\/ad_2\"><\/div>\n<\/div>\n","protected":false},"excerpt":{"rendered":"<p>Luis Bertolini renunci\u00f3 este jueves a la intendencia de Plottier, ciudad de la provincia de Neuqu\u00e9n, en medio de una investigaci\u00f3n judicial por presuntas negociaciones incompatibles con la funci\u00f3n p\u00fablica. La decisi\u00f3n fue comunicada mediante una carta dirigida a la presidenta del Concejo Deliberante, Malena Resa, minutos despu\u00e9s de que ese cuerpo legislativo votara su [&hellip;]<\/p>\n","protected":false},"author":1,"featured_media":8630,"comment_status":"open","ping_status":"open","sticky":false,"template":"","format":"standard","meta":{"footnotes":""},"categories":[1],"tags":[],"class_list":["post-8629","post","type-post","status-publish","format-standard","has-post-thumbnail","hentry","category-uncategorized"],"_links":{"self":[{"href":"https:\/\/cliente1.publisher.highstack.com.ar\/index.php?rest_route=\/wp\/v2\/posts\/8629","targetHints":{"allow":["GET"]}}],"collection":[{"href":"https:\/\/cliente1.publisher.highstack.com.ar\/index.php?rest_route=\/wp\/v2\/posts"}],"about":[{"href":"https:\/\/cliente1.publisher.highstack.com.ar\/index.php?rest_route=\/wp\/v2\/types\/post"}],"author":[{"embeddable":true,"href":"https:\/\/cliente1.publisher.highstack.com.ar\/index.php?rest_route=\/wp\/v2\/users\/1"}],"replies":[{"embeddable":true,"href":"https:\/\/cliente1.publisher.highstack.com.ar\/index.php?rest_route=%2Fwp%2Fv2%2Fcomments&post=8629"}],"version-history":[{"count":0,"href":"https:\/\/cliente1.publisher.highstack.com.ar\/index.php?rest_route=\/wp\/v2\/posts\/8629\/revisions"}],"wp:featuredmedia":[{"embeddable":true,"href":"https:\/\/cliente1.publisher.highstack.com.ar\/index.php?rest_route=\/wp\/v2\/media\/8630"}],"wp:attachment":[{"href":"https:\/\/cliente1.publisher.highstack.com.ar\/index.php?rest_route=%2Fwp%2Fv2%2Fmedia&parent=8629"}],"wp:term":[{"taxonomy":"category","embeddable":true,"href":"https:\/\/cliente1.publisher.highstack.com.ar\/index.php?rest_route=%2Fwp%2Fv2%2Fcategories&post=8629"},{"taxonomy":"post_tag","embeddable":true,"href":"https:\/\/cliente1.publisher.highstack.com.ar\/index.php?rest_route=%2Fwp%2Fv2%2Ftags&post=8629"}],"curies":[{"name":"wp","href":"https:\/\/api.w.org\/{rel}","templated":true}]}}