{"id":8623,"date":"2026-04-30T22:24:01","date_gmt":"2026-05-01T01:24:01","guid":{"rendered":"https:\/\/cliente1.publisher.highstack.com.ar\/?p=8623"},"modified":"2026-04-30T22:24:01","modified_gmt":"2026-05-01T01:24:01","slug":"murio-un-sargento-del-ejercito-tras-descompensarse-durante-una-instruccion-en-santa-fe","status":"publish","type":"post","link":"https:\/\/cliente1.publisher.highstack.com.ar\/?p=8623","title":{"rendered":"Muri\u00f3 un sargento del Ej\u00e9rcito tras descompensarse durante una instrucci\u00f3n en Santa Fe"},"content":{"rendered":"<p><\/p>\n<div>\n<p>Un sargento del <b>Ej\u00e9rcito Argentino<\/b> muri\u00f3 este jueves tras descompensarse en un predio militar de la ciudad de <b>Santo Tom\u00e9<\/b>. El hecho ocurri\u00f3 en horas del mediod\u00eda, en el marco de una actividad oficial de la fuerza. <\/p>\n<p><!-- is a <br \/>--><\/p>\n<p>\u00a0<\/p>\n<p><!-- is a <br \/>--><\/p>\n<p>Seg\u00fan informaron fuentes policiales de la Unidad Regional I, el militar fue identificado como <b>Diego Gonzalo Fr\u00edas, de 38 a\u00f1os y oriundo de Buenos Aires<\/b>. El episodio se registr\u00f3 alrededor de las 12:20 en el<b> Batall\u00f3n de Ingenieros Anfibios 121<\/b>, inform\u00f3 AIRE.  <\/p>\n<p><!-- is a <br \/>--><\/p>\n<p><!-- is a object --><br \/>\n<!-- embed start --><!-- embed end --><br \/>\n<!-- end object --><\/p>\n<p>De acuerdo a un comunicado oficial del Ej\u00e9rcito, el hecho se produjo durante una <b>jornada de entrenamiento programada en las instalaciones militares<\/b>. Tras presentar complicaciones de salud, Fr\u00edas fue asistido en el lugar y trasladado de urgencia al <b>Hospital Jos\u00e9 Mar\u00eda Cullen<\/b>, donde ingres\u00f3 en estado delicado. <\/p>\n<p><!-- is a <br \/>--><\/p>\n<p>\u00a0<\/p>\n<p><!-- is a <br \/>--><\/p>\n<p>Algunas versiones indican que Fr\u00edas era <b>buzo <\/b>y realizaba ejercicios vinculados con su especialidad cuando sufri\u00f3 un paro cardiorrespiratorio, seg\u00fan public\u00f3 ElLitoral.  <\/p>\n<p><!-- is a <br \/>--><\/p>\n<p>\u00a0<\/p>\n<p><!-- is a <br \/>--><\/p>\n<p><!-- is a object --><\/p>\n<h3><b>Evoluci\u00f3n del cuadro y fallecimiento<\/b><\/h3>\n<p><!-- end object --><\/p>\n<p>\u00a0<\/p>\n<p><!-- is a <br \/>--><\/p>\n<p>A pesar de los esfuerzos m\u00e9dicos, el estado de salud del sargento se agrav\u00f3 con el correr de las horas. Finalmente, durante la tarde, desde la unidad de terapia intensiva se confirm\u00f3 su fallecimiento. <\/p>\n<p><!-- is a <br \/>--><\/p>\n<p><!-- is a object --><br \/>\n<!-- embed start --><!-- embed end --><br \/>\n<!-- end object --><\/p>\n<p>\u00a0<\/p>\n<p><!-- is a <br \/>--><\/p>\n<p>De acuerdo a la informaci\u00f3n oficial<b>, la causa del deceso fue una falla multiorg\u00e1nica<\/b>. <\/p>\n<p><!-- is a <br \/>--><\/p>\n<p>\u00a0<\/p>\n<p><!-- is a <br \/>--><\/p>\n<p><!-- is a object --><\/p>\n<h3><b>Investigaci\u00f3n en curso<\/b><\/h3>\n<p><!-- end object --><\/p>\n<p>\u00a0<\/p>\n<p><!-- is a <br \/>--><\/p>\n<p>Las actuaciones quedaron a cargo de las autoridades correspondientes, que iniciaron una investigaci\u00f3n para determinar las circunstancias en las que se produjo el episodio dentro del predio militar.<\/p>\n<\/p><\/div>\n","protected":false},"excerpt":{"rendered":"<p>Un sargento del Ej\u00e9rcito Argentino muri\u00f3 este jueves tras descompensarse en un predio militar de la ciudad de Santo Tom\u00e9. El hecho ocurri\u00f3 en horas del mediod\u00eda, en el marco de una actividad oficial de la fuerza. \u00a0 Seg\u00fan informaron fuentes policiales de la Unidad Regional I, el militar fue identificado como Diego Gonzalo Fr\u00edas, [&hellip;]<\/p>\n","protected":false},"author":1,"featured_media":8624,"comment_status":"open","ping_status":"open","sticky":false,"template":"","format":"standard","meta":{"footnotes":""},"categories":[1],"tags":[],"class_list":["post-8623","post","type-post","status-publish","format-standard","has-post-thumbnail","hentry","category-uncategorized"],"_links":{"self":[{"href":"https:\/\/cliente1.publisher.highstack.com.ar\/index.php?rest_route=\/wp\/v2\/posts\/8623","targetHints":{"allow":["GET"]}}],"collection":[{"href":"https:\/\/cliente1.publisher.highstack.com.ar\/index.php?rest_route=\/wp\/v2\/posts"}],"about":[{"href":"https:\/\/cliente1.publisher.highstack.com.ar\/index.php?rest_route=\/wp\/v2\/types\/post"}],"author":[{"embeddable":true,"href":"https:\/\/cliente1.publisher.highstack.com.ar\/index.php?rest_route=\/wp\/v2\/users\/1"}],"replies":[{"embeddable":true,"href":"https:\/\/cliente1.publisher.highstack.com.ar\/index.php?rest_route=%2Fwp%2Fv2%2Fcomments&post=8623"}],"version-history":[{"count":0,"href":"https:\/\/cliente1.publisher.highstack.com.ar\/index.php?rest_route=\/wp\/v2\/posts\/8623\/revisions"}],"wp:featuredmedia":[{"embeddable":true,"href":"https:\/\/cliente1.publisher.highstack.com.ar\/index.php?rest_route=\/wp\/v2\/media\/8624"}],"wp:attachment":[{"href":"https:\/\/cliente1.publisher.highstack.com.ar\/index.php?rest_route=%2Fwp%2Fv2%2Fmedia&parent=8623"}],"wp:term":[{"taxonomy":"category","embeddable":true,"href":"https:\/\/cliente1.publisher.highstack.com.ar\/index.php?rest_route=%2Fwp%2Fv2%2Fcategories&post=8623"},{"taxonomy":"post_tag","embeddable":true,"href":"https:\/\/cliente1.publisher.highstack.com.ar\/index.php?rest_route=%2Fwp%2Fv2%2Ftags&post=8623"}],"curies":[{"name":"wp","href":"https:\/\/api.w.org\/{rel}","templated":true}]}}