{"id":8621,"date":"2026-04-30T22:10:56","date_gmt":"2026-05-01T01:10:56","guid":{"rendered":"https:\/\/cliente1.publisher.highstack.com.ar\/?p=8621"},"modified":"2026-04-30T22:10:56","modified_gmt":"2026-05-01T01:10:56","slug":"denuncia-por-adicionales-en-la-policia-de-entre-rios-la-fiscalia-recabo-documentacion-en-la-division-911","status":"publish","type":"post","link":"https:\/\/cliente1.publisher.highstack.com.ar\/?p=8621","title":{"rendered":"Denuncia por adicionales en la Polic\u00eda de Entre R\u00edos: la Fiscal\u00eda recab\u00f3 documentaci\u00f3n en la Divisi\u00f3n 911"},"content":{"rendered":"<p><\/p>\n<div class=\"body-noticia clearfix text-formatted field field--name-body field--type-text-with-summary field--label-hidden field__item\">\n<p>A un d\u00eda de que se hiciera p\u00fablica una grave denuncia por presuntas irregularidades con los adicionales dentro de la Polic\u00eda de Entre R\u00edos, se llev\u00f3 adelante el primer procedimiento judicial en el marco de la investigaci\u00f3n. La medida se concret\u00f3 la tarde de este jueves en la Divisi\u00f3n 911 y Videovigilancia en Paran\u00e1, por solicitud del fiscal Gonzalo Badano.<\/p>\n<p>Seg\u00fan precisaron fuentes judiciales a <strong>AN\u00c1LISIS<\/strong>, no se trat\u00f3 de un allanamiento sino que \u201cse diligenci\u00f3 una orden de presentaci\u00f3n de documental\u201d. En ese contexto, particip\u00f3 personal de fiscal\u00eda y desde el \u00e1rea requerida \u201centregaron prueba documental y digital\u201d vinculada a la causa.<\/p>\n<p>El procedimiento tiene como eje una denuncia reciente formulada por un grupo de polic\u00edas en actividad, quienes acusaron a funcionarios de la fuerza de una presunta maniobra de malversaci\u00f3n de fondos vinculados a los servicios adicionales que cumplen los uniformados. Los denunciantes solicitaron resguardar sus identidades y reclamaron garant\u00edas para evitar posibles represalias dentro de la instituci\u00f3n.<\/p>\n<\/p>\n<div data-entity-type=\"node\" data-entity-uuid=\"dab099c4-d447-4249-a3dd-4883ea3b4993\" data-embed-button=\"node\" data-entity-embed-display=\"view_mode:node.imagen_titulo\" data-langcode=\"es\" data-entity-embed-display-settings=\"[]\" class=\"embedded-entity\">\n<article data-history-node-id=\"369489\" class=\"node node--type-noticia node--view-mode-imagen-titulo ds-1col clearfix\">\n<p>  <a href=\"https:\/\/www.analisisdigital.com.ar\/judiciales\/2026\/04\/30\/denunciaron-al-titular-del-911-y-otras-autoridades-policiales-por-supuestos-delitos-cometidos-con-adicionales\" class=\"field-group-link embedcard1\" hreflang=\"es\"><\/p>\n<div class=\"cont-image\">\n<div class=\"blazy blazy--field blazy--field-imagenprincipal blazy--field-imagenprincipal--imagen-titulo field field--name-field-imagenprincipal field--type-image field--label-hidden field__item\" data-blazy>\n<div class=\"media media--blazy media--fx is-blur-client media--image\" data-b-animation=\"blur\" data-b-token=\"b-b1c21a15f51\"><img alt=\"Vista previa\" class=\"b-blur img-fluid\" data-b-blur=\"0::f59667a8dd5f60dcfa0a1423c83f6c26::image\/jpeg::\/sites\/default\/files\/styles\/thumbnail\/public\/imagenes\/noticiasDigitales\/per-911-900x600.jpg?itok=y4BaHGHS\" decoding=\"async\" fetchpriority=\"low\" src=\"data:image\/svg+xml;charset=utf-8,%3Csvg%20xmlns%3D'http%3A%2F%2Fwww.w3.org%2F2000%2Fsvg'%20viewBox%3D'0%200%201%201'%2F%3E\"><br \/>\n<img alt decoding=\"async\" class=\"media__element b-lazy img-fluid\" loading=\"lazy\" src=\"https:\/\/www.analisisdigital.com.ar\/sites\/default\/files\/styles\/noticia_listados_y_celular_400_x_225\/public\/imagenes\/noticiasDigitales\/per-911-900x600.jpg.webp?h=b69e0e0e&amp;itok=XXTWo5fw\" width=\"400\" height=\"225\">\n        <\/div>\n<\/p><\/div>\n<\/p><\/div>\n<div class=\"cont-title\">\n<div class=\"field field--name-node-title field--type-ds field--label-hidden field__item\">\n<h3>\n  Denunciaron al titular del 911 y otras autoridades policiales por supuestos delitos cometidos con adicionales<br \/>\n<\/h3>\n<\/div><\/div>\n<p><\/a><\/p>\n<\/article>\n<\/div>\n<p>La acusaci\u00f3n apunta, entre otros, a Juan Manuel Zunino, jefe de la Divisi\u00f3n 911 y Videovigilancia, a quien la denuncia le atribuye un rol central dentro de una supuesta estructura organizada. En la presentaci\u00f3n, se sostiene que su nivel de inserci\u00f3n y v\u00ednculos institucionales permitir\u00edan inferir que los hechos no ser\u00edan aislados, sino parte de un esquema con capacidad de sostener y eventualmente encubrir la operatoria.<\/p>\n<p>La denuncia, patrocinada por el abogado Rub\u00e9n Pagliotto, advierte sobre hechos de \u201cextrema gravedad institucional\u201d y menciona posibles delitos como peculado, malversaci\u00f3n de caudales p\u00fablicos, exacciones ilegales, abuso de autoridad, coacci\u00f3n, falsedad ideol\u00f3gica y encubrimiento.<\/p>\n<p>Con esta primera medida, la investigaci\u00f3n comienza a avanzar con la incorporaci\u00f3n de elementos probatorios clave en un caso que podr\u00eda tener derivaciones de alto impacto dentro de la estructura de seguridad provincial.<\/p>\n<\/div>\n","protected":false},"excerpt":{"rendered":"<p>A un d\u00eda de que se hiciera p\u00fablica una grave denuncia por presuntas irregularidades con los adicionales dentro de la Polic\u00eda de Entre R\u00edos, se llev\u00f3 adelante el primer procedimiento judicial en el marco de la investigaci\u00f3n. La medida se concret\u00f3 la tarde de este jueves en la Divisi\u00f3n 911 y Videovigilancia en Paran\u00e1, por [&hellip;]<\/p>\n","protected":false},"author":1,"featured_media":8622,"comment_status":"open","ping_status":"open","sticky":false,"template":"","format":"standard","meta":{"footnotes":""},"categories":[1],"tags":[],"class_list":["post-8621","post","type-post","status-publish","format-standard","has-post-thumbnail","hentry","category-uncategorized"],"_links":{"self":[{"href":"https:\/\/cliente1.publisher.highstack.com.ar\/index.php?rest_route=\/wp\/v2\/posts\/8621","targetHints":{"allow":["GET"]}}],"collection":[{"href":"https:\/\/cliente1.publisher.highstack.com.ar\/index.php?rest_route=\/wp\/v2\/posts"}],"about":[{"href":"https:\/\/cliente1.publisher.highstack.com.ar\/index.php?rest_route=\/wp\/v2\/types\/post"}],"author":[{"embeddable":true,"href":"https:\/\/cliente1.publisher.highstack.com.ar\/index.php?rest_route=\/wp\/v2\/users\/1"}],"replies":[{"embeddable":true,"href":"https:\/\/cliente1.publisher.highstack.com.ar\/index.php?rest_route=%2Fwp%2Fv2%2Fcomments&post=8621"}],"version-history":[{"count":0,"href":"https:\/\/cliente1.publisher.highstack.com.ar\/index.php?rest_route=\/wp\/v2\/posts\/8621\/revisions"}],"wp:featuredmedia":[{"embeddable":true,"href":"https:\/\/cliente1.publisher.highstack.com.ar\/index.php?rest_route=\/wp\/v2\/media\/8622"}],"wp:attachment":[{"href":"https:\/\/cliente1.publisher.highstack.com.ar\/index.php?rest_route=%2Fwp%2Fv2%2Fmedia&parent=8621"}],"wp:term":[{"taxonomy":"category","embeddable":true,"href":"https:\/\/cliente1.publisher.highstack.com.ar\/index.php?rest_route=%2Fwp%2Fv2%2Fcategories&post=8621"},{"taxonomy":"post_tag","embeddable":true,"href":"https:\/\/cliente1.publisher.highstack.com.ar\/index.php?rest_route=%2Fwp%2Fv2%2Ftags&post=8621"}],"curies":[{"name":"wp","href":"https:\/\/api.w.org\/{rel}","templated":true}]}}