{"id":8615,"date":"2026-04-30T21:00:42","date_gmt":"2026-05-01T00:00:42","guid":{"rendered":"https:\/\/cliente1.publisher.highstack.com.ar\/?p=8615"},"modified":"2026-04-30T21:00:42","modified_gmt":"2026-05-01T00:00:42","slug":"sorpresa-en-bariloche-caputo-se-reunio-con-la-reina-maxima-y-hablara-en-el-foro-llao-llao","status":"publish","type":"post","link":"https:\/\/cliente1.publisher.highstack.com.ar\/?p=8615","title":{"rendered":"Sorpresa en Bariloche: Caputo se reuni\u00f3 con la reina M\u00e1xima y hablar\u00e1 en el Foro Llao Llao"},"content":{"rendered":"<div class=\"visual__image image-initial-width\"><picture><source srcset=\"https:\/\/www.infobae.com\/resizer\/v2\/JD3CYW377JFMTASA2V4OXX27Z4.jpg?auth=cf8a84b40976255991b469d6f5ce25bbaffe174a82dfb715068607760058cb84&amp;smart=true&amp;width=992&amp;height=558&amp;quality=85\" media=\"(min-width: 1000px)\"><\/source><source srcset=\"https:\/\/www.infobae.com\/resizer\/v2\/JD3CYW377JFMTASA2V4OXX27Z4.jpg?auth=cf8a84b40976255991b469d6f5ce25bbaffe174a82dfb715068607760058cb84&amp;smart=true&amp;width=768&amp;height=432&amp;quality=85\" media=\"(min-width: 768px)\"><\/source><source srcset=\"https:\/\/www.infobae.com\/resizer\/v2\/JD3CYW377JFMTASA2V4OXX27Z4.jpg?auth=cf8a84b40976255991b469d6f5ce25bbaffe174a82dfb715068607760058cb84&amp;smart=true&amp;width=577&amp;height=325&amp;quality=85\" media=\"(min-width: 580px)\"><\/source><source srcset=\"https:\/\/www.infobae.com\/resizer\/v2\/JD3CYW377JFMTASA2V4OXX27Z4.jpg?auth=cf8a84b40976255991b469d6f5ce25bbaffe174a82dfb715068607760058cb84&amp;smart=true&amp;width=420&amp;height=236&amp;quality=85\" media=\"(min-width: 350px)\"><\/source><source srcset=\"https:\/\/www.infobae.com\/resizer\/v2\/JD3CYW377JFMTASA2V4OXX27Z4.jpg?auth=cf8a84b40976255991b469d6f5ce25bbaffe174a82dfb715068607760058cb84&amp;smart=true&amp;width=350&amp;height=197&amp;quality=85\" media=\"(min-width: 80px)\"><\/source><img alt=\"Reina M\u00e1xima y Luis Caputo en el Foro Llao Llao\" class=\"global-image\" decoding=\"async\" fetchpriority=\"high\" height=\"1080\" loading=\"eager\" src=\"https:\/\/www.infobae.com\/resizer\/v2\/JD3CYW377JFMTASA2V4OXX27Z4.jpg?auth=cf8a84b40976255991b469d6f5ce25bbaffe174a82dfb715068607760058cb84&amp;smart=true&amp;width=350&amp;height=197&amp;quality=85\" width=\"1920\"><\/picture><\/div>\n<p class=\"paragraph\">En un evento fuera de agenda, el ministro de Econom\u00eda,<b> <\/b><a rel=\"noopener noreferrer\" href=\"https:\/\/www.infobae.com\/economia\/2026\/04\/30\/caputo-consiguio-mas-de-usd-1300-millones-en-abril-y-refuerza-la-estrategia-para-pagar-la-deuda\/\" target=\"_blank\" title=\"https:\/\/www.infobae.com\/economia\/2026\/04\/30\/caputo-consiguio-mas-de-usd-1300-millones-en-abril-y-refuerza-la-estrategia-para-pagar-la-deuda\/\"><b>Luis Caputo<\/b><\/a>, viaj\u00f3 a Bariloche, en R\u00edo Negro, para formar parte del <b>Foro Llao Llao<\/b>, donde se espera que diserte, y mantuvo una reuni\u00f3n con la <b>reina M\u00e1xima de Pa\u00edses Bajos<\/b> en las \u00faltimas horas.<\/p>\n<p class=\"paragraph\">Fuentes de Econom\u00eda confirmaron a Infobae que el titular del Palacio de Hacienda <b>hablar\u00e1 este jueves durante la cena del exclusivo encuentro de empresarios<\/b>, emprendedores y referentes destacados de distintas disciplinas.<\/p>\n<div class=\"inline ad-wrapper dfpAd ad-inline ad-text ad-component-container\" style=\"--ad-shell-height:250px;--ad-shell-width:300px\" data-ad-wrapper=\"arcad\" data-ad-type=\"inline\" data-ad-slot=\"infobae\/economia\/nota\/inline\" data-ad-container=\"dfp\" data-ad-slot-name=\"infobae\/economia\/nota\/inline\">\n<p class=\"ad-shell-label\">PUBLICIDAD<\/p>\n<div id=\"infobae\/economia\/nota\/inline\" class=\"infobae\/economia\/nota\/inline arcad ad-slot-node ad-slot-node--boxed\" data-ad-slot-id=\"infobae\/economia\/nota\/inline\"><\/div>\n<\/div>\n<p class=\"paragraph\">\u201cUn placer charlar con la reina M\u00e1xima sobre econom\u00eda e inclusi\u00f3n financiera. Nunca deja de sorprenderme su nivel de conocimiento y su pasi\u00f3n por mejorar el bienestar de las personas\u201d, escribi\u00f3 el funcionario en su cuenta oficial de X. <\/p>\n<p class=\"paragraph\">Antes de trasladarse al sur, Caputo hab\u00eda participado esta semana en el <b>Congreso Econ\u00f3mico Argentino <\/b>que se llev\u00f3 a cabo en el marco de <a rel=\"noopener noreferrer\" href=\"https:\/\/www.infobae.com\/economia\/2026\/04\/28\/caputo-aseguro-que-la-inflacion-tuvo-un-pico-en-marzo-pero-a-partir-de-abril-empezara-a-ir-hacia-abajo\/\" target=\"_blank\" title=\"https:\/\/www.infobae.com\/economia\/2026\/04\/28\/caputo-aseguro-que-la-inflacion-tuvo-un-pico-en-marzo-pero-a-partir-de-abril-empezara-a-ir-hacia-abajo\/\"><b>ExpoEfi 2026<\/b><\/a>. All\u00ed, defendi\u00f3 el rumbo econ\u00f3mico, asegur\u00f3 que la inflaci\u00f3n comenz\u00f3 a bajar en abril y destac\u00f3 las inversiones que se canalizan mediante el R\u00e9gimen de Incentivos para Grandes Inversiones (RIGI).<\/p>\n<div class=\"inline_2 ad-wrapper dfpAd ad-inline ad-text ad-component-container\" style=\"--ad-shell-height:250px;--ad-shell-width:300px\" data-ad-wrapper=\"arcad\" data-ad-type=\"inline_2\" data-ad-slot=\"infobae\/economia\/nota\/inline_2\" data-ad-container=\"dfp\" data-ad-slot-name=\"infobae\/economia\/nota\/inline_2\">\n<p class=\"ad-shell-label\">PUBLICIDAD<\/p>\n<div id=\"infobae\/economia\/nota\/inline_2\" class=\"infobae\/economia\/nota\/inline_2 arcad ad-slot-node ad-slot-node--boxed\" data-ad-slot-id=\"infobae\/economia\/nota\/inline_2\"><\/div>\n<\/div>\n<div class=\"visual__image\"><picture><source srcset=\"https:\/\/www.infobae.com\/resizer\/v2\/RRSENCUBCZGU3ONL66XSBIWYUY.jpg?auth=6282f4f48bf8f76eeb0f9b4e08a1a4fbc56513abf80c859ac4a5ce2029670004&amp;smart=true&amp;width=992&amp;height=558&amp;quality=85\" media=\"(min-width: 1000px)\"><\/source><source srcset=\"https:\/\/www.infobae.com\/resizer\/v2\/RRSENCUBCZGU3ONL66XSBIWYUY.jpg?auth=6282f4f48bf8f76eeb0f9b4e08a1a4fbc56513abf80c859ac4a5ce2029670004&amp;smart=true&amp;width=768&amp;height=432&amp;quality=85\" media=\"(min-width: 768px)\"><\/source><source srcset=\"https:\/\/www.infobae.com\/resizer\/v2\/RRSENCUBCZGU3ONL66XSBIWYUY.jpg?auth=6282f4f48bf8f76eeb0f9b4e08a1a4fbc56513abf80c859ac4a5ce2029670004&amp;smart=true&amp;width=577&amp;height=325&amp;quality=85\" media=\"(min-width: 580px)\"><\/source><source srcset=\"https:\/\/www.infobae.com\/resizer\/v2\/RRSENCUBCZGU3ONL66XSBIWYUY.jpg?auth=6282f4f48bf8f76eeb0f9b4e08a1a4fbc56513abf80c859ac4a5ce2029670004&amp;smart=true&amp;width=420&amp;height=236&amp;quality=85\" media=\"(min-width: 350px)\"><\/source><source srcset=\"https:\/\/www.infobae.com\/resizer\/v2\/RRSENCUBCZGU3ONL66XSBIWYUY.jpg?auth=6282f4f48bf8f76eeb0f9b4e08a1a4fbc56513abf80c859ac4a5ce2029670004&amp;smart=true&amp;width=350&amp;height=197&amp;quality=85\" media=\"(min-width: 80px)\"><\/source><img alt=\"Primer plano de Luis Toto Caputo, un hombre de cabello gris y traje azul, con camisa celeste abierta, gesticulando con ambas manos frente a un fondo azul\" class=\"global-image\" decoding=\"async\" fetchpriority=\"low\" height=\"1080\" loading=\"lazy\" src=\"https:\/\/www.infobae.com\/resizer\/v2\/RRSENCUBCZGU3ONL66XSBIWYUY.jpg?auth=6282f4f48bf8f76eeb0f9b4e08a1a4fbc56513abf80c859ac4a5ce2029670004&amp;smart=true&amp;width=350&amp;height=197&amp;quality=85\" width=\"1920\"><\/picture><\/div>\n<p class=\"paragraph\">En su disertaci\u00f3n, el jefe de la cartera econ\u00f3mica reconoci\u00f3 que \u201c<b>el dato de actividad de febrero dio mal<\/b>, pero ven\u00edamos de n\u00fameros r\u00e9cord. Tenemos que saber de d\u00f3nde ven\u00edamos\u201d. En efecto, el Instituto Nacional de Estad\u00edsticas y Censo (Indec) inform\u00f3 que el <b>Estimador Mensual de Actividad Econ\u00f3mica (EMAE) cay\u00f3 2,6%<\/b> mensual durante el segundo mes del a\u00f1o.<\/p>\n<p class=\"paragraph\">Por otra parte, el disertante puso el foco en el sector externo al destacar: \u201c<b>Estamos en r\u00e9cord de exportaciones<\/b>. El agro est\u00e1 en un boom de 160 millones de toneladas. Eso no es casualidad, es previsibilidad. Al agro cuando vos le das mejores perspectivas inmediatamente invierte. Vamos a seguir generando condiciones para que el campo tenga la renta que merece\u201d.<\/p>\n<div class=\"ad_1 ad-wrapper dfpAd ad-1-al-6 ad-text ad-component-container\" style=\"--ad-shell-height:250px;--ad-shell-width:300px\" data-ad-wrapper=\"arcad\" data-ad-type=\"ad_1\" data-ad-slot=\"infobae\/economia\/nota\/ad_1\" data-ad-container=\"dfp\" data-ad-slot-name=\"infobae\/economia\/nota\/ad_1\">\n<p class=\"ad-shell-label\">PUBLICIDAD<\/p>\n<div id=\"infobae\/economia\/nota\/ad_1\" class=\"infobae\/economia\/nota\/ad_1 arcad ad-slot-node ad-slot-node--boxed\" data-ad-slot-id=\"infobae\/economia\/nota\/ad_1\"><\/div>\n<\/div>\n<p class=\"paragraph\">En referencia al potencial del sector energ\u00e9tico, Caputo proyect\u00f3 que \u201csolamente en energ\u00eda, <b>entre este a\u00f1o y 2035, vamos a tener m\u00e1s de USD 350.000 millones de super\u00e1vit<\/b>. No se si se toma conciencia de los n\u00fameros que estamos hablando\u201d.<\/p>\n<p class=\"paragraph\">A su vez, remarc\u00f3 que \u201cen miner\u00eda van a ser otros USD 161.000 millones de d\u00f3lares de super\u00e1vit. O sea, entre energ\u00eda y miner\u00eda hay casi un producto bruto por los pr\u00f3ximos diez a\u00f1os\u201d.<\/p>\n<div class=\"ad_2 ad-wrapper dfpAd ad-1-al-6 ad-text ad-component-container\" style=\"--ad-shell-height:250px;--ad-shell-width:300px\" data-ad-wrapper=\"arcad\" data-ad-type=\"ad_2\" data-ad-slot=\"infobae\/economia\/nota\/ad_2\" data-ad-container=\"dfp\" data-ad-slot-name=\"infobae\/economia\/nota\/ad_2\">\n<p class=\"ad-shell-label\">PUBLICIDAD<\/p>\n<div id=\"infobae\/economia\/nota\/ad_2\" class=\"infobae\/economia\/nota\/ad_2 arcad ad-slot-node ad-slot-node--boxed\" data-ad-slot-id=\"infobae\/economia\/nota\/ad_2\"><\/div>\n<\/div>\n<p class=\"paragraph\">Sobre la inflaci\u00f3n, el ministro de Econom\u00eda vincul\u00f3 la baja de la tasa de inter\u00e9s en pesos con el proceso de desinflaci\u00f3n. \u201cEs lo que nos hace ser optimistas\u201d, remarc\u00f3, incluso tras el pico de 3,4% registrado por el Indec en marzo.<\/p>\n<p class=\"paragraph\">\u201cLo que nos hace ser optimistas en cuanto al proceso de desinflaci\u00f3n es que normalmente, cuando la tasa de inter\u00e9s baja, el tipo de cambio sube, y cuando la tasa de inter\u00e9s sube, el tipo de cambio baja\u201d, explic\u00f3 el ministro. \u201c<b>Hemos visto un pico en marzo, pero definitivamente esperamos que a partir de abril el proceso de desinflaci\u00f3n retome<\/b>\u201d, finaliz\u00f3.<\/p>\n<div class=\"ad_3 ad-wrapper dfpAd ad-1-al-6 ad-text ad-component-container\" style=\"--ad-shell-height:250px;--ad-shell-width:300px\" data-ad-wrapper=\"arcad\" data-ad-type=\"ad_3\" data-ad-slot=\"infobae\/economia\/nota\/ad_3\" data-ad-container=\"dfp\" data-ad-slot-name=\"infobae\/economia\/nota\/ad_3\">\n<p class=\"ad-shell-label\">PUBLICIDAD<\/p>\n<div id=\"infobae\/economia\/nota\/ad_3\" class=\"infobae\/economia\/nota\/ad_3 arcad ad-slot-node ad-slot-node--boxed\" data-ad-slot-id=\"infobae\/economia\/nota\/ad_3\"><\/div>\n<\/div>\n<div class=\"visual__image\"><picture><source srcset=\"https:\/\/www.infobae.com\/resizer\/v2\/C6YAMUXD3JCEHDT5MFWNBWGGVE.jpg?auth=7df9fb2a2e495b5fbc9ced87e164b549d2dc5aec674ebefce706596b7f5e46a0&amp;smart=true&amp;width=992&amp;height=1491&amp;quality=85\" media=\"(min-width: 1000px)\"><\/source><source srcset=\"https:\/\/www.infobae.com\/resizer\/v2\/C6YAMUXD3JCEHDT5MFWNBWGGVE.jpg?auth=7df9fb2a2e495b5fbc9ced87e164b549d2dc5aec674ebefce706596b7f5e46a0&amp;smart=true&amp;width=768&amp;height=1154&amp;quality=85\" media=\"(min-width: 768px)\"><\/source><source srcset=\"https:\/\/www.infobae.com\/resizer\/v2\/C6YAMUXD3JCEHDT5MFWNBWGGVE.jpg?auth=7df9fb2a2e495b5fbc9ced87e164b549d2dc5aec674ebefce706596b7f5e46a0&amp;smart=true&amp;width=577&amp;height=867&amp;quality=85\" media=\"(min-width: 580px)\"><\/source><source srcset=\"https:\/\/www.infobae.com\/resizer\/v2\/C6YAMUXD3JCEHDT5MFWNBWGGVE.jpg?auth=7df9fb2a2e495b5fbc9ced87e164b549d2dc5aec674ebefce706596b7f5e46a0&amp;smart=true&amp;width=420&amp;height=631&amp;quality=85\" media=\"(min-width: 350px)\"><\/source><source srcset=\"https:\/\/www.infobae.com\/resizer\/v2\/C6YAMUXD3JCEHDT5MFWNBWGGVE.jpg?auth=7df9fb2a2e495b5fbc9ced87e164b549d2dc5aec674ebefce706596b7f5e46a0&amp;smart=true&amp;width=350&amp;height=526&amp;quality=85\" media=\"(min-width: 80px)\"><\/source><img alt=\"M\u00e1xima Foro Llao LLao\" class=\"global-image\" decoding=\"async\" fetchpriority=\"low\" height=\"2886\" loading=\"lazy\" src=\"https:\/\/www.infobae.com\/resizer\/v2\/C6YAMUXD3JCEHDT5MFWNBWGGVE.jpg?auth=7df9fb2a2e495b5fbc9ced87e164b549d2dc5aec674ebefce706596b7f5e46a0&amp;smart=true&amp;width=350&amp;height=526&amp;quality=85\" width=\"1920\"><\/picture><\/div>\n<h2 class=\"text-align-left vertical-align-top line-height-100 header headline-class-h2 headline\" id=\"la-agenda-de-maxima-en-el-foro-llao-llao\">La agenda de M\u00e1xima en el Foro Llao Llao<\/h2>\n<p class=\"paragraph\">Por su parte, la<b> <\/b><a rel=\"noopener noreferrer\" href=\"https:\/\/www.infobae.com\/economia\/2026\/04\/30\/foro-llao-llao-la-reina-maxima-aconsejo-a-los-millonarios-argentinos-sobre-como-deben-influir-en-la-salud-financiera-de-sus-empleados\/\" target=\"_blank\" title=\"https:\/\/www.infobae.com\/economia\/2026\/04\/30\/foro-llao-llao-la-reina-maxima-aconsejo-a-los-millonarios-argentinos-sobre-como-deben-influir-en-la-salud-financiera-de-sus-empleados\/\"><b>reina M\u00e1xima<\/b><\/a> desarrolla una agenda centrada en la salud financiera durante su participaci\u00f3n en el tradicional foro. En su rol de Secretaria General de Asuntos Econ\u00f3micos y Sociales de Naciones Unidas, mantuvo encuentros bilaterales con referentes de bancos, empresas <i>fintech<\/i>, del sector agr\u00edcola y plataformas tecnol\u00f3gicas de Argentina y el Cono Sur, donde abord\u00f3 el aporte de estos actores para mejorar la situaci\u00f3n financiera de los hogares.<\/p>\n<p class=\"paragraph\">Frente a un auditorio compuesto por m\u00e1s de cien empresarios y emprendedores \u2014incluyendo a algunos de los principales referentes econ\u00f3micos del pa\u00eds\u2014, <b>la monarca los Pa\u00edses Bajos particip\u00f3 como invitada central en el Foro Llao Llao<\/b>. Durante su intervenci\u00f3n, inst\u00f3 al sector privado a tomar un rol activo en la protecci\u00f3n de la salud financiera de sus empleados, destacando la importancia de promover programas de formaci\u00f3n que contribuyan a fortalecer las finanzas personales.<\/p>\n<div class=\"ad_4 ad-wrapper dfpAd ad-1-al-6 ad-text ad-component-container\" style=\"--ad-shell-height:250px;--ad-shell-width:300px\" data-ad-wrapper=\"arcad\" data-ad-type=\"ad_4\" data-ad-slot=\"infobae\/economia\/nota\/ad_4\" data-ad-container=\"dfp\" data-ad-slot-name=\"infobae\/economia\/nota\/ad_4\">\n<p class=\"ad-shell-label\">PUBLICIDAD<\/p>\n<div id=\"infobae\/economia\/nota\/ad_4\" class=\"infobae\/economia\/nota\/ad_4 arcad ad-slot-node ad-slot-node--boxed\" data-ad-slot-id=\"infobae\/economia\/nota\/ad_4\"><\/div>\n<\/div>\n<p class=\"paragraph\">En el marco del evento, M\u00e1xima mantuvo una conversaci\u00f3n con <b>Federico Braun<\/b>, presidente del consejo de administraci\u00f3n de La An\u00f3nima y cofundador del Foro, con quien abord\u00f3 la relevancia de iniciativas empresariales dirigidas a mejorar la resiliencia econ\u00f3mica de las familias trabajadoras.<\/p>\n<h2 class=\"text-align-left vertical-align-top line-height-100 header headline-class-h2 headline\" id=\"que-es-el-foro-llao-llao\">Qu\u00e9 es el Foro Llao Llao<\/h2>\n<p class=\"paragraph\">El <b>Foro Llao Llao<\/b> naci\u00f3 como una iniciativa de <b>Eduardo Elsztain<\/b>, presidente de IRSA, y re\u00fane tanto al c\u00edrculo de emprendedores de alto impacto agrupados en Endeavor como a destacados empresarios de diversos sectores.<\/p>\n<div class=\"ad_5 ad-wrapper dfpAd ad-1-al-6 ad-text ad-component-container\" style=\"--ad-shell-height:250px;--ad-shell-width:300px\" data-ad-wrapper=\"arcad\" data-ad-type=\"ad_5\" data-ad-slot=\"infobae\/economia\/nota\/ad_5\" data-ad-container=\"dfp\" data-ad-slot-name=\"infobae\/economia\/nota\/ad_5\">\n<p class=\"ad-shell-label\">PUBLICIDAD<\/p>\n<div id=\"infobae\/economia\/nota\/ad_5\" class=\"infobae\/economia\/nota\/ad_5 arcad ad-slot-node ad-slot-node--boxed\" data-ad-slot-id=\"infobae\/economia\/nota\/ad_5\"><\/div>\n<\/div>\n<div class=\"visual__image\"><picture><source srcset=\"https:\/\/www.infobae.com\/resizer\/v2\/5ITBNBPLNZCD5COSKBUQMILUL4.jpg?auth=751bb1ae73bee7bc2d7c39c236b94e8030fac97b690b3fffd2decd6441522fbe&amp;smart=true&amp;width=992&amp;height=558&amp;quality=85\" media=\"(min-width: 1000px)\"><\/source><source srcset=\"https:\/\/www.infobae.com\/resizer\/v2\/5ITBNBPLNZCD5COSKBUQMILUL4.jpg?auth=751bb1ae73bee7bc2d7c39c236b94e8030fac97b690b3fffd2decd6441522fbe&amp;smart=true&amp;width=768&amp;height=432&amp;quality=85\" media=\"(min-width: 768px)\"><\/source><source srcset=\"https:\/\/www.infobae.com\/resizer\/v2\/5ITBNBPLNZCD5COSKBUQMILUL4.jpg?auth=751bb1ae73bee7bc2d7c39c236b94e8030fac97b690b3fffd2decd6441522fbe&amp;smart=true&amp;width=577&amp;height=325&amp;quality=85\" media=\"(min-width: 580px)\"><\/source><source srcset=\"https:\/\/www.infobae.com\/resizer\/v2\/5ITBNBPLNZCD5COSKBUQMILUL4.jpg?auth=751bb1ae73bee7bc2d7c39c236b94e8030fac97b690b3fffd2decd6441522fbe&amp;smart=true&amp;width=420&amp;height=236&amp;quality=85\" media=\"(min-width: 350px)\"><\/source><source srcset=\"https:\/\/www.infobae.com\/resizer\/v2\/5ITBNBPLNZCD5COSKBUQMILUL4.jpg?auth=751bb1ae73bee7bc2d7c39c236b94e8030fac97b690b3fffd2decd6441522fbe&amp;smart=true&amp;width=350&amp;height=197&amp;quality=85\" media=\"(min-width: 80px)\"><\/source><img alt=\"Vista a\u00e9rea de un gran hotel con tejados naranjas y paredes claras sobre un promontorio verde. Alrededor, un lago azul, bosques y monta\u00f1as imponentes con picos nevados\" class=\"global-image\" decoding=\"async\" fetchpriority=\"low\" height=\"1080\" loading=\"lazy\" src=\"https:\/\/www.infobae.com\/resizer\/v2\/5ITBNBPLNZCD5COSKBUQMILUL4.jpg?auth=751bb1ae73bee7bc2d7c39c236b94e8030fac97b690b3fffd2decd6441522fbe&amp;smart=true&amp;width=350&amp;height=197&amp;quality=85\" width=\"1920\"><\/picture><\/div>\n<p class=\"paragraph\">El encuentro est\u00e1 compuesto por m\u00e1s de cien empresarios, referentes y especialistas de diversos sectores y generaciones. Dentro de su estructura cuenta con un Consejo de la Fundaci\u00f3n integrado por figuras como <b>Federico Braun, Gustavo D\u2019Alessandro, Eduardo Elsztain, Guibert Englebienne, Marcos Galperin, Martin Migoya, Carlos Miguens, Luciano Nicora, Agust\u00edn Otero Monsegur y Karina Roman<\/b>.<\/p>\n<p class=\"paragraph\">Este a\u00f1o el Foro ampl\u00eda su alcance y, seg\u00fan los organizadores, \u201cpor primera vez suma referentes de distintos campos\u201d. Entre los invitados se encuentran emprendedores convocados a trav\u00e9s de Endeavor Argentina, como <b>Nicol\u00e1s Benenzon (Humand), Alejandro Zecler (Mendel), Bruno Ruyu (Teramot) <\/b>y<b> Tom\u00e1s Mindlin (tapi)<\/b>.<\/p>\n<div class=\"ad_6 ad-wrapper dfpAd ad-1-al-6 ad-text ad-component-container\" style=\"--ad-shell-height:250px;--ad-shell-width:300px\" data-ad-wrapper=\"arcad\" data-ad-type=\"ad_6\" data-ad-slot=\"infobae\/economia\/nota\/ad_6\" data-ad-container=\"dfp\" data-ad-slot-name=\"infobae\/economia\/nota\/ad_6\">\n<p class=\"ad-shell-label\">PUBLICIDAD<\/p>\n<div id=\"infobae\/economia\/nota\/ad_6\" class=\"infobae\/economia\/nota\/ad_6 arcad ad-slot-node ad-slot-node--boxed\" data-ad-slot-id=\"infobae\/economia\/nota\/ad_6\"><\/div>\n<\/div>\n<p class=\"paragraph\">El evento tambi\u00e9n contar\u00e1 con la presencia de destacados deportistas como <b>David Nalbandian, Felipe Contepomi, Juan Mart\u00edn Hern\u00e1ndez<\/b> y el joven ajedrecista<b> Faustino Oro<\/b>. Desde el \u00e1mbito cultural y musical, participar\u00e1 <b>Charly Alberti<\/b>, mientras que en el \u00e1rea cient\u00edfica estar\u00e1 <b>Daniel Lauretta<\/b>, investigador del Conicet responsable de un importante relevamiento en el lecho marino argentino.<\/p>\n<p class=\"paragraph\">El encuentro suma adem\u00e1s a argentinos con proyecci\u00f3n internacional, como <b>Victoria Alonso<\/b>, ex vicepresidenta de Marvel Studios y referente en la industria audiovisual global. El Foro recibir\u00e1, adem\u00e1s, a figuras empresariales de la regi\u00f3n, entre ellas <b>Adriana Cisneros<\/b> (Venezuela), CEO del Grupo Cisneros; <b>Andr\u00f3nico Luksic<\/b> (Chile), presidente del Grupo Qui\u00f1enco; y <b>Manfred Paulmann <\/b>(Chile), miembro de la familia fundadora de Cencosud.<\/p>\n","protected":false},"excerpt":{"rendered":"<p>En un evento fuera de agenda, el ministro de Econom\u00eda, Luis Caputo, viaj\u00f3 a Bariloche, en R\u00edo Negro, para formar parte del Foro Llao Llao, donde se espera que diserte, y mantuvo una reuni\u00f3n con la reina M\u00e1xima de Pa\u00edses Bajos en las \u00faltimas horas. Fuentes de Econom\u00eda confirmaron a Infobae que el titular del [&hellip;]<\/p>\n","protected":false},"author":1,"featured_media":8616,"comment_status":"open","ping_status":"open","sticky":false,"template":"","format":"standard","meta":{"footnotes":""},"categories":[1],"tags":[],"class_list":["post-8615","post","type-post","status-publish","format-standard","has-post-thumbnail","hentry","category-uncategorized"],"_links":{"self":[{"href":"https:\/\/cliente1.publisher.highstack.com.ar\/index.php?rest_route=\/wp\/v2\/posts\/8615","targetHints":{"allow":["GET"]}}],"collection":[{"href":"https:\/\/cliente1.publisher.highstack.com.ar\/index.php?rest_route=\/wp\/v2\/posts"}],"about":[{"href":"https:\/\/cliente1.publisher.highstack.com.ar\/index.php?rest_route=\/wp\/v2\/types\/post"}],"author":[{"embeddable":true,"href":"https:\/\/cliente1.publisher.highstack.com.ar\/index.php?rest_route=\/wp\/v2\/users\/1"}],"replies":[{"embeddable":true,"href":"https:\/\/cliente1.publisher.highstack.com.ar\/index.php?rest_route=%2Fwp%2Fv2%2Fcomments&post=8615"}],"version-history":[{"count":0,"href":"https:\/\/cliente1.publisher.highstack.com.ar\/index.php?rest_route=\/wp\/v2\/posts\/8615\/revisions"}],"wp:featuredmedia":[{"embeddable":true,"href":"https:\/\/cliente1.publisher.highstack.com.ar\/index.php?rest_route=\/wp\/v2\/media\/8616"}],"wp:attachment":[{"href":"https:\/\/cliente1.publisher.highstack.com.ar\/index.php?rest_route=%2Fwp%2Fv2%2Fmedia&parent=8615"}],"wp:term":[{"taxonomy":"category","embeddable":true,"href":"https:\/\/cliente1.publisher.highstack.com.ar\/index.php?rest_route=%2Fwp%2Fv2%2Fcategories&post=8615"},{"taxonomy":"post_tag","embeddable":true,"href":"https:\/\/cliente1.publisher.highstack.com.ar\/index.php?rest_route=%2Fwp%2Fv2%2Ftags&post=8615"}],"curies":[{"name":"wp","href":"https:\/\/api.w.org\/{rel}","templated":true}]}}