{"id":8613,"date":"2026-04-30T20:50:07","date_gmt":"2026-04-30T23:50:07","guid":{"rendered":"https:\/\/cliente1.publisher.highstack.com.ar\/?p=8613"},"modified":"2026-04-30T20:50:07","modified_gmt":"2026-04-30T23:50:07","slug":"trump-llamo-al-primer-ministro-designado-de-irak-y-lo-invito-a-washington","status":"publish","type":"post","link":"https:\/\/cliente1.publisher.highstack.com.ar\/?p=8613","title":{"rendered":"Trump llam\u00f3 al primer ministro designado de Irak y lo invit\u00f3 a Washington"},"content":{"rendered":"<div class=\"visual__image image-initial-width\"><picture><source srcset=\"https:\/\/www.infobae.com\/resizer\/v2\/SVTO5MT5PWD6ZKNYWX7Z2JIBNM.jpg?auth=07eabe847100ca8e2be9a7b51c078269244142a60a332bb7b33be9c808cacfaf&amp;smart=true&amp;width=992&amp;height=661&amp;quality=85\" media=\"(min-width: 1000px)\"><\/source><source srcset=\"https:\/\/www.infobae.com\/resizer\/v2\/SVTO5MT5PWD6ZKNYWX7Z2JIBNM.jpg?auth=07eabe847100ca8e2be9a7b51c078269244142a60a332bb7b33be9c808cacfaf&amp;smart=true&amp;width=768&amp;height=512&amp;quality=85\" media=\"(min-width: 768px)\"><\/source><source srcset=\"https:\/\/www.infobae.com\/resizer\/v2\/SVTO5MT5PWD6ZKNYWX7Z2JIBNM.jpg?auth=07eabe847100ca8e2be9a7b51c078269244142a60a332bb7b33be9c808cacfaf&amp;smart=true&amp;width=577&amp;height=385&amp;quality=85\" media=\"(min-width: 580px)\"><\/source><source srcset=\"https:\/\/www.infobae.com\/resizer\/v2\/SVTO5MT5PWD6ZKNYWX7Z2JIBNM.jpg?auth=07eabe847100ca8e2be9a7b51c078269244142a60a332bb7b33be9c808cacfaf&amp;smart=true&amp;width=420&amp;height=280&amp;quality=85\" media=\"(min-width: 350px)\"><\/source><source srcset=\"https:\/\/www.infobae.com\/resizer\/v2\/SVTO5MT5PWD6ZKNYWX7Z2JIBNM.jpg?auth=07eabe847100ca8e2be9a7b51c078269244142a60a332bb7b33be9c808cacfaf&amp;smart=true&amp;width=350&amp;height=233&amp;quality=85\" media=\"(min-width: 80px)\"><\/source><\/picture><\/div>\n<p class=\"paragraph\">El presidente de Estados Unidos, <b>Donald Trump<\/b>, llam\u00f3 el jueves al primer ministro designado de Irak, <b>Ali al-Zaidi<\/b>, y lo invit\u00f3 a visitar Washington en cuanto logre conformar un gobierno, seg\u00fan inform\u00f3 la oficina del primer ministro iraqu\u00ed. <\/p>\n<p class=\"paragraph\">Pocas horas despu\u00e9s, Trump public\u00f3 un mensaje en su red social Truth Social en el que <b>felicit\u00f3 a <\/b><a href=\"https:\/\/www.infobae.com\/america\/mundo\/2026\/04\/27\/el-presidente-de-irak-encargo-a-ali-al-zaidi-la-formacion-de-un-nuevo-gobierno\/\" target=\"_blank\" rel=\"noreferrer\" title=\"https:\/\/www.infobae.com\/america\/mundo\/2026\/04\/27\/el-presidente-de-irak-encargo-a-ali-al-zaidi-la-formacion-de-un-nuevo-gobierno\/\"><b>Al-Zaidi<\/b><\/a><b> y le dese\u00f3 \u00e9xito en la tarea de construir \u201cun gobierno libre de terrorismo que pueda ofrecer un futuro mejor para Irak\u201d<\/b>, seg\u00fan recogi\u00f3 <i>AP<\/i>.<\/p>\n<div class=\"inline ad-wrapper dfpAd ad-inline ad-text ad-component-container\" style=\"--ad-shell-height:250px;--ad-shell-width:300px\" data-ad-wrapper=\"arcad\" data-ad-type=\"inline\" data-ad-slot=\"infobae\/america\/mundo\/nota\/inline\" data-ad-container=\"dfp\" data-ad-slot-name=\"infobae\/america\/mundo\/nota\/inline\">\n<p class=\"ad-shell-label\">PUBLICIDAD<\/p>\n<div id=\"infobae\/america\/mundo\/nota\/inline\" class=\"infobae\/america\/mundo\/nota\/inline arcad ad-slot-node ad-slot-node--boxed\" data-ad-slot-id=\"infobae\/america\/mundo\/nota\/inline\"><\/div>\n<\/div>\n<p class=\"paragraph\">La llamada y la publicaci\u00f3n son una se\u00f1al inequ\u00edvoca de que la Casa Blanca avala la designaci\u00f3n del <b>empresario bagdad\u00ed, de 40 a\u00f1os<\/b>, quien no tiene antecedentes en cargos p\u00fablicos y era pr\u00e1cticamente desconocido hasta hace una semana. \u201cEste es el comienzo de un tremendo nuevo cap\u00edtulo entre nuestras naciones: prosperidad, estabilidad y un \u00e9xito como nunca antes se hab\u00eda visto\u201d, escribi\u00f3 Trump en Truth Social.<\/p>\n<p class=\"paragraph\">El respaldo de Washington llega tras una crisis pol\u00edtica que se extendi\u00f3 durante cinco meses desde las elecciones legislativas de noviembre de 2025. El bloque parlamentario dominante, el <b>Marco de Coordinaci\u00f3n<\/b> \u2014coalici\u00f3n de partidos chi\u00edes alineados con Ir\u00e1n que controla 185 de los 329 esca\u00f1os del parlamento\u2014 tard\u00f3 semanas en acordar un nombre y estuvo a punto de derivar en una crisis constitucional.<\/p>\n<div class=\"inline_2 ad-wrapper dfpAd ad-inline ad-text ad-component-container\" style=\"--ad-shell-height:250px;--ad-shell-width:300px\" data-ad-wrapper=\"arcad\" data-ad-type=\"inline_2\" data-ad-slot=\"infobae\/america\/mundo\/nota\/inline_2\" data-ad-container=\"dfp\" data-ad-slot-name=\"infobae\/america\/mundo\/nota\/inline_2\">\n<p class=\"ad-shell-label\">PUBLICIDAD<\/p>\n<div id=\"infobae\/america\/mundo\/nota\/inline_2\" class=\"infobae\/america\/mundo\/nota\/inline_2 arcad ad-slot-node ad-slot-node--boxed\" data-ad-slot-id=\"infobae\/america\/mundo\/nota\/inline_2\"><\/div>\n<\/div>\n<p class=\"paragraph\">El candidato inicial del bloque era el ex primer ministro Nuri al-Maliki, quien hab\u00eda asegurado el respaldo de la mayor\u00eda de sus socios tras anunciar su candidatura en enero. <b>Trump intervino directamente y se opuso al pol\u00edtico, al que consider\u00f3 demasiado cercano a Teher\u00e1n<\/b>. La administraci\u00f3n estadounidense suspendi\u00f3 el env\u00edo de cerca de 500 millones de d\u00f3lares a Irak, seg\u00fan inform\u00f3 el <i>Wall Street Journal<\/i>, y sancion\u00f3 a comandantes de milicias respaldadas por Ir\u00e1n. Al-Maliki mantuvo su candidatura pese a las advertencias, pero el bloque opt\u00f3 por un candidato de compromiso.<\/p>\n<div class=\"visual__image\"><picture><source srcset=\"https:\/\/www.infobae.com\/resizer\/v2\/GTO43SGXVZGBXF5QCTH4SEIF2M.JPG?auth=792a4d575483bf68eb823ad81644a007e810a5405d501fa69808f3517182dd6a&amp;smart=true&amp;width=992&amp;height=661&amp;quality=85\" media=\"(min-width: 1000px)\"><\/source><source srcset=\"https:\/\/www.infobae.com\/resizer\/v2\/GTO43SGXVZGBXF5QCTH4SEIF2M.JPG?auth=792a4d575483bf68eb823ad81644a007e810a5405d501fa69808f3517182dd6a&amp;smart=true&amp;width=768&amp;height=512&amp;quality=85\" media=\"(min-width: 768px)\"><\/source><source srcset=\"https:\/\/www.infobae.com\/resizer\/v2\/GTO43SGXVZGBXF5QCTH4SEIF2M.JPG?auth=792a4d575483bf68eb823ad81644a007e810a5405d501fa69808f3517182dd6a&amp;smart=true&amp;width=577&amp;height=385&amp;quality=85\" media=\"(min-width: 580px)\"><\/source><source srcset=\"https:\/\/www.infobae.com\/resizer\/v2\/GTO43SGXVZGBXF5QCTH4SEIF2M.JPG?auth=792a4d575483bf68eb823ad81644a007e810a5405d501fa69808f3517182dd6a&amp;smart=true&amp;width=420&amp;height=280&amp;quality=85\" media=\"(min-width: 350px)\"><\/source><source srcset=\"https:\/\/www.infobae.com\/resizer\/v2\/GTO43SGXVZGBXF5QCTH4SEIF2M.JPG?auth=792a4d575483bf68eb823ad81644a007e810a5405d501fa69808f3517182dd6a&amp;smart=true&amp;width=350&amp;height=233&amp;quality=85\" media=\"(min-width: 80px)\"><\/source><img alt=\"FOTO DE ARCHIVO: El nuevo primer ministro iraqu\u00ed designado, Ali al-Zaidi, usa un tel\u00e9fono en su oficina en Bagdad, Irak, el 28 de abril de 2026\nOficina de Prensa del Primer Ministro Iraqu\u00ed\/Imagen cedida a trav\u00e9s de REUTERS\" class=\"global-image\" decoding=\"async\" fetchpriority=\"low\" height=\"2774\" loading=\"lazy\" src=\"https:\/\/www.infobae.com\/resizer\/v2\/GTO43SGXVZGBXF5QCTH4SEIF2M.JPG?auth=792a4d575483bf68eb823ad81644a007e810a5405d501fa69808f3517182dd6a&amp;smart=true&amp;width=350&amp;height=233&amp;quality=85\" width=\"4160\"><\/picture><\/div>\n<p class=\"paragraph\">Ali al-Zaidi naci\u00f3 en Bagdad en 1986, en el seno de una familia de la provincia sure\u00f1a de Dhi Qar. <b>Tiene licenciaturas en derecho y finanzas y un m\u00e1ster en finanzas y banca.<\/b> Antes de su nominaci\u00f3n era conocido principalmente como presidente del banco isl\u00e1mico Al-Janoob y como propietario de la cadena de televisi\u00f3n Dijlah y de los supermercados Taawon en Bagdad. En 2024, el Banco Central de Iraq vet\u00f3 a Al-Janoob de operar en d\u00f3lares en el marco de una presi\u00f3n estadounidense para frenar el blanqueo de capitales y la canalizaci\u00f3n de fondos hacia Ir\u00e1n. Ni el banco ni Al-Zaidi est\u00e1n bajo sanciones directas de Washington.<\/p>\n<div class=\"ad_1 ad-wrapper dfpAd ad-1-al-6 ad-text ad-component-container\" style=\"--ad-shell-height:250px;--ad-shell-width:300px\" data-ad-wrapper=\"arcad\" data-ad-type=\"ad_1\" data-ad-slot=\"infobae\/america\/mundo\/nota\/ad_1\" data-ad-container=\"dfp\" data-ad-slot-name=\"infobae\/america\/mundo\/nota\/ad_1\">\n<p class=\"ad-shell-label\">PUBLICIDAD<\/p>\n<div id=\"infobae\/america\/mundo\/nota\/ad_1\" class=\"infobae\/america\/mundo\/nota\/ad_1 arcad ad-slot-node ad-slot-node--boxed\" data-ad-slot-id=\"infobae\/america\/mundo\/nota\/ad_1\"><\/div>\n<\/div>\n<p class=\"paragraph\">Seg\u00fan la Constituci\u00f3n iraqu\u00ed, <b>el primer ministro designado tiene 30 d\u00edas para presentar al parlamento una lista de ministros que debe obtener la confianza de al menos 167 diputados<\/b>. El sistema de reparto de poder vigente desde la invasi\u00f3n estadounidense de 2003 reserva la presidencia para los kurdos, la jefatura de gobierno para los \u00e1rabes chi\u00edes y la presidencia del parlamento para los sun\u00edes. Irak eligi\u00f3 a su presidente, Nizar Amedi, reci\u00e9n el 11 de abril de 2026, con semanas de retraso y en medio de un boicot del Partido Democr\u00e1tico del Kurdist\u00e1n.<\/p>\n<p class=\"paragraph\">Al-Zaidi <b>prometi\u00f3 trabajar para convertir a Irak en \u201cun pa\u00eds equilibrado, a nivel regional e internacional\u201d<\/b> y convoc\u00f3 a todas las fuerzas pol\u00edticas a un esfuerzo conjunto. El nuevo gobierno deber\u00e1 gestionar las consecuencias de la guerra entre Estados Unidos e Israel contra Ir\u00e1n sobre territorio iraqu\u00ed, el impacto del cierre del Estrecho de Ormuz sobre las exportaciones de crudo y el futuro de las Fuerzas de Movilizaci\u00f3n Popular, las milicias chi\u00edes que operan con amplia autonom\u00eda y mantienen v\u00ednculos estrechos con Teher\u00e1n.<\/p>\n<div class=\"ad_2 ad-wrapper dfpAd ad-1-al-6 ad-text ad-component-container\" style=\"--ad-shell-height:250px;--ad-shell-width:300px\" data-ad-wrapper=\"arcad\" data-ad-type=\"ad_2\" data-ad-slot=\"infobae\/america\/mundo\/nota\/ad_2\" data-ad-container=\"dfp\" data-ad-slot-name=\"infobae\/america\/mundo\/nota\/ad_2\">\n<p class=\"ad-shell-label\">PUBLICIDAD<\/p>\n<div id=\"infobae\/america\/mundo\/nota\/ad_2\" class=\"infobae\/america\/mundo\/nota\/ad_2 arcad ad-slot-node ad-slot-node--boxed\" data-ad-slot-id=\"infobae\/america\/mundo\/nota\/ad_2\"><\/div>\n<\/div>\n<p class=\"paragraph\"><b>Washington exige mayor distanciamiento de esas facciones armadas<\/b>. El aval de Trump, sin embargo, no disipa la incertidumbre: Al-Zaidi deber\u00e1 articular apoyos m\u00e1s all\u00e1 del Marco de Coordinaci\u00f3n para garantizar la investidura, y su condici\u00f3n de empresario sin red pol\u00edtica propia lo expone a presiones cruzadas desde el primer d\u00eda. <\/p>\n","protected":false},"excerpt":{"rendered":"<p>El presidente de Estados Unidos, Donald Trump, llam\u00f3 el jueves al primer ministro designado de Irak, Ali al-Zaidi, y lo invit\u00f3 a visitar Washington en cuanto logre conformar un gobierno, seg\u00fan inform\u00f3 la oficina del primer ministro iraqu\u00ed. Pocas horas despu\u00e9s, Trump public\u00f3 un mensaje en su red social Truth Social en el que felicit\u00f3 [&hellip;]<\/p>\n","protected":false},"author":1,"featured_media":8614,"comment_status":"open","ping_status":"open","sticky":false,"template":"","format":"standard","meta":{"footnotes":""},"categories":[1],"tags":[],"class_list":["post-8613","post","type-post","status-publish","format-standard","has-post-thumbnail","hentry","category-uncategorized"],"_links":{"self":[{"href":"https:\/\/cliente1.publisher.highstack.com.ar\/index.php?rest_route=\/wp\/v2\/posts\/8613","targetHints":{"allow":["GET"]}}],"collection":[{"href":"https:\/\/cliente1.publisher.highstack.com.ar\/index.php?rest_route=\/wp\/v2\/posts"}],"about":[{"href":"https:\/\/cliente1.publisher.highstack.com.ar\/index.php?rest_route=\/wp\/v2\/types\/post"}],"author":[{"embeddable":true,"href":"https:\/\/cliente1.publisher.highstack.com.ar\/index.php?rest_route=\/wp\/v2\/users\/1"}],"replies":[{"embeddable":true,"href":"https:\/\/cliente1.publisher.highstack.com.ar\/index.php?rest_route=%2Fwp%2Fv2%2Fcomments&post=8613"}],"version-history":[{"count":0,"href":"https:\/\/cliente1.publisher.highstack.com.ar\/index.php?rest_route=\/wp\/v2\/posts\/8613\/revisions"}],"wp:featuredmedia":[{"embeddable":true,"href":"https:\/\/cliente1.publisher.highstack.com.ar\/index.php?rest_route=\/wp\/v2\/media\/8614"}],"wp:attachment":[{"href":"https:\/\/cliente1.publisher.highstack.com.ar\/index.php?rest_route=%2Fwp%2Fv2%2Fmedia&parent=8613"}],"wp:term":[{"taxonomy":"category","embeddable":true,"href":"https:\/\/cliente1.publisher.highstack.com.ar\/index.php?rest_route=%2Fwp%2Fv2%2Fcategories&post=8613"},{"taxonomy":"post_tag","embeddable":true,"href":"https:\/\/cliente1.publisher.highstack.com.ar\/index.php?rest_route=%2Fwp%2Fv2%2Ftags&post=8613"}],"curies":[{"name":"wp","href":"https:\/\/api.w.org\/{rel}","templated":true}]}}