{"id":8611,"date":"2026-04-30T20:43:40","date_gmt":"2026-04-30T23:43:40","guid":{"rendered":"https:\/\/cliente1.publisher.highstack.com.ar\/?p=8611"},"modified":"2026-04-30T20:43:40","modified_gmt":"2026-04-30T23:43:40","slug":"el-gobierno-reabrira-la-sala-de-periodistas-y-adorni-volvera-a-dar-una-conferencia-de-prensa-en-la-casa-rosadael-jefe-de-gabinete-tomo-la-decision-luego-de-su-presentacion-en-la-camara-de-diputados-e","status":"publish","type":"post","link":"https:\/\/cliente1.publisher.highstack.com.ar\/?p=8611","title":{"rendered":"El Gobierno reabrir\u00e1 la sala de periodistas y Adorni volver\u00e1 a dar una conferencia de prensa en la Casa RosadaEl jefe de Gabinete tom\u00f3 la decisi\u00f3n luego de su presentaci\u00f3n en la C\u00e1mara de Diputados. El acceso est\u00e1 restringido hace una semana"},"content":{"rendered":"<div class=\"visual__image image-initial-width\"><picture><source srcset=\"https:\/\/www.infobae.com\/resizer\/v2\/DZ6POQEANVBJXOOYO5JR53ZHAE.jpg?auth=c981d1ee1817f32f18f9c6d79e3680896b94ddd4f71995c3869df123900af8b7&amp;smart=true&amp;width=992&amp;height=558&amp;quality=85\" media=\"(min-width: 1000px)\"><\/source><source srcset=\"https:\/\/www.infobae.com\/resizer\/v2\/DZ6POQEANVBJXOOYO5JR53ZHAE.jpg?auth=c981d1ee1817f32f18f9c6d79e3680896b94ddd4f71995c3869df123900af8b7&amp;smart=true&amp;width=768&amp;height=432&amp;quality=85\" media=\"(min-width: 768px)\"><\/source><source srcset=\"https:\/\/www.infobae.com\/resizer\/v2\/DZ6POQEANVBJXOOYO5JR53ZHAE.jpg?auth=c981d1ee1817f32f18f9c6d79e3680896b94ddd4f71995c3869df123900af8b7&amp;smart=true&amp;width=577&amp;height=325&amp;quality=85\" media=\"(min-width: 580px)\"><\/source><source srcset=\"https:\/\/www.infobae.com\/resizer\/v2\/DZ6POQEANVBJXOOYO5JR53ZHAE.jpg?auth=c981d1ee1817f32f18f9c6d79e3680896b94ddd4f71995c3869df123900af8b7&amp;smart=true&amp;width=420&amp;height=236&amp;quality=85\" media=\"(min-width: 350px)\"><\/source><source srcset=\"https:\/\/www.infobae.com\/resizer\/v2\/DZ6POQEANVBJXOOYO5JR53ZHAE.jpg?auth=c981d1ee1817f32f18f9c6d79e3680896b94ddd4f71995c3869df123900af8b7&amp;smart=true&amp;width=350&amp;height=197&amp;quality=85\" media=\"(min-width: 80px)\"><\/source><img alt=\"El jefe de Gabinete Manuel Adorni sonr\u00ede mientras habla desde un podio con dos micr\u00f3fonos, la bandera argentina y el logo de Casa Rosada detr\u00e1s\" class=\"global-image\" decoding=\"async\" fetchpriority=\"high\" height=\"1080\" loading=\"eager\" src=\"https:\/\/www.infobae.com\/resizer\/v2\/DZ6POQEANVBJXOOYO5JR53ZHAE.jpg?auth=c981d1ee1817f32f18f9c6d79e3680896b94ddd4f71995c3869df123900af8b7&amp;smart=true&amp;width=350&amp;height=197&amp;quality=85\" width=\"1920\"><\/picture><\/div>\n<p class=\"paragraph\">Luego de la fallida conferencia de prensa para dar explicaciones sobre el presunto enriquecimiento il\u00edcito por el que es investigado, Manuel Adorni no habl\u00f3 m\u00e1s con los periodistas. De hecho, la primera vez que se lo escuch\u00f3 hablar desde que se desat\u00f3 el esc\u00e1ndalo fue este mi\u00e9rcoles, cuando se present\u00f3 en la C\u00e1mara de Diputados para dar su informe de gesti\u00f3n, aunque el debate estuvo cooptado por la causa que impulsa el juez federal Ariel Lijo. <\/p>\n<p class=\"paragraph\">Sin embargo, seg\u00fan pudo confirmar <b>Infobae<\/b>, el Gobierno decidi\u00f3 reabrir la sala de periodistas, que estaba cerrada luego de un incidente con el medio <i>TN<\/i>, y<b> el jefe de Gabinete volver\u00e1 a dar una conferencia en Casa Rosada. Ser\u00e1 el pr\u00f3ximo lunes 4 de mayo a las 11 de la ma\u00f1ana<\/b>. <\/p>\n<div class=\"inline ad-wrapper dfpAd ad-inline ad-text ad-component-container\" style=\"--ad-shell-height:250px;--ad-shell-width:300px\" data-ad-wrapper=\"arcad\" data-ad-type=\"inline\" data-ad-slot=\"infobae\/politica\/nota\/inline\" data-ad-container=\"dfp\" data-ad-slot-name=\"infobae\/politica\/nota\/inline\">\n<p class=\"ad-shell-label\">PUBLICIDAD<\/p>\n<div id=\"infobae\/politica\/nota\/inline\" class=\"infobae\/politica\/nota\/inline arcad ad-slot-node ad-slot-node--boxed\" data-ad-slot-id=\"infobae\/politica\/nota\/inline\"><\/div>\n<\/div>\n<p class=\"paragraph\">La sala de periodistas est\u00e1<a href=\"https:\/\/www.infobae.com\/politica\/2026\/04\/23\/el-gobierno-prohibio-el-ingreso-los-periodistas-acreditados-a-la-casa-rosada\/\" target=\"_blank\" rel=\"noreferrer\" title=\"https:\/\/www.infobae.com\/politica\/2026\/04\/23\/el-gobierno-prohibio-el-ingreso-los-periodistas-acreditados-a-la-casa-rosada\/\"> cerrada desde el 23 de abril<\/a> luego de que se difundieran grabaciones realizadas de los pasillos internos de la Casa Rosada que el canal <i>TN<\/i> emiti\u00f3 en un programa un domingo por la noche. Ese d\u00eda, <b>desde el Ejecutivo afirmaron que configur\u00f3 un hecho que compromete la seguridad nacional y que incumple con la normativa del comportamiento al interior del edificio<\/b>.<\/p>\n<p class=\"paragraph\"><i>Noticia en Desarrollo<\/i><\/p>\n<div class=\"inline_2 ad-wrapper dfpAd ad-inline ad-text ad-component-container\" style=\"--ad-shell-height:250px;--ad-shell-width:300px\" data-ad-wrapper=\"arcad\" data-ad-type=\"inline_2\" data-ad-slot=\"infobae\/politica\/nota\/inline_2\" data-ad-container=\"dfp\" data-ad-slot-name=\"infobae\/politica\/nota\/inline_2\">\n<p class=\"ad-shell-label\">PUBLICIDAD<\/p>\n<div id=\"infobae\/politica\/nota\/inline_2\" class=\"infobae\/politica\/nota\/inline_2 arcad ad-slot-node ad-slot-node--boxed\" data-ad-slot-id=\"infobae\/politica\/nota\/inline_2\"><\/div>\n<\/div>\n","protected":false},"excerpt":{"rendered":"<p>Luego de la fallida conferencia de prensa para dar explicaciones sobre el presunto enriquecimiento il\u00edcito por el que es investigado, Manuel Adorni no habl\u00f3 m\u00e1s con los periodistas. De hecho, la primera vez que se lo escuch\u00f3 hablar desde que se desat\u00f3 el esc\u00e1ndalo fue este mi\u00e9rcoles, cuando se present\u00f3 en la C\u00e1mara de Diputados [&hellip;]<\/p>\n","protected":false},"author":1,"featured_media":8612,"comment_status":"open","ping_status":"open","sticky":false,"template":"","format":"standard","meta":{"footnotes":""},"categories":[1],"tags":[],"class_list":["post-8611","post","type-post","status-publish","format-standard","has-post-thumbnail","hentry","category-uncategorized"],"_links":{"self":[{"href":"https:\/\/cliente1.publisher.highstack.com.ar\/index.php?rest_route=\/wp\/v2\/posts\/8611","targetHints":{"allow":["GET"]}}],"collection":[{"href":"https:\/\/cliente1.publisher.highstack.com.ar\/index.php?rest_route=\/wp\/v2\/posts"}],"about":[{"href":"https:\/\/cliente1.publisher.highstack.com.ar\/index.php?rest_route=\/wp\/v2\/types\/post"}],"author":[{"embeddable":true,"href":"https:\/\/cliente1.publisher.highstack.com.ar\/index.php?rest_route=\/wp\/v2\/users\/1"}],"replies":[{"embeddable":true,"href":"https:\/\/cliente1.publisher.highstack.com.ar\/index.php?rest_route=%2Fwp%2Fv2%2Fcomments&post=8611"}],"version-history":[{"count":0,"href":"https:\/\/cliente1.publisher.highstack.com.ar\/index.php?rest_route=\/wp\/v2\/posts\/8611\/revisions"}],"wp:featuredmedia":[{"embeddable":true,"href":"https:\/\/cliente1.publisher.highstack.com.ar\/index.php?rest_route=\/wp\/v2\/media\/8612"}],"wp:attachment":[{"href":"https:\/\/cliente1.publisher.highstack.com.ar\/index.php?rest_route=%2Fwp%2Fv2%2Fmedia&parent=8611"}],"wp:term":[{"taxonomy":"category","embeddable":true,"href":"https:\/\/cliente1.publisher.highstack.com.ar\/index.php?rest_route=%2Fwp%2Fv2%2Fcategories&post=8611"},{"taxonomy":"post_tag","embeddable":true,"href":"https:\/\/cliente1.publisher.highstack.com.ar\/index.php?rest_route=%2Fwp%2Fv2%2Ftags&post=8611"}],"curies":[{"name":"wp","href":"https:\/\/api.w.org\/{rel}","templated":true}]}}