{"id":8609,"date":"2026-04-30T20:40:12","date_gmt":"2026-04-30T23:40:12","guid":{"rendered":"https:\/\/cliente1.publisher.highstack.com.ar\/?p=8609"},"modified":"2026-04-30T20:40:12","modified_gmt":"2026-04-30T23:40:12","slug":"imputaron-por-homicidio-agravado-a-la-expareja-de-maria-godoy-tras-su-muerte","status":"publish","type":"post","link":"https:\/\/cliente1.publisher.highstack.com.ar\/?p=8609","title":{"rendered":"Imputaron por homicidio agravado a la expareja de Mar\u00eda Godoy tras su muerte"},"content":{"rendered":"<p><\/p>\n<div>\n<p>El <b>caso de Mar\u00eda Godoy<\/b> dio un giro judicial en las \u00faltimas horas luego de que la Fiscal\u00eda avanzara con una acusaci\u00f3n m\u00e1s grave. <b>Homicidio agravado es el delito que ahora enfrenta su expareja, Juan Pablo Estigard, tras confirmarse el fallecimiento de la v\u00edctima<\/b>, quien hab\u00eda sido atacada semanas atr\u00e1s y permanec\u00eda internada en estado cr\u00edtico. <\/p>\n<p><!-- is a <br \/>--><\/p>\n<p>\u00a0<\/p>\n<p><!-- is a <br \/>--><\/p>\n<p><!-- is a object --><br \/>\n<!-- embed start --><!-- embed end --><br \/>\n<!-- end object --><\/p>\n<p>\u00a0<\/p>\n<p><!-- is a <br \/>--><\/p>\n<p>La fiscal Evelina Espinosa tom\u00f3 declaraci\u00f3n de imputado al acusado durante la tarde del mi\u00e9rcoles 29 de abril, en el marco de una audiencia clave para la investigaci\u00f3n. Estigard fue se\u00f1alado como el responsable del violento ataque contra Mar\u00eda Leonor Godoy, ocurrido a principios de mes. <\/p>\n<p><!-- is a <br \/>--><\/p>\n<p>\u00a0<\/p>\n<p><!-- is a <br \/>--><\/p>\n<p>El hecho tuvo lugar el pasado 4 de abril en una vivienda ubicada en la intersecci\u00f3n de Sargento Cabral y 53. All\u00ed, la mujer fue apu\u00f1alada, lo que deriv\u00f3 en su internaci\u00f3n inmediata en estado grave. Durante varias semanas luch\u00f3 por su vida, hasta que finalmente falleci\u00f3 en la madrugada del lunes 27 en el hospital Delicia Concepci\u00f3n Masvernat. <\/p>\n<p><!-- is a <br \/>--><\/p>\n<p>\u00a0<\/p>\n<p><!-- is a <br \/>--><\/p>\n<p><!-- is a object --><\/p>\n<h3><b>Cambio en la calificaci\u00f3n legal<\/b><\/h3>\n<p><!-- end object --><\/p>\n<p>\u00a0<\/p>\n<p><!-- is a <br \/>--><\/p>\n<p>Tras confirmarse la muerte de la v\u00edctima, el Ministerio P\u00fablico Fiscal resolvi\u00f3 modificar la imputaci\u00f3n inicial. De esta manera,<b> la causa pas\u00f3 a encuadrarse como homicidio doblemente agravado por el v\u00ednculo y por mediar violencia de g\u00e9nero<\/b>, en concurso real con desobediencia judicial. <\/p>\n<p><!-- is a <br \/>--><\/p>\n<p>\u00a0<\/p>\n<p><!-- is a <br \/>--><\/p>\n<p>Este cambio en la calificaci\u00f3n legal implica un agravamiento significativo de la situaci\u00f3n procesal del imputado, dado que contempla circunstancias especialmente graves, como la relaci\u00f3n previa entre v\u00edctima y victimario y el contexto de violencia de g\u00e9nero. <\/p>\n<p><!-- is a <br \/>--><\/p>\n<p>\u00a0<\/p>\n<p><!-- is a <br \/>--><\/p>\n<p><!-- is a object --><br \/>\n<!-- embed start --><\/p>\n<figure class=\"embed\">\n<p>    <img decoding=\"async\" src=\"https:\/\/elonce-media.elonce.com\/fotos\/2026\/04\/30\/e_1777588797_56382.webp\" loading=\"lazy\" width=\"600\" height=\"400\" alt=\"El \u00fanico detenido en la causa. Foto: Concordia Policiales.\"\/><figcaption>\n            <span>El \u00fanico detenido en la causa. Foto: Concordia Policiales.<\/span><br \/>\n        <\/figcaption><\/figure>\n<p><!-- embed end --><br \/>\n<!-- end object --><\/p>\n<p>\u00a0<\/p>\n<p><!-- is a <br \/>--><\/p>\n<p>Durante la audiencia, el acusado fue asistido por su defensa t\u00e9cnica, que le recomend\u00f3 no prestar declaraci\u00f3n. Esta estrategia es habitual en instancias iniciales del proceso, mientras se analizan las pruebas reunidas por la Fiscal\u00eda, seg\u00fan indic\u00f3 <i>Concordia Policiales.<\/i> <\/p>\n<p><!-- is a <br \/>--><\/p>\n<p>\u00a0<\/p>\n<p><!-- is a <br \/>--><\/p>\n<p><!-- is a object --><\/p>\n<h3><b>Traslado y situaci\u00f3n procesal<\/b><\/h3>\n<p><!-- end object --><\/p>\n<p>\u00a0<\/p>\n<p><!-- is a <br \/>--><\/p>\n<p>Para participar de la audiencia,<b> Estigard fue trasladado desde la ciudad de Federal, donde se encontraba alojado en la unidad penal N\u00ba8. El imputado ya cumpl\u00eda prisi\u00f3n preventiva desde el pasado 8 de abril<\/b>, medida que hab\u00eda sido dispuesta por el juez de Garant\u00edas Ives Basti\u00e1n. <\/p>\n<p><!-- is a <br \/>--><\/p>\n<p>\u00a0<\/p>\n<p><!-- is a <br \/>--><\/p>\n<p>La prisi\u00f3n preventiva hab\u00eda sido dictada en el marco de la investigaci\u00f3n inicial, cuando la v\u00edctima a\u00fan permanec\u00eda con vida pero en estado delicado. Con el desenlace fatal, la causa adquiere ahora una dimensi\u00f3n m\u00e1s compleja. <\/p>\n<p><!-- is a <br \/>--><\/p>\n<p>\u00a0<\/p>\n<p><!-- is a <br \/>--><\/p>\n<p>En este contexto, la Fiscal\u00eda continuar\u00e1 reuniendo elementos probatorios para avanzar en el proceso judicial, mientras la defensa podr\u00e1 presentar sus planteos en las pr\u00f3ximas etapas.<\/p>\n<\/p><\/div>\n","protected":false},"excerpt":{"rendered":"<p>El caso de Mar\u00eda Godoy dio un giro judicial en las \u00faltimas horas luego de que la Fiscal\u00eda avanzara con una acusaci\u00f3n m\u00e1s grave. Homicidio agravado es el delito que ahora enfrenta su expareja, Juan Pablo Estigard, tras confirmarse el fallecimiento de la v\u00edctima, quien hab\u00eda sido atacada semanas atr\u00e1s y permanec\u00eda internada en estado [&hellip;]<\/p>\n","protected":false},"author":1,"featured_media":8610,"comment_status":"open","ping_status":"open","sticky":false,"template":"","format":"standard","meta":{"footnotes":""},"categories":[1],"tags":[],"class_list":["post-8609","post","type-post","status-publish","format-standard","has-post-thumbnail","hentry","category-uncategorized"],"_links":{"self":[{"href":"https:\/\/cliente1.publisher.highstack.com.ar\/index.php?rest_route=\/wp\/v2\/posts\/8609","targetHints":{"allow":["GET"]}}],"collection":[{"href":"https:\/\/cliente1.publisher.highstack.com.ar\/index.php?rest_route=\/wp\/v2\/posts"}],"about":[{"href":"https:\/\/cliente1.publisher.highstack.com.ar\/index.php?rest_route=\/wp\/v2\/types\/post"}],"author":[{"embeddable":true,"href":"https:\/\/cliente1.publisher.highstack.com.ar\/index.php?rest_route=\/wp\/v2\/users\/1"}],"replies":[{"embeddable":true,"href":"https:\/\/cliente1.publisher.highstack.com.ar\/index.php?rest_route=%2Fwp%2Fv2%2Fcomments&post=8609"}],"version-history":[{"count":0,"href":"https:\/\/cliente1.publisher.highstack.com.ar\/index.php?rest_route=\/wp\/v2\/posts\/8609\/revisions"}],"wp:featuredmedia":[{"embeddable":true,"href":"https:\/\/cliente1.publisher.highstack.com.ar\/index.php?rest_route=\/wp\/v2\/media\/8610"}],"wp:attachment":[{"href":"https:\/\/cliente1.publisher.highstack.com.ar\/index.php?rest_route=%2Fwp%2Fv2%2Fmedia&parent=8609"}],"wp:term":[{"taxonomy":"category","embeddable":true,"href":"https:\/\/cliente1.publisher.highstack.com.ar\/index.php?rest_route=%2Fwp%2Fv2%2Fcategories&post=8609"},{"taxonomy":"post_tag","embeddable":true,"href":"https:\/\/cliente1.publisher.highstack.com.ar\/index.php?rest_route=%2Fwp%2Fv2%2Ftags&post=8609"}],"curies":[{"name":"wp","href":"https:\/\/api.w.org\/{rel}","templated":true}]}}