{"id":8607,"date":"2026-04-30T19:51:27","date_gmt":"2026-04-30T22:51:27","guid":{"rendered":"https:\/\/cliente1.publisher.highstack.com.ar\/?p=8607"},"modified":"2026-04-30T19:51:27","modified_gmt":"2026-04-30T22:51:27","slug":"los-nombres-detras-del-armado-dirigentes-del-pj-buscan-construir-una-alternativa-a-kicillof-y-al-kirchnerismo","status":"publish","type":"post","link":"https:\/\/cliente1.publisher.highstack.com.ar\/?p=8607","title":{"rendered":"Los nombres detr\u00e1s del armado. Dirigentes del PJ buscan construir una alternativa a Kicillof y al kirchnerismo"},"content":{"rendered":"<section id=\"cuerpo__nota\" class=\"cuerpo__nota\">\n<div class=\"row\">\n<div class=\"col-12 col-desksm-1\">\n<div class=\"mod-share-container --no-app py-12 mb-16 mb-0_l sticky float-l_l z-101 transition transition-all transition-duration-250 top-73_min1024\">\n<div class=\"mod-share flex flex-column mb-0 p-0_l gap-24\"><button class=\"button ln-button font-bold border border-thin rounded-4 gap-8 border-all  border-neutral-light-800 bg-secondary__hover text-neutral-light-800 px-12 h-40 l-none --secondary\" title=\"Seguir a LA NACION en Google\" type=\"button\" data-section=\"CompartirNotaLN\" data-event=\"LinkClick\" data-variant=\"secondary\" style=\"border-color:var(--neutral-light-100);gap:4px\"><span class=\"text tracking-none text-14 text-neutral-light-900\" style=\"text-transform:none;font-weight:400\">Seguir en<\/span><i class=\"icon --inherit\" style=\"width:26px;height:26px\"><svg width=\"24\" height=\"24\" viewbox=\"0 0 24 24\" fill=\"currentColor\"><use href=\"http:\/\/www.lanacion.com.ar\/pf\/resources\/images\/la-nacion-ar-sprite-color.svg?d=2000#googleColor\"><\/use><\/svg><\/i><\/button><\/div>\n<\/div>\n<\/div>\n<div class=\"col-deskxl-10 offset-deskxl-1 col-desksm-11\">\n<div class=\"row\">\n<div class=\"col-12\">\n<p class=\"com-paragraph  --capital --s\">Sin liderazgos definidos ni una hoja de ruta consolidada, <strong>un sector del peronismo comenz\u00f3 a ensayar su reconfiguraci\u00f3n con la mirada puesta en 2027<\/strong>. Se trata de un grupo de dirigentes de distintos puntos del pa\u00eds que impulsa un debate interno para redefinir las bases del PJ y construir una alternativa tanto a <strong>Axel Kicillof<\/strong> como a <strong>Cristina Kirchner<\/strong>, hoy las dos principales figuras que disputan el liderazgo partidario.<\/p>\n<p class=\"com-paragraph   --s\">El puntapi\u00e9 inicial ser\u00e1 este viernes 1\u00b0 de mayo, desde las 9.30, en un encuentro en Parque Norte. La convocatoria, que busca tener car\u00e1cter <strong>transversal<\/strong>, es impulsada por el apoderado nacional del PJ y titular de la Auditor\u00eda General de la Naci\u00f3n (AGN), <strong>Juan Manuel Olmos<\/strong>, junto a los legisladores nacionales <strong>Victoria Tolosa Paz<\/strong> (Buenos Aires), <strong>Guillermo Michel <\/strong>(Entre R\u00edos) y <strong>Emir F\u00e9lix<\/strong> (Mendoza), adem\u00e1s de intendentes de distintos puntos del pa\u00eds como <strong>Federico Ach\u00e1val<\/strong>, de Pilar.<\/p>\n<div class=\"content-media\">\n<section role=\"button\" class=\"mod-media   \">\n<figure role=\"button\" tabindex=\"0\" class=\"mod-figure \">\n<div class=\"placeholder \">\n<div class=\"com-image\"><picture><source media=\"(min-width: 768px)\" srcset=\"https:\/\/resizer.glanacion.com\/resizer\/v2\/juan-manuel-olmos-presidente-de-la-auditoria-FN4VQ4D74ZCFNOQQMDPRZ7K7GY.JPG?auth=e3b7f5b28b1850edf9ec42ae51e6a7a9c0833339548140796436839cf4e13a50&amp;width=780&amp;height=519&amp;quality=70&amp;smart=true\"><\/source><img class=\"image com-image flex --cover\" decoding=\"async\" fetchpriority=\"low\" loading=\"lazy\" src=\"https:\/\/resizer.glanacion.com\/resizer\/v2\/juan-manuel-olmos-presidente-de-la-auditoria-FN4VQ4D74ZCFNOQQMDPRZ7K7GY.JPG?auth=e3b7f5b28b1850edf9ec42ae51e6a7a9c0833339548140796436839cf4e13a50&amp;width=420&amp;height=280&amp;quality=70&amp;smart=true\" width=\"2000\" alt=\"Juan Manuel Olmos, presidente de la Auditor\u00eda General de la Naci\u00f3n y apoderado nacional del PJ \" height=\"1332\"><\/picture><\/div>\n<\/div><figcaption class=\"mod-figcaption\"><span class=\"com-text --caption --twoxs\">Juan Manuel Olmos, presidente de la Auditor\u00eda General de la Naci\u00f3n y apoderado nacional del PJ <\/span><span class=\"com-text --credit --twoxs\">Hern\u00e1n Zenteno<\/span><\/figcaption><\/figure>\n<\/section>\n<\/div>\n<p class=\"com-paragraph   --s\">Los organizadores hablan de un \u201cencuentro transversal para pensar al peronismo\u201d. No habr\u00e1 gobernadores, pero s\u00ed intendentes y funcionarios de distintos niveles de gesti\u00f3n. Tampoco estar\u00e1n figuras centrales del espacio: no fueron invitados <strong>Axel Kicillof<\/strong> (Movimiento Derecho al Futuro),<strong> Sergio Massa <\/strong>(Frente Renovador), <strong>Juan Grabois<\/strong> (Frente Patria Grande) ni <strong>M\u00e1ximo Kirchner<\/strong> (La C\u00e1mpora). \u201cTodos ellos tienen sus propias agrupaciones dentro del PJ. Eso ya es una definici\u00f3n y para nosotros es un limitante. Muchos compa\u00f1eros no quieren encasillarse\u201d, explican en el entorno de un organizador, donde insisten en la necesidad de \u201cmirar hacia adelante\u201d.<\/p>\n<p class=\"com-paragraph   --s\">S\u00ed participar\u00e1n, en cambio, referentes sindicales \u2212entre ellos integrantes del triunvirato de la CGT como <strong>Jorge Sola<\/strong> y <strong>Cristian Jer\u00f3nimo<\/strong>\u2212, en un intento por sumar volumen pol\u00edtico y anclaje territorial. Tambi\u00e9n dir\u00e1 presente una treintena de intendentes cordobeses alineados con el gobernador <strong>Mart\u00edn Llaryora<\/strong>, a quien, seg\u00fan aseguran los organizadores, le avisaron de la convocatoria.<\/p>\n<div class=\"content-media\">\n<section role=\"button\" class=\"mod-media   \">\n<figure role=\"button\" tabindex=\"0\" class=\"mod-figure \">\n<div class=\"placeholder \">\n<div class=\"com-image\"><picture><source media=\"(min-width: 768px)\" srcset=\"https:\/\/resizer.glanacion.com\/resizer\/v2\/el-triunvirato-de-la-cgt-octavio-arguello-POIEZ2U5W5ANXJ4H2X4FTULRTM.JPG?auth=40dd07e3a4c650ed9336b5da18b235ca5027ec72ebfd4bcd059e662c01bba9e8&amp;width=780&amp;height=520&amp;quality=70&amp;smart=true\"><\/source><img class=\"image com-image flex --cover\" decoding=\"async\" fetchpriority=\"low\" loading=\"lazy\" src=\"https:\/\/resizer.glanacion.com\/resizer\/v2\/el-triunvirato-de-la-cgt-octavio-arguello-POIEZ2U5W5ANXJ4H2X4FTULRTM.JPG?auth=40dd07e3a4c650ed9336b5da18b235ca5027ec72ebfd4bcd059e662c01bba9e8&amp;width=420&amp;height=280&amp;quality=70&amp;smart=true\" width=\"2000\" alt=\"El triunvirato de la CGT: Octavio Arguello (Camioneros), Cristian Jer\u00f3nimo (Vidrio) y Jorge Sola (Seguros)\" height=\"1333\"><\/picture><\/div>\n<\/div><figcaption class=\"mod-figcaption\"><span class=\"com-text --caption --twoxs\">El triunvirato de la CGT: Octavio Arguello (Camioneros), Cristian Jer\u00f3nimo (Vidrio) y Jorge Sola (Seguros)<\/span><span class=\"com-text --credit --twoxs\">Noelia Guevara &#8211; LA NACION<\/span><\/figcaption><\/figure>\n<\/section>\n<\/div>\n<p class=\"com-paragraph   --s\">Pese a los nombres ausentes, quienes impulsan el espacio aclaran que el esquema en construcci\u00f3n \u201cno es contra nadie\u201d. Por el contrario, sostienen que mantienen di\u00e1logo con todos los sectores del peronismo e incluso buscan ampliar su base m\u00e1s all\u00e1 del partido. <strong>\u201cTenemos que crecer en el universo no peronista\u201d<\/strong>, se\u00f1al\u00f3 un dirigente nacional involucrado en la organizaci\u00f3n.<\/p>\n<p class=\"com-paragraph   --s\">La elecci\u00f3n del D\u00eda del Trabajador no es casual. Se trata de una fecha cargada de simbolismo para un movimiento que se forj\u00f3 al calor del v\u00ednculo entre Juan Domingo Per\u00f3n y la clase obrera industrial. Bajo el lema \u201cel peronismo debate para ser alternativa nacional\u201d, la jornada se organizar\u00e1 en comisiones tem\u00e1ticas, con exposiciones finales y un cierre colectivo.<\/p>\n<div class=\"com-embed --twitter container-center-100\">\n<blockquote class=\"twitter-tweet\">\n<p lang=\"es\" dir=\"ltr\">\ud83c\udde6\ud83c\uddf7 El peronismo siempre fue protagonista de los procesos de reconstrucci\u00f3n econ\u00f3mica y social de la Argentina, despu\u00e9s de los  gobiernos que han pensado un pa\u00eds para pocos perjudicando la vida de millones de argentinos. <br \/>Hoy m\u00e1s que nunca tenemos el deber de aportar en la\u2026 <a href=\"https:\/\/t.co\/OtPHdr1it3\">pic.twitter.com\/OtPHdr1it3<\/a><\/p>\n<p>\u2014 Victoria Tolosa Paz (@vtolosapaz) <a href=\"https:\/\/twitter.com\/vtolosapaz\/status\/2048794299345539340?ref_src=twsrc%5Etfw\">April 27, 2026<\/a><\/p><\/blockquote>\n<\/div>\n<p class=\"com-paragraph   --s\"><strong>El diagn\u00f3stico que comparten es que el peronismo hoy no logra ofrecer certezas<\/strong>. \u201cComo conjunto necesitamos dar respuestas que hoy no estamos dando\u201d, plante\u00f3 uno de los referentes del espacio. En esa l\u00ednea, advierten que el partido no puede asociarse a \u201cmiedo, zozobra o falta de previsibilidad\u201d. La premisa que repiten es que el debate debe construirse \u201cde abajo hacia arriba y de la periferia al centro\u201d, con la idea de que <strong>primero emerjan las ideas y luego los liderazgos<\/strong>. \u201cNo hay que poner el carro delante del caballo\u201d, sintetizan.<\/p>\n<p class=\"com-paragraph   --s\">Con ese enfoque, el objetivo es construir mayor\u00edas que permitan volver al poder. Reconocen errores del pasado y se muestran dispuestos a dar una discusi\u00f3n interna \u201csincera\u201d, basada en el aprendizaje.<\/p>\n<p class=\"com-paragraph   --s\">En t\u00e9rminos econ\u00f3micos, plantean como eje la necesidad de un <strong>\u201corden macroecon\u00f3mico\u201d<\/strong> que \u2212subrayan\u2212 no debe leerse como una definici\u00f3n ideol\u00f3gica, sino como una herramienta de gesti\u00f3n. En esa l\u00ednea,<strong> la generaci\u00f3n de riqueza a partir de la producci\u00f3n y la industria<\/strong> aparece como uno de los pilares de esta porci\u00f3n de la dirigencia peronista.<\/p>\n<div class=\"com-embed --twitter container-center-100\">\n<blockquote class=\"twitter-tweet\">\n<p lang=\"es\" dir=\"ltr\">Participamos del encuentro Construyendo el Nodo Industrial Patagonia Austral 2026, en Comodoro Rivadavia.<br \/>Necesitamos un pa\u00eds con industria fuerte y salarios con poder adquisitivo.<br \/>Y tenemos que construir, desde un espacio pol\u00edtico amplio, una propuesta con orden macroecon\u00f3mico\u2026 <a href=\"https:\/\/t.co\/qQXOXHQntQ\">pic.twitter.com\/qQXOXHQntQ<\/a><\/p>\n<p>\u2014 Guillermo Michel (@MichelGuilleOK) <a href=\"https:\/\/twitter.com\/MichelGuilleOK\/status\/2045607814060728660?ref_src=twsrc%5Etfw\">April 18, 2026<\/a><\/p><\/blockquote>\n<\/div>\n<p class=\"com-paragraph   --s\">A la par, promueven un peronismo menos dogm\u00e1tico, capaz de procesar sus diferencias sin fracturarse. Tambi\u00e9n insisten en reequilibrar el peso territorial del partido, con mayor protagonismo de las provincias, cuyos intereses \u2212reconocen\u2212 quedaron relegados en etapas anteriores frente a la centralidad del AMBA, hist\u00f3rico basti\u00f3n del PJ.<\/p>\n<p class=\"com-paragraph   --s\">Entienden a la redefinici\u00f3n interna como parte de un proceso natural. <strong>\u201cEn a\u00f1os pares el peronismo discute para ordenarse y ganar\u201d<\/strong>, repiten como mantra.<\/p>\n<p class=\"com-paragraph   --s\">En ese esquema, consideran clave <strong>sostener las Primarias Abiertas, Simult\u00e1neas y Obligatorias (PASO)<\/strong> como herramienta para canalizar la diversidad y confluir en una gran interna partidaria.<\/p>\n<p class=\"com-paragraph   --s\">Como antecedente, mencionan el <strong>trabajo legislativo de los \u00faltimos dos a\u00f1os<\/strong>, donde se logr\u00f3 articular posiciones en torno a temas como discapacidad, universidades, jubilaciones y salud p\u00fablica.<\/p>\n<div class=\"content-media\">\n<section role=\"button\" class=\"mod-media   \">\n<figure role=\"button\" tabindex=\"0\" class=\"mod-figure \">\n<div class=\"placeholder \">\n<div class=\"com-image\"><picture><source media=\"(min-width: 768px)\" srcset=\"https:\/\/resizer.glanacion.com\/resizer\/v2\/jorge-taiana-y-kelly-olmos-del-I3IGNP47WZECZINZIJ5KDXNGIE.JPG?auth=8520207869deada6a5b84669e2d0b1f9b0a6cde808089b34b2e6f5770e5e6608&amp;width=780&amp;height=520&amp;quality=70&amp;smart=true\"><\/source><img class=\"image com-image flex --cover\" decoding=\"async\" fetchpriority=\"low\" loading=\"lazy\" src=\"https:\/\/resizer.glanacion.com\/resizer\/v2\/jorge-taiana-y-kelly-olmos-del-I3IGNP47WZECZINZIJ5KDXNGIE.JPG?auth=8520207869deada6a5b84669e2d0b1f9b0a6cde808089b34b2e6f5770e5e6608&amp;width=420&amp;height=280&amp;quality=70&amp;smart=true\" width=\"2000\" alt=\"Jorge Taiana y Kelly Olmos, del PJ\" height=\"1333\"><\/picture><\/div>\n<\/div><figcaption class=\"mod-figcaption\"><span class=\"com-text --caption --twoxs\">Jorge Taiana y Kelly Olmos, del PJ<\/span><span class=\"com-text --credit --twoxs\">Pilar Camacho<\/span><\/figcaption><\/figure>\n<\/section>\n<\/div>\n<p class=\"com-paragraph   --s\">Sin embargo, el punto de inflexi\u00f3n que aceler\u00f3 esta discusi\u00f3n fue el <strong>debate sobre el acuerdo Mercosur-UE<\/strong>, ratificado por el Congreso.<strong> <\/strong>En la C\u00e1mara de Diputados, casi la mitad del bloque de Uni\u00f3n por la Patria vot\u00f3 a favor, mientras que el resto se pronunci\u00f3 en contra. En el Senado, en cambio, con m\u00e1s tiempo para el debate, el bloque peronista termin\u00f3 mayoritariamente alineado con el apoyo: solo tres senadores rechazaron la iniciativa.<\/p>\n<p class=\"com-paragraph   --s\">De ese contraste \u2212explican\u2212 surgi\u00f3 la conclusi\u00f3n de que era necesario ordenar las diferencias y discutir con mayor profundidad qu\u00e9 ideas deben estructurar una nueva propuesta de gobierno.<\/p>\n<div data-fusion-lazy-id=\"f0f2aQl9N0Nc5yq\"><\/div>\n<div data-fusion-lazy-id=\"f0fGQeo7N0Nc5He\"><\/div>\n<div data-fusion-lazy-id=\"f0fSc0ngN0Nc5KL\">\n<div><\/div>\n<\/div>\n<\/div>\n<\/div>\n<\/div>\n<\/div>\n<\/section>\n<p><script async src=\"https:\/\/platform.twitter.com\/widgets.js\" charset=\"utf-8\"><\/script><br \/><\/p>\n","protected":false},"excerpt":{"rendered":"<p>Seguir en Sin liderazgos definidos ni una hoja de ruta consolidada, un sector del peronismo comenz\u00f3 a ensayar su reconfiguraci\u00f3n con la mirada puesta en 2027. Se trata de un grupo de dirigentes de distintos puntos del pa\u00eds que impulsa un debate interno para redefinir las bases del PJ y construir una alternativa tanto a [&hellip;]<\/p>\n","protected":false},"author":1,"featured_media":8608,"comment_status":"open","ping_status":"open","sticky":false,"template":"","format":"standard","meta":{"footnotes":""},"categories":[1],"tags":[4,2],"class_list":["post-8607","post","type-post","status-publish","format-standard","has-post-thumbnail","hentry","category-uncategorized","tag-entre-rios","tag-guillermo-michel"],"_links":{"self":[{"href":"https:\/\/cliente1.publisher.highstack.com.ar\/index.php?rest_route=\/wp\/v2\/posts\/8607","targetHints":{"allow":["GET"]}}],"collection":[{"href":"https:\/\/cliente1.publisher.highstack.com.ar\/index.php?rest_route=\/wp\/v2\/posts"}],"about":[{"href":"https:\/\/cliente1.publisher.highstack.com.ar\/index.php?rest_route=\/wp\/v2\/types\/post"}],"author":[{"embeddable":true,"href":"https:\/\/cliente1.publisher.highstack.com.ar\/index.php?rest_route=\/wp\/v2\/users\/1"}],"replies":[{"embeddable":true,"href":"https:\/\/cliente1.publisher.highstack.com.ar\/index.php?rest_route=%2Fwp%2Fv2%2Fcomments&post=8607"}],"version-history":[{"count":0,"href":"https:\/\/cliente1.publisher.highstack.com.ar\/index.php?rest_route=\/wp\/v2\/posts\/8607\/revisions"}],"wp:featuredmedia":[{"embeddable":true,"href":"https:\/\/cliente1.publisher.highstack.com.ar\/index.php?rest_route=\/wp\/v2\/media\/8608"}],"wp:attachment":[{"href":"https:\/\/cliente1.publisher.highstack.com.ar\/index.php?rest_route=%2Fwp%2Fv2%2Fmedia&parent=8607"}],"wp:term":[{"taxonomy":"category","embeddable":true,"href":"https:\/\/cliente1.publisher.highstack.com.ar\/index.php?rest_route=%2Fwp%2Fv2%2Fcategories&post=8607"},{"taxonomy":"post_tag","embeddable":true,"href":"https:\/\/cliente1.publisher.highstack.com.ar\/index.php?rest_route=%2Fwp%2Fv2%2Ftags&post=8607"}],"curies":[{"name":"wp","href":"https:\/\/api.w.org\/{rel}","templated":true}]}}