{"id":8605,"date":"2026-04-30T19:08:14","date_gmt":"2026-04-30T22:08:14","guid":{"rendered":"https:\/\/cliente1.publisher.highstack.com.ar\/?p=8605"},"modified":"2026-04-30T19:08:14","modified_gmt":"2026-04-30T22:08:14","slug":"los-fiscales-del-vaticano-insisten-en-restringir-acceso-a-pruebas-clave-en-el-juicio-por-inversiones","status":"publish","type":"post","link":"https:\/\/cliente1.publisher.highstack.com.ar\/?p=8605","title":{"rendered":"Los fiscales del Vaticano insisten en restringir acceso a pruebas clave en el juicio por inversiones"},"content":{"rendered":"<div class=\"visual__image image-initial-width\"><picture><source srcset=\"https:\/\/www.infobae.com\/resizer\/v2\/KCJWTTIROFGMNGCVIPIZO2YS2E.jpg?auth=83f875e2fce66638812e5f4f7a790f14026a7fb09d0ff4a28620b248a26f0198&amp;smart=true&amp;width=992&amp;height=558&amp;quality=85\" media=\"(min-width: 1000px)\"><\/source><source srcset=\"https:\/\/www.infobae.com\/resizer\/v2\/KCJWTTIROFGMNGCVIPIZO2YS2E.jpg?auth=83f875e2fce66638812e5f4f7a790f14026a7fb09d0ff4a28620b248a26f0198&amp;smart=true&amp;width=768&amp;height=432&amp;quality=85\" media=\"(min-width: 768px)\"><\/source><source srcset=\"https:\/\/www.infobae.com\/resizer\/v2\/KCJWTTIROFGMNGCVIPIZO2YS2E.jpg?auth=83f875e2fce66638812e5f4f7a790f14026a7fb09d0ff4a28620b248a26f0198&amp;smart=true&amp;width=577&amp;height=325&amp;quality=85\" media=\"(min-width: 580px)\"><\/source><source srcset=\"https:\/\/www.infobae.com\/resizer\/v2\/KCJWTTIROFGMNGCVIPIZO2YS2E.jpg?auth=83f875e2fce66638812e5f4f7a790f14026a7fb09d0ff4a28620b248a26f0198&amp;smart=true&amp;width=420&amp;height=236&amp;quality=85\" media=\"(min-width: 350px)\"><\/source><source srcset=\"https:\/\/www.infobae.com\/resizer\/v2\/KCJWTTIROFGMNGCVIPIZO2YS2E.jpg?auth=83f875e2fce66638812e5f4f7a790f14026a7fb09d0ff4a28620b248a26f0198&amp;smart=true&amp;width=350&amp;height=197&amp;quality=85\" media=\"(min-width: 80px)\"><\/source><\/picture><\/div>\n<p class=\"paragraph\">Los <b>fiscales del <\/b><a rel=\"noopener noreferrer\" href=\"https:\/\/www.infobae.com\/tag\/vaticano\/\" target=\"_blank\" title=\"https:\/\/www.infobae.com\/tag\/vaticano\/\"><i><b>Vaticano<\/b><\/i><\/a> desafiaron el plazo impuesto por el <b>tribunal de apelaciones<\/b> para entregar a la defensa todas las pruebas recopiladas en el juicio financiero que investiga la multimillonaria inversi\u00f3n de la <b>Secretar\u00eda de Estado<\/b> en un inmueble de Londres, centro de una de las mayores controversias recientes sobre la gesti\u00f3n de fondos en la <b>Santa Sede<\/b>.<\/p>\n<p class=\"paragraph\">En una carta dirigida a la corte, los fiscales manifestaron que permitir\u00edan a los jueces consultar el material, pero no depositaron la documentaci\u00f3n en la canciller\u00eda para el acceso de la defensa, como hab\u00eda sido ordenado. Alegaron que la informaci\u00f3n era \u201cirrelevante\u201d para el proceso y que su entrega podr\u00eda perjudicar los intereses del <b>Vaticano<\/b>.<\/p>\n<div class=\"inline ad-wrapper dfpAd ad-inline ad-text ad-component-container\" style=\"--ad-shell-height:250px;--ad-shell-width:300px\" data-ad-wrapper=\"arcad\" data-ad-type=\"inline\" data-ad-slot=\"infobae\/america\/mundo\/nota\/inline\" data-ad-container=\"dfp\" data-ad-slot-name=\"infobae\/america\/mundo\/nota\/inline\">\n<p class=\"ad-shell-label\">PUBLICIDAD<\/p>\n<div id=\"infobae\/america\/mundo\/nota\/inline\" class=\"infobae\/america\/mundo\/nota\/inline arcad ad-slot-node ad-slot-node--boxed\" data-ad-slot-id=\"infobae\/america\/mundo\/nota\/inline\"><\/div>\n<\/div>\n<p class=\"paragraph\">La decisi\u00f3n de los fiscales de <b>no entregar la documentaci\u00f3n completa<\/b> a la defensa fue cuestionada por los abogados <b>Cataldo Intrieri<\/b> y <b>Massimo Bassi<\/b>, defensores del exfuncionario vaticano <b>Fabrizio Tirabassi<\/b>. Por medio de un comunicado, se\u00f1alaron: \u201cNos preguntamos c\u00f3mo se puede llegar a un juicio justo en estas condiciones\u201d.<\/p>\n<div class=\"visual__image\"><picture><source srcset=\"https:\/\/www.infobae.com\/resizer\/v2\/NUZZEJWF7DIFETO33DRA7VH4HU.jpg?auth=92ed3b6990b146c0739aa7d7c5421ef9d6134ecad8037ff30f530a6d15062787&amp;smart=true&amp;width=992&amp;height=661&amp;quality=85\" media=\"(min-width: 1000px)\"><\/source><source srcset=\"https:\/\/www.infobae.com\/resizer\/v2\/NUZZEJWF7DIFETO33DRA7VH4HU.jpg?auth=92ed3b6990b146c0739aa7d7c5421ef9d6134ecad8037ff30f530a6d15062787&amp;smart=true&amp;width=768&amp;height=512&amp;quality=85\" media=\"(min-width: 768px)\"><\/source><source srcset=\"https:\/\/www.infobae.com\/resizer\/v2\/NUZZEJWF7DIFETO33DRA7VH4HU.jpg?auth=92ed3b6990b146c0739aa7d7c5421ef9d6134ecad8037ff30f530a6d15062787&amp;smart=true&amp;width=577&amp;height=385&amp;quality=85\" media=\"(min-width: 580px)\"><\/source><source srcset=\"https:\/\/www.infobae.com\/resizer\/v2\/NUZZEJWF7DIFETO33DRA7VH4HU.jpg?auth=92ed3b6990b146c0739aa7d7c5421ef9d6134ecad8037ff30f530a6d15062787&amp;smart=true&amp;width=420&amp;height=280&amp;quality=85\" media=\"(min-width: 350px)\"><\/source><source srcset=\"https:\/\/www.infobae.com\/resizer\/v2\/NUZZEJWF7DIFETO33DRA7VH4HU.jpg?auth=92ed3b6990b146c0739aa7d7c5421ef9d6134ecad8037ff30f530a6d15062787&amp;smart=true&amp;width=350&amp;height=233&amp;quality=85\" media=\"(min-width: 80px)\"><\/source><img alt=\"Archivo \u2013 El cardenal Angelo Becciu durante una conferencia de prensa el 25 de septiembre de 2020, en Roma. El juicio en el Vaticano por una inversi\u00f3n fallida en Londres se vio sacudido por revelaciones sobre la presunta manipulaci\u00f3n de un testigo clave de la fiscal\u00eda.  (AP Foto\/Gregorio Borgia, Archivo)\" class=\"global-image\" decoding=\"async\" fetchpriority=\"low\" height=\"3338\" loading=\"lazy\" src=\"https:\/\/www.infobae.com\/resizer\/v2\/NUZZEJWF7DIFETO33DRA7VH4HU.jpg?auth=92ed3b6990b146c0739aa7d7c5421ef9d6134ecad8037ff30f530a6d15062787&amp;smart=true&amp;width=350&amp;height=233&amp;quality=85\" width=\"5007\"><\/picture><\/div>\n<p class=\"paragraph\">El conflicto se centra en la investigaci\u00f3n sobre una <b>inversi\u00f3n de 350 millones de euros<\/b> ( <b>USD 410 millones<\/b>) realizada por la <b>Secretar\u00eda de Estado del Vaticano<\/b> en una propiedad londinense. Tras dos a\u00f1os de proceso, en diciembre de 2023, un cardenal y otras ocho personas fueron condenados por delitos financieros. Sin embargo, la hip\u00f3tesis principal de la fiscal\u00eda, que apuntaba a un gran esquema de fraude contra la Santa Sede, fue descartada.<\/p>\n<div class=\"inline_2 ad-wrapper dfpAd ad-inline ad-text ad-component-container\" style=\"--ad-shell-height:250px;--ad-shell-width:300px\" data-ad-wrapper=\"arcad\" data-ad-type=\"inline_2\" data-ad-slot=\"infobae\/america\/mundo\/nota\/inline_2\" data-ad-container=\"dfp\" data-ad-slot-name=\"infobae\/america\/mundo\/nota\/inline_2\">\n<p class=\"ad-shell-label\">PUBLICIDAD<\/p>\n<div id=\"infobae\/america\/mundo\/nota\/inline_2\" class=\"infobae\/america\/mundo\/nota\/inline_2 arcad ad-slot-node ad-slot-node--boxed\" data-ad-slot-id=\"infobae\/america\/mundo\/nota\/inline_2\"><\/div>\n<\/div>\n<p class=\"paragraph\">En marzo, el <b>tribunal de apelaciones <\/b>determin\u00f3 que la negativa de los fiscales a compartir todas las pruebas con la defensa hab\u00eda invalidado la acusaci\u00f3n original. Declar\u00f3 un<b> juicio nulo parcial<\/b> y orden\u00f3 repetir el proceso, exigiendo adem\u00e1s que antes del 30 de abril se depositaran en la canciller\u00eda \u201ctodos los actos y documentos de la investigaci\u00f3n en su versi\u00f3n \u00edntegra\u201d.<\/p>\n<p class=\"paragraph\">En respuesta, los fiscales reiteraron su desacuerdo con el fallo y argumentaron que divulgar el material completo podr\u00eda representar \u201cun peligro importante\u201d para el inter\u00e9s p\u00fablico. <b>Los documentos permanecen en sus oficinas<\/b> y solo est\u00e1n disponibles para consulta de los jueces a trav\u00e9s de una memoria USB.<\/p>\n<div class=\"ad_1 ad-wrapper dfpAd ad-1-al-6 ad-text ad-component-container\" style=\"--ad-shell-height:250px;--ad-shell-width:300px\" data-ad-wrapper=\"arcad\" data-ad-type=\"ad_1\" data-ad-slot=\"infobae\/america\/mundo\/nota\/ad_1\" data-ad-container=\"dfp\" data-ad-slot-name=\"infobae\/america\/mundo\/nota\/ad_1\">\n<p class=\"ad-shell-label\">PUBLICIDAD<\/p>\n<div id=\"infobae\/america\/mundo\/nota\/ad_1\" class=\"infobae\/america\/mundo\/nota\/ad_1 arcad ad-slot-node ad-slot-node--boxed\" data-ad-slot-id=\"infobae\/america\/mundo\/nota\/ad_1\"><\/div>\n<\/div>\n<div class=\"visual__image\"><picture><source srcset=\"https:\/\/www.infobae.com\/resizer\/v2\/AANR2VPK5JFTLLOM4GISI4I3R4.jpg?auth=1d05ebab82c6536383a3a718acf2da76465a720132fa6ee0d073bb302b28bd11&amp;smart=true&amp;width=992&amp;height=661&amp;quality=85\" media=\"(min-width: 1000px)\"><\/source><source srcset=\"https:\/\/www.infobae.com\/resizer\/v2\/AANR2VPK5JFTLLOM4GISI4I3R4.jpg?auth=1d05ebab82c6536383a3a718acf2da76465a720132fa6ee0d073bb302b28bd11&amp;smart=true&amp;width=768&amp;height=512&amp;quality=85\" media=\"(min-width: 768px)\"><\/source><source srcset=\"https:\/\/www.infobae.com\/resizer\/v2\/AANR2VPK5JFTLLOM4GISI4I3R4.jpg?auth=1d05ebab82c6536383a3a718acf2da76465a720132fa6ee0d073bb302b28bd11&amp;smart=true&amp;width=577&amp;height=385&amp;quality=85\" media=\"(min-width: 580px)\"><\/source><source srcset=\"https:\/\/www.infobae.com\/resizer\/v2\/AANR2VPK5JFTLLOM4GISI4I3R4.jpg?auth=1d05ebab82c6536383a3a718acf2da76465a720132fa6ee0d073bb302b28bd11&amp;smart=true&amp;width=420&amp;height=280&amp;quality=85\" media=\"(min-width: 350px)\"><\/source><source srcset=\"https:\/\/www.infobae.com\/resizer\/v2\/AANR2VPK5JFTLLOM4GISI4I3R4.jpg?auth=1d05ebab82c6536383a3a718acf2da76465a720132fa6ee0d073bb302b28bd11&amp;smart=true&amp;width=350&amp;height=233&amp;quality=85\" media=\"(min-width: 80px)\"><\/source><img alt=\"El cardenal Angelo Becciu en la bas\u00edlica de San Pedro, 27 de agosto de 2022. Su condena fue anulada parcialmente por el tribunal de apelaciones. (EFE)\n\" class=\"global-image\" decoding=\"async\" fetchpriority=\"low\" height=\"2048\" loading=\"lazy\" src=\"https:\/\/www.infobae.com\/resizer\/v2\/AANR2VPK5JFTLLOM4GISI4I3R4.jpg?auth=1d05ebab82c6536383a3a718acf2da76465a720132fa6ee0d073bb302b28bd11&amp;smart=true&amp;width=350&amp;height=233&amp;quality=85\" width=\"3072\"><\/picture><\/div>\n<p class=\"paragraph\">Los defensores, como <b>Luigi Panella<\/b>, que representa al gestor de inversiones <b>Enrico Crasso<\/b>, sostienen que la negativa constituye un incumplimiento de la orden judicial y una vulneraci\u00f3n del derecho a la defensa. Panella subray\u00f3 que negar el acceso a la documentaci\u00f3n limita las posibilidades de los acusados para responder a las acusaciones y preparar su estrategia legal.<\/p>\n<p class=\"paragraph\">Los abogados del cardenal <b>Angelo Becciu<\/b> tambi\u00e9n denunciaron que se trata de \u201c<b>discrecionalidad selectiva<\/b>\u201d por parte de la fiscal\u00eda, en contraposici\u00f3n al principio de igualdad de partes y al derecho de defensa.<\/p>\n<div class=\"ad_2 ad-wrapper dfpAd ad-1-al-6 ad-text ad-component-container\" style=\"--ad-shell-height:250px;--ad-shell-width:300px\" data-ad-wrapper=\"arcad\" data-ad-type=\"ad_2\" data-ad-slot=\"infobae\/america\/mundo\/nota\/ad_2\" data-ad-container=\"dfp\" data-ad-slot-name=\"infobae\/america\/mundo\/nota\/ad_2\">\n<p class=\"ad-shell-label\">PUBLICIDAD<\/p>\n<div id=\"infobae\/america\/mundo\/nota\/ad_2\" class=\"infobae\/america\/mundo\/nota\/ad_2 arcad ad-slot-node ad-slot-node--boxed\" data-ad-slot-id=\"infobae\/america\/mundo\/nota\/ad_2\"><\/div>\n<\/div>\n<p class=\"paragraph\">El caso tuvo repercusiones fuera del Vaticano. La <b>fiscal federal suiza<\/b> especializada en delitos financieros<b> Annina Scherrer<\/b> archiv\u00f3 una investigaci\u00f3n paralela contra <b>Crasso<\/b>, luego de que el tribunal vaticano absolviera definitivamente al gestor y a su empresa. En su resoluci\u00f3n, Scherrer manifest\u00f3 \u201ccon cierta sorpresa\u201d que sus solicitudes a los fiscales del Vaticano para interrogar a algunos de los testigos hab\u00edan sido rechazadas, despu\u00e9s de haber sido enviadas al secretario de Estado del Vaticano para su evaluaci\u00f3n. Se\u00f1al\u00f3 que esto evidencia la influencia de la <b>Secretar\u00eda de Estado<\/b> sobre el sistema judicial vaticano, cuya independencia formal est\u00e1 en entredicho.<\/p>\n<p class=\"paragraph\">La pr\u00f3xima audiencia en el <b>tribunal de apelaciones <\/b>est\u00e1 prevista para el 22 de junio. No se ha informado a\u00fan c\u00f3mo responder\u00e1 la corte ante el incumplimiento de la orden de entrega de pruebas por parte de los fiscales.<\/p>\n<div class=\"ad_3 ad-wrapper dfpAd ad-1-al-6 ad-text ad-component-container\" style=\"--ad-shell-height:250px;--ad-shell-width:300px\" data-ad-wrapper=\"arcad\" data-ad-type=\"ad_3\" data-ad-slot=\"infobae\/america\/mundo\/nota\/ad_3\" data-ad-container=\"dfp\" data-ad-slot-name=\"infobae\/america\/mundo\/nota\/ad_3\">\n<p class=\"ad-shell-label\">PUBLICIDAD<\/p>\n<div id=\"infobae\/america\/mundo\/nota\/ad_3\" class=\"infobae\/america\/mundo\/nota\/ad_3 arcad ad-slot-node ad-slot-node--boxed\" data-ad-slot-id=\"infobae\/america\/mundo\/nota\/ad_3\"><\/div>\n<\/div>\n<p class=\"paragraph\"><i>(Con informaci\u00f3n de AP<\/i>)<\/p>\n","protected":false},"excerpt":{"rendered":"<p>Los fiscales del Vaticano desafiaron el plazo impuesto por el tribunal de apelaciones para entregar a la defensa todas las pruebas recopiladas en el juicio financiero que investiga la multimillonaria inversi\u00f3n de la Secretar\u00eda de Estado en un inmueble de Londres, centro de una de las mayores controversias recientes sobre la gesti\u00f3n de fondos en [&hellip;]<\/p>\n","protected":false},"author":1,"featured_media":8606,"comment_status":"open","ping_status":"open","sticky":false,"template":"","format":"standard","meta":{"footnotes":""},"categories":[1],"tags":[],"class_list":["post-8605","post","type-post","status-publish","format-standard","has-post-thumbnail","hentry","category-uncategorized"],"_links":{"self":[{"href":"https:\/\/cliente1.publisher.highstack.com.ar\/index.php?rest_route=\/wp\/v2\/posts\/8605","targetHints":{"allow":["GET"]}}],"collection":[{"href":"https:\/\/cliente1.publisher.highstack.com.ar\/index.php?rest_route=\/wp\/v2\/posts"}],"about":[{"href":"https:\/\/cliente1.publisher.highstack.com.ar\/index.php?rest_route=\/wp\/v2\/types\/post"}],"author":[{"embeddable":true,"href":"https:\/\/cliente1.publisher.highstack.com.ar\/index.php?rest_route=\/wp\/v2\/users\/1"}],"replies":[{"embeddable":true,"href":"https:\/\/cliente1.publisher.highstack.com.ar\/index.php?rest_route=%2Fwp%2Fv2%2Fcomments&post=8605"}],"version-history":[{"count":0,"href":"https:\/\/cliente1.publisher.highstack.com.ar\/index.php?rest_route=\/wp\/v2\/posts\/8605\/revisions"}],"wp:featuredmedia":[{"embeddable":true,"href":"https:\/\/cliente1.publisher.highstack.com.ar\/index.php?rest_route=\/wp\/v2\/media\/8606"}],"wp:attachment":[{"href":"https:\/\/cliente1.publisher.highstack.com.ar\/index.php?rest_route=%2Fwp%2Fv2%2Fmedia&parent=8605"}],"wp:term":[{"taxonomy":"category","embeddable":true,"href":"https:\/\/cliente1.publisher.highstack.com.ar\/index.php?rest_route=%2Fwp%2Fv2%2Fcategories&post=8605"},{"taxonomy":"post_tag","embeddable":true,"href":"https:\/\/cliente1.publisher.highstack.com.ar\/index.php?rest_route=%2Fwp%2Fv2%2Ftags&post=8605"}],"curies":[{"name":"wp","href":"https:\/\/api.w.org\/{rel}","templated":true}]}}