{"id":8603,"date":"2026-04-30T18:58:26","date_gmt":"2026-04-30T21:58:26","guid":{"rendered":"https:\/\/cliente1.publisher.highstack.com.ar\/?p=8603"},"modified":"2026-04-30T18:58:26","modified_gmt":"2026-04-30T21:58:26","slug":"brutal-secuestro-por-una-deuda-en-concordia-lo-golpearon-lo-cortaron-lo-desnudaron-y-abandonaron-en-basural","status":"publish","type":"post","link":"https:\/\/cliente1.publisher.highstack.com.ar\/?p=8603","title":{"rendered":"Brutal secuestro por una deuda en Concordia: lo golpearon, lo cortaron, lo desnudaron y abandonaron en basural"},"content":{"rendered":"<p><\/p>\n<div>\n<p><i>Brutal secuestro por deuda en Concordia: un detenido.<\/i> Un violento hecho de <b>privaci\u00f3n ileg\u00edtima de la libertad en Concordia<\/b> expuso un episodio de extrema violencia que tuvo como v\u00edctima a un hombre de apellido Palacios, quien fue interceptado en la v\u00eda p\u00fablica, golpeado y privado de su libertad en un hecho que la Polic\u00eda vincula a una deuda econ\u00f3mica. El ataque ocurri\u00f3 el lunes y deriv\u00f3 en allanamientos y una detenci\u00f3n en las \u00faltimas horas. <\/p>\n<p><!-- is a <br \/>--><\/p>\n<p>\u00a0<\/p>\n<p><!-- is a <br \/>--><\/p>\n<p>De acuerdo a la investigaci\u00f3n, el hombre fue abordado por al menos seis personas que se desplazaban en una camioneta Volkswagen Amarok blanca. Lo golpearon, lo subieron por la fuerza al veh\u00edculo y continuaron agredi\u00e9ndolo mientras lo trasladaban por la ciudad. <\/p>\n<p><!-- is a <br \/>--><\/p>\n<p>\u00a0<\/p>\n<p><!-- is a <br \/>--><\/p>\n<p>El comisario Jos\u00e9 Mar\u00eda Rosatelli, jefe departamental de la Polic\u00eda de Concordia, confirm\u00f3 a Elonce que la v\u00edctima \u201ccont\u00f3 a los efectivos que iba caminando y fue abordada por una camioneta, en la cual iban varias personas en su interior\u201d, y agreg\u00f3 que gran parte de las lesiones fueron provocadas dentro del rodado. <\/p>\n<p><!-- is a <br \/>--><\/p>\n<p><!-- is a object --><br \/>\n<!-- embed start --><\/p>\n<figure class=\"embed\">\n<p>    <img decoding=\"async\" src=\"https:\/\/elonce-media.elonce.com\/fotos\/2024\/08\/15\/e_1723726543_39668.webp\" loading=\"lazy\" width=\"600\" height=\"400\" alt=\"El herido fue hospitalizado.\"\/><figcaption>\n            <span>El herido fue hospitalizado.<\/span><br \/>\n        <\/figcaption><\/figure>\n<p><!-- embed end --><br \/>\n<!-- end object --><\/p>\n<p>\u00a0<\/p>\n<p><!-- is a <br \/>--><\/p>\n<p><!-- is a object --><\/p>\n<h3><b>Traslado, amenazas y abandono<\/b><\/h3>\n<p><!-- end object --><\/p>\n<p>\u00a0<\/p>\n<p><!-- is a <br \/>--><\/p>\n<p>Seg\u00fan se pudo establecer, los agresores llevaron a la v\u00edctima hasta un chatarral ubicado en inmediaciones de calles Isthilart e Italia, que ser\u00eda propiedad del conductor de la camioneta. En ese lugar, la violencia escal\u00f3 a\u00fan m\u00e1s. <\/p>\n<p><!-- is a <br \/>--><\/p>\n<p>\u00a0<\/p>\n<p><!-- is a <br \/>--><\/p>\n<p>All\u00ed lo despojaron de toda su vestimenta, le sustrajeron documentaci\u00f3n y pertenencias personales, y lo amenazaron con un arma de fuego. Luego, lo trasladaron nuevamente y lo abandonaron desnudo, con las manos atadas, en la zona de calle Diamante y las v\u00edas f\u00e9rreas. <\/p>\n<p><!-- is a <br \/>--><\/p>\n<p>\u00a0<\/p>\n<p><!-- is a <br \/>--><\/p>\n<p>El jefe policial indic\u00f3 que \u201cgran parte de los cortes y los golpes que le provocaron hab\u00edan sido en el interior de la camioneta\u201d, lo que da cuenta de la brutalidad del ataque y de las condiciones en que fue retenida la v\u00edctima. <\/p>\n<p><!-- is a <br \/>--><\/p>\n<p><!-- is a object --><br \/>\n<!-- embed start --><\/p>\n<figure class=\"embed\">\n<p>    <img decoding=\"async\" src=\"https:\/\/elonce-media.elonce.com\/fotos\/2026\/04\/30\/e_1777581429_979.webp\" loading=\"lazy\" width=\"600\" height=\"400\" alt=\"\"\/><\/p>\n<\/figure>\n<p><!-- embed end --><br \/>\n<!-- end object --><\/p>\n<p>\u00a0<\/p>\n<p><!-- is a <br \/>--><\/p>\n<p><!-- is a object --><\/p>\n<h3><b>Allanamientos y elementos secuestrados<\/b><\/h3>\n<p><!-- end object --><\/p>\n<p>\u00a0<\/p>\n<p><!-- is a <br \/>--><\/p>\n<p>En el marco de la causa por \u201cprivaci\u00f3n ileg\u00edtima de la libertad\u201d, este jueves se concretaron tres allanamientos ordenados por la fiscal Daniela Montangie y el juez Mauricio Guerrero. Uno de ellos se realiz\u00f3 en una vivienda de calle Italia e Isthilart, donde se notific\u00f3 a un hombre de 46 a\u00f1os, sin resultados relevantes. <\/p>\n<p><!-- is a <br \/>--><\/p>\n<p>\u00a0<\/p>\n<p><!-- is a <br \/>--><\/p>\n<p>En otro domicilio de la misma zona, se notific\u00f3 a un hombre de 53 a\u00f1os y se secuestraron prendas de vestir, una billetera, una tarjeta SUBE, una tijera de podar y una toalla con manchas hem\u00e1ticas que ser\u00edan de la v\u00edctima. <\/p>\n<p><!-- is a <br \/>--><\/p>\n<p>\u00a0<\/p>\n<p><!-- is a <br \/>--><\/p>\n<p>El tercer procedimiento tuvo lugar en una vivienda de calle Guarumba y Cortada 49, donde se notific\u00f3 a una mujer de 36 a\u00f1os. All\u00ed se incautaron cargadores de armas, m\u00e1s de 100 cartuchos calibre .22, una pistolera, dinero en efectivo por $7.150.000, un tel\u00e9fono celular, una c\u00e1mara de seguridad sin memoria y prendas con manchas de sangre. <\/p>\n<p><!-- is a <br \/>--><\/p>\n<p><!-- is a object --><br \/>\n<!-- embed start --><\/p>\n<figure class=\"embed\">\n<p>    <img decoding=\"async\" src=\"https:\/\/elonce-media.elonce.com\/fotos\/2026\/04\/30\/e_1777581429_91224.webp\" loading=\"lazy\" width=\"600\" height=\"400\" alt=\"\"\/><\/p>\n<\/figure>\n<p><!-- embed end --><br \/>\n<!-- end object --><\/p>\n<p>\u00a0<\/p>\n<p><!-- is a <br \/>--><\/p>\n<p><!-- is a object --><\/p>\n<h3><b>Detenci\u00f3n y principal hip\u00f3tesis<\/b><\/h3>\n<p><!-- end object --><\/p>\n<p>\u00a0<\/p>\n<p><!-- is a <br \/>--><\/p>\n<p>Durante los operativos fue detenido un hombre de 39 a\u00f1os, se\u00f1alado como el principal sospechoso y quien habr\u00eda conducido la camioneta utilizada en el hecho. Adem\u00e1s, se secuestr\u00f3 el veh\u00edculo y se levantaron muestras de sangre en su interior. <\/p>\n<p><!-- is a <br \/>--><\/p>\n<p>\u00a0<\/p>\n<p><!-- is a <br \/>--><\/p>\n<p>\u201cSe procedi\u00f3 a allanar y a detener al principal sospechoso, como tambi\u00e9n, se levantaron muestras de sangre del interior de la camioneta y otros elementos\u201d, explic\u00f3 Rosatelli a Elonce. <\/p>\n<p><!-- is a <br \/>--><\/p>\n<p>\u00a0<\/p>\n<p><!-- is a <br \/>--><\/p>\n<p>El comisario sostuvo que la principal hip\u00f3tesis es que el violento episodio se origin\u00f3 por una deuda econ\u00f3mica que la v\u00edctima manten\u00eda con el acusado, quien ser\u00eda prestamista. En ese sentido, indic\u00f3 que se trabaja para identificar al resto de los involucrados. <\/p>\n<p><!-- is a <br \/>--><\/p>\n<p>\u00a0<\/p>\n<p><!-- is a <br \/>--><\/p>\n<p>\u201cEstamos tratando de identificar a las otras personas que acompa\u00f1aban al principal sospechoso en la camioneta. Se tratar\u00eda de personas que fueron utilizadas como mano de obra para cometer el violento hecho\u201d, afirm\u00f3. <\/p>\n<p><!-- is a <br \/>--><\/p>\n<p><!-- is a object --><br \/>\n<!-- embed start --><\/p>\n<figure class=\"embed\">\n<p>    <img decoding=\"async\" src=\"https:\/\/elonce-media.elonce.com\/fotos\/2026\/04\/30\/e_1777581429_57017.webp\" loading=\"lazy\" width=\"600\" height=\"400\" alt=\"\"\/><\/p>\n<\/figure>\n<p><!-- embed end --><br \/>\n<!-- end object --><\/p>\n<p>\u00a0<\/p>\n<p><!-- is a <br \/>--><\/p>\n<p><!-- is a object --><\/p>\n<h3><b>Estado de la v\u00edctima y avance de la causa<\/b><\/h3>\n<p><!-- end object --><\/p>\n<p>\u00a0<\/p>\n<p><!-- is a <br \/>--><\/p>\n<p>Respecto a la v\u00edctima, Rosatelli inform\u00f3 que ya se encuentra en su domicilio, donde contin\u00faa con las curaciones necesarias. Presentaba cortes y m\u00faltiples golpes en distintas partes del cuerpo como consecuencia de la agresi\u00f3n. <\/p>\n<p><!-- is a <br \/>--><\/p>\n<p>\u00a0<\/p>\n<p><!-- is a <br \/>--><\/p>\n<p>\u201cTen\u00eda algunos cortes y varias lesiones de golpes en diferentes partes del cuerpo\u201d, precis\u00f3 el jefe policial, quien remarc\u00f3 la gravedad del hecho investigado. <\/p>\n<p><!-- is a <br \/>--><\/p>\n<p>\u00a0<\/p>\n<p><!-- is a <br \/>--><\/p>\n<p>La causa contin\u00faa en etapa investigativa con el objetivo de determinar el grado de participaci\u00f3n de cada uno de los involucrados y esclarecer completamente lo ocurrido. Elonce.<\/p>\n<\/p><\/div>\n","protected":false},"excerpt":{"rendered":"<p>Brutal secuestro por deuda en Concordia: un detenido. Un violento hecho de privaci\u00f3n ileg\u00edtima de la libertad en Concordia expuso un episodio de extrema violencia que tuvo como v\u00edctima a un hombre de apellido Palacios, quien fue interceptado en la v\u00eda p\u00fablica, golpeado y privado de su libertad en un hecho que la Polic\u00eda vincula [&hellip;]<\/p>\n","protected":false},"author":1,"featured_media":8604,"comment_status":"open","ping_status":"open","sticky":false,"template":"","format":"standard","meta":{"footnotes":""},"categories":[1],"tags":[],"class_list":["post-8603","post","type-post","status-publish","format-standard","has-post-thumbnail","hentry","category-uncategorized"],"_links":{"self":[{"href":"https:\/\/cliente1.publisher.highstack.com.ar\/index.php?rest_route=\/wp\/v2\/posts\/8603","targetHints":{"allow":["GET"]}}],"collection":[{"href":"https:\/\/cliente1.publisher.highstack.com.ar\/index.php?rest_route=\/wp\/v2\/posts"}],"about":[{"href":"https:\/\/cliente1.publisher.highstack.com.ar\/index.php?rest_route=\/wp\/v2\/types\/post"}],"author":[{"embeddable":true,"href":"https:\/\/cliente1.publisher.highstack.com.ar\/index.php?rest_route=\/wp\/v2\/users\/1"}],"replies":[{"embeddable":true,"href":"https:\/\/cliente1.publisher.highstack.com.ar\/index.php?rest_route=%2Fwp%2Fv2%2Fcomments&post=8603"}],"version-history":[{"count":0,"href":"https:\/\/cliente1.publisher.highstack.com.ar\/index.php?rest_route=\/wp\/v2\/posts\/8603\/revisions"}],"wp:featuredmedia":[{"embeddable":true,"href":"https:\/\/cliente1.publisher.highstack.com.ar\/index.php?rest_route=\/wp\/v2\/media\/8604"}],"wp:attachment":[{"href":"https:\/\/cliente1.publisher.highstack.com.ar\/index.php?rest_route=%2Fwp%2Fv2%2Fmedia&parent=8603"}],"wp:term":[{"taxonomy":"category","embeddable":true,"href":"https:\/\/cliente1.publisher.highstack.com.ar\/index.php?rest_route=%2Fwp%2Fv2%2Fcategories&post=8603"},{"taxonomy":"post_tag","embeddable":true,"href":"https:\/\/cliente1.publisher.highstack.com.ar\/index.php?rest_route=%2Fwp%2Fv2%2Ftags&post=8603"}],"curies":[{"name":"wp","href":"https:\/\/api.w.org\/{rel}","templated":true}]}}