{"id":8601,"date":"2026-04-30T18:45:16","date_gmt":"2026-04-30T21:45:16","guid":{"rendered":"https:\/\/cliente1.publisher.highstack.com.ar\/?p=8601"},"modified":"2026-04-30T18:45:16","modified_gmt":"2026-04-30T21:45:16","slug":"ajer-rechazo-descuentos-del-superior-tribunal-de-justicia-y-denuncio-que-es-una-forma-de-apriete","status":"publish","type":"post","link":"https:\/\/cliente1.publisher.highstack.com.ar\/?p=8601","title":{"rendered":"AJER rechaz\u00f3 descuentos del Superior Tribunal de Justicia y denunci\u00f3 que es &#8220;una forma de apriete&#8221;"},"content":{"rendered":"<p><\/p>\n<div class=\"body-noticia clearfix text-formatted field field--name-body field--type-text-with-summary field--label-hidden field__item\">\n<p>El conflicto en el Poder Judicial entrerriano sum\u00f3 un nuevo cap\u00edtulo luego de que la Asociaci\u00f3n Judicial de Entre R\u00edos (AJER) rechazara la decisi\u00f3n del Superior Tribunal de Justicia de Entre R\u00edos de descontar los d\u00edas no trabajados por medidas de fuerza. La resoluci\u00f3n del tribunal, adoptada por unanimidad en el Acuerdo General N\u00ba 10\/26, dispuso aplicar quitas salariales proporcionales ante la continuidad de paros y retenciones iniciados en febrero.<\/p>\n<p>El m\u00e1ximo \u00f3rgano judicial provincial \u2014integrado por Germ\u00e1n Reynaldo Carlomango, Carlos Tepsich y los vocales Miguel \u00c1ngel Giorgio, Daniel Omar Carubia, Claudia Mizawak, Leonardo Portela, Gisela Nerea Schumacher, Laura Soage y Susana Medina\u2014 fundament\u00f3 la medida en que, si bien el derecho de huelga es constitucional, la remuneraci\u00f3n corresponde a servicios efectivamente prestados. En ese marco, se contabilizaron trece jornadas de protesta entre febrero y abril.<\/p>\n<\/p>\n<div data-entity-type=\"node\" data-entity-uuid=\"5b02b041-d919-4ae4-a146-6b3c8b2bd79a\" data-embed-button=\"node\" data-entity-embed-display=\"view_mode:node.imagen_titulo\" data-langcode=\"es\" data-entity-embed-display-settings=\"[]\" class=\"embedded-entity\">\n<article data-history-node-id=\"369463\" class=\"node node--type-noticia node--view-mode-imagen-titulo ds-1col clearfix\">\n<p>  <a href=\"https:\/\/www.analisisdigital.com.ar\/provinciales\/2026\/04\/29\/el-superior-tribunal-de-justicia-dispuso-el-descuento-de-haberes-por-los-dias-de-paro-de-los-judiciales\" class=\"field-group-link embedcard1\" hreflang=\"es\"><\/p>\n<div class=\"cont-image\">\n<div class=\"blazy blazy--field blazy--field-imagenprincipal blazy--field-imagenprincipal--imagen-titulo field field--name-field-imagenprincipal field--type-image field--label-hidden field__item\" data-blazy>\n<div class=\"media media--blazy media--fx is-blur-client media--image\" data-b-animation=\"blur\" data-b-token=\"b-8745f99d43f\"><img alt=\"Vista previa\" class=\"b-blur img-fluid\" data-b-blur=\"0::4bf3f20332a1e37a8673a1bdabd43ae2::image\/jpeg::\/sites\/default\/files\/styles\/thumbnail\/public\/imagenes\/noticiasDigitales\/596778311_1324922109436520_8519319036002846186_n.jpg?itok=Yt7NEae_\" decoding=\"async\" fetchpriority=\"low\" src=\"data:image\/svg+xml;charset=utf-8,%3Csvg%20xmlns%3D'http%3A%2F%2Fwww.w3.org%2F2000%2Fsvg'%20viewBox%3D'0%200%201%201'%2F%3E\"><br \/>\n<img alt decoding=\"async\" class=\"media__element b-lazy img-fluid\" loading=\"lazy\" src=\"https:\/\/www.analisisdigital.com.ar\/sites\/default\/files\/styles\/noticia_listados_y_celular_400_x_225\/public\/imagenes\/noticiasDigitales\/596778311_1324922109436520_8519319036002846186_n.jpg.webp?h=f53058b7&amp;itok=155mvl3Z\" width=\"400\" height=\"225\">\n        <\/div>\n<\/p><\/div>\n<\/p><\/div>\n<div class=\"cont-title\">\n<div class=\"field field--name-node-title field--type-ds field--label-hidden field__item\">\n<h3>\n  El Superior Tribunal de Justicia dispuso el descuento de haberes por los d\u00edas de paro de los judiciales<br \/>\n<\/h3>\n<\/div><\/div>\n<p><\/a><\/p>\n<\/article>\n<\/div>\n<p>Frente a esta decisi\u00f3n, el Plenario Provincial de Delegados de AJER, con participaci\u00f3n de su Comisi\u00f3n Directiva y representantes de 15 filiales, emiti\u00f3 un duro comunicado en el que expres\u00f3 su rechazo. \u201cEl Plenario Provincial de Delegados de AJER, con la presencia de la Comisi\u00f3n Directiva y de los representantes de 15 Filiales, repudia y rechaza la decisi\u00f3n del STJ de disponer el descuento de las medidas de fuerza, por ser una medida coercitiva y una forma de apriete que ataca a los trabajadores en su salario cuando ejercen el derecho constitucional de huelga\u201d, dice el comunicado enviado a <strong>AN\u00c1LISIS<\/strong>.<\/p>\n<p>El documento profundiza la cr\u00edtica al sostener que: &#8220;Atacar el salario, sustento de las familias, es claramente una pr\u00e1ctica laboral desleal y antisindical que viola los principios de la \u00e9tica laboral y obstaculizan la libertad sindical y el ejercicio del derecho de los trabajadores\/as. Pero a pesar de esta sanci\u00f3n a quienes reclaman por su salario y sus derechos, los judiciales ratificamos que no renunciaremos a nuestros reclamos porque son justos y porque representan nuestra voluntad y dignidad. Por ello convocaremos en los pr\u00f3ximos d\u00edas a reuniones y asambleas en todas las filiales a fin de informar y debatir sobre las formas en que continuaremos con nuestros reclamos&#8221;.<\/p>\n<p>Asimismo, el gremio cuestion\u00f3 los argumentos del tribunal respecto a los avances en las demandas sectoriales: &#8220;Finalmente queremos dejar en claro a la sociedad que lo manifestado por el STJ en el Acuerdo que dispone los descuentos falta a la verdad ya que el pago del t\u00edtulo no respeta lo que establece la Ley 5143, Estatuto del Empleado Judicial, no incluye a todos los trabajadores y es en este momento s\u00f3lo un anuncio que no tiene ni reglamentaci\u00f3n ni mucho menos efectivizaci\u00f3n. Y que el resto de los reclamos no tienen a la fecha ninguna respuesta. Ni la recuperaci\u00f3n salarial, ni las designaciones a dedo por fuera de la ley, ni las modificaciones a los concursos que destruyen su trasparencia, habilitando la selecci\u00f3n arbitraria. Como tampoco se ha desistido en la intenci\u00f3n de eliminar el 82% m\u00f3vil que significar\u00eda el empobrecimiento de los trabajadores jubilados actuales y futuros&#8221;.<\/p>\n<p>El posicionamiento de AJER anticipa la continuidad del conflicto en el \u00e1mbito judicial entrerriano, con nuevas instancias de debate y posibles medidas gremiales en las distintas filiales de la provincia.<\/p>\n<\/div>\n","protected":false},"excerpt":{"rendered":"<p>El conflicto en el Poder Judicial entrerriano sum\u00f3 un nuevo cap\u00edtulo luego de que la Asociaci\u00f3n Judicial de Entre R\u00edos (AJER) rechazara la decisi\u00f3n del Superior Tribunal de Justicia de Entre R\u00edos de descontar los d\u00edas no trabajados por medidas de fuerza. La resoluci\u00f3n del tribunal, adoptada por unanimidad en el Acuerdo General N\u00ba 10\/26, [&hellip;]<\/p>\n","protected":false},"author":1,"featured_media":8602,"comment_status":"open","ping_status":"open","sticky":false,"template":"","format":"standard","meta":{"footnotes":""},"categories":[1],"tags":[],"class_list":["post-8601","post","type-post","status-publish","format-standard","has-post-thumbnail","hentry","category-uncategorized"],"_links":{"self":[{"href":"https:\/\/cliente1.publisher.highstack.com.ar\/index.php?rest_route=\/wp\/v2\/posts\/8601","targetHints":{"allow":["GET"]}}],"collection":[{"href":"https:\/\/cliente1.publisher.highstack.com.ar\/index.php?rest_route=\/wp\/v2\/posts"}],"about":[{"href":"https:\/\/cliente1.publisher.highstack.com.ar\/index.php?rest_route=\/wp\/v2\/types\/post"}],"author":[{"embeddable":true,"href":"https:\/\/cliente1.publisher.highstack.com.ar\/index.php?rest_route=\/wp\/v2\/users\/1"}],"replies":[{"embeddable":true,"href":"https:\/\/cliente1.publisher.highstack.com.ar\/index.php?rest_route=%2Fwp%2Fv2%2Fcomments&post=8601"}],"version-history":[{"count":0,"href":"https:\/\/cliente1.publisher.highstack.com.ar\/index.php?rest_route=\/wp\/v2\/posts\/8601\/revisions"}],"wp:featuredmedia":[{"embeddable":true,"href":"https:\/\/cliente1.publisher.highstack.com.ar\/index.php?rest_route=\/wp\/v2\/media\/8602"}],"wp:attachment":[{"href":"https:\/\/cliente1.publisher.highstack.com.ar\/index.php?rest_route=%2Fwp%2Fv2%2Fmedia&parent=8601"}],"wp:term":[{"taxonomy":"category","embeddable":true,"href":"https:\/\/cliente1.publisher.highstack.com.ar\/index.php?rest_route=%2Fwp%2Fv2%2Fcategories&post=8601"},{"taxonomy":"post_tag","embeddable":true,"href":"https:\/\/cliente1.publisher.highstack.com.ar\/index.php?rest_route=%2Fwp%2Fv2%2Ftags&post=8601"}],"curies":[{"name":"wp","href":"https:\/\/api.w.org\/{rel}","templated":true}]}}