{"id":8599,"date":"2026-04-30T18:42:02","date_gmt":"2026-04-30T21:42:02","guid":{"rendered":"https:\/\/cliente1.publisher.highstack.com.ar\/?p=8599"},"modified":"2026-04-30T18:42:02","modified_gmt":"2026-04-30T21:42:02","slug":"quebro-sancor-un-reducido-grupo-de-socios-avalo-el-abrupto-final-de-la-lactea","status":"publish","type":"post","link":"https:\/\/cliente1.publisher.highstack.com.ar\/?p=8599","title":{"rendered":"Quebr\u00f3 SanCor: un reducido grupo de socios aval\u00f3 el abrupto final de la l\u00e1ctea"},"content":{"rendered":"<div class=\"col-12\">\n<p class=\"com-paragraph  --capital --s\">SANTA FE.- Los propios productores le <strong>dieron<\/strong> el empuj\u00f3n que faltaba para acelerar el final de la industria l\u00e1ctea <strong>SanCor Cooperativas Unidas Limitada (CUL),<\/strong> empresa que supo liderar el mercado argentino y regional de su rubro. <strong>En una asamblea que cont\u00f3 con solo once socios, cinco votaron por aprobar la quiebra decidida por el Consejo de Administraci\u00f3n, tres se abstuvieron y otros tres emitieron un sufragio negativo.<\/strong> Vale recordar que un socio puede representar a otros en la asamblea, con lo cual se desconoce el n\u00famero que represent\u00f3 cada uno. La semana pasada, Marcelo Gelcich, juez del concurso de la firma, <a href=\"https:\/\/www.lanacion.com.ar\/economia\/campo\/frustracion-anticipada-la-justicia-decreto-la-quiebra-de-la-lactea-sancor-nid22042026\/\" target=\"_self\" title=\"https:\/\/www.lanacion.com.ar\/economia\/campo\/frustracion-anticipada-la-justicia-decreto-la-quiebra-de-la-lactea-sancor-nid22042026\/\" class=\"com-link break-word\" data-mrf-recirculation=\"n_link_parrafo\">hab\u00eda ordenado la quiebra<\/a>.<\/p>\n<div class=\"ln-banner-container --caja1_mob\">\n<div id=\"caja1_mob\" class=\"ln-banner\" data-slot-group=\"nota\" data-device=\"mobile\" data-subscription=\"false\" data-ad-unit-path=\"\/133919216\/campo_mobile\/Nota\/caja1_mob\" data-targeting='{\"sitio\":\"lanacion\",\"seccion\":\"nota\"}' data-without-hide=\"true\" data-size=\"[[320,100],[300,250],[1,1],[300,450],[320,450]]\" data-sizemap=\"[]\" data-prebid-enabled=\"true\"><\/div>\n<\/div>\n<p class=\"com-paragraph   --s\">La asamblea se desarroll\u00f3 esta ma\u00f1ana en la sala de reuniones de la empresa, en Sunchales, y a partir de esa resoluci\u00f3n, cuya acta deber\u00e1 incorporarse al expediente judicial del concurso de la empresa, se abrir\u00e1 un abanico de posibilidades sobre el futuro de la firma, aunque no se descarta que termine en desguace, como vienen anunciando los trabajadores. Es decir, si hay ofertas, posiblemente se vender\u00e1n los activos por separado.<\/p>\n<p class=\"com-paragraph   --s\"><strong>\u201dNosotros no celebramos una quiebra, por supuesto que no. No queremos que las empresas quiebren, yo hace 32 a\u00f1os trabajo en SanCor, crie a mis hijos, yo soy parte de SanCor\u201d,<\/strong> dijo Alejandro Cabrera, trabajador de de la empresa.<\/p>\n<p class=\"com-paragraph   --s\">En tanto, un productor que asisti\u00f3 a la asamblea y pidi\u00f3 reserva de identidad, expres\u00f3 <strong>\u201cNo hab\u00eda m\u00e1s nada que hacer: la deuda es muy grande y la cooperativa no pod\u00eda seguir\u201d. <\/strong>Entre los acreedores m\u00e1s importante figuran Arca, algunos estados provinciales y municipales y los trabajadores otrora despedidos que, iniciaron oportunamente el juicio laboral correspondiente.<\/p>\n<div class=\"ln-banner-container --caja2_mob\">\n<div id=\"caja2_mob\" class=\"ln-banner\" data-slot-group=\"nota\" data-device=\"mobile\" data-subscription=\"true\" data-ad-unit-path=\"\/133919216\/campo_mobile\/Nota\/caja2_mob\" data-targeting='{\"sitio\":\"lanacion\",\"seccion\":\"nota\"}' data-without-hide=\"true\" data-size=\"[[320,100],[300,250],[300,450],[1,1],[360,270],[320,180]]\" data-sizemap=\"[]\" data-prebid-enabled=\"true\"><\/div>\n<\/div>\n<div class=\"content-media\">\n<section role=\"button\" class=\"mod-media   \">\n<figure role=\"button\" tabindex=\"0\" class=\"mod-figure \">\n<div class=\"placeholder \">\n<div class=\"com-image\"><picture><source media=\"(min-width: 768px)\" srcset=\"https:\/\/resizer.glanacion.com\/resizer\/v2\/sancor-es-la-tercera-empresa-en-penetracion-OC263UIA6BE35BAU65EXUDTR2M.jpg?auth=514e5312a63d466b3132ba47dd887e4b617c7d40b0427dcb45bf3afdaf8f3f11&amp;width=780&amp;height=520&amp;quality=70&amp;smart=true\"><\/source><img class=\"image com-image flex --cover\" decoding=\"async\" fetchpriority=\"low\" loading=\"lazy\" src=\"https:\/\/resizer.glanacion.com\/resizer\/v2\/sancor-es-la-tercera-empresa-en-penetracion-OC263UIA6BE35BAU65EXUDTR2M.jpg?auth=514e5312a63d466b3132ba47dd887e4b617c7d40b0427dcb45bf3afdaf8f3f11&amp;width=420&amp;height=280&amp;quality=70&amp;smart=true\" width=\"2000\" alt=\"La empresa lleg\u00f3 a procesar 4 millones de litros diarios y ahora cay\u00f3 a 300.000\" height=\"1333\"><\/picture><\/div>\n<\/div><figcaption class=\"mod-figcaption\"><span class=\"com-text --caption --twoxs\">La empresa lleg\u00f3 a procesar 4 millones de litros diarios y ahora cay\u00f3 a 300.000<\/span><\/figcaption><\/figure>\n<\/section>\n<\/div>\n<div class=\"ln-banner-container --middle_2_dsk\">\n<div id=\"middle_2_dsk\" class=\"ln-banner\" data-slot-group=\"nota\" data-device=\"desktop\" data-subscription=\"true\" data-ad-unit-path=\"\/133919216\/campo_desktop\/Nota\/middle_2_dsk\" data-targeting='{\"sitio\":\"lanacion\",\"seccion\":\"nota\"}' data-without-hide=\"true\" data-size=\"[[1,1],[728,90]]\" data-sizemap=\"[]\" data-prebid-enabled=\"true\"><\/div>\n<\/div>\n<p class=\"com-paragraph   --s\">La Asociaci\u00f3n de Trabajadores de la Industria L\u00e1ctea de la Rep\u00fablica Argentina <strong>(Atilra),<\/strong> que encabeza H\u00e9ctor \u201cEtin\u201d Ponce, hab\u00eda se\u00f1alado que <strong>\u201cla quiebra declarada judicialmente conlleva el cierre formal y la disoluci\u00f3n de la cooperativa quedando en consecuencia disueltos sus \u00f3rganos de direcci\u00f3n y administraci\u00f3n\u201d.<\/strong><\/p>\n<div class=\"ln-banner-container --caja3_mob\">\n<div id=\"caja3_mob\" class=\"ln-banner\" data-slot-group=\"nota\" data-device=\"mobile\" data-subscription=\"false\" data-ad-unit-path=\"\/133919216\/campo_mobile\/Nota\/caja3_mob\" data-targeting='{\"sitio\":\"lanacion\",\"seccion\":\"nota\"}' data-without-hide=\"true\" data-size=\"[[320,100],[300,250],[1,1],[300,450],[360,270]]\" data-sizemap=\"[]\" data-prebid-enabled=\"true\"><\/div>\n<\/div>\n<div class=\"ln-banner-container --middle_2_tab\">\n<div id=\"middle_2_tab\" class=\"ln-banner\" data-slot-group=\"nota\" data-device=\"tablet\" data-subscription=\"false\" data-ad-unit-path=\"\/133919216\/campo_tablet\/Nota\/middle_2_tab\" data-targeting='{\"sitio\":\"lanacion\",\"seccion\":\"nota\"}' data-without-hide=\"true\" data-size=\"[[728,90],[640,480],[468,60],[1,1]]\" data-sizemap=\"[]\" data-prebid-enabled=\"true\"><\/div>\n<\/div>\n<p class=\"com-paragraph   --s\">Actualmente, 178 trabajadores propuestos por Atilra son quienes est\u00e1n a cargo del mantenimiento y custodia de las seis f\u00e1bricas de SanCor en todo el pa\u00eds, por decisi\u00f3n de quien dict\u00f3 la quiebra.<\/p>\n<p class=\"com-paragraph   --s\">Como se inform\u00f3, el 22 de abril pasado, el juez de Primera Instancia en lo Civil y Comercial de Rafaela, <strong>Marcelo Gelcich,<\/strong> resolvi\u00f3 dictar la quiebra \u201cindirecta con continuidad\u201d de la cooperativa l\u00e1ctea. <\/p>\n<p class=\"com-paragraph   --s\"><strong>Esto no implica el cierre inmediato. El juez orden\u00f3 que las plantas que est\u00e1n operando (principalmente mediante contratos de fas\u00f3n, es decir, procesando leche de terceros) sigan funcionando transitoriamente.<\/strong><\/p>\n<div class=\"ln-banner-container --caja4_mob\">\n<div id=\"caja4_mob\" class=\"ln-banner\" data-slot-group=\"nota\" data-device=\"mobile\" data-subscription=\"false\" data-ad-unit-path=\"\/133919216\/campo_mobile\/Nota\/caja4_mob\" data-targeting='{\"sitio\":\"lanacion\",\"seccion\":\"nota\"}' data-without-hide=\"true\" data-size=\"[[320,100],[300,250],[1,1]]\" data-sizemap=\"[]\" data-prebid-enabled=\"true\"><\/div>\n<\/div>\n<p class=\"com-paragraph   --s\">Desde la representaci\u00f3n legal de extrabajadores de SanCor, el consorcio de estudios de abogados encabezados por el santafecino Aldo Regali, se indic\u00f3 este mediod\u00eda que <strong>\u201cse esperar\u00e1 la incorporaci\u00f3n del acta para evaluar lo sucedido en la asamblea. Pero este es el fin de SanCor CUL\u201d, se\u00f1al\u00f3 el citado profesional.<\/strong><\/p>\n<h2 class=\"com-title --font-primary --xl --font-extra\">Historia<\/h2>\n<p class=\"com-paragraph   --s\">SanCor fue fundada el 17 de septiembre de 1938 en Sunchales, al oeste de esta provincia. Surgi\u00f3 de la uni\u00f3n de 16 cooperativas tamberas de Santa Fe y C\u00f3rdoba para producir manteca. <strong>Su historia estuvo coronada de \u00e9xitos y fracasos, record\u00e1ndose entre ellos lo sucedido durante la gesti\u00f3n de N\u00e9stor Kirchner, cuando se acept\u00f3 una \u201cayuda\u201d del gobierno venezolano encabezado por Hugo Ch\u00e1vez a cambio de no hacer una alianza con Adecoagro porque en ese momento George Soros era accionista. <\/strong><\/p>\n<div class=\"ln-banner-container --caja6_mob\">\n<div id=\"caja6_mob\" class=\"ln-banner\" data-slot-group=\"nota\" data-device=\"mobile\" data-subscription=\"false\" data-ad-unit-path=\"\/133919216\/campo_mobile\/Nota\/caja6_mob\" data-targeting='{\"sitio\":\"lanacion\",\"seccion\":\"nota\"}' data-without-hide=\"true\" data-size=\"[[300,250],[230,50],[300,450],[1,1],[320,100]]\" data-sizemap=\"[]\" data-prebid-enabled=\"true\"><\/div>\n<\/div>\n<p class=\"com-paragraph   --s\">En otro orden, horas antes del comienzo de la asamblea, el juez Gelcich dispuso la acumulaci\u00f3n de los pedidos de quiebra directa formulados por terceros y la prevalencia de la solicitud de propia quiebra formulada por la concursada y ratific\u00f3 a los s\u00edndicos en el concurso preventivo, los contadores Ignacio Mart\u00edn Pacheco Huber y Juan Luis Tomat, para actuar en el proceso de quiebra.<\/p>\n<div class=\"content-media\">\n<section role=\"button\" class=\"mod-media   \">\n<figure role=\"button\" tabindex=\"0\" class=\"mod-figure \">\n<div class=\"placeholder \">\n<div class=\"com-image\"><picture><source media=\"(min-width: 768px)\" srcset=\"https:\/\/resizer.glanacion.com\/resizer\/v2\/sancor-vendio-arla-ZSZDUNNACRBIFNZVWYCWJFDEUA.jpg?auth=29279e905c06e775278a8738af037f110d91e3d2f909d4c13361d5bc6ec905ed&amp;width=780&amp;height=520&amp;quality=70&amp;smart=true\"><\/source><img class=\"image com-image flex --cover\" decoding=\"async\" fetchpriority=\"low\" loading=\"lazy\" src=\"https:\/\/resizer.glanacion.com\/resizer\/v2\/sancor-vendio-arla-ZSZDUNNACRBIFNZVWYCWJFDEUA.jpg?auth=29279e905c06e775278a8738af037f110d91e3d2f909d4c13361d5bc6ec905ed&amp;width=420&amp;height=280&amp;quality=70&amp;smart=true\" width=\"2000\" alt=\"El juez estableci\u00f3 el proceso de enajenaci\u00f3n; estableci\u00f3 c\u00f3mo se administrar\u00e1n los fondos durante la continuaci\u00f3n, el r\u00e9gimen de marcas y activos intangibles\" height=\"1333\"><\/picture><\/div>\n<\/div><figcaption class=\"mod-figcaption\"><span class=\"com-text --caption --twoxs\">El juez estableci\u00f3 el proceso de enajenaci\u00f3n; estableci\u00f3 c\u00f3mo se administrar\u00e1n los fondos durante la continuaci\u00f3n, el r\u00e9gimen de marcas y activos intangibles<\/span><\/figcaption><\/figure>\n<\/section>\n<\/div>\n<div class=\"ln-banner-container --caja7_mob\">\n<div id=\"caja7_mob\" class=\"ln-banner\" data-slot-group=\"nota\" data-device=\"mobile\" data-subscription=\"true\" data-ad-unit-path=\"\/133919216\/campo_mobile\/Nota\/caja7_mob\" data-targeting='{\"sitio\":\"lanacion\",\"seccion\":\"nota\"}' data-without-hide=\"true\" data-size=\"[[300,250],[320,50],[300,450],[1,1],[320,100]]\" data-sizemap=\"[]\" data-prebid-enabled=\"true\"><\/div>\n<\/div>\n<p class=\"com-paragraph   --s\">En el edicto, se indic\u00f3 que fue dispuesta <strong>\u201cla continuaci\u00f3n de la explotaci\u00f3n y del r\u00e9gimen laboral durante la continuaci\u00f3n, el desapoderamiento e inhibici\u00f3n de bienes, la incautaci\u00f3n de los mismos y distribuci\u00f3n de funciones\u201d.<\/strong><\/p>\n<p class=\"com-paragraph   --s\">Tambi\u00e9n estableci\u00f3 el proceso de enajenaci\u00f3n; estableci\u00f3 c\u00f3mo se administrar\u00e1n los fondos durante la continuaci\u00f3n, el r\u00e9gimen de marcas y activos intangibles, contratos de fas\u00f3n y colaboraci\u00f3n industrial, y participaciones societarias.<\/p>\n<div class=\"ln-banner-container --caja8_mob\">\n<div id=\"caja8_mob\" class=\"ln-banner\" data-slot-group=\"nota\" data-device=\"mobile\" data-subscription=\"true\" data-ad-unit-path=\"\/133919216\/campo_mobile\/Nota\/caja8_mob\" data-targeting='{\"sitio\":\"lanacion\",\"seccion\":\"nota\"}' data-without-hide=\"true\" data-size=\"[[300,250],[320,50],[300,450],[1,1],[320,100]]\" data-sizemap=\"[]\" data-prebid-enabled=\"true\"><\/div>\n<\/div>\n<p class=\"com-paragraph   --s\"><strong>El juez anunci\u00f3 que fij\u00f3 como fecha l\u00edmite para la verificaci\u00f3n de cr\u00e9ditos -posteriores a la presentaci\u00f3n en concurso- el d\u00eda 29\/05\/2026 mientras que fij\u00f3 el d\u00eda 26\/08\/2026 para que los s\u00edndicos presenten el informe general.<\/strong><\/p>\n<p class=\"com-paragraph   --s\">Por \u00faltimo, se anunci\u00f3 que en el t\u00e9rmino de diez d\u00edas la sindicatura promover\u00e1 la constituci\u00f3n de un comit\u00e9 de control. <\/p>\n<div class=\"ln-banner-container --caja9_mob\">\n<div id=\"caja9_mob\" class=\"ln-banner\" data-slot-group=\"nota\" data-device=\"mobile\" data-subscription=\"true\" data-ad-unit-path=\"\/133919216\/campo_mobile\/Nota\/caja9_mob\" data-targeting='{\"sitio\":\"lanacion\",\"seccion\":\"nota\"}' data-without-hide=\"true\" data-size=\"[[300,250],[320,50],[300,450],[1,1],[320,100]]\" data-sizemap=\"[]\" data-prebid-enabled=\"true\"><\/div>\n<\/div>\n<p class=\"com-paragraph   --s\">En este contexto, Atilra hab\u00eda advertido que la asamblea de socios, <strong>\u201ccualquiera sea su resultado, no modifica la sentencia de quiebra ni condiciona su validez, como el propio fallo lo aclara\u201d e ir\u00f3nicamente agreg\u00f3: \u201cPromocionada como un elixir para hacer crecer el pelo, (la asamblea) carece de relevancia jur\u00eddica y solo busca la repercusi\u00f3n medi\u00e1tica que todos ya califican como la opereta del falso d\u00eda D\u201d.<\/strong><\/p>\n<p class=\"com-paragraph   --s\">Para el sindicato la <strong>\u201casamblea de asociados no es v\u00e1lida porque la propia resoluci\u00f3n judicial es contundente: la convocatoria solo tendr\u00eda valor institucional para la cohesi\u00f3n de los socios, pero no altera ni condiciona la quiebra, que es una decisi\u00f3n de orden p\u00fablico\u201d. <\/strong>Adem\u00e1s, tambi\u00e9n fue convocada para este jueves una reuni\u00f3n de delegados de SanCor CUL de todo el pa\u00eds, quienes evaluar\u00e1n las \u00faltimas novedades sobre la situaci\u00f3n de la empresa.<\/p>\n<div data-fusion-lazy-id=\"f0f2aQl9N0Nc5yq\"><\/div>\n<div data-fusion-lazy-id=\"f0fGQeo7N0Nc5He\"><\/div>\n<div class=\"ln-banner-container --caja5_mob\">\n<div id=\"caja5_mob\" class=\"ln-banner\" data-slot-group=\"nota\" data-device=\"mobile\" data-subscription=\"false\" data-ad-unit-path=\"\/133919216\/campo_mobile\/Nota\/caja5_mob\" data-targeting='{\"sitio\":\"lanacion\",\"seccion\":\"nota\"}' data-without-hide=\"true\" data-size='[[320,100],[300,250],[1,1],[\" fluid\"]]' data-sizemap=\"[]\" data-prebid-enabled=\"true\"><\/div>\n<\/div>\n<div data-fusion-lazy-id=\"f0fSc0ngN0Nc5KL\">\n<div><\/div>\n<\/div>\n<div class=\"ln-banner-container --middle_3_dsk\">\n<div id=\"middle_3_dsk\" class=\"ln-banner\" data-slot-group=\"nota\" data-device=\"desktop\" data-subscription=\"true\" data-ad-unit-path=\"\/133919216\/campo_desktop\/Nota\/middle_3_dsk\" data-targeting='{\"sitio\":\"lanacion\",\"seccion\":\"nota\"}' data-without-hide=\"true\" data-size=\"[[1,1],[728,90],[640,360],[728,360]]\" data-sizemap=\"[]\" data-prebid-enabled=\"true\"><\/div>\n<\/div>\n<\/div>\n","protected":false},"excerpt":{"rendered":"<p>SANTA FE.- Los propios productores le dieron el empuj\u00f3n que faltaba para acelerar el final de la industria l\u00e1ctea SanCor Cooperativas Unidas Limitada (CUL), empresa que supo liderar el mercado argentino y regional de su rubro. En una asamblea que cont\u00f3 con solo once socios, cinco votaron por aprobar la quiebra decidida por el Consejo [&hellip;]<\/p>\n","protected":false},"author":1,"featured_media":8600,"comment_status":"open","ping_status":"open","sticky":false,"template":"","format":"standard","meta":{"footnotes":""},"categories":[1],"tags":[],"class_list":["post-8599","post","type-post","status-publish","format-standard","has-post-thumbnail","hentry","category-uncategorized"],"_links":{"self":[{"href":"https:\/\/cliente1.publisher.highstack.com.ar\/index.php?rest_route=\/wp\/v2\/posts\/8599","targetHints":{"allow":["GET"]}}],"collection":[{"href":"https:\/\/cliente1.publisher.highstack.com.ar\/index.php?rest_route=\/wp\/v2\/posts"}],"about":[{"href":"https:\/\/cliente1.publisher.highstack.com.ar\/index.php?rest_route=\/wp\/v2\/types\/post"}],"author":[{"embeddable":true,"href":"https:\/\/cliente1.publisher.highstack.com.ar\/index.php?rest_route=\/wp\/v2\/users\/1"}],"replies":[{"embeddable":true,"href":"https:\/\/cliente1.publisher.highstack.com.ar\/index.php?rest_route=%2Fwp%2Fv2%2Fcomments&post=8599"}],"version-history":[{"count":0,"href":"https:\/\/cliente1.publisher.highstack.com.ar\/index.php?rest_route=\/wp\/v2\/posts\/8599\/revisions"}],"wp:featuredmedia":[{"embeddable":true,"href":"https:\/\/cliente1.publisher.highstack.com.ar\/index.php?rest_route=\/wp\/v2\/media\/8600"}],"wp:attachment":[{"href":"https:\/\/cliente1.publisher.highstack.com.ar\/index.php?rest_route=%2Fwp%2Fv2%2Fmedia&parent=8599"}],"wp:term":[{"taxonomy":"category","embeddable":true,"href":"https:\/\/cliente1.publisher.highstack.com.ar\/index.php?rest_route=%2Fwp%2Fv2%2Fcategories&post=8599"},{"taxonomy":"post_tag","embeddable":true,"href":"https:\/\/cliente1.publisher.highstack.com.ar\/index.php?rest_route=%2Fwp%2Fv2%2Ftags&post=8599"}],"curies":[{"name":"wp","href":"https:\/\/api.w.org\/{rel}","templated":true}]}}