{"id":8591,"date":"2026-04-30T17:26:01","date_gmt":"2026-04-30T20:26:01","guid":{"rendered":"https:\/\/cliente1.publisher.highstack.com.ar\/?p=8591"},"modified":"2026-04-30T17:26:01","modified_gmt":"2026-04-30T20:26:01","slug":"zelensky-cuestiono-la-tregua-rusa-del-9-de-mayo-como-un-engano-tactico-para-proteger-el-desfile-de-moscu","status":"publish","type":"post","link":"https:\/\/cliente1.publisher.highstack.com.ar\/?p=8591","title":{"rendered":"Zelensky cuestion\u00f3 la tregua rusa del 9 de mayo como un \u201cenga\u00f1o t\u00e1ctico\u201d para proteger el desfile de Mosc\u00fa"},"content":{"rendered":"<div class=\"visual__image image-initial-width\"><picture><source srcset=\"https:\/\/www.infobae.com\/resizer\/v2\/25LGCJHPQZBKHPWTNLOYP6BWHI.JPG?auth=3d9f4c5716432f064045791cdbdf10f64240846747a09870bac2de2bb83d65d0&amp;smart=true&amp;width=992&amp;height=662&amp;quality=85\" media=\"(min-width: 1000px)\"><\/source><source srcset=\"https:\/\/www.infobae.com\/resizer\/v2\/25LGCJHPQZBKHPWTNLOYP6BWHI.JPG?auth=3d9f4c5716432f064045791cdbdf10f64240846747a09870bac2de2bb83d65d0&amp;smart=true&amp;width=768&amp;height=512&amp;quality=85\" media=\"(min-width: 768px)\"><\/source><source srcset=\"https:\/\/www.infobae.com\/resizer\/v2\/25LGCJHPQZBKHPWTNLOYP6BWHI.JPG?auth=3d9f4c5716432f064045791cdbdf10f64240846747a09870bac2de2bb83d65d0&amp;smart=true&amp;width=577&amp;height=385&amp;quality=85\" media=\"(min-width: 580px)\"><\/source><source srcset=\"https:\/\/www.infobae.com\/resizer\/v2\/25LGCJHPQZBKHPWTNLOYP6BWHI.JPG?auth=3d9f4c5716432f064045791cdbdf10f64240846747a09870bac2de2bb83d65d0&amp;smart=true&amp;width=420&amp;height=280&amp;quality=85\" media=\"(min-width: 350px)\"><\/source><source srcset=\"https:\/\/www.infobae.com\/resizer\/v2\/25LGCJHPQZBKHPWTNLOYP6BWHI.JPG?auth=3d9f4c5716432f064045791cdbdf10f64240846747a09870bac2de2bb83d65d0&amp;smart=true&amp;width=350&amp;height=233&amp;quality=85\" media=\"(min-width: 80px)\"><\/source><\/picture><\/div>\n<p class=\"paragraph\">El presidente ucraniano, <b>Volodimir Zelensky<\/b>, cuestion\u00f3 este jueves la propuesta rusa de un <a href=\"https:\/\/www.infobae.com\/america\/mundo\/2026\/04\/29\/trump-y-putin-acordaron-explorar-una-tregua-en-ucrania-para-el-9-de-mayo\/\" target=\"_blank\" rel=\"noreferrer\" title=\"https:\/\/www.infobae.com\/america\/mundo\/2026\/04\/29\/trump-y-putin-acordaron-explorar-una-tregua-en-ucrania-para-el-9-de-mayo\/\"><b>alto el fuego<\/b><\/a> para el 9 de mayo y <b>la calific\u00f3 de \u201cenga\u00f1o t\u00e1ctico\u201d dise\u00f1ado para garantizar la seguridad del desfile militar que el Kremlin celebra cada a\u00f1o en Mosc\u00fa<\/b> para conmemorar la victoria sovi\u00e9tica sobre la Alemania nazi. El portavoz presidencial ruso, Dmitri Peskov, dej\u00f3 en claro que la tregua se aplicar\u00e1 de todas formas: \u201cEs una decisi\u00f3n del jefe de Estado ruso y se va a implementar\u201d, declar\u00f3, seg\u00fan medios locales citados por <i>EFE<\/i>.<\/p>\n<p class=\"paragraph\">La propuesta surgi\u00f3 durante una llamada telef\u00f3nica de m\u00e1s de noventa minutos entre Putin y el presidente de Estados Unidos, <b>Donald Trump<\/b>, celebrada el mi\u00e9rcoles 29 de abril a iniciativa de Mosc\u00fa. Seg\u00fan inform\u00f3 el asesor del Kremlin, Yuri Ushakov, Putin ofreci\u00f3 declarar un cese temporal de hostilidades durante las festividades del <b>D\u00eda de la Victoria<\/b>, y Trump respald\u00f3 la iniciativa. Desde el Despacho Oval, el mandatario estadounidense describi\u00f3 la conversaci\u00f3n como \u201cmuy positiva\u201d y sugiri\u00f3 que un acuerdo m\u00e1s amplio para poner fin a la guerra podr\u00eda estar \u201crelativamente cerca\u201d.<\/p>\n<div class=\"inline ad-wrapper dfpAd ad-inline ad-text ad-component-container\" style=\"--ad-shell-height:250px;--ad-shell-width:300px\" data-ad-wrapper=\"arcad\" data-ad-type=\"inline\" data-ad-slot=\"infobae\/america\/mundo\/nota\/inline\" data-ad-container=\"dfp\" data-ad-slot-name=\"infobae\/america\/mundo\/nota\/inline\">\n<p class=\"ad-shell-label\">PUBLICIDAD<\/p>\n<div id=\"infobae\/america\/mundo\/nota\/inline\" class=\"infobae\/america\/mundo\/nota\/inline arcad ad-slot-node ad-slot-node--boxed\" data-ad-slot-id=\"infobae\/america\/mundo\/nota\/inline\"><\/div>\n<\/div>\n<p class=\"paragraph\">Lo que no ocurri\u00f3 fue una consulta con Kiev. <b>Zelensky reconoci\u00f3 que no fue informado por Washington del contenido de la llamada ni de los alcances de la propuesta rusa<\/b>. Ante esa situaci\u00f3n, orden\u00f3 a su equipo contactar con la Casa Blanca para \u201caclarar los detalles\u201d. \u201cAclararemos de qu\u00e9 se trata exactamente: unas pocas horas de tregua para un desfile en Mosc\u00fa o algo m\u00e1s\u201d, afirm\u00f3. En una entrevista con la agencia <i>Bloomberg<\/i>, fue m\u00e1s directo: \u201c<b>Quieren que el desfile transcurra con calma durante unas horas y luego reanudar los ataques<\/b>\u201d.<\/p>\n<div class=\"visual__image\"><picture><source srcset=\"https:\/\/www.infobae.com\/resizer\/v2\/YBOT5PBQS5FPDEMKVPBHQSVY64.JPG?auth=46e3e7e18d83e92479203cccd51e82c12df2e554f80f98cb012d46f7ad46c177&amp;smart=true&amp;width=992&amp;height=691&amp;quality=85\" media=\"(min-width: 1000px)\"><\/source><source srcset=\"https:\/\/www.infobae.com\/resizer\/v2\/YBOT5PBQS5FPDEMKVPBHQSVY64.JPG?auth=46e3e7e18d83e92479203cccd51e82c12df2e554f80f98cb012d46f7ad46c177&amp;smart=true&amp;width=768&amp;height=535&amp;quality=85\" media=\"(min-width: 768px)\"><\/source><source srcset=\"https:\/\/www.infobae.com\/resizer\/v2\/YBOT5PBQS5FPDEMKVPBHQSVY64.JPG?auth=46e3e7e18d83e92479203cccd51e82c12df2e554f80f98cb012d46f7ad46c177&amp;smart=true&amp;width=577&amp;height=402&amp;quality=85\" media=\"(min-width: 580px)\"><\/source><source srcset=\"https:\/\/www.infobae.com\/resizer\/v2\/YBOT5PBQS5FPDEMKVPBHQSVY64.JPG?auth=46e3e7e18d83e92479203cccd51e82c12df2e554f80f98cb012d46f7ad46c177&amp;smart=true&amp;width=420&amp;height=292&amp;quality=85\" media=\"(min-width: 350px)\"><\/source><source srcset=\"https:\/\/www.infobae.com\/resizer\/v2\/YBOT5PBQS5FPDEMKVPBHQSVY64.JPG?auth=46e3e7e18d83e92479203cccd51e82c12df2e554f80f98cb012d46f7ad46c177&amp;smart=true&amp;width=350&amp;height=244&amp;quality=85\" media=\"(min-width: 80px)\"><\/source><img alt=\"FOTO DE ARCHIVO. La unidad del sistema de misiles bal\u00edsticos intercontinentales Yars de Rusia avanza durante un desfile militar en el D\u00eda de la Victoria, que conmemora el 80 aniversario de la victoria sobre la Alemania nazi en la Segunda Guerra Mundial, en la Plaza Roja en el centro de Mosc\u00fa, Rusia, el 9 de mayo de 2025\nREUTERS\/Maxim Shemetov\/\/Foto de archivo\" class=\"global-image\" decoding=\"async\" fetchpriority=\"low\" height=\"5375\" loading=\"lazy\" src=\"https:\/\/www.infobae.com\/resizer\/v2\/YBOT5PBQS5FPDEMKVPBHQSVY64.JPG?auth=46e3e7e18d83e92479203cccd51e82c12df2e554f80f98cb012d46f7ad46c177&amp;smart=true&amp;width=350&amp;height=244&amp;quality=85\" width=\"7721\"><\/picture><\/div>\n<p class=\"paragraph\">La posici\u00f3n de Zelensky no es nueva. <b>Ucrania lleva meses reclamando un alto el fuego de al menos 30 d\u00edas como condici\u00f3n m\u00ednima para abrir negociaciones de paz<\/b>, propuesta que Mosc\u00fa rechaza de forma sistem\u00e1tica. El Kremlin ha optado en cambio por decretar pausas puntuales y unilaterales vinculadas al calendario ruso: en abril de 2025 anunci\u00f3 un cese por la Pascua ortodoxa y en mayo del mismo a\u00f1o una pausa de tres d\u00edas por el 80 aniversario del fin de la Segunda Guerra Mundial. Ambos bandos se acusaron mutuamente de violaciones en cada ocasi\u00f3n. El patr\u00f3n se repite ahora con id\u00e9ntico formato.<\/p>\n<div class=\"inline_2 ad-wrapper dfpAd ad-inline ad-text ad-component-container\" style=\"--ad-shell-height:250px;--ad-shell-width:300px\" data-ad-wrapper=\"arcad\" data-ad-type=\"inline_2\" data-ad-slot=\"infobae\/america\/mundo\/nota\/inline_2\" data-ad-container=\"dfp\" data-ad-slot-name=\"infobae\/america\/mundo\/nota\/inline_2\">\n<p class=\"ad-shell-label\">PUBLICIDAD<\/p>\n<div id=\"infobae\/america\/mundo\/nota\/inline_2\" class=\"infobae\/america\/mundo\/nota\/inline_2 arcad ad-slot-node ad-slot-node--boxed\" data-ad-slot-id=\"infobae\/america\/mundo\/nota\/inline_2\"><\/div>\n<\/div>\n<p class=\"paragraph\">La exclusi\u00f3n de Kiev de las conversaciones entre Trump y Putin tampoco es un hecho aislado. Zelensky tambi\u00e9n alert\u00f3, en la entrevista con <i>Bloomberg<\/i>, sobre un posible movimiento ruso adicional: <b>una propuesta de tregua a cambio de levantar las sanciones al sistema bancario internacional SWIFT<\/b>, la red global que procesa transferencias entre bancos. \u201cPara Ucrania, todo esto supone un gran riesgo\u201d, advirti\u00f3.<\/p>\n<p class=\"paragraph\"><b>El Kremlin no especific\u00f3 la duraci\u00f3n exacta de la pausa<\/b> propuesta ni aclar\u00f3 si implicar\u00eda alguna modificaci\u00f3n de los objetivos militares rusos. Ushakov fue expl\u00edcito en ese punto: Putin le transmiti\u00f3 a Trump que \u201clos objetivos de la operaci\u00f3n militar se alcanzar\u00e1n en cualquier caso\u201d. Mosc\u00fa tambi\u00e9n present\u00f3 a Zelensky como el principal obst\u00e1culo para la paz, al describirlo como un l\u00edder que, \u201cincitado por los europeos, persigue una pol\u00edtica de prolongaci\u00f3n del conflicto\u201d.<\/p>\n<div class=\"ad_1 ad-wrapper dfpAd ad-1-al-6 ad-text ad-component-container\" style=\"--ad-shell-height:250px;--ad-shell-width:300px\" data-ad-wrapper=\"arcad\" data-ad-type=\"ad_1\" data-ad-slot=\"infobae\/america\/mundo\/nota\/ad_1\" data-ad-container=\"dfp\" data-ad-slot-name=\"infobae\/america\/mundo\/nota\/ad_1\">\n<p class=\"ad-shell-label\">PUBLICIDAD<\/p>\n<div id=\"infobae\/america\/mundo\/nota\/ad_1\" class=\"infobae\/america\/mundo\/nota\/ad_1 arcad ad-slot-node ad-slot-node--boxed\" data-ad-slot-id=\"infobae\/america\/mundo\/nota\/ad_1\"><\/div>\n<\/div>\n<p class=\"paragraph\">Con las negociaciones formales estancadas desde mediados de febrero de 2026 y m\u00e1s de cuatro a\u00f1os de guerra acumulados, cada pausa t\u00e1ctica evidencia la misma brecha: Rusia ofrece silencios acotados al ritmo de su calendario; Ucrania exige garant\u00edas reales. Zelensky lo sintetiz\u00f3 sin rodeos: \u201c<b>Siempre respondemos positivamente a las verdaderas propuestas de alto el fuego con Rusia, si es que existen<\/b>\u201d.<\/p>\n","protected":false},"excerpt":{"rendered":"<p>El presidente ucraniano, Volodimir Zelensky, cuestion\u00f3 este jueves la propuesta rusa de un alto el fuego para el 9 de mayo y la calific\u00f3 de \u201cenga\u00f1o t\u00e1ctico\u201d dise\u00f1ado para garantizar la seguridad del desfile militar que el Kremlin celebra cada a\u00f1o en Mosc\u00fa para conmemorar la victoria sovi\u00e9tica sobre la Alemania nazi. El portavoz presidencial [&hellip;]<\/p>\n","protected":false},"author":1,"featured_media":4888,"comment_status":"open","ping_status":"open","sticky":false,"template":"","format":"standard","meta":{"footnotes":""},"categories":[1],"tags":[],"class_list":["post-8591","post","type-post","status-publish","format-standard","has-post-thumbnail","hentry","category-uncategorized"],"_links":{"self":[{"href":"https:\/\/cliente1.publisher.highstack.com.ar\/index.php?rest_route=\/wp\/v2\/posts\/8591","targetHints":{"allow":["GET"]}}],"collection":[{"href":"https:\/\/cliente1.publisher.highstack.com.ar\/index.php?rest_route=\/wp\/v2\/posts"}],"about":[{"href":"https:\/\/cliente1.publisher.highstack.com.ar\/index.php?rest_route=\/wp\/v2\/types\/post"}],"author":[{"embeddable":true,"href":"https:\/\/cliente1.publisher.highstack.com.ar\/index.php?rest_route=\/wp\/v2\/users\/1"}],"replies":[{"embeddable":true,"href":"https:\/\/cliente1.publisher.highstack.com.ar\/index.php?rest_route=%2Fwp%2Fv2%2Fcomments&post=8591"}],"version-history":[{"count":0,"href":"https:\/\/cliente1.publisher.highstack.com.ar\/index.php?rest_route=\/wp\/v2\/posts\/8591\/revisions"}],"wp:featuredmedia":[{"embeddable":true,"href":"https:\/\/cliente1.publisher.highstack.com.ar\/index.php?rest_route=\/wp\/v2\/media\/4888"}],"wp:attachment":[{"href":"https:\/\/cliente1.publisher.highstack.com.ar\/index.php?rest_route=%2Fwp%2Fv2%2Fmedia&parent=8591"}],"wp:term":[{"taxonomy":"category","embeddable":true,"href":"https:\/\/cliente1.publisher.highstack.com.ar\/index.php?rest_route=%2Fwp%2Fv2%2Fcategories&post=8591"},{"taxonomy":"post_tag","embeddable":true,"href":"https:\/\/cliente1.publisher.highstack.com.ar\/index.php?rest_route=%2Fwp%2Fv2%2Ftags&post=8591"}],"curies":[{"name":"wp","href":"https:\/\/api.w.org\/{rel}","templated":true}]}}