{"id":8589,"date":"2026-04-30T17:18:47","date_gmt":"2026-04-30T20:18:47","guid":{"rendered":"https:\/\/cliente1.publisher.highstack.com.ar\/?p=8589"},"modified":"2026-04-30T17:18:47","modified_gmt":"2026-04-30T20:18:47","slug":"el-senado-avanzo-en-acuerdos-para-la-designacion-de-16-juecesen-un-encuentro-sin-la-participacion-del-principal-bloque-opositor-la-comision-de-acuerdos-del-senado-avanzo-con-la-audiencia-publica-de-m","status":"publish","type":"post","link":"https:\/\/cliente1.publisher.highstack.com.ar\/?p=8589","title":{"rendered":"El Senado avanz\u00f3 en acuerdos para la designaci\u00f3n de 16 juecesEn un encuentro sin la participaci\u00f3n del principal bloque opositor, la Comisi\u00f3n de Acuerdos del Senado avanz\u00f3 con la audiencia p\u00fablica de m\u00faltiples postulaciones para juzgados penales, econ\u00f3micos y civiles en la Ciudad y fueros federales"},"content":{"rendered":"<div class=\"visual__image image-initial-width\"><picture><source srcset=\"https:\/\/www.infobae.com\/resizer\/v2\/2IFN5HJGMNC5ZKASRUMXO4G5TM.jpg?auth=1b96e4353651f88c128dc7a5d209c4a6f500c283d06cd5f4576acf0c00624952&amp;smart=true&amp;width=992&amp;height=661&amp;quality=85\" media=\"(min-width: 1000px)\"><\/source><source srcset=\"https:\/\/www.infobae.com\/resizer\/v2\/2IFN5HJGMNC5ZKASRUMXO4G5TM.jpg?auth=1b96e4353651f88c128dc7a5d209c4a6f500c283d06cd5f4576acf0c00624952&amp;smart=true&amp;width=768&amp;height=512&amp;quality=85\" media=\"(min-width: 768px)\"><\/source><source srcset=\"https:\/\/www.infobae.com\/resizer\/v2\/2IFN5HJGMNC5ZKASRUMXO4G5TM.jpg?auth=1b96e4353651f88c128dc7a5d209c4a6f500c283d06cd5f4576acf0c00624952&amp;smart=true&amp;width=577&amp;height=385&amp;quality=85\" media=\"(min-width: 580px)\"><\/source><source srcset=\"https:\/\/www.infobae.com\/resizer\/v2\/2IFN5HJGMNC5ZKASRUMXO4G5TM.jpg?auth=1b96e4353651f88c128dc7a5d209c4a6f500c283d06cd5f4576acf0c00624952&amp;smart=true&amp;width=420&amp;height=280&amp;quality=85\" media=\"(min-width: 350px)\"><\/source><source srcset=\"https:\/\/www.infobae.com\/resizer\/v2\/2IFN5HJGMNC5ZKASRUMXO4G5TM.jpg?auth=1b96e4353651f88c128dc7a5d209c4a6f500c283d06cd5f4576acf0c00624952&amp;smart=true&amp;width=350&amp;height=233&amp;quality=85\" media=\"(min-width: 80px)\"><\/source><img alt=\"Sal\u00f3n de convenciones con un gran candelabro dorado, mesas largas y blancas dispuestas para asistentes, un panel de oradores en el fondo, y suelo con mosaicos ornamentados\" class=\"global-image\" decoding=\"async\" fetchpriority=\"high\" height=\"1280\" loading=\"eager\" src=\"https:\/\/www.infobae.com\/resizer\/v2\/2IFN5HJGMNC5ZKASRUMXO4G5TM.jpg?auth=1b96e4353651f88c128dc7a5d209c4a6f500c283d06cd5f4576acf0c00624952&amp;smart=true&amp;width=350&amp;height=233&amp;quality=85\" width=\"1920\"><\/picture><\/div>\n<p class=\"paragraph\">El <b>Senado de la Naci\u00f3n<\/b> avanz\u00f3 en la audiencia p\u00fablica de 16 pliegos para ocupar diferentes cargos en la <b>Justicia<\/b> en un nuevo encuentro de la <b>Comisi\u00f3n de Acuerdos que comanda el senador libertario Juan Carlos Pagotto<\/b>. <\/p>\n<p class=\"paragraph\">Sin la presencia del bloque del peronismo que volvi\u00f3 a reclamar sobre la conformaci\u00f3n, el oficialismo y sus aliados parlamentarios firm\u00f3 los despachos para las y los jueces que hoy se presentaron en Audiencia P\u00fablica y que son propuestos para fueros nacionales y a la <b>Ciudad Aut\u00f3noma de Buenos Aires<\/b> (Capital Federal) para ocupar diferentes juzgados en el fuero Penal, Penal Econ\u00f3mico y Civil. <\/p>\n<div class=\"inline ad-wrapper dfpAd ad-inline ad-text ad-component-container\" style=\"--ad-shell-height:250px;--ad-shell-width:300px\" data-ad-wrapper=\"arcad\" data-ad-type=\"inline\" data-ad-slot=\"infobae\/politica\/nota\/inline\" data-ad-container=\"dfp\" data-ad-slot-name=\"infobae\/politica\/nota\/inline\">\n<p class=\"ad-shell-label\">PUBLICIDAD<\/p>\n<div id=\"infobae\/politica\/nota\/inline\" class=\"infobae\/politica\/nota\/inline arcad ad-slot-node ad-slot-node--boxed\" data-ad-slot-id=\"infobae\/politica\/nota\/inline\"><\/div>\n<\/div>\n<p class=\"paragraph\">La comisi\u00f3n transit\u00f3 con normalidad y uno a uno fueron pasando los postulantes respondiendo algunas de las preguntas de los senadores que, en su mayor\u00eda, hicieron referencia a las posiciones de los postulantes respecto del pago del impuesto a las Ganancias. <\/p>\n<p class=\"paragraph\">Los candidatos a ocupar el cargo de juez en diferentes tribunales que expusieron esta ma\u00f1ana fueron los postulantes Ricardo Santiago Lombardo; Santiago Alberto Poncio; Javier Alberto Santiso; Ignacio Labadens; Juli\u00e1n Herrera; Santiago Jos\u00e9 Jaimes Munilla; Mar\u00eda Gloria Capanegra; Mar\u00eda In\u00e9s Reston; Paula Fuertes; Soledad Eugenia Mari\u00f1o; Juan Mart\u00edn Balcazar; Hugo Fabi\u00e1n Decaria; Ezequiel Javier Sobrino Reig; Germ\u00e1n Augusto Degano; Laura Fabiana Kvitko; Jos\u00e9 Miguel Guerrero.<\/p>\n<div class=\"inline_2 ad-wrapper dfpAd ad-inline ad-text ad-component-container\" style=\"--ad-shell-height:250px;--ad-shell-width:300px\" data-ad-wrapper=\"arcad\" data-ad-type=\"inline_2\" data-ad-slot=\"infobae\/politica\/nota\/inline_2\" data-ad-container=\"dfp\" data-ad-slot-name=\"infobae\/politica\/nota\/inline_2\">\n<p class=\"ad-shell-label\">PUBLICIDAD<\/p>\n<div id=\"infobae\/politica\/nota\/inline_2\" class=\"infobae\/politica\/nota\/inline_2 arcad ad-slot-node ad-slot-node--boxed\" data-ad-slot-id=\"infobae\/politica\/nota\/inline_2\"><\/div>\n<\/div>\n<p class=\"paragraph\">La comisi\u00f3n pas\u00f3 sin sobresaltos y casi al final de la misma se rompi\u00f3 la monoton\u00eda del debate del Sal\u00f3n Azul del Senado de la Naci\u00f3n cuando tom\u00f3 la palabra la senadora <b>Patricia Bullrich<\/b> quien hizo referencia al nombramiento de una de las candidatas, <b>Kvitko<\/b>, en un posteo en las redes sociales. B\u00e1sicamente Bullrich se\u00f1al\u00f3 que \u201cpor su condici\u00f3n de jud\u00eda fue nombrada en las redes sociales de manera agresiva y discriminatoria. Por un tuit de un periodista que la se\u00f1ala de ser parte de la familia judicial los comentarios muestran una mirada antisemita. Es nuestra responsabilidad defender a la doctora por esta situaci\u00f3n. No la vamos a dejar pasar\u201d. <\/p>\n<div class=\"visual__image\"><picture><source srcset=\"https:\/\/www.infobae.com\/resizer\/v2\/TO34XLDKXBEORJZGPWQCECALSU.jpg?auth=9e88b0d29ab0145fe54503134e8288ee791176ec21e24f811aa95d3eff27466a&amp;smart=true&amp;width=992&amp;height=661&amp;quality=85\" media=\"(min-width: 1000px)\"><\/source><source srcset=\"https:\/\/www.infobae.com\/resizer\/v2\/TO34XLDKXBEORJZGPWQCECALSU.jpg?auth=9e88b0d29ab0145fe54503134e8288ee791176ec21e24f811aa95d3eff27466a&amp;smart=true&amp;width=768&amp;height=512&amp;quality=85\" media=\"(min-width: 768px)\"><\/source><source srcset=\"https:\/\/www.infobae.com\/resizer\/v2\/TO34XLDKXBEORJZGPWQCECALSU.jpg?auth=9e88b0d29ab0145fe54503134e8288ee791176ec21e24f811aa95d3eff27466a&amp;smart=true&amp;width=577&amp;height=385&amp;quality=85\" media=\"(min-width: 580px)\"><\/source><source srcset=\"https:\/\/www.infobae.com\/resizer\/v2\/TO34XLDKXBEORJZGPWQCECALSU.jpg?auth=9e88b0d29ab0145fe54503134e8288ee791176ec21e24f811aa95d3eff27466a&amp;smart=true&amp;width=420&amp;height=280&amp;quality=85\" media=\"(min-width: 350px)\"><\/source><source srcset=\"https:\/\/www.infobae.com\/resizer\/v2\/TO34XLDKXBEORJZGPWQCECALSU.jpg?auth=9e88b0d29ab0145fe54503134e8288ee791176ec21e24f811aa95d3eff27466a&amp;smart=true&amp;width=350&amp;height=233&amp;quality=85\" media=\"(min-width: 80px)\"><\/source><img alt=\"Hombre de barba gris y traje azul habla en micr\u00f3fono, sosteniendo papeles. Hay una tableta y un vaso de agua sobre la mesa frente a \u00e9l\" class=\"global-image\" decoding=\"async\" fetchpriority=\"low\" height=\"1280\" loading=\"lazy\" src=\"https:\/\/www.infobae.com\/resizer\/v2\/TO34XLDKXBEORJZGPWQCECALSU.jpg?auth=9e88b0d29ab0145fe54503134e8288ee791176ec21e24f811aa95d3eff27466a&amp;smart=true&amp;width=350&amp;height=233&amp;quality=85\" width=\"1920\"><\/picture><\/div>\n<p class=\"paragraph\">Kvitko fue nombrada en redes sociales por ser la secretaria del juez <b>Mariano Borinsky<\/b>, miembro de la sala IV de la <b>C\u00e1mara Federal de Casaci\u00f3n Penal<\/b> y ex fiscal ante los tribunales orales en lo Penal Econ\u00f3mico. La funcionaria judicial solicita acuerdo para acceder al cargo de jueza del Juzgado Nacional en lo Criminal y Correccional N\u00b0 23 de la <b>Capital Federal<\/b>.<\/p>\n<div class=\"ad_1 ad-wrapper dfpAd ad-1-al-6 ad-text ad-component-container\" style=\"--ad-shell-height:250px;--ad-shell-width:300px\" data-ad-wrapper=\"arcad\" data-ad-type=\"ad_1\" data-ad-slot=\"infobae\/politica\/nota\/ad_1\" data-ad-container=\"dfp\" data-ad-slot-name=\"infobae\/politica\/nota\/ad_1\">\n<p class=\"ad-shell-label\">PUBLICIDAD<\/p>\n<div id=\"infobae\/politica\/nota\/ad_1\" class=\"infobae\/politica\/nota\/ad_1 arcad ad-slot-node ad-slot-node--boxed\" data-ad-slot-id=\"infobae\/politica\/nota\/ad_1\"><\/div>\n<\/div>\n<h3 class=\"text-align-left vertical-align-top line-height-100 header headline-class-h3 headline\" id=\"reclamo-opositor\">Reclamo opositor<\/h3>\n<p class=\"paragraph\">El inicio de la Comisi\u00f3n estuvo marcado por el rechazo de parte del bloque Justicialista que comanda <b>Jos\u00e9 Mayans<\/b> quien volvi\u00f3 a reclamar sobre la conformaci\u00f3n de la misma. El formose\u00f1o desconoci\u00f3 hoy la validez de la comisi\u00f3n de Acuerdos de la C\u00e1mara Alta, al sostener que su actual composici\u00f3n viola la representatividad dada por el voto popular y no respeta la cantidad de lugares que le corresponden a la principal bancada de oposici\u00f3n. <\/p>\n<p class=\"paragraph\">Luego de se\u00f1alar que al no respetar la composici\u00f3n de la Comisi\u00f3n todos los actos de ese cuerpo asesor del Senado est\u00e1n \u201cviciados de nulidad\u201d, alert\u00f3 que <b>\u201cde los diecis\u00e9is postulantes solo cuatro est\u00e1n propuestos correctamente y once est\u00e1n violando como m\u00ednimo el principio de orden de m\u00e9rito\u201d<\/b> y, sin nombrarlo, puso como ejemplo que uno de los postulados reci\u00e9n aparece en una quinta terna y con un orden de m\u00e9rito n\u00famero 13, o sea que pas\u00f3 por arriba de cuatro ternas de candidatos y de otras dos personas de su propia terna.<\/p>\n<div class=\"ad_2 ad-wrapper dfpAd ad-1-al-6 ad-text ad-component-container\" style=\"--ad-shell-height:250px;--ad-shell-width:300px\" data-ad-wrapper=\"arcad\" data-ad-type=\"ad_2\" data-ad-slot=\"infobae\/politica\/nota\/ad_2\" data-ad-container=\"dfp\" data-ad-slot-name=\"infobae\/politica\/nota\/ad_2\">\n<p class=\"ad-shell-label\">PUBLICIDAD<\/p>\n<div id=\"infobae\/politica\/nota\/ad_2\" class=\"infobae\/politica\/nota\/ad_2 arcad ad-slot-node ad-slot-node--boxed\" data-ad-slot-id=\"infobae\/politica\/nota\/ad_2\"><\/div>\n<\/div>\n<p class=\"paragraph\">Al finalizar, le reclam\u00f3 al oficialismo que revise \u201clo que est\u00e1n haciendo\u201d, porque de esa manera <b>se afecta la seguridad jur\u00eddica y la institucionalidad del pa\u00eds<\/b>, y afirm\u00f3 que \u201clo que hace el presidente, la hermanada del presidente, el jefe de gabinete y lo que hace el oficialismo en el Senado es abuso de autoridad\u201d.<\/p>\n","protected":false},"excerpt":{"rendered":"<p>El Senado de la Naci\u00f3n avanz\u00f3 en la audiencia p\u00fablica de 16 pliegos para ocupar diferentes cargos en la Justicia en un nuevo encuentro de la Comisi\u00f3n de Acuerdos que comanda el senador libertario Juan Carlos Pagotto. Sin la presencia del bloque del peronismo que volvi\u00f3 a reclamar sobre la conformaci\u00f3n, el oficialismo y sus [&hellip;]<\/p>\n","protected":false},"author":1,"featured_media":8590,"comment_status":"open","ping_status":"open","sticky":false,"template":"","format":"standard","meta":{"footnotes":""},"categories":[1],"tags":[],"class_list":["post-8589","post","type-post","status-publish","format-standard","has-post-thumbnail","hentry","category-uncategorized"],"_links":{"self":[{"href":"https:\/\/cliente1.publisher.highstack.com.ar\/index.php?rest_route=\/wp\/v2\/posts\/8589","targetHints":{"allow":["GET"]}}],"collection":[{"href":"https:\/\/cliente1.publisher.highstack.com.ar\/index.php?rest_route=\/wp\/v2\/posts"}],"about":[{"href":"https:\/\/cliente1.publisher.highstack.com.ar\/index.php?rest_route=\/wp\/v2\/types\/post"}],"author":[{"embeddable":true,"href":"https:\/\/cliente1.publisher.highstack.com.ar\/index.php?rest_route=\/wp\/v2\/users\/1"}],"replies":[{"embeddable":true,"href":"https:\/\/cliente1.publisher.highstack.com.ar\/index.php?rest_route=%2Fwp%2Fv2%2Fcomments&post=8589"}],"version-history":[{"count":0,"href":"https:\/\/cliente1.publisher.highstack.com.ar\/index.php?rest_route=\/wp\/v2\/posts\/8589\/revisions"}],"wp:featuredmedia":[{"embeddable":true,"href":"https:\/\/cliente1.publisher.highstack.com.ar\/index.php?rest_route=\/wp\/v2\/media\/8590"}],"wp:attachment":[{"href":"https:\/\/cliente1.publisher.highstack.com.ar\/index.php?rest_route=%2Fwp%2Fv2%2Fmedia&parent=8589"}],"wp:term":[{"taxonomy":"category","embeddable":true,"href":"https:\/\/cliente1.publisher.highstack.com.ar\/index.php?rest_route=%2Fwp%2Fv2%2Fcategories&post=8589"},{"taxonomy":"post_tag","embeddable":true,"href":"https:\/\/cliente1.publisher.highstack.com.ar\/index.php?rest_route=%2Fwp%2Fv2%2Ftags&post=8589"}],"curies":[{"name":"wp","href":"https:\/\/api.w.org\/{rel}","templated":true}]}}